{"id":75064,"date":"2021-04-23T00:03:00","date_gmt":"2021-04-23T03:03:00","guid":{"rendered":"http:\/\/bestcars.uol.com.br\/bc\/?p=75064"},"modified":"2021-05-27T16:02:02","modified_gmt":"2021-05-27T19:02:02","slug":"bmw-g-650-gs","status":"publish","type":"post","link":"https:\/\/autolivraria.com.br\/bc\/participe\/opinioes-proprietarios-motos\/teste-do-leitor-motos-bmw\/bmw-g-650-gs\/","title":{"rendered":"BMW G 650 GS"},"content":{"rendered":"<p><img fetchpriority=\"high\" decoding=\"async\" class=\"aligncenter size-full wp-image-75065\" src=\"https:\/\/autolivraria.com.br\/bc\/wp-content\/uploads\/2016\/07\/BMW-G650-GS.jpg\" alt=\"BMW G650 GS\" width=\"500\" height=\"330\" srcset=\"https:\/\/autolivraria.com.br\/bc\/wp-content\/uploads\/2016\/07\/BMW-G650-GS.jpg 500w, https:\/\/autolivraria.com.br\/bc\/wp-content\/uploads\/2016\/07\/BMW-G650-GS-340x224.jpg 340w, https:\/\/autolivraria.com.br\/bc\/wp-content\/uploads\/2016\/07\/BMW-G650-GS-222x147.jpg 222w\" sizes=\"(max-width: 500px) 100vw, 500px\" \/><\/p>\n<p><img decoding=\"async\" class=\"aligncenter size-full wp-image-117190 lazyload\" data-src=\"https:\/\/autolivraria.com.br\/bc\/wp-content\/uploads\/2020\/08\/ponto-branco-1.jpg\" alt=\"\" width=\"2\" height=\"20\" src=\"data:image\/svg+xml;base64,PHN2ZyB3aWR0aD0iMSIgaGVpZ2h0PSIxIiB4bWxucz0iaHR0cDovL3d3dy53My5vcmcvMjAwMC9zdmciPjwvc3ZnPg==\" style=\"--smush-placeholder-width: 2px; --smush-placeholder-aspect-ratio: 2\/20;\" \/><\/p>\n<p>[Nome] Edson Antonio Quirino<br \/>\n[Cidade] Viana<br \/>\n[Estado] ES<\/p>\n<p>[Modelo] BMW G 650 GS<br \/>\n[Motor] 650<br \/>\n[Ano-modelo] 2013<br \/>\n[Quilometragem atual] 30.000 km<br \/>\n[Combust\u00edvel] Gasolina<br \/>\n[Tempo h\u00e1 que possui] De 1 a 3 anos<\/p>\n<p>[Grau de satisfa\u00e7\u00e3o com a moto] Muito satisfeito(a)<br \/>\n[Grau de satisfa\u00e7\u00e3o com a rede de concession\u00e1rias] Parcialmente satisfeito(a)<\/p>\n<p>[Estilo] 4<br \/>\n[Acabamento] 5<br \/>\n[Posi\u00e7\u00e3o de pilotar] 5<br \/>\n[Instrumentos] 4<br \/>\n[Conforto] 4<br \/>\n[Motor] 5<br \/>\n[Desempenho] 5<br \/>\n[Consumo] 5<br \/>\n[C\u00e2mbio] 4<br \/>\n[Freios] 5<br \/>\n[Suspens\u00e3o] 4<br \/>\n[Estabilidade] 5<br \/>\n[Custo-benef\u00edcio] 5<\/p>\n<p>[Principais aspectos positivos] \u00c9 uma motocicleta muito honesta. F\u00e1cil de manobrar (pesa cerca de 80 quilos a menos que minha moto anterior), transita bem no per\u00edmetro urbano, e n\u00e3o decepciona nas rodovias, levando em conta que minha esposa viaja comigo na maioria das vezes e raramente ultrapasso os 120km\/h. Estou com ela a quase 03 anos e somei um pouco mais de 20.000 km nesse per\u00edodo (Em 2018 quando comprei, ela estava com apenas 7.500 km rodados). Nesse tempo troquei a bateria 2 vezes, a primeira foi logo quando comprei em 2018 e ainda era a original que j\u00e1 estava com 5 anos e, no final de 2020 troquei de novo, principalmente por ter usado a moto pouqu\u00edssimo devido a pandemia. Faz entre 25 e 28 km\/l, considerando que gosto de andar tranquilamente. At\u00e9 agora n\u00e3o precisei de nenhuma pe\u00e7a al\u00e9m das de manuten\u00e7\u00e3o peri\u00f3dica, e encontro f\u00e1cil no mercado fora da concession\u00e1ria. \u00c9 minha primeira moto com sistema ABS de freios e estou gostando do sistema, que \u00e9 de grande qualidade e eficiente, mesmo sendo um projeto das primeiras gera\u00e7\u00f5es. Instalei acess\u00f3rios para ba\u00fas laterais, top case, tankbag, protetor de c\u00e1rter e de motor. Pretendo fazer uma manuten\u00e7\u00e3o n\u00edvel 3 quando completar 30.000 km&#8217;s, pois tenho a inten\u00e7\u00e3o de fazer uma viagem de 25 a 30 dias pelo sul da Am\u00e9rica. J\u00e1 vi coment\u00e1rios negativos em rela\u00e7\u00e3o a vibra\u00e7\u00e3o do motor, e sinceramente n\u00e3o me incomoda em nada. Trafeguei em pequenos trechos em estradas de terra sem problemas, desde que o ABS esteja desligado.<\/p>\n<p>[Principais aspectos negativos] Considero o tanque de combust\u00edvel pequeno para o modelo. Poucas informa\u00e7\u00f5es no painel de instrumentos e o design do farol. O escapamento apesar de agradar visualmente, poderia ter apenas uma sa\u00edda verdadeira e por consequencia, ser mais leve. O elevado desgaste das manoplas. Em casa eu gosto de fazer pequenas manuten\u00e7\u00f5es, mas verificar a bateria \u00e9 bem trabalhoso devido a grande quantidade de parafusos que precisam ser retirados para ter acesso a bateria.<\/p>\n<p>[Defeitos apresentados] Apenas uma vez precisei interromper minha viagem, pois o cabo positivo fixado na bateria rompeu. Dei sorte! Estava a pouco mais de 2 quil\u00f4metros de uma cidade e a maior parte desse trecho era uma descida. Parei em uma oficina de tratores, o mec\u00e2nico fez uma adapta\u00e7\u00e3o que uso at\u00e9 hoje.<\/p>\n<p>[Concession\u00e1rias] S\u00f3 precisei, para comprar um parafuso. Fui muito bem atendido, mas os pre\u00e7os praticados afastam a possibilidade de uma nova visita.<\/p>\n<p>[Best Cars] Estou feliz com o espa\u00e7o disponibilizado pelo site para poder relatar minha experi\u00eancia.<\/p>\n<p>[Data de publica\u00e7\u00e3o] 23\/4\/21<\/p>\n<p>\u2014<\/p>\n<div class='code-block code-block-11' style='margin: 8px auto; text-align: center; display: block; clear: both;'>\n<script async src=\"https:\/\/pagead2.googlesyndication.com\/pagead\/js\/adsbygoogle.js\"><\/script>\n<!-- AL-quadrado -->\n<ins class=\"adsbygoogle\"\n     style=\"display:block\"\n     data-ad-client=\"ca-pub-1914799802606213\"\n     data-ad-slot=\"5683066082\"\n     data-ad-format=\"auto\"\n     data-full-width-responsive=\"true\"><\/ins>\n<script>\n     (adsbygoogle = window.adsbygoogle || []).push({});\n<\/script><\/div>\n\n<p>\u2014<\/p>\n<p>[Nome] Elder Anjos<br \/>\n[Cidade] S\u00e3o Paulo<br \/>\n[Estado] SP<\/p>\n<p>[Vers\u00e3o] GS<br \/>\n[Motor] 650<br \/>\n[Ano-modelo] 2012<br \/>\n[Quilometragem atual] 150.000 km<br \/>\n[Combust\u00edvel] Gasolina<br \/>\n[Tempo h\u00e1 que possui] De 3 a 5 anos<\/p>\n<p>[Grau de satisfa\u00e7\u00e3o com a moto] Muito satisfeito(a)<br \/>\n[Grau de satisfa\u00e7\u00e3o com a rede de concession\u00e1rias] Parcialmente satisfeito(a)<\/p>\n<p>[Estilo] 5<br \/>\n[Acabamento] 5<br \/>\n[Posi\u00e7\u00e3o de pilotar] 4<br \/>\n[Instrumentos] 4<br \/>\n[Conforto] 4<br \/>\n[Motor] 4<br \/>\n[Desempenho] 5<br \/>\n[Consumo] 5<br \/>\n[C\u00e2mbio] 4<br \/>\n[Freios] 5<br \/>\n[Suspens\u00e3o] 5<br \/>\n[Estabilidade] 5<br \/>\n[Custo-benef\u00edcio] 5<\/p>\n<p>[Principais aspectos positivos] Moto com visual moderno e que est\u00e1 preparada para qualquer terreno. Muito confi\u00e1vel e bem constru\u00edda, ficando o destaque maior \u00e0 economia deste modelo tanto na cidade como na estada.<\/p>\n<p>[Principais aspectos negativos] Moto baixa ideal para quem tem at\u00e9 1.80m pela proporcionalidade. Com meus 1.93m demorei um pouco para acostumar com a postura por\u00e9m a moto \u00e9 confort\u00e1vel.<\/p>\n<p>[Defeitos apresentados] Somente a luz de freio que queimava com frequ\u00eancia mas resolvi isso instalando led.<\/p>\n<p>[Concession\u00e1rias] O entendimento \u00e9 que &#8220;BMW \u00e9 sin\u00f4nimo de $$$$$&#8221; ent\u00e3o n\u00e3o esperem nada barato nelas. Tem uma boa rede na Capital com bastante op\u00e7\u00f5es onde fui sempre bem atendido. As autorizadas s\u00e3o uma boa op\u00e7\u00e3o pelo custo.<\/p>\n<p>[Coment\u00e1rios adicionais] Essa moto me surpreendeu positivamente, com 127 mil km a moto nunca deu problema, realizando apenas manuten\u00e7\u00f5es preventivas b\u00e1sicas como troca de \u00f3leo, filtros, freios e etc., viajou para Am\u00e9rica Latina tranquilamente. O consumo \u00e9 uma coisa muito boa nela, logico que vai depender da m\u00e3o do piloto mas no meu caso minha pior m\u00e9dia foi 22 (andando no limite) e a melhor 34 kms por litro (utilizo um aplicativo Carrorama onde registro todos abastecimentos e manuten\u00e7\u00f5es por isso posso dizer isso com convic\u00e7\u00e3o)<\/p>\n<p>[Best Cars] Site muito \u00fatil, j\u00e1 sigo a anos e sempre analisei as &#8220;opini\u00f5es dele&#8221; antes de escolher o veiculo.<\/p>\n<p>[Data de publica\u00e7\u00e3o] 30\/11\/18<\/p>\n<p>\u2014<\/p>\n<div class='code-block code-block-7' style='margin: 28px auto; text-align: center; display: block; clear: both;'>\n<script async src=\"https:\/\/pagead2.googlesyndication.com\/pagead\/js\/adsbygoogle.js\"><\/script>\n<!-- AL-quadrado -->\n<ins class=\"adsbygoogle\"\n     style=\"display:block\"\n     data-ad-client=\"ca-pub-1914799802606213\"\n     data-ad-slot=\"5683066082\"\n     data-ad-format=\"auto\"\n     data-full-width-responsive=\"true\"><\/ins>\n<script>\n     (adsbygoogle = window.adsbygoogle || []).push({});\n<\/script><\/div>\n\n<p>[Nome] Thiago Vaz de Oliveira<br \/>\n[Cidade] Santos<br \/>\n[Estado] SP<\/p>\n<p>[Motor] 650<br \/>\n[Ano-modelo] 2010<br \/>\n[Quilometragem atual] 40.000 km<br \/>\n[Combust\u00edvel] Gasolina<br \/>\n[Tempo h\u00e1 que possui] At\u00e9 1 ano<\/p>\n<p>[Grau de satisfa\u00e7\u00e3o com a moto] Muito satisfeito(a)<br \/>\n[Grau de satisfa\u00e7\u00e3o com a rede de concession\u00e1rias] Parcialmente satisfeito(a)<\/p>\n<p>[Estilo] 3<br \/>\n[Acabamento] 5<br \/>\n[Posi\u00e7\u00e3o de pilotar] 3<br \/>\n[Instrumentos] 4<br \/>\n[Conforto] 5<br \/>\n[Motor] 5<br \/>\n[Desempenho] 5<br \/>\n[Consumo] 5<br \/>\n[C\u00e2mbio] 3<br \/>\n[Freios] 4<br \/>\n[Suspens\u00e3o] 3<br \/>\n[Estabilidade] 5<br \/>\n[Custo-benef\u00edcio] 5<\/p>\n<p>[Principais aspectos positivos] Deixei para dar um parecer da moto ap\u00f3s rodar mais de 13 mil km em pouco mais de 1 ano de uso. Vim de uma naked esportiva e troquei minha Triumph speed triple pela Bmw. Destaco as qualidades dessa moto: Conforto, autonomia e versatilidade para encarar qualquer terreno. Meu modelo \u00e9 anterior a ultima re-estiliza\u00e7\u00e3o, usa rodas raiadas e tanque com capacidade para 17 litros o que me garante uma autonomia de mais de 350 km tranquilamente. Eu estava em duvida entre a Yamaha tenere 660 e a Bmw, escolhi a Bmw por causa do custo de aquisi\u00e7\u00e3o ser bem mais baixo e n\u00e3o me arrependo. A moto possui abs que pode ser desligado para encarar estrada de terra, tem aerokip no sistema de freios e o banco original parece um sof\u00e1, se voc\u00ea vai andar garupado, sua garupa vai te agradecer e muito pelo conforto. Fiz viagens longas com a minha moto e ela deu conta do recado sem pestanejar. Numa m\u00e9dia geral a moto vale pelo custo beneficio de uma usada de 600 cc.<\/p>\n<p>[Principais aspectos negativos] Moto muito baixa, carregada vai raspar o cavalete em diversos lugares, a suspens\u00e3o dianteira d\u00e1 fim de curso nas frenagens mais fortes, precisa ficar atento a isso. Quem costuma fazer a manuten\u00e7\u00e3o da moto por conta pr\u00f3pria deve observar o filtro de ar dessa moto, o filtro de papel se n\u00e3o estiver bem encaixado, deforma e deixa um espa\u00e7o onde ir\u00e1 passar ar diretamente para o motor, inclusive o filtro original far\u00e1 isso com o tempo tamb\u00e9m, resolvi colocando um filtro k&amp;n na moto.<\/p>\n<p>[Defeitos apresentados] Vibra\u00e7\u00e3o do motor, afrouxou os polos da bateria, coisa que resolvi usando trava quimica nos parafusos e nunca mais deu problema.<\/p>\n<p>[Concession\u00e1rias] Precisei apenas para comprar o filtro de ar original, demais pe\u00e7as tais como pastilha de freio , oleos e etc compro fora da concessionaria<\/p>\n<p>[Best Cars] Melhor site sobre consulta automotiva do pais, sou leitor desde 2004 e colaboro com avalia\u00e7\u00f5es desde 2007.<\/p>\n<p>[Data de publica\u00e7\u00e3o] 17\/11\/17<\/p>\n","protected":false},"excerpt":{"rendered":"<p>Leia opini\u00f5es de propriet\u00e1rios e envie a sua<\/p>\n","protected":false},"author":6,"featured_media":75065,"comment_status":"open","ping_status":"closed","sticky":false,"template":"","format":"standard","meta":{"_joinchat":[],"footnotes":""},"categories":[4073],"tags":[3638,683,81,1275,1274],"class_list":["post-75064","post","type-post","status-publish","format-standard","has-post-thumbnail","hentry","category-teste-do-leitor-motos-bmw","tag-bmw-motos","tag-g-650-gs","tag-motos-2","tag-opiniao-de-proprietarios","tag-teste-do-leitor"],"amp_enabled":true,"_links":{"self":[{"href":"https:\/\/autolivraria.com.br\/bc\/wp-json\/wp\/v2\/posts\/75064","targetHints":{"allow":["GET"]}}],"collection":[{"href":"https:\/\/autolivraria.com.br\/bc\/wp-json\/wp\/v2\/posts"}],"about":[{"href":"https:\/\/autolivraria.com.br\/bc\/wp-json\/wp\/v2\/types\/post"}],"author":[{"embeddable":true,"href":"https:\/\/autolivraria.com.br\/bc\/wp-json\/wp\/v2\/users\/6"}],"replies":[{"embeddable":true,"href":"https:\/\/autolivraria.com.br\/bc\/wp-json\/wp\/v2\/comments?post=75064"}],"version-history":[{"count":0,"href":"https:\/\/autolivraria.com.br\/bc\/wp-json\/wp\/v2\/posts\/75064\/revisions"}],"wp:featuredmedia":[{"embeddable":true,"href":"https:\/\/autolivraria.com.br\/bc\/wp-json\/wp\/v2\/media\/75065"}],"wp:attachment":[{"href":"https:\/\/autolivraria.com.br\/bc\/wp-json\/wp\/v2\/media?parent=75064"}],"wp:term":[{"taxonomy":"category","embeddable":true,"href":"https:\/\/autolivraria.com.br\/bc\/wp-json\/wp\/v2\/categories?post=75064"},{"taxonomy":"post_tag","embeddable":true,"href":"https:\/\/autolivraria.com.br\/bc\/wp-json\/wp\/v2\/tags?post=75064"}],"curies":[{"name":"wp","href":"https:\/\/api.w.org\/{rel}","templated":true}]}}