{"id":75070,"date":"2012-07-01T00:00:48","date_gmt":"2012-07-01T03:00:48","guid":{"rendered":"http:\/\/bestcars.uol.com.br\/bc\/?p=75070"},"modified":"2016-07-28T14:57:04","modified_gmt":"2016-07-28T17:57:04","slug":"dafra-riva-150","status":"publish","type":"post","link":"https:\/\/autolivraria.com.br\/bc\/participe\/opinioes-proprietarios-motos\/teste-do-leitor-motos-dafra\/dafra-riva-150\/","title":{"rendered":"Dafra Riva 150"},"content":{"rendered":"<p><img fetchpriority=\"high\" decoding=\"async\" class=\"aligncenter size-full wp-image-75071\" src=\"https:\/\/autolivraria.com.br\/bc\/wp-content\/uploads\/2016\/07\/Dafra-Riva-150.jpg\" alt=\"Dafra Riva 150\" width=\"500\" height=\"330\" srcset=\"https:\/\/autolivraria.com.br\/bc\/wp-content\/uploads\/2016\/07\/Dafra-Riva-150.jpg 500w, https:\/\/autolivraria.com.br\/bc\/wp-content\/uploads\/2016\/07\/Dafra-Riva-150-340x224.jpg 340w, https:\/\/autolivraria.com.br\/bc\/wp-content\/uploads\/2016\/07\/Dafra-Riva-150-222x147.jpg 222w\" sizes=\"(max-width: 500px) 100vw, 500px\" \/><\/p>\n<p>&nbsp;<\/p>\n<p>&nbsp;<\/p>\n<p>[Nome] Walter Inacio da Silva Filho<br \/>\n[Cidade] S\u00e3o Paulo<br \/>\n[Estado] SP<\/p>\n<p>[Ano-modelo] 2012<br \/>\n[Quilometragem atual] 1.000 km<br \/>\n[Tempo h\u00e1 que possui] At\u00e9 1 ano<\/p>\n<p>[Grau de satisfa\u00e7\u00e3o com a moto] Parcialmente satisfeito<br \/>\n[Grau de satisfa\u00e7\u00e3o com a rede de concession\u00e1rias] Insatisfeito<\/p>\n<p>[Estilo] 5<br \/>\n[Acabamento] 5<br \/>\n[Posi\u00e7\u00e3o de pilotar] 5<br \/>\n[Instrumentos] 4<br \/>\n[Conforto] 3<br \/>\n[Motor] 3<br \/>\n[Desempenho] 3<br \/>\n[Consumo] 3<br \/>\n[C\u00e2mbio] 4<br \/>\n[Freios] 4<br \/>\n[Suspens\u00e3o] 5<br \/>\n[Estabilidade] 3<br \/>\n[Custo-benef\u00edcio] 4<\/p>\n<p>[Principais aspectos positivos] Beleza, conforto, painel (mostradores) e o pre\u00e7o.<\/p>\n<p>[Principais aspectos negativos] Falta a 6\u00aa marcha, \u00e9 carburada, posi\u00e7\u00e3o de pilotagem cansativa ap\u00f3s uns 40 minutos de pilotagem e pouca velocidade em rela\u00e7\u00e3o \u00e0s concorrentes<\/p>\n<p>[Defeitos apresentados] O indicador de \u00f3leo acende muito antes da kilometragem necess\u00e1ria para a troca, a bucha da carenagem lateral espanou (ficou vibrando) e mesmo com a chave de gasolina fechada, pinga combust\u00edvel excessivamente.<\/p>\n<p>[Concession\u00e1rias] \u00c9 de fato o que mais chamou minha aten\u00e7\u00e3o. Desde a compra notei muita impessoalidade (falta de contato, motiva\u00e7\u00e3o para a venda e quando ficou tudo pronto (os documentos foram feitos pela loja), n\u00e3o me comunicaram que eu poderia ir retirar a moto, a primeira revis\u00e3o \u00e9 paga (servi\u00e7o e \u00f3leo), levou quase uma semana para entregarem a moto e ainda porque eu liguei para saber se poderia ir busc\u00e1-la. Enfim, o p\u00f3s venda \u00e9 muito prec\u00e1rio e parece que n\u00e3o h\u00e1 a quem recorrer. Para finalisar, o fato mais gritante que pesou demais na minha insatisfa\u00e7\u00e3o com a concession\u00e1ria foi quando lan\u00e7aram um modelo de cilindrada superior onde me interessei e questionei se poderia dar minha Riva como entrada. A resposta foi: N\u00e3o estamos pegando motos em troca (o detalhe \u00e9 que comprei minha moto na mesma concession\u00e1ria e nem l\u00e1 eles querem saber da moto que eles venderam, embora esteja do jeito que comprei e com baix\u00edssima kilometragem).<\/p>\n<p>[Coment\u00e1rios adicionais] A moto vale quanto pesa, ou seja, \u00e9 bonita e barata.<\/p>\n<p>[Best Cars Web Site] O Best Cars \u00e9 um site muito \u00fatil no processo de compra e no meu caso pesou muito na escolha do ve\u00edculo (embora n\u00e3o tivesse, na \u00e9poca, nenhuma qualifica\u00e7\u00e3o da motocicleta que comprei, pude evitar de comprar uma moto que foi qualificada negativamente e mudar minha opini\u00e3o com anteced\u00eancia). O fato de conhecer a opini\u00e3o de propriet\u00e1rios \u00e9 decisivo e evita transtornos.<\/p>\n<p>[Data de publica\u00e7\u00e3o] 16\/6\/12<\/p>\n<p>&nbsp;<\/p>\n","protected":false},"excerpt":{"rendered":"<p>Atualizado em 2012<\/p>\n","protected":false},"author":6,"featured_media":75071,"comment_status":"closed","ping_status":"closed","sticky":false,"template":"","format":"standard","meta":{"_joinchat":[],"footnotes":""},"categories":[4075],"tags":[1187,4084,81,1275,1274],"class_list":["post-75070","post","type-post","status-publish","format-standard","has-post-thumbnail","hentry","category-teste-do-leitor-motos-dafra","tag-dafra","tag-dafra-riva-150","tag-motos-2","tag-opiniao-de-proprietarios","tag-teste-do-leitor"],"amp_enabled":true,"_links":{"self":[{"href":"https:\/\/autolivraria.com.br\/bc\/wp-json\/wp\/v2\/posts\/75070","targetHints":{"allow":["GET"]}}],"collection":[{"href":"https:\/\/autolivraria.com.br\/bc\/wp-json\/wp\/v2\/posts"}],"about":[{"href":"https:\/\/autolivraria.com.br\/bc\/wp-json\/wp\/v2\/types\/post"}],"author":[{"embeddable":true,"href":"https:\/\/autolivraria.com.br\/bc\/wp-json\/wp\/v2\/users\/6"}],"replies":[{"embeddable":true,"href":"https:\/\/autolivraria.com.br\/bc\/wp-json\/wp\/v2\/comments?post=75070"}],"version-history":[{"count":0,"href":"https:\/\/autolivraria.com.br\/bc\/wp-json\/wp\/v2\/posts\/75070\/revisions"}],"wp:featuredmedia":[{"embeddable":true,"href":"https:\/\/autolivraria.com.br\/bc\/wp-json\/wp\/v2\/media\/75071"}],"wp:attachment":[{"href":"https:\/\/autolivraria.com.br\/bc\/wp-json\/wp\/v2\/media?parent=75070"}],"wp:term":[{"taxonomy":"category","embeddable":true,"href":"https:\/\/autolivraria.com.br\/bc\/wp-json\/wp\/v2\/categories?post=75070"},{"taxonomy":"post_tag","embeddable":true,"href":"https:\/\/autolivraria.com.br\/bc\/wp-json\/wp\/v2\/tags?post=75070"}],"curies":[{"name":"wp","href":"https:\/\/api.w.org\/{rel}","templated":true}]}}