{"id":75074,"date":"2020-10-06T00:00:49","date_gmt":"2020-10-06T03:00:49","guid":{"rendered":"http:\/\/bestcars.uol.com.br\/bc\/?p=75074"},"modified":"2020-10-06T15:32:52","modified_gmt":"2020-10-06T18:32:52","slug":"dafra-apache-rtr-150","status":"publish","type":"post","link":"https:\/\/autolivraria.com.br\/bc\/participe\/opinioes-proprietarios-motos\/teste-do-leitor-motos-dafra\/dafra-apache-rtr-150\/","title":{"rendered":"Dafra Apache RTR 150"},"content":{"rendered":"<p><img fetchpriority=\"high\" decoding=\"async\" class=\"aligncenter size-full wp-image-75075\" src=\"https:\/\/autolivraria.com.br\/bc\/wp-content\/uploads\/2016\/07\/Dafra-Apache-150.jpg\" alt=\"Dafra Apache 150\" width=\"500\" height=\"330\" srcset=\"https:\/\/autolivraria.com.br\/bc\/wp-content\/uploads\/2016\/07\/Dafra-Apache-150.jpg 500w, https:\/\/autolivraria.com.br\/bc\/wp-content\/uploads\/2016\/07\/Dafra-Apache-150-340x224.jpg 340w, https:\/\/autolivraria.com.br\/bc\/wp-content\/uploads\/2016\/07\/Dafra-Apache-150-222x147.jpg 222w\" sizes=\"(max-width: 500px) 100vw, 500px\" \/><\/p>\n<p><img decoding=\"async\" class=\"aligncenter size-full wp-image-117190 lazyload\" data-src=\"https:\/\/autolivraria.com.br\/bc\/wp-content\/uploads\/2020\/08\/ponto-branco-1.jpg\" alt=\"\" width=\"2\" height=\"20\" src=\"data:image\/svg+xml;base64,PHN2ZyB3aWR0aD0iMSIgaGVpZ2h0PSIxIiB4bWxucz0iaHR0cDovL3d3dy53My5vcmcvMjAwMC9zdmciPjwvc3ZnPg==\" style=\"--smush-placeholder-width: 2px; --smush-placeholder-aspect-ratio: 2\/20;\" \/><\/p>\n<p><img decoding=\"async\" class=\"aligncenter size-full wp-image-117190 lazyload\" data-src=\"https:\/\/autolivraria.com.br\/bc\/wp-content\/uploads\/2020\/08\/ponto-branco-1.jpg\" alt=\"\" width=\"2\" height=\"20\" src=\"data:image\/svg+xml;base64,PHN2ZyB3aWR0aD0iMSIgaGVpZ2h0PSIxIiB4bWxucz0iaHR0cDovL3d3dy53My5vcmcvMjAwMC9zdmciPjwvc3ZnPg==\" style=\"--smush-placeholder-width: 2px; --smush-placeholder-aspect-ratio: 2\/20;\" \/><\/p>\n<p>[Nome] Josue Gomes Da Silva<br \/>\n[Cidade] Osasco<br \/>\n[Estado] SP<\/p>\n<p>[Modelo] Dafra Apache RTR 150<br \/>\n[Motor] 150<br \/>\n[Ano-modelo] 2012<br \/>\n[Quilometragem atual] 100.000 km<br \/>\n[Combust\u00edvel] Gasolina<br \/>\n[Tempo h\u00e1 que possui] Mais de 5 anos<\/p>\n<p>[Grau de satisfa\u00e7\u00e3o com a moto] Muito satisfeito(a)<br \/>\n[Grau de satisfa\u00e7\u00e3o com a rede de concession\u00e1rias] Insatisfeito(a)<\/p>\n<p>[Estilo] 4<br \/>\n[Acabamento] 5<br \/>\n[Posi\u00e7\u00e3o de pilotar] 4<br \/>\n[Instrumentos] 4<br \/>\n[Conforto] Selecione<br \/>\n[Motor] 5<br \/>\n[Desempenho] 4<br \/>\n[Consumo] 5<br \/>\n[C\u00e2mbio] 5<br \/>\n[Freios] 5<br \/>\n[Suspens\u00e3o] 4<br \/>\n[Estabilidade] 4<br \/>\n[Custo-benef\u00edcio] 5<\/p>\n<p>[Principais aspectos positivos] de 2012 a 2019 a moto nunca deixou na m\u00e3o. Pe\u00e7as f\u00e1ceis de encontrar no mercado. Consumo m\u00e9dio de 40 a 42km (obviamente a tinha para trabalho, n\u00e3o para empinar-chamar a aten\u00e7\u00e3o). Desgaste de pe\u00e7as razo\u00e1vel, nada fora do aceit\u00e1vel. Tive que fazer o cabe\u00e7ote por descuido (oleo baixo) e fiz fora de concession\u00e1ria sem problemas, com pist\u00e3o de outra marca\/modelo. Utilizei-a por sete anos sem seguro (n\u00e3o visada) e, apesar de achar que n\u00e3o tinha mercado, vendi-a em duas horas (anunciei \u00e0s 8h30 e \u00e0s 10h30) j\u00e1 tinha vendido. Obviamente a moto estava nova (sem riscos, amassados, pe\u00e7as danificadas), valia a pena.<\/p>\n<p>[Principais aspectos negativos] por ser moto para trabalho, nunca me ative em achar aspectos negativos.<\/p>\n<p>[Defeitos apresentados] todos os problemas que tive foram por conta de pe\u00e7as com desgaste natural, nada fora do padr\u00e3o<\/p>\n<p>[Concession\u00e1rias] A concession\u00e1ria (osasco) nunca teve pe\u00e7as, anotavam a encomenda e n\u00e3o davam retorno. Atendimento p\u00f3s-venda deixa muito a desejar.<\/p>\n<p>[Coment\u00e1rios adicionais] pra quem precisa de moto para trabalhar, n\u00e3o moto-boy, cujo servi\u00e7o \u00e9 &#8220;pauleira&#8221;, \u00e9 a moto ideal. N\u00e3o visada, barata, econ\u00f4mica, ideal.<\/p>\n<p>[Best Cars] sempre acesso esse portal e outros para saber sobre opini\u00e3o de donos e ter as informa\u00e7\u00f5es como ferramenta de decis\u00e3o<\/p>\n<p>[Data de publica\u00e7\u00e3o] 6\/10\/20<\/p>\n<p>\u2014<\/p>\n<div class='code-block code-block-7' style='margin: 28px auto; text-align: center; display: block; clear: both;'>\n<br>\n<div align=\"center\">\n<a target=\"_blank\" href=\"https:\/\/bestcars.com.br\/bc\/\">\n<img decoding=\"async\" data-src=\"https:\/\/bestcars.com.br\/bc\/wp-content\/uploads\/2021\/07\/Auto-Livraria-450x300-quadros.jpg\" alt=\"Auto Livraria\" src=\"data:image\/svg+xml;base64,PHN2ZyB3aWR0aD0iMSIgaGVpZ2h0PSIxIiB4bWxucz0iaHR0cDovL3d3dy53My5vcmcvMjAwMC9zdmciPjwvc3ZnPg==\" class=\"lazyload\"><\/a>\n<\/div>\n<br><\/div>\n\n<p>\u2014<\/p>\n<p>[Nome] CLAUDEMIR BEZERRA<br \/>\n[Cidade] GUARULHOS<br \/>\n[Estado] SP<br \/>\n[Ano-modelo] 2010<br \/>\n[Quilometragem atual] 10.000 km<br \/>\n[Tempo h\u00e1 que possui] De 1 a 3 anos<\/p>\n<p>[Grau de satisfa\u00e7\u00e3o com a moto] Muito satisfeito<br \/>\n[Grau de satisfa\u00e7\u00e3o com a rede de concession\u00e1rias] N\u00e3o utilizo<\/p>\n<p>[Estilo] 5<br \/>\n[Acabamento] 5<br \/>\n[Posi\u00e7\u00e3o de pilotar] 5<br \/>\n[Instrumentos] 5<br \/>\n[Conforto] 5<br \/>\n[Motor] 5<br \/>\n[Desempenho] 5<br \/>\n[Consumo] 4<br \/>\n[C\u00e2mbio] 4<br \/>\n[Freios] 5<br \/>\n[Suspens\u00e3o] 5<br \/>\n[Estabilidade] 5<br \/>\n[Custo-benef\u00edcio] 5<\/p>\n<p>[Principais aspectos positivos] Desing, moto muito bonita, melhor moto da categoria, painel digital completo que avisa hora da manuten\u00e7\u00e3o, suspens\u00e3o a gas, lanternas de led um luxo, motor muito robusto.<\/p>\n<p>[Principais aspectos negativos] S\u00f3 n\u00e3o gosto muito do c\u00e2mbio que h\u00e1 dificuldade de se encontrar o neutro, as vezes a marcha escapa nada que aconte\u00e7a sempre.<\/p>\n<p>[Defeitos apresentados] S\u00f3 o motor de arranque ja parou de funcionar umas 3 vezes porem depois de dar partida nela pelo pedal ele voltou a funcionar normalmente.<\/p>\n<p>[Coment\u00e1rios adicionais] Pra quem tem medo de mudar da marca tradicional, pode ir sem medo e seja feliz, chega de monop\u00f3lio, fiz uma pesquisa essa semana entre ela e a cg titan e as pe\u00e7as de desgate natural na concession\u00e1ria, como kit rela\u00e7\u00e3o, filtros e pastilhas est\u00e3o bem mais baratas que da Honda<\/p>\n<p>[Best Cars Web Site] muito bom, essa se\u00e7\u00e3o me ajudou a comprar outras motos<\/p>\n<p>[Data de publica\u00e7\u00e3o] 14\/7\/12<\/p>\n<p>\u2014<\/p>\n<p>[Nome] Bruno da silva lopes<br \/>\n[Cidade] Betim<br \/>\n[Estado] MG<br \/>\n[Ano-modelo] 2011<br \/>\n[Quilometragem atual] 15.000 km<br \/>\n[Tempo h\u00e1 que possui] De 1 a 3 anos<\/p>\n<p>[Grau de satisfa\u00e7\u00e3o com a moto] Muito satisfeito<br \/>\n[Grau de satisfa\u00e7\u00e3o com a rede de concession\u00e1rias] Parcialmente satisfeito<\/p>\n<p>[Estilo] 5<br \/>\n[Acabamento] 5<br \/>\n[Posi\u00e7\u00e3o de pilotar] 5<br \/>\n[Instrumentos] 5<br \/>\n[Conforto] 5<br \/>\n[Motor] 5<br \/>\n[Desempenho] 5<br \/>\n[Consumo] 5<br \/>\n[C\u00e2mbio] 3<br \/>\n[Freios] 5<br \/>\n[Suspens\u00e3o] 5<br \/>\n[Estabilidade] 5<br \/>\n[Custo-benef\u00edcio] 4<\/p>\n<p>[Principais aspectos positivos] Muito bonita, Chama aten\u00e7\u00e3o!<\/p>\n<p>[Principais aspectos negativos] Desvaloriza\u00e7\u00e3o.<\/p>\n<p>[Defeitos apresentados] Nenhum problema de fabrica\u00e7\u00e3o.<\/p>\n<p>[Concession\u00e1rias] Depende muito da regi\u00e3o, tem concession\u00e1rias que n\u00e3o faz quest\u00e3o nehuma da satisfa\u00e7\u00e3o dos clientes.<\/p>\n<p>[Coment\u00e1rios adicionais] Nunca, mas nunca se deixa enganar por quem n\u00e3o a possui. A moto \u00e9 muito boa, TOP.<\/p>\n<p>[Best Cars Web Site] \u00d3tima oportunidade de pesquisa.<\/p>\n<p>[Data de publica\u00e7\u00e3o] 14\/7\/12<\/p>\n","protected":false},"excerpt":{"rendered":"<p>Atualizado em 2012<\/p>\n","protected":false},"author":6,"featured_media":75075,"comment_status":"closed","ping_status":"closed","sticky":false,"template":"","format":"standard","meta":{"_joinchat":[],"footnotes":""},"categories":[4075],"tags":[1187,4085,81,1275,1274],"class_list":["post-75074","post","type-post","status-publish","format-standard","has-post-thumbnail","hentry","category-teste-do-leitor-motos-dafra","tag-dafra","tag-dafra-apache-rtr-150","tag-motos-2","tag-opiniao-de-proprietarios","tag-teste-do-leitor"],"amp_enabled":true,"_links":{"self":[{"href":"https:\/\/autolivraria.com.br\/bc\/wp-json\/wp\/v2\/posts\/75074","targetHints":{"allow":["GET"]}}],"collection":[{"href":"https:\/\/autolivraria.com.br\/bc\/wp-json\/wp\/v2\/posts"}],"about":[{"href":"https:\/\/autolivraria.com.br\/bc\/wp-json\/wp\/v2\/types\/post"}],"author":[{"embeddable":true,"href":"https:\/\/autolivraria.com.br\/bc\/wp-json\/wp\/v2\/users\/6"}],"replies":[{"embeddable":true,"href":"https:\/\/autolivraria.com.br\/bc\/wp-json\/wp\/v2\/comments?post=75074"}],"version-history":[{"count":0,"href":"https:\/\/autolivraria.com.br\/bc\/wp-json\/wp\/v2\/posts\/75074\/revisions"}],"wp:featuredmedia":[{"embeddable":true,"href":"https:\/\/autolivraria.com.br\/bc\/wp-json\/wp\/v2\/media\/75075"}],"wp:attachment":[{"href":"https:\/\/autolivraria.com.br\/bc\/wp-json\/wp\/v2\/media?parent=75074"}],"wp:term":[{"taxonomy":"category","embeddable":true,"href":"https:\/\/autolivraria.com.br\/bc\/wp-json\/wp\/v2\/categories?post=75074"},{"taxonomy":"post_tag","embeddable":true,"href":"https:\/\/autolivraria.com.br\/bc\/wp-json\/wp\/v2\/tags?post=75074"}],"curies":[{"name":"wp","href":"https:\/\/api.w.org\/{rel}","templated":true}]}}