{"id":75082,"date":"2020-03-20T00:05:50","date_gmt":"2020-03-20T03:05:50","guid":{"rendered":"http:\/\/bestcars.uol.com.br\/bc\/?p=75082"},"modified":"2020-03-20T17:04:23","modified_gmt":"2020-03-20T20:04:23","slug":"dafra-next-250","status":"publish","type":"post","link":"https:\/\/autolivraria.com.br\/bc\/participe\/opinioes-proprietarios-motos\/teste-do-leitor-motos-dafra\/dafra-next-250\/","title":{"rendered":"Dafra Next 250 e 300"},"content":{"rendered":"<p><img fetchpriority=\"high\" decoding=\"async\" class=\"aligncenter size-full wp-image-75083\" src=\"https:\/\/autolivraria.com.br\/bc\/wp-content\/uploads\/2016\/07\/Dafra-Next-250.jpg\" alt=\"Dafra Next 250\" width=\"500\" height=\"330\" srcset=\"https:\/\/autolivraria.com.br\/bc\/wp-content\/uploads\/2016\/07\/Dafra-Next-250.jpg 500w, https:\/\/autolivraria.com.br\/bc\/wp-content\/uploads\/2016\/07\/Dafra-Next-250-340x224.jpg 340w, https:\/\/autolivraria.com.br\/bc\/wp-content\/uploads\/2016\/07\/Dafra-Next-250-222x147.jpg 222w\" sizes=\"(max-width: 500px) 100vw, 500px\" \/><\/p>\n<p>&nbsp;<\/p>\n<p>&nbsp;<\/p>\n<p>[Nome] Josue Gomes Da Silva<br \/>\n[Cidade] Osasco<br \/>\n[Estado] SP<\/p>\n<p>[Modelo] Dafra Next<br \/>\n[Motor] 300<br \/>\n[Ano-modelo] 2019<br \/>\n[Quilometragem atual] 10.000 km<br \/>\n[Combust\u00edvel] Gasolina<br \/>\n[Tempo h\u00e1 que possui] At\u00e9 1 ano<\/p>\n<p>[Grau de satisfa\u00e7\u00e3o com a moto] Parcialmente satisfeito(a)<br \/>\n[Grau de satisfa\u00e7\u00e3o com a rede de concession\u00e1rias] Parcialmente satisfeito(a)<\/p>\n<p>[Estilo] 5<br \/>\n[Acabamento] 4<br \/>\n[Posi\u00e7\u00e3o de pilotar] 4<br \/>\n[Instrumentos] 5<br \/>\n[Conforto] 4<br \/>\n[Motor] 5<br \/>\n[Desempenho] 4<br \/>\n[Consumo] 4<br \/>\n[C\u00e2mbio] 1<br \/>\n[Freios] 5<br \/>\n[Suspens\u00e3o] 2<br \/>\n[Estabilidade] 3<br \/>\n[Custo-benef\u00edcio] 3<\/p>\n<p>[Principais aspectos positivos] Consumo muito bom para uma moto de 300cc (tenho feito a m\u00e9dia de 30km\/l) num percurso de ida e volta de 62km (Osasco, PARI-SP), obviamente sem exageros (70km\/h); Arrancada eficiente quando preciso me livrar de motoqueiros apressados e ve\u00edculos estressados; Custo\/benef\u00edcio muito bom para quem precisa apenas para percurso trabalho-resid\u00eancia; Posi\u00e7\u00e3o de pilotagem boa; Ilumina\u00e7\u00e3o e painel de instrumentos bons;<\/p>\n<p>[Principais aspectos negativos] Decep\u00e7\u00e3o com c\u00e2mbio, n\u00e3o consigo engatar as tr\u00eas primeiras marchas sem SOCO na corrente. J\u00e1 fiz de tudo, inclusive v\u00e1rios ajustes na embreagem e manete mas, frustrante. Ao contr\u00e1rio ocorre nas redu\u00e7\u00f5es, quando preciso reduzir de terceira para segunda ela j\u00e1 pula direto para Neutro, me causando sustos quando tento retomar velocidade. A corrente, com menos de 8 meses j\u00e1 est\u00e1 frouxa, certamente a coroa e pinh\u00e3o j\u00e1 est\u00e3o sendo afetados pelos SOCOS e, obviamente o coxim da roda traseira n\u00e3o aguentar\u00e1 muito tempo. J\u00e1 formalizei questionamento na DAFRA pra ver se \u00e9 defeito de projeto ou se algu\u00e9m CONSEGUE resolver esse desconforto, pois minha frustra\u00e7\u00e3o foi TOMAR CANSEIRA da Dafra Osasco com rela\u00e7\u00e3o \u00e0 Apache RT200, que era minha inten\u00e7\u00e3o de compra.<\/p>\n<p>[Defeitos apresentados] N\u00c3O<\/p>\n<p>[Concession\u00e1rias] nao tenho no\u00e7\u00f5es ainda. H\u00e1 uns tr\u00eas anos deixava a desejar com rela\u00e7\u00e3o a pe\u00e7as.<\/p>\n<p>[Coment\u00e1rios adicionais] Moto boa para quem precisa para trabalhar em vista do desempenho e consumo mas com ressalva de que a poss\u00edvel falha de projeto no c\u00e2mbio gera desgaste prematuro do kit rela\u00e7\u00e3o\/coroa\/pinh\u00e3o e, consequentemente Coxim da roda traseira.<\/p>\n<p>[Best Cars] Sempre consulto o portal tanto para motos quanto para ve\u00edculos, gosto de visitar os portais especializados em pesquisas de satisfa\u00e7\u00e3o e divulga\u00e7\u00e3o de novas marcas\/modelos.<\/p>\n<p>[Data de publica\u00e7\u00e3o] 20\/3\/20<\/p>\n<p>\u2014<\/p>\n<p>&nbsp;<\/p>\n<div class='code-block code-block-7' style='margin: 28px auto; text-align: center; display: block; clear: both;'>\n<br>\n<div align=\"center\">\n<a target=\"_blank\" href=\"https:\/\/bestcars.com.br\/bc\/\">\n<img decoding=\"async\" data-src=\"https:\/\/bestcars.com.br\/bc\/wp-content\/uploads\/2021\/07\/Auto-Livraria-450x300-quadros.jpg\" alt=\"Auto Livraria\" src=\"data:image\/svg+xml;base64,PHN2ZyB3aWR0aD0iMSIgaGVpZ2h0PSIxIiB4bWxucz0iaHR0cDovL3d3dy53My5vcmcvMjAwMC9zdmciPjwvc3ZnPg==\" class=\"lazyload\"><\/a>\n<\/div>\n<br><\/div>\n\n<p>&nbsp;<\/p>\n","protected":false},"excerpt":{"rendered":"<p>Leia opini\u00f5es de propriet\u00e1rios e envie a sua<\/p>\n","protected":false},"author":6,"featured_media":75083,"comment_status":"closed","ping_status":"closed","sticky":false,"template":"","format":"standard","meta":{"_joinchat":[],"footnotes":""},"categories":[4075],"tags":[1187,4087,81,1275,1274],"class_list":["post-75082","post","type-post","status-publish","format-standard","has-post-thumbnail","hentry","category-teste-do-leitor-motos-dafra","tag-dafra","tag-dafra-next-250","tag-motos-2","tag-opiniao-de-proprietarios","tag-teste-do-leitor"],"amp_enabled":true,"_links":{"self":[{"href":"https:\/\/autolivraria.com.br\/bc\/wp-json\/wp\/v2\/posts\/75082","targetHints":{"allow":["GET"]}}],"collection":[{"href":"https:\/\/autolivraria.com.br\/bc\/wp-json\/wp\/v2\/posts"}],"about":[{"href":"https:\/\/autolivraria.com.br\/bc\/wp-json\/wp\/v2\/types\/post"}],"author":[{"embeddable":true,"href":"https:\/\/autolivraria.com.br\/bc\/wp-json\/wp\/v2\/users\/6"}],"replies":[{"embeddable":true,"href":"https:\/\/autolivraria.com.br\/bc\/wp-json\/wp\/v2\/comments?post=75082"}],"version-history":[{"count":0,"href":"https:\/\/autolivraria.com.br\/bc\/wp-json\/wp\/v2\/posts\/75082\/revisions"}],"wp:featuredmedia":[{"embeddable":true,"href":"https:\/\/autolivraria.com.br\/bc\/wp-json\/wp\/v2\/media\/75083"}],"wp:attachment":[{"href":"https:\/\/autolivraria.com.br\/bc\/wp-json\/wp\/v2\/media?parent=75082"}],"wp:term":[{"taxonomy":"category","embeddable":true,"href":"https:\/\/autolivraria.com.br\/bc\/wp-json\/wp\/v2\/categories?post=75082"},{"taxonomy":"post_tag","embeddable":true,"href":"https:\/\/autolivraria.com.br\/bc\/wp-json\/wp\/v2\/tags?post=75082"}],"curies":[{"name":"wp","href":"https:\/\/api.w.org\/{rel}","templated":true}]}}