{"id":75285,"date":"2018-04-20T00:12:50","date_gmt":"2018-04-20T03:12:50","guid":{"rendered":"http:\/\/bestcars.uol.com.br\/bc\/?p=75285"},"modified":"2018-04-20T15:04:13","modified_gmt":"2018-04-20T18:04:13","slug":"kawasaki-er6-n","status":"publish","type":"post","link":"https:\/\/autolivraria.com.br\/bc\/participe\/opinioes-proprietarios-motos\/teste-do-leitor-motos-kawasaki\/kawasaki-er6-n\/","title":{"rendered":"Kawasaki ER6 N"},"content":{"rendered":"<p><img fetchpriority=\"high\" decoding=\"async\" class=\"aligncenter size-full wp-image-75286\" src=\"https:\/\/autolivraria.com.br\/bc\/wp-content\/uploads\/2016\/07\/Kawasaki-ER-6N.jpg\" alt=\"Kawasaki ER-6N\" width=\"500\" height=\"330\" srcset=\"https:\/\/autolivraria.com.br\/bc\/wp-content\/uploads\/2016\/07\/Kawasaki-ER-6N.jpg 500w, https:\/\/autolivraria.com.br\/bc\/wp-content\/uploads\/2016\/07\/Kawasaki-ER-6N-340x224.jpg 340w, https:\/\/autolivraria.com.br\/bc\/wp-content\/uploads\/2016\/07\/Kawasaki-ER-6N-222x147.jpg 222w\" sizes=\"(max-width: 500px) 100vw, 500px\" \/><\/p>\n<p>&nbsp;<\/p>\n<p>&nbsp;<\/p>\n<p>[Nome] Wanderson Rebelo<br \/>\n[Cidade] Santos<br \/>\n[Estado] SP<\/p>\n<p>[Vers\u00e3o] ER6-n ABS<br \/>\n[Motor] 650<br \/>\n[Ano-modelo] 2010<br \/>\n[Quilometragem atual] 15.000 km<br \/>\n[Combust\u00edvel] Gasolina<br \/>\n[Tempo h\u00e1 que possui] De 3 a 5 anos<\/p>\n<p>[Grau de satisfa\u00e7\u00e3o com a moto] Muito satisfeito(a)<br \/>\n[Grau de satisfa\u00e7\u00e3o com a rede de concession\u00e1rias] Muito satisfeito(a)<\/p>\n<p>[Estilo] 4<br \/>\n[Acabamento] 5<br \/>\n[Posi\u00e7\u00e3o de pilotar] 4<br \/>\n[Instrumentos]<br \/>\n[Conforto] 3<br \/>\n[Motor] 5<br \/>\n[Desempenho] 5<br \/>\n[Consumo] 1<br \/>\n[C\u00e2mbio] 5<br \/>\n[Freios] 5<br \/>\n[Suspens\u00e3o] 5<br \/>\n[Estabilidade] 4<br \/>\n[Custo-benef\u00edcio] 4<\/p>\n<p>[Principais aspectos positivos] Comprei a minha com 1.300km e praticamente sou o primeiro dono dela. Ent\u00e3o posso dizer melhor sobre seu comportamento. Com os pneus originais DUNLOP ela era muito inst\u00e1vel em curva.s Ao entrar ela queria sair de frente e tinha que ter muito cuidado, tanto que pensei em colocar um amortecedor de dire\u00e7\u00e3o. Com a troca dos pneus por um conjunto esportivo da MICHELIN e balanceamento correto a moto \u00e9 outra. Ela simplesmente gruda no ch\u00e3o, tanto em alta como em baixa.<br \/>\nO desempenho da moto \u00e9 assustador. A moto \u00e9 bruta e quer andar. Voc\u00ea sente que n\u00e3o \u00e9 uma moto f\u00e1cil de domar e ela pede pra acelerar. At\u00e9 porque esquenta muito as pernas e voc\u00ea precisa manter ela ventilada. A moto \u00e9 confort\u00e1vel dentro das suas limita\u00e7\u00f5es, pois \u00e9 uma esportiva. O banco do garupa \u00e9 bom e n\u00e3o cansa, o do piloto \u00e9 bom mas se o garupa insistir em jogar o peso em cima, a coisa muda de figura. Na cidade \u00e9 espetacular, muito \u00e1gil e f\u00e1cil de andar no corredor, o giro sobe r\u00e1pido o que facilita bastante sair de situa\u00e7\u00f5es complicadas no tr\u00e2nsito. Na estrada ele tamb\u00e9m \u00e9 muito boa, responde r\u00e1pido e pede pra andar em giro alto. O ideal \u00e9 andar acima de 100km\/h para refrigerar o motor. Digo isso porque sou de motoclube e nem sempre consigo andar acima dos 100.<br \/>\nPara viagens longas tem que parar pra descansar mas \u00e9 o \u00f3bvio. Ela n\u00e3o \u00e9 uma estradeira. Apesar de ser uma bicilindrica, sua dirigibilidade e desempenho s\u00e3o excelentes. Uma moto maravilhosa pra cidade e estradas em viagens curtas ou com algumas paradas.<\/p>\n<p>[Principais aspectos negativos] O consumo dela na cidade \u00e9 absurdo. A minha n\u00e3o faz mais que 14km\/l. o Certo \u00e9 entre 11km\/l e 13km\/l. J\u00e1 usei gasolina p\u00f3dio, comum e aditivada de v\u00e1rias distribuidoras e nada muda. Hoje coloco s\u00f3 comum, pois al\u00e9m do consumo n\u00e3o alterar nada, o desempenho tamb\u00e9m n\u00e3o. Na estrada o consumo \u00e9 bem satisfat\u00f3rio andando dentro dos limites, na faixa de 100km\/h e 120km\/h ela faz entre 20km\/l e 22km\/l e pode fazer at\u00e9 24km\/l dependendo das condi\u00e7\u00f5es. Para uma moto esportiva, acho que na estrada n\u00e3o \u00e9 t\u00e3o ruim.<\/p>\n<p>[Defeitos apresentados] Nunca. Os componentes originais s\u00e3o de excelente qualidade. Troquei a bateria dela depois de 7 anos de uso. Isso mesmo, 7 anos e usando rastreador. A moto tem hoje 18.000km e s\u00f3 troquei o cabo de embreagem porque ficou ressecado e fiquei com medo de quebrar, mas depois de uma lubrifica\u00e7\u00e3o ficou novo. S\u00f3 troquei porque j\u00e1 tinha encomendado a pe\u00e7a. Troquei o filtro de ar e os pneus por desgaste tamb\u00e9m e mais nada. As demais pe\u00e7as dela s\u00e3o originais. Troco o \u00f3leo e a cada duas, troco o filtro de \u00f3leo. Sempre usei MOTUL mineral, hoje uso semi-sint\u00e9tico.<\/p>\n<p>[Concession\u00e1rias] aqui em Santos havia uma concession\u00e1ria que fechou, mas nunca levei l\u00e1. Sempre levei no meu mec\u00e2nico que \u00e9 multimarcas e autorizado SUZUKI. Mas logo que fechou a loja da KAWASAKI ele se tornou um autorizado da marca. As pe\u00e7as n\u00e3o s\u00e3o baratas, mas foi o que disse sobre ser de excelente qualidade e para uma moto desse porte, acho que est\u00e1 dentro do mercado. Uma revis\u00e3o que fiz trocando filtro de ar e cabo de embreagem gastei uns R$420,00 em outubro de 2017. S\u00f3 a m\u00e3o de obra foi R$200,00 e o resto de material. Um filtro de \u00f3leo original custa R$70,00. Mas como troco uma sim e outra n\u00e3o, compro de uma marca boa n\u00e3o original e pago R$25,00.<\/p>\n<p>[Coment\u00e1rios adicionais] A moto \u00e9 espetacular, excelente pra cidade e estrada em curtas viagens. A minha \u00e9 da cor laranja e torce o pesco\u00e7o das pessoas por onde passo. Quando paro no sem\u00e1foro sempre chama aten\u00e7\u00e3o dos outros motociclistas que sempre tem uns que perguntam sobre ela dizendo querer comprar. Pelo pre\u00e7o dela acho que \u00e9 de muito bom custo benef\u00edcio. Moto pro dia-a-dia e lazer no final de semana. Apesar de ser uma bicilindrica, seu barulho \u00e9 muito agrad\u00e1vel e colocando um escapamento esportivo, fica ainda mais bandida<\/p>\n<p>[Best Cars] Aqui \u00e9 o lugar onde os propriet\u00e1rios podem opinar com seu uso e os futuros compradores ter uma boa ideia de como \u00e9 o produto. Acho essencial a p\u00e1gina e sempre que posso opino e dou uma consultada pra conhecer.<\/p>\n<p>[Data de publica\u00e7\u00e3o] 20\/4\/18<\/p>\n<p>\u2014<\/p>\n<p>&nbsp;<\/p>\n<div class='code-block code-block-7' style='margin: 28px auto; text-align: center; display: block; clear: both;'>\n<script async src=\"https:\/\/pagead2.googlesyndication.com\/pagead\/js\/adsbygoogle.js\"><\/script>\n<!-- AL-quadrado -->\n<ins class=\"adsbygoogle\"\n     style=\"display:block\"\n     data-ad-client=\"ca-pub-1914799802606213\"\n     data-ad-slot=\"5683066082\"\n     data-ad-format=\"auto\"\n     data-full-width-responsive=\"true\"><\/ins>\n<script>\n     (adsbygoogle = window.adsbygoogle || []).push({});\n<\/script><\/div>\n\n<p>&nbsp;<\/p>\n\n<p>[Nome] Raphael<br \/>\n[Cidade] S\u00e3o Paulo<br \/>\n[Estado] SP<\/p>\n<p>[Vers\u00e3o] Er6n<br \/>\n[Motor] 650<br \/>\n[Ano-modelo] 2013<br \/>\n[Quilometragem atual] 20.000 km<br \/>\n[Combust\u00edvel] Gasolina<br \/>\n[Tempo h\u00e1 que possui] De 1 a 3 anos<\/p>\n<p>[Grau de satisfa\u00e7\u00e3o com a moto] Muito satisfeito(a)<br \/>\n[Grau de satisfa\u00e7\u00e3o com a rede de concession\u00e1rias] Muito satisfeito(a)<\/p>\n<p>[Estilo] 5<br \/>\n[Acabamento] 5<br \/>\n[Posi\u00e7\u00e3o de pilotar] 5<br \/>\n[Instrumentos] 5<br \/>\n[Conforto] 5<br \/>\n[Motor] 5<br \/>\n[Desempenho] 5<br \/>\n[Consumo] 4<br \/>\n[C\u00e2mbio] 5<br \/>\n[Freios] 4<br \/>\n[Suspens\u00e3o] 5<br \/>\n[Estabilidade] 4<br \/>\n[Custo-benef\u00edcio] 5<\/p>\n<p>[Principais aspectos positivos] 99% perfeita, \u00e1gil para cidade, esperta na estrada.<\/p>\n<p>[Principais aspectos negativos] A \u00fanica coisa que digamos \u00e9 negativa \u00e9 o espa\u00e7o entre o banco e o plastico lateral que depois da chuva acumula \u00e1gua e molha a cal\u00e7a, quando chove forte o banco molha debaixo para cima( inexplic\u00e1vel) de resto perfeita.<\/p>\n<p>[Defeitos apresentados] Nadinha<\/p>\n<p>[Concession\u00e1rias] Sempre que precisei fui prontamente atendido, mas as pe\u00e7as levam de 10 a 30 dias \u00fateis para chegar.<\/p>\n<p>[Coment\u00e1rios adicionais] Na cidade da para guiar igual moto de baixa cilindrada* (corredor sem medo na velocidade dos outros), apesar do peso e tamanho muito manobr\u00e1vel e \u00e1gil. Retomadas por seus dois cilindros sem igual, na estada \u00e9 \u00f3tima at\u00e9 uns 140 km\/h depois disso oscila muito mas faz isso por n\u00e3o ser carenada logo a proposta n\u00e3o \u00e9 de grandes velocidades em estrada( mesmo porque as leis n\u00e3o permitem). Se o piloto tiver a m\u00e3o pesada o tanque mal dura 140 km, mas tem o modo eco que ajuda a dosar as coisas e fica tudo bem. Meu uso \u00e9 di\u00e1rio cerca de 60 km e \u00e9 perfeita no transito e para passear muito confort\u00e1vel.<\/p>\n<p>[Best Cars] Muito legal poder compartilhar<\/p>\n<p>[Data de publica\u00e7\u00e3o] 5\/5\/17<\/p>\n<p>\u2014<\/p>\n<p>&nbsp;<\/p>\n<div class='code-block code-block-6' style='margin: 28px auto; text-align: center; display: block; clear: both;'>\n<script async src=\"https:\/\/pagead2.googlesyndication.com\/pagead\/js\/adsbygoogle.js\"><\/script>\n<!-- AL-quadrado -->\n<ins class=\"adsbygoogle\"\n     style=\"display:block\"\n     data-ad-client=\"ca-pub-1914799802606213\"\n     data-ad-slot=\"5683066082\"\n     data-ad-format=\"auto\"\n     data-full-width-responsive=\"true\"><\/ins>\n<script>\n     (adsbygoogle = window.adsbygoogle || []).push({});\n<\/script><\/div>\n\n<p>&nbsp;<\/p>\n\n<p>[Nome] Deivisson Nobre Costa Silva<br \/>\n[Cidade] Montes Claros<br \/>\n[Estado] MG<\/p>\n<p>[Motor] 650<br \/>\n[Ano-modelo] 2010<br \/>\n[Quilometragem atual] 60.000 km<br \/>\n[Combust\u00edvel] Gasolina<br \/>\n[Tempo h\u00e1 que possui] De 3 a 5 anos<\/p>\n<p>[Grau de satisfa\u00e7\u00e3o com a moto] Muito satisfeito(a)<br \/>\n[Grau de satisfa\u00e7\u00e3o com a rede de concession\u00e1rias] Parcialmente satisfeito(a)<\/p>\n<p>[Estilo] 4<br \/>\n[Acabamento] 3<br \/>\n[Posi\u00e7\u00e3o de dirigir] 4<br \/>\n[Instrumentos] 2<br \/>\n[Conforto] 4<br \/>\n[Motor] 5<br \/>\n[Desempenho] 5<br \/>\n[Consumo] 4<br \/>\n[C\u00e2mbio] 4<br \/>\n[Freios] 4<br \/>\n[Suspens\u00e3o] 3<br \/>\n[Estabilidade] 4<br \/>\n[Custo-benef\u00edcio] 5<\/p>\n<p>[Principais aspectos positivos] Gosto do estilo, principalmente pela localiza\u00e7\u00e3o das setas dianteiras nas abas laterais da moto e pela mola da suspens\u00e3o traseira estar exposta na lateral direita. O que mais chama aten\u00e7\u00e3o nessa moto \u00e9 torque dispon\u00edvel a partir de 3 mil rpm j\u00e1 se tem for\u00e7a e n\u00e3o precisa ficar reduzindo muitas marchas para o motor acordar, mas a faixa onde o motor mostra toda sua for\u00e7a \u00e9 a partir dos 7 mil rpm. Tem consumo razo\u00e1vel, entre 16,5 km\/l na cidade e 20 km\/l na estrada mantendo uma velocidade de cruzeiro em torno de 120km\/h, claro com uma ou outra esticada nas ultrapassagens, pois ningu\u00e9m \u00e9 de ferro. Considero bastante confort\u00e1vel pra uma naked, no qual o uso \u00e9 mais urbano e viagens curtas, mas j\u00e1 fiz viagens mais longas, j\u00e1 rodei 1340 km em um \u00fanico dia e uma viagem de 20 dias em que rodei mais de 9.500 km, no qual fui ao Chile e voltei sem nenhum grande problema com a moto, s\u00f3 o piloto que se cansou mesmo.<\/p>\n<p>[Principais aspectos negativos] Destaco o painel que tem o veloc\u00edmetro anal\u00f3gico e o conta giros digital, o inverso do usual em outras motocicletas, que foi mudado no modelo mais recente \u00e0 partir de 2013. As suspens\u00f5es sofrem bastante com as ruas brasileiras, cheia de remendos e buracos, um sistema com link na traseira, acredito que seria mais suave. Ela possui uma vibra\u00e7\u00e3o um pouco incomoda no painel, foi resolvido colocando fita dupla face em algumas partes, mas logo voltou a vibrar novamente.<\/p>\n<p>[Defeitos apresentados] Nos 5 anos de uso entre os 3 mil km e 62 mil que ela tem agora os \u00fanicos defeitos apresentados foram o retentor da suspens\u00e3o dianteira que come\u00e7ou a vazar com 38 mil km; problema na tampa do radiador, que muitas apresentam, come\u00e7a a jogar fluido de arrefecimento pelo respiro, foi feito apenas a limpeza da tampa e da sua guarni\u00e7\u00e3o voltando a vedar normalmente; com 60 mil km ela queimou as bobinas do estator sendo feito o enrolamento das bobinas em oficina especializada por menos de um quarto do valor de uma pe\u00e7a nova; no mais somente troca de itens que se desgastam como cabos do acelerador, velas, pneus, filtros e fluidos.<\/p>\n<p>[Coment\u00e1rios adicionais] \u00c9 uma moto que tem um \u00f3timo custo x benef\u00edcio, principalmente pegando um modelo usado, n\u00e3o possui nenhum defeito cr\u00f4nico grave, o seu motor surpreende pelo \u00f3timo torque e pra mim \u00e9 uma moto que n\u00e3o tem um custo de manuten\u00e7\u00e3o elevado, possui algumas pe\u00e7as em comum com outros ve\u00edculos que saem por um pre\u00e7o mais baixo.<\/p>\n<p>[Best Cars] o Best Cars \u00e9 o melhor site sobre autom\u00f3veis do Brasil, acompanho desde 2005 quando tinha 14 anos. Estou feliz com o retorno dessa se\u00e7\u00e3o que s\u00f3 tem a enriquecer ainda mais o conte\u00fado do site.<\/p>\n<p>[Data de publica\u00e7\u00e3o] 12\/8\/16<\/p>\n<p>&nbsp;<\/p>\n","protected":false},"excerpt":{"rendered":"<p>Leia opini\u00f5es de propriet\u00e1rios e envie a sua<\/p>\n","protected":false},"author":6,"featured_media":75286,"comment_status":"open","ping_status":"closed","sticky":false,"template":"","format":"standard","meta":{"_joinchat":[],"footnotes":""},"categories":[4079],"tags":[4100,87,81,1275,1274],"class_list":["post-75285","post","type-post","status-publish","format-standard","has-post-thumbnail","hentry","category-teste-do-leitor-motos-kawasaki","tag-er6n","tag-kawasaki","tag-motos-2","tag-opiniao-de-proprietarios","tag-teste-do-leitor"],"amp_enabled":true,"_links":{"self":[{"href":"https:\/\/autolivraria.com.br\/bc\/wp-json\/wp\/v2\/posts\/75285","targetHints":{"allow":["GET"]}}],"collection":[{"href":"https:\/\/autolivraria.com.br\/bc\/wp-json\/wp\/v2\/posts"}],"about":[{"href":"https:\/\/autolivraria.com.br\/bc\/wp-json\/wp\/v2\/types\/post"}],"author":[{"embeddable":true,"href":"https:\/\/autolivraria.com.br\/bc\/wp-json\/wp\/v2\/users\/6"}],"replies":[{"embeddable":true,"href":"https:\/\/autolivraria.com.br\/bc\/wp-json\/wp\/v2\/comments?post=75285"}],"version-history":[{"count":0,"href":"https:\/\/autolivraria.com.br\/bc\/wp-json\/wp\/v2\/posts\/75285\/revisions"}],"wp:featuredmedia":[{"embeddable":true,"href":"https:\/\/autolivraria.com.br\/bc\/wp-json\/wp\/v2\/media\/75286"}],"wp:attachment":[{"href":"https:\/\/autolivraria.com.br\/bc\/wp-json\/wp\/v2\/media?parent=75285"}],"wp:term":[{"taxonomy":"category","embeddable":true,"href":"https:\/\/autolivraria.com.br\/bc\/wp-json\/wp\/v2\/categories?post=75285"},{"taxonomy":"post_tag","embeddable":true,"href":"https:\/\/autolivraria.com.br\/bc\/wp-json\/wp\/v2\/tags?post=75285"}],"curies":[{"name":"wp","href":"https:\/\/api.w.org\/{rel}","templated":true}]}}