{"id":76709,"date":"2016-08-25T18:00:34","date_gmt":"2016-08-25T21:00:34","guid":{"rendered":"http:\/\/bestcars.uol.com.br\/bc\/?p=76709"},"modified":"2016-08-31T10:15:47","modified_gmt":"2016-08-31T13:15:47","slug":"teste-graca-espaco-e-ritmo-suv-jaguar-f-pace","status":"publish","type":"post","link":"https:\/\/autolivraria.com.br\/bc\/informe-se\/avaliacao\/teste-graca-espaco-e-ritmo-suv-jaguar-f-pace\/","title":{"rendered":"Gra\u00e7a, espa\u00e7o e ritmo em equil\u00edbrio no Jaguar F-Pace"},"content":{"rendered":"<div id='gallery-1' class='gallery galleryid-76709 gallery-columns-1 gallery-size-large'><figure class='gallery-item'>\n\t\t\t<div class='gallery-icon landscape'>\n\t\t\t\t<a href='https:\/\/autolivraria.com.br\/bc\/wp-content\/uploads\/2016\/08\/Jaguar-F-Pace-First-Edition-01.jpg'><img fetchpriority=\"high\" decoding=\"async\" width=\"696\" height=\"464\" src=\"https:\/\/autolivraria.com.br\/bc\/wp-content\/uploads\/2016\/08\/Jaguar-F-Pace-First-Edition-01-696x464.jpg\" class=\"attachment-large size-large\" alt=\"\" \/><\/a>\n\t\t\t<\/div><\/figure>\n\t\t<\/div>\n\n<h2>Os tr\u00eas elementos previstos pelo fundador est\u00e3o harmonizados no primeiro utilit\u00e1rio esporte da marca brit\u00e2nica<\/h2>\n<p><em>Texto: Fabr\u00edcio Samah\u00e1 e S\u00e9rgio Galv\u00e3o &#8211; Fotos: divulga\u00e7\u00e3o<\/em><\/p>\n<p>&nbsp;<\/p>\n<p>Depois da apresenta\u00e7\u00e3o est\u00e1tica em maio, chegou a vez de dirigirmos o F-Pace, o primeiro utilit\u00e1rio esporte na hist\u00f3ria da Jaguar, cujas entregas no Brasil come\u00e7am agora em setembro. Pudemos andar em tr\u00eas vers\u00f5es com dois dos motores dispon\u00edveis (<em>veja cada uma e seus pre\u00e7os no quadro abaixo<\/em>), o turbodiesel de quatro cilindros, 2,0 litros e pot\u00eancia de 180 cv e o V6 a gasolina de 3,0 litros com <a href=\"https:\/\/autolivraria.com.br\/bc\/glossario-c\/#comp\" target=\"_blank\">compressor<\/a> e 380 cv. H\u00e1 uma op\u00e7\u00e3o intermedi\u00e1ria com o mesmo V6 configurado para 340 cv. Os valores ficam entre R$ 309.300 e R$ 416.400.<\/p>\n<p>Em princ\u00edpio o grupo indiano Tata n\u00e3o precisaria recorrer a esse segmento com a marca brit\u00e2nica do felino, pois det\u00e9m tamb\u00e9m a Land Rover, uma das criadoras do conceito de 4&#215;4 de luxo com o primeiro <a href=\"https:\/\/autolivraria.com.br\/bc\/informe-se\/passado\/land-rover\/range-rover-o-requinte-pronto-para-todo-terreno\/\" target=\"_blank\">Range Rover<\/a>, em 1970, e hoje dona de extensa linha no setor. No entanto, a imagem de Land e Range Rover est\u00e1 bem mais associada a voca\u00e7\u00e3o fora de estrada que a esportividade, atributo no qual a Jaguar sempre sobressaiu. Por isso surgiu o F-Pace, cujo nome se associa ao do esportivo <a href=\"https:\/\/autolivraria.com.br\/bc\/tag\/f-type\" target=\"_blank\">F-Type<\/a> e remete \u00e0 defini\u00e7\u00e3o do fundador da marca, Sir William Lyons, de que um Jaguar deve prover <em>grace, space and pace<\/em> (gra\u00e7a, espa\u00e7o e ritmo).<\/p>\n<p>&nbsp;<\/p>\n<div id='gallery-2' class='gallery galleryid-76709 gallery-columns-1 gallery-size-large'><figure class='gallery-item'>\n\t\t\t<div class='gallery-icon landscape'>\n\t\t\t\t<a href='https:\/\/autolivraria.com.br\/bc\/wp-content\/uploads\/2016\/08\/Jaguar-F-Pace-02.jpg'><img decoding=\"async\" width=\"696\" height=\"464\" data-src=\"https:\/\/autolivraria.com.br\/bc\/wp-content\/uploads\/2016\/08\/Jaguar-F-Pace-02-696x464.jpg\" class=\"attachment-large size-large lazyload\" alt=\"\" src=\"data:image\/svg+xml;base64,PHN2ZyB3aWR0aD0iMSIgaGVpZ2h0PSIxIiB4bWxucz0iaHR0cDovL3d3dy53My5vcmcvMjAwMC9zdmciPjwvc3ZnPg==\" style=\"--smush-placeholder-width: 696px; --smush-placeholder-aspect-ratio: 696\/464;\" \/><\/a>\n\t\t\t<\/div><\/figure>\n\t\t<\/div>\n\n<div id='gallery-3' class='gallery galleryid-76709 gallery-columns-2 gallery-size-medium'><figure class='gallery-item'>\n\t\t\t<div class='gallery-icon landscape'>\n\t\t\t\t<a href='https:\/\/autolivraria.com.br\/bc\/wp-content\/uploads\/2016\/08\/Jaguar-F-Pace-01.jpg'><img decoding=\"async\" width=\"340\" height=\"227\" data-src=\"https:\/\/autolivraria.com.br\/bc\/wp-content\/uploads\/2016\/08\/Jaguar-F-Pace-01-340x227.jpg\" class=\"attachment-medium size-medium lazyload\" alt=\"\" src=\"data:image\/svg+xml;base64,PHN2ZyB3aWR0aD0iMSIgaGVpZ2h0PSIxIiB4bWxucz0iaHR0cDovL3d3dy53My5vcmcvMjAwMC9zdmciPjwvc3ZnPg==\" style=\"--smush-placeholder-width: 340px; --smush-placeholder-aspect-ratio: 340\/227;\" \/><\/a>\n\t\t\t<\/div><\/figure><figure class='gallery-item'>\n\t\t\t<div class='gallery-icon landscape'>\n\t\t\t\t<a href='https:\/\/autolivraria.com.br\/bc\/wp-content\/uploads\/2016\/08\/Jaguar-F-Pace-First-Edition-11.jpg'><img decoding=\"async\" width=\"340\" height=\"227\" data-src=\"https:\/\/autolivraria.com.br\/bc\/wp-content\/uploads\/2016\/08\/Jaguar-F-Pace-First-Edition-11-340x227.jpg\" class=\"attachment-medium size-medium lazyload\" alt=\"\" src=\"data:image\/svg+xml;base64,PHN2ZyB3aWR0aD0iMSIgaGVpZ2h0PSIxIiB4bWxucz0iaHR0cDovL3d3dy53My5vcmcvMjAwMC9zdmciPjwvc3ZnPg==\" style=\"--smush-placeholder-width: 340px; --smush-placeholder-aspect-ratio: 340\/227;\" \/><\/a>\n\t\t\t<\/div><\/figure>\n\t\t<\/div>\n\n<p style=\"text-align: center;\"><em>O F-Pace estreia em tr\u00eas vers\u00f5es, mais a s\u00e9rie especial First Edition (em azul); a carroceria de desenho elegante \u00e9 pouco maior que as de Q5, X3, X4 e Macan<\/em><\/p>\n<p>&nbsp;<\/p>\n<p>Com porte m\u00e9dio para o tipo de ve\u00edculo, o novo Jaguar vem competir sobretudo com as vers\u00f5es superiores de\u00a0<a href=\"https:\/\/autolivraria.com.br\/bc\/tag\/q5\" target=\"_blank\">Audi Q5<\/a>\u00a0(R$ 311 mil e o SQ5 por R$ 357 mil), <a href=\"https:\/\/autolivraria.com.br\/bc\/tag\/x3\" target=\"_blank\">BMW X3<\/a>\u00a0(R$ 319.950)\u00a0e <a href=\"https:\/\/autolivraria.com.br\/bc\/tag\/x4\" target=\"_blank\">X4<\/a>\u00a0(R$ 349.950) e, como principal alvo, o\u00a0<a href=\"https:\/\/autolivraria.com.br\/bc\/tag\/macan\" target=\"_blank\">Porsche Macan<\/a>\u00a0(op\u00e7\u00f5es de R$ 319 mil a R$ 506 mil).\u00a0Para essa miss\u00e3o precisaria contar com bons dotes de estilo \u2014 e basta olhar as fotos para confirmar que os recebeu em altas doses. N\u00e3o \u00e9 sempre que se v\u00ea um SUV t\u00e3o atraente, que aproveita muito bem elementos de desenho dos sed\u00e3s da marca, como <a href=\"https:\/\/autolivraria.com.br\/bc\/tag\/xe\" target=\"_blank\">XE<\/a> e <a href=\"https:\/\/autolivraria.com.br\/bc\/tag\/xf\" target=\"_blank\">XF<\/a>, em um formato mais familiar.<\/p>\n<p>&nbsp;<\/p>\n<blockquote><p>Conveni\u00eancias de todo tipo s\u00e3o oferecidas: ar-condicionado com at\u00e9 quatro zonas, quinta porta com acionamento por gesto, reclina\u00e7\u00e3o el\u00e9trica do banco traseiro<\/p><\/blockquote>\n<p>&nbsp;<\/p>\n<p>Em termos de dimens\u00f5es, com 4,73 metros de comprimento e 2,87 m de dist\u00e2ncia entre eixos, o F-Pace supera todos os modelos citados, sendo tamb\u00e9m mais largo e, em rela\u00e7\u00e3o a X4 e Macan, pouco mais alto. N\u00e3o muito bom \u00e9 o <a href=\"https:\/\/autolivraria.com.br\/bc\/glossario-c\/#cx\" target=\"_blank\">coeficiente aerodin\u00e2mico (Cx)<\/a> informado de 0,34, melhor que o do Porsche (0,35) e inferior ao dos demais oponentes.<\/p>\n<p>O interior esbanja requinte sem perder o ar esportivo, com materiais de alta qualidade e \u00f3timo aspecto, bancos confort\u00e1veis e f\u00e1ceis de ajustar e comandos el\u00e9tricos para motorista e passageiro. N\u00e3o convencional \u00e9 a montagem dos controles de vidros na parte superior do painel de porta, como em modelos da Land Rover: como a linha de cintura \u00e9 alta, seria mais coerente t\u00ea-los junto ao apoio de bra\u00e7o. Numerosos comandos s\u00e3o comuns a essa marca, assim como o bot\u00e3o girat\u00f3rio e escamote\u00e1vel que substitui a alavanca da transmiss\u00e3o autom\u00e1tica. Comandos no volante permitem mudan\u00e7as manuais.<\/p>\n<p>&nbsp;<\/p>\n<div id='gallery-4' class='gallery galleryid-76709 gallery-columns-1 gallery-size-large'><figure class='gallery-item'>\n\t\t\t<div class='gallery-icon landscape'>\n\t\t\t\t<a href='https:\/\/autolivraria.com.br\/bc\/wp-content\/uploads\/2016\/08\/Jaguar-F-Pace-First-Edition-02.jpg'><img decoding=\"async\" width=\"696\" height=\"464\" data-src=\"https:\/\/autolivraria.com.br\/bc\/wp-content\/uploads\/2016\/08\/Jaguar-F-Pace-First-Edition-02-696x464.jpg\" class=\"attachment-large size-large lazyload\" alt=\"\" src=\"data:image\/svg+xml;base64,PHN2ZyB3aWR0aD0iMSIgaGVpZ2h0PSIxIiB4bWxucz0iaHR0cDovL3d3dy53My5vcmcvMjAwMC9zdmciPjwvc3ZnPg==\" style=\"--smush-placeholder-width: 696px; --smush-placeholder-aspect-ratio: 696\/464;\" \/><\/a>\n\t\t\t<\/div><\/figure>\n\t\t<\/div>\n\n<div id='gallery-5' class='gallery galleryid-76709 gallery-columns-2 gallery-size-medium'><figure class='gallery-item'>\n\t\t\t<div class='gallery-icon landscape'>\n\t\t\t\t<a href='https:\/\/autolivraria.com.br\/bc\/wp-content\/uploads\/2016\/08\/Jaguar-F-Pace-First-Edition-03.jpg'><img decoding=\"async\" width=\"340\" height=\"227\" data-src=\"https:\/\/autolivraria.com.br\/bc\/wp-content\/uploads\/2016\/08\/Jaguar-F-Pace-First-Edition-03-340x227.jpg\" class=\"attachment-medium size-medium lazyload\" alt=\"\" src=\"data:image\/svg+xml;base64,PHN2ZyB3aWR0aD0iMSIgaGVpZ2h0PSIxIiB4bWxucz0iaHR0cDovL3d3dy53My5vcmcvMjAwMC9zdmciPjwvc3ZnPg==\" style=\"--smush-placeholder-width: 340px; --smush-placeholder-aspect-ratio: 340\/227;\" \/><\/a>\n\t\t\t<\/div><\/figure><figure class='gallery-item'>\n\t\t\t<div class='gallery-icon landscape'>\n\t\t\t\t<a href='https:\/\/autolivraria.com.br\/bc\/wp-content\/uploads\/2016\/08\/Jaguar-F-Pace-tecnica-04-motor-V6.jpg'><img decoding=\"async\" width=\"340\" height=\"227\" data-src=\"https:\/\/autolivraria.com.br\/bc\/wp-content\/uploads\/2016\/08\/Jaguar-F-Pace-tecnica-04-motor-V6-340x227.jpg\" class=\"attachment-medium size-medium lazyload\" alt=\"\" src=\"data:image\/svg+xml;base64,PHN2ZyB3aWR0aD0iMSIgaGVpZ2h0PSIxIiB4bWxucz0iaHR0cDovL3d3dy53My5vcmcvMjAwMC9zdmciPjwvc3ZnPg==\" style=\"--smush-placeholder-width: 340px; --smush-placeholder-aspect-ratio: 340\/227;\" \/><\/a>\n\t\t\t<\/div><\/figure>\n\t\t<\/div>\n\n<p style=\"text-align: center;\"><em>Visual do First Edition inclui rodas pretas de 20 pol; motor V6 a gasolina com compressor e 380 cv \u00e9 conhecido de sed\u00e3s como o XF<\/em><\/p>\n<p>&nbsp;<\/p>\n<p>O quadro de instrumentos pode ser anal\u00f3gico ou uma tela digital de 12,3 pol de alta defini\u00e7\u00e3o, que admite configura\u00e7\u00f5es: com o seletor de modos de condu\u00e7\u00e3o em Din\u00e2mico o conta-giros assume a posi\u00e7\u00e3o central, o veloc\u00edmetro passa ao lado direito (o oposto do programa b\u00e1sico) e o fundo azul dos mostradores d\u00e1 lugar ao vermelho. Outra op\u00e7\u00e3o \u00e9 tomar a ampla \u00e1rea do quadro para o mapa de navega\u00e7\u00e3o, deixando na base informa\u00e7\u00f5es como veloc\u00edmetro digital.<\/p>\n<p>&nbsp;<\/p>\n<div class='code-block code-block-7' style='margin: 28px auto; text-align: center; display: block; clear: both;'>\n<br>\n<div align=\"center\">\n<a target=\"_blank\" href=\"https:\/\/bestcars.com.br\/bc\/\">\n<img decoding=\"async\" data-src=\"https:\/\/bestcars.com.br\/bc\/wp-content\/uploads\/2021\/07\/Auto-Livraria-450x300-quadros.jpg\" alt=\"Auto Livraria\" src=\"data:image\/svg+xml;base64,PHN2ZyB3aWR0aD0iMSIgaGVpZ2h0PSIxIiB4bWxucz0iaHR0cDovL3d3dy53My5vcmcvMjAwMC9zdmciPjwvc3ZnPg==\" class=\"lazyload\"><\/a>\n<\/div>\n<br><\/div>\n\n<p>&nbsp;<\/p>\n<p>No centro do painel, a tela sens\u00edvel ao toque do sistema In Control vem em duas vers\u00f5es: Touch, de oito polegadas, e Touch Pro, de 10,2 pol com disco r\u00edgido de 60 GB, ambas dotadas de navegador. A fun\u00e7\u00e3o Apps para executar aplicativos do telefone \u00e9 opcional.\u00a0O sistema de \u00e1udio Meridian tamb\u00e9m oferece duas op\u00e7\u00f5es, a superior com 825 watts. Conveni\u00eancias de todo tipo s\u00e3o oferecidas de s\u00e9rie ou como opcionais (<em>veja no quadro<\/em>), caso de ar-condicionado com at\u00e9 quatro zonas de ajuste, chave presencial, quinta porta com acionamento el\u00e9trico por gesto (basta passar o p\u00e9 sob o para-choque) e reclina\u00e7\u00e3o el\u00e9trica do banco traseiro. A capacidade de bagagem de 508 litros est\u00e1 bem situada na classe.<\/p>\n<p>&nbsp;<\/p>\n<h2>Muito alum\u00ednio, motores bem distintos<\/h2>\n<p>Como tem sido regra na Jaguar, a constru\u00e7\u00e3o do F-Pace \u2014 compartilhada em parte com o sed\u00e3 XE \u2014 usa alum\u00ednio em 80% da estrutura para redu\u00e7\u00e3o de peso, embora ele n\u00e3o seja t\u00e3o leve assim: a vers\u00e3o de entrada pesa quase o mesmo que o Macan b\u00e1sico, tamb\u00e9m de quatro cilindros e tra\u00e7\u00e3o integral.<\/p>\n<a href='https:\/\/autolivraria.com.br\/bc\/informe-se\/avaliacao\/teste-graca-espaco-e-ritmo-suv-jaguar-f-pace\/2\/' class='small-button smallsilver'>Pr\u00f3xima parte<\/a>\n<p>&nbsp;<\/p>\n<div id='gallery-6' class='gallery galleryid-76709 gallery-columns-1 gallery-size-large'><figure class='gallery-item'>\n\t\t\t<div class='gallery-icon landscape'>\n\t\t\t\t<a href='https:\/\/autolivraria.com.br\/bc\/wp-content\/uploads\/2016\/05\/Jaguar-F-Pace-First-Edition-03.jpg'><img decoding=\"async\" width=\"696\" height=\"464\" data-src=\"https:\/\/autolivraria.com.br\/bc\/wp-content\/uploads\/2016\/05\/Jaguar-F-Pace-First-Edition-03-696x464.jpg\" class=\"attachment-large size-large lazyload\" alt=\"\" src=\"data:image\/svg+xml;base64,PHN2ZyB3aWR0aD0iMSIgaGVpZ2h0PSIxIiB4bWxucz0iaHR0cDovL3d3dy53My5vcmcvMjAwMC9zdmciPjwvc3ZnPg==\" style=\"--smush-placeholder-width: 696px; --smush-placeholder-aspect-ratio: 696\/464;\" \/><\/a>\n\t\t\t<\/div><\/figure>\n\t\t<\/div>\n\n<div id='gallery-7' class='gallery galleryid-76709 gallery-columns-3 gallery-size-thumbnail'><figure class='gallery-item'>\n\t\t\t<div class='gallery-icon landscape'>\n\t\t\t\t<a href='https:\/\/autolivraria.com.br\/bc\/wp-content\/uploads\/2016\/05\/Jaguar-F-Pace-First-Edition-04.jpg'><img decoding=\"async\" width=\"222\" height=\"222\" data-src=\"https:\/\/autolivraria.com.br\/bc\/wp-content\/uploads\/2016\/05\/Jaguar-F-Pace-First-Edition-04-222x222.jpg\" class=\"attachment-thumbnail size-thumbnail lazyload\" alt=\"\" src=\"data:image\/svg+xml;base64,PHN2ZyB3aWR0aD0iMSIgaGVpZ2h0PSIxIiB4bWxucz0iaHR0cDovL3d3dy53My5vcmcvMjAwMC9zdmciPjwvc3ZnPg==\" style=\"--smush-placeholder-width: 222px; --smush-placeholder-aspect-ratio: 222\/222;\" \/><\/a>\n\t\t\t<\/div><\/figure><figure class='gallery-item'>\n\t\t\t<div class='gallery-icon landscape'>\n\t\t\t\t<a href='https:\/\/autolivraria.com.br\/bc\/wp-content\/uploads\/2016\/05\/Jaguar-F-Pace-08.jpg'><img decoding=\"async\" width=\"222\" height=\"222\" data-src=\"https:\/\/autolivraria.com.br\/bc\/wp-content\/uploads\/2016\/05\/Jaguar-F-Pace-08-222x222.jpg\" class=\"attachment-thumbnail size-thumbnail lazyload\" alt=\"\" src=\"data:image\/svg+xml;base64,PHN2ZyB3aWR0aD0iMSIgaGVpZ2h0PSIxIiB4bWxucz0iaHR0cDovL3d3dy53My5vcmcvMjAwMC9zdmciPjwvc3ZnPg==\" style=\"--smush-placeholder-width: 222px; --smush-placeholder-aspect-ratio: 222\/222;\" \/><\/a>\n\t\t\t<\/div><\/figure><figure class='gallery-item'>\n\t\t\t<div class='gallery-icon landscape'>\n\t\t\t\t<a href='https:\/\/autolivraria.com.br\/bc\/wp-content\/uploads\/2016\/05\/Jaguar-F-Pace-07.jpg'><img decoding=\"async\" width=\"222\" height=\"222\" data-src=\"https:\/\/autolivraria.com.br\/bc\/wp-content\/uploads\/2016\/05\/Jaguar-F-Pace-07-222x222.jpg\" class=\"attachment-thumbnail size-thumbnail lazyload\" alt=\"\" src=\"data:image\/svg+xml;base64,PHN2ZyB3aWR0aD0iMSIgaGVpZ2h0PSIxIiB4bWxucz0iaHR0cDovL3d3dy53My5vcmcvMjAwMC9zdmciPjwvc3ZnPg==\" style=\"--smush-placeholder-width: 222px; --smush-placeholder-aspect-ratio: 222\/222;\" \/><\/a>\n\t\t\t<\/div><\/figure>\n\t\t<\/div>\n\n<p style=\"text-align: center;\"><em>Interior refinado (nas fotos o do First Edition) oferece fartos equipamentos e amplo espa\u00e7o; quadro de instrumentos \u00e9 tela digital configur\u00e1vel<\/em><\/p>\n<p>&nbsp;<\/p>\n<div class='et-box et-shadow'>\n\t\t\t\t\t<div class='et-box-content'><h2>Vers\u00f5es, pre\u00e7os e equipamentos<\/h2>\n<p>\u2022 <strong>Prestige 20D<\/strong> (R$ 309.300): motor turbodiesel de quatro cilindros, 2,0 litros e 180 cv com transmiss\u00e3o autom\u00e1tica de oito marchas e tra\u00e7\u00e3o integral permanente, ar-condicionado autom\u00e1tico de duas zonas, bancos com ajustes el\u00e9tricos, bolsas infl\u00e1veis frontais, laterais dianteiras e de cortina, chave presencial para acesso e partida, comandos de marchas no volante, controlador e <a href=\"https:\/\/autolivraria.com.br\/bc\/glossario-l\/#limi\" target=\"_blank\">limitador<\/a> de velocidade, <a href=\"https:\/\/autolivraria.com.br\/bc\/glossario-c\/#esp\" target=\"_blank\">controle eletr\u00f4nico de estabilidade e tra\u00e7\u00e3o<\/a>\u00a0com fun\u00e7\u00e3o de reboque, far\u00f3is de neblina, far\u00f3is de <a href=\"https:\/\/autolivraria.com.br\/bc\/glossario-l\/#lamp\" target=\"_blank\">xen\u00f4nio<\/a>, fixa\u00e7\u00e3o <a href=\"https:\/\/autolivraria.com.br\/bc\/glossario-i\/#isof\" target=\"_blank\">Isofix<\/a> para cadeira infantil, freio de estacionamento com controle el\u00e9trico, freios antitravamento (ABS) com <a href=\"https:\/\/autolivraria.com.br\/bc\/glossario-a\/#bas\" target=\"_blank\">assist\u00eancia adicional em emerg\u00eancia<\/a>, bancos, painel e volante revestidos em couro, retrovisor interno <a href=\"https:\/\/autolivraria.com.br\/bc\/glossario-r\/#retr\" target=\"_blank\">fotocr\u00f4mico<\/a>, rodas de alum\u00ednio de 18 polegadas, sensores de estacionamento \u00e0 frente e atr\u00e1s, sistema de \u00e1udio e navega\u00e7\u00e3o In Control Touch com tela de 8 pol, sistema de <a href=\"https:\/\/autolivraria.com.br\/bc\/glossario-v\/#veto\" target=\"_blank\">vetoriza\u00e7\u00e3o de torque<\/a>, teto solar panor\u00e2mico.<\/p>\n<p><strong>Opcionais:<\/strong> aquecimento de bancos e volante, ar-condicionado de quatro zonas, <a href=\"https:\/\/autolivraria.com.br\/bc\/glossario-a\/#esta\" target=\"_blank\">assistente de estacionamento<\/a> (inclui c\u00e2mera traseira de manobras e sensores em 360\u00b0), c\u00e2meras em 360 graus, <a href=\"https:\/\/autolivraria.com.br\/bc\/glossario-c\/#con3\" target=\"_blank\">controlador da dist\u00e2ncia<\/a> ao tr\u00e1fego adiante, controle eletr\u00f4nico de amortecimento, engate de reboque, estepe integral com roda de alum\u00ednio, monitor de press\u00e3o dos pneus, monitor de ve\u00edculo em ponto cego, pacote visual Black, porta-luvas refrigerado, proje\u00e7\u00e3o de informa\u00e7\u00f5es no para-brisa, reclina\u00e7\u00e3o el\u00e9trica do banco traseiro, sistema In Control Apps (execu\u00e7\u00e3o de aplicativos do telefone), tampa traseira com acionamento el\u00e9trico e comando por gesto, televisor digital, volante com ajuste el\u00e9trico.<\/p>\n<p>\u2022 <strong>R-Sport 35T<\/strong> (R$ 360.500): motor V6 de 3,0 litros a gasolina com compressor e 340 cv, c\u00e2mera traseira de manobras e sensores em 360\u00b0, far\u00f3is de <a href=\"https:\/\/autolivraria.com.br\/bc\/glossario-l\/#led\" target=\"_blank\">leds<\/a>, para-choques esportivos, quadro de instrumentos digital com tela de 12,3 pol, rodas de 19 pol, sistema de \u00e1udio Meridian de 380 watts, sistema In Control Touch Pro, tampa traseira el\u00e9trica com acionamento por gestos.<\/p>\n<p><strong>Opcionais:<\/strong> os mesmos do Prestige, menos os itens de s\u00e9rie citados acima.<\/p>\n<p>\u2022 <strong>S<\/strong> (R$ 405.900): motor V6 de 3,0 litros a gasolina com compressor e 380 cv, controle eletr\u00f4nico de amortecimento, proje\u00e7\u00e3o de informa\u00e7\u00f5es no para-brisa, revestimento em couro e camur\u00e7a sint\u00e9tica, rodas de 20 pol, sistema de \u00e1udio Meridian com 17 alto-falantes e 825 watts, sistema In Control Touch Pro com tela de 10,2 pol.<\/p>\n<p><strong>Opcionais:<\/strong> os mesmos do R-Sport, menos os itens de s\u00e9rie citados acima.<\/p>\n<p>\u2022 <strong>First Edition<\/strong> (R$ 416.400): edi\u00e7\u00e3o limitada a 19 unidades com o conte\u00fado da S, mais bancos com couro em padr\u00e3o quadriculado, rodas em preto e op\u00e7\u00f5es exclusivas de pintura (azul Caesium e dourado Halcyon, al\u00e9m de prata Rhodium e preto Ultimate).<\/p>\n<p><strong>Opcionais:<\/strong> os mesmos do S.<\/p><\/div><\/div>\n<a href='https:\/\/autolivraria.com.br\/bc\/informe-se\/avaliacao\/teste-graca-espaco-e-ritmo-suv-jaguar-f-pace\/2\/' class='small-button smallsilver'>Pr\u00f3xima parte<\/a>\n<p>&nbsp;<\/p>\n<p><!--nextpage--><\/p>\n<div id='gallery-8' class='gallery galleryid-76709 gallery-columns-3 gallery-size-thumbnail'><figure class='gallery-item'>\n\t\t\t<div class='gallery-icon landscape'>\n\t\t\t\t<a href='https:\/\/autolivraria.com.br\/bc\/wp-content\/uploads\/2016\/05\/Jaguar-F-Pace-06.jpg'><img decoding=\"async\" width=\"222\" height=\"222\" data-src=\"https:\/\/autolivraria.com.br\/bc\/wp-content\/uploads\/2016\/05\/Jaguar-F-Pace-06-222x222.jpg\" class=\"attachment-thumbnail size-thumbnail lazyload\" alt=\"\" src=\"data:image\/svg+xml;base64,PHN2ZyB3aWR0aD0iMSIgaGVpZ2h0PSIxIiB4bWxucz0iaHR0cDovL3d3dy53My5vcmcvMjAwMC9zdmciPjwvc3ZnPg==\" style=\"--smush-placeholder-width: 222px; --smush-placeholder-aspect-ratio: 222\/222;\" \/><\/a>\n\t\t\t<\/div><\/figure><figure class='gallery-item'>\n\t\t\t<div class='gallery-icon landscape'>\n\t\t\t\t<a href='https:\/\/autolivraria.com.br\/bc\/wp-content\/uploads\/2016\/05\/Jaguar-F-Pace-S-05.jpg'><img decoding=\"async\" width=\"222\" height=\"222\" data-src=\"https:\/\/autolivraria.com.br\/bc\/wp-content\/uploads\/2016\/05\/Jaguar-F-Pace-S-05-222x222.jpg\" class=\"attachment-thumbnail size-thumbnail lazyload\" alt=\"\" src=\"data:image\/svg+xml;base64,PHN2ZyB3aWR0aD0iMSIgaGVpZ2h0PSIxIiB4bWxucz0iaHR0cDovL3d3dy53My5vcmcvMjAwMC9zdmciPjwvc3ZnPg==\" style=\"--smush-placeholder-width: 222px; --smush-placeholder-aspect-ratio: 222\/222;\" \/><\/a>\n\t\t\t<\/div><\/figure><figure class='gallery-item'>\n\t\t\t<div class='gallery-icon landscape'>\n\t\t\t\t<a href='https:\/\/autolivraria.com.br\/bc\/wp-content\/uploads\/2016\/05\/Jaguar-F-Pace-S-06.jpg'><img decoding=\"async\" width=\"222\" height=\"222\" data-src=\"https:\/\/autolivraria.com.br\/bc\/wp-content\/uploads\/2016\/05\/Jaguar-F-Pace-S-06-222x222.jpg\" class=\"attachment-thumbnail size-thumbnail lazyload\" alt=\"\" src=\"data:image\/svg+xml;base64,PHN2ZyB3aWR0aD0iMSIgaGVpZ2h0PSIxIiB4bWxucz0iaHR0cDovL3d3dy53My5vcmcvMjAwMC9zdmciPjwvc3ZnPg==\" style=\"--smush-placeholder-width: 222px; --smush-placeholder-aspect-ratio: 222\/222;\" \/><\/a>\n\t\t\t<\/div><\/figure><figure class='gallery-item'>\n\t\t\t<div class='gallery-icon landscape'>\n\t\t\t\t<a href='https:\/\/autolivraria.com.br\/bc\/wp-content\/uploads\/2016\/05\/Jaguar-F-Pace-04.jpg'><img decoding=\"async\" width=\"222\" height=\"222\" data-src=\"https:\/\/autolivraria.com.br\/bc\/wp-content\/uploads\/2016\/05\/Jaguar-F-Pace-04-222x222.jpg\" class=\"attachment-thumbnail size-thumbnail lazyload\" alt=\"\" src=\"data:image\/svg+xml;base64,PHN2ZyB3aWR0aD0iMSIgaGVpZ2h0PSIxIiB4bWxucz0iaHR0cDovL3d3dy53My5vcmcvMjAwMC9zdmciPjwvc3ZnPg==\" style=\"--smush-placeholder-width: 222px; --smush-placeholder-aspect-ratio: 222\/222;\" \/><\/a>\n\t\t\t<\/div><\/figure><figure class='gallery-item'>\n\t\t\t<div class='gallery-icon landscape'>\n\t\t\t\t<a href='https:\/\/autolivraria.com.br\/bc\/wp-content\/uploads\/2016\/05\/Jaguar-F-Pace-09.jpg'><img decoding=\"async\" width=\"222\" height=\"222\" data-src=\"https:\/\/autolivraria.com.br\/bc\/wp-content\/uploads\/2016\/05\/Jaguar-F-Pace-09-222x222.jpg\" class=\"attachment-thumbnail size-thumbnail lazyload\" alt=\"\" src=\"data:image\/svg+xml;base64,PHN2ZyB3aWR0aD0iMSIgaGVpZ2h0PSIxIiB4bWxucz0iaHR0cDovL3d3dy53My5vcmcvMjAwMC9zdmciPjwvc3ZnPg==\" style=\"--smush-placeholder-width: 222px; --smush-placeholder-aspect-ratio: 222\/222;\" \/><\/a>\n\t\t\t<\/div><\/figure><figure class='gallery-item'>\n\t\t\t<div class='gallery-icon landscape'>\n\t\t\t\t<a href='https:\/\/autolivraria.com.br\/bc\/wp-content\/uploads\/2016\/05\/Jaguar-F-Pace-05.jpg'><img decoding=\"async\" width=\"222\" height=\"222\" data-src=\"https:\/\/autolivraria.com.br\/bc\/wp-content\/uploads\/2016\/05\/Jaguar-F-Pace-05-222x222.jpg\" class=\"attachment-thumbnail size-thumbnail lazyload\" alt=\"\" src=\"data:image\/svg+xml;base64,PHN2ZyB3aWR0aD0iMSIgaGVpZ2h0PSIxIiB4bWxucz0iaHR0cDovL3d3dy53My5vcmcvMjAwMC9zdmciPjwvc3ZnPg==\" style=\"--smush-placeholder-width: 222px; --smush-placeholder-aspect-ratio: 222\/222;\" \/><\/a>\n\t\t\t<\/div><\/figure>\n\t\t<\/div>\n\n<p style=\"text-align: center;\"><em>Quadro pode ser dedicado a navega\u00e7\u00e3o; transmiss\u00e3o de oito marchas; porta-malas para 508 litros; sistema In Control em duas vers\u00f5es; configura\u00e7\u00f5es independentes<\/em><\/p>\n<p>&nbsp;<\/p>\n<p>O motor a diesel de 2,0 litros \u00e9 da nova s\u00e9rie Ingenium, com a qual a Jaguar Land Rover vem substituindo as antigas unidades herdadas de seu per\u00edodo sob o guarda-chuva da Ford. Se os 180 cv parecem pouco para o peso e a categoria, h\u00e1 a compensa\u00e7\u00e3o do bom torque de 43,8 m.kgf entre 1.750 e 2.500 rpm. Mais interessantes, claro, s\u00e3o os V6 de 3,0 litros com compressor, os mesmos dos sed\u00e3s e do esportivo F-Type, com escolha entre 340 e 380 cv e iguais 45,9 m.kgf em ambos. Apesar do peso adicional, o mais potente acelera de 0 a 100 km\/h em apenas 5,5 segundos, ante 5,8 s do outro V6 e 8,7 s do turbodiesel.<\/p>\n<p>Comuns a toda a linha s\u00e3o a transmiss\u00e3o autom\u00e1tica ZF de oito marchas e a tra\u00e7\u00e3o integral de s\u00e9rie no Brasil (alguns mercados oferecem tra\u00e7\u00e3o simples traseira), do tipo sob demanda: envia torque para tr\u00e1s em condi\u00e7\u00f5es normais de ader\u00eancia e, em caso de deslizamento dessas rodas, transmite at\u00e9 50% da for\u00e7a ao eixo dianteiro por meio de uma embreagem multidisco. N\u00e3o h\u00e1 caixa de transfer\u00eancia (reduzida) nem mesmo no turbodiesel.<\/p>\n<p>&nbsp;<\/p>\n<div id='gallery-9' class='gallery galleryid-76709 gallery-columns-1 gallery-size-large'><figure class='gallery-item'>\n\t\t\t<div class='gallery-icon landscape'>\n\t\t\t\t<a href='https:\/\/autolivraria.com.br\/bc\/wp-content\/uploads\/2016\/08\/Jaguar-F-Pace-tecnica-01.jpg'><img decoding=\"async\" width=\"696\" height=\"464\" data-src=\"https:\/\/autolivraria.com.br\/bc\/wp-content\/uploads\/2016\/08\/Jaguar-F-Pace-tecnica-01-696x464.jpg\" class=\"attachment-large size-large lazyload\" alt=\"\" src=\"data:image\/svg+xml;base64,PHN2ZyB3aWR0aD0iMSIgaGVpZ2h0PSIxIiB4bWxucz0iaHR0cDovL3d3dy53My5vcmcvMjAwMC9zdmciPjwvc3ZnPg==\" style=\"--smush-placeholder-width: 696px; --smush-placeholder-aspect-ratio: 696\/464;\" \/><\/a>\n\t\t\t<\/div><\/figure>\n\t\t<\/div>\n\n<div id='gallery-10' class='gallery galleryid-76709 gallery-columns-3 gallery-size-thumbnail'><figure class='gallery-item'>\n\t\t\t<div class='gallery-icon landscape'>\n\t\t\t\t<a href='https:\/\/autolivraria.com.br\/bc\/wp-content\/uploads\/2016\/08\/Jaguar-F-Pace-tecnica-02.jpg'><img decoding=\"async\" width=\"222\" height=\"222\" data-src=\"https:\/\/autolivraria.com.br\/bc\/wp-content\/uploads\/2016\/08\/Jaguar-F-Pace-tecnica-02-222x222.jpg\" class=\"attachment-thumbnail size-thumbnail lazyload\" alt=\"\" src=\"data:image\/svg+xml;base64,PHN2ZyB3aWR0aD0iMSIgaGVpZ2h0PSIxIiB4bWxucz0iaHR0cDovL3d3dy53My5vcmcvMjAwMC9zdmciPjwvc3ZnPg==\" style=\"--smush-placeholder-width: 222px; --smush-placeholder-aspect-ratio: 222\/222;\" \/><\/a>\n\t\t\t<\/div><\/figure><figure class='gallery-item'>\n\t\t\t<div class='gallery-icon landscape'>\n\t\t\t\t<a href='https:\/\/autolivraria.com.br\/bc\/wp-content\/uploads\/2016\/08\/Jaguar-F-Pace-tecnica-03-suspensao-d.jpg'><img decoding=\"async\" width=\"222\" height=\"222\" data-src=\"https:\/\/autolivraria.com.br\/bc\/wp-content\/uploads\/2016\/08\/Jaguar-F-Pace-tecnica-03-suspensao-d-222x222.jpg\" class=\"attachment-thumbnail size-thumbnail lazyload\" alt=\"\" aria-describedby=\"gallery-10-76721\" src=\"data:image\/svg+xml;base64,PHN2ZyB3aWR0aD0iMSIgaGVpZ2h0PSIxIiB4bWxucz0iaHR0cDovL3d3dy53My5vcmcvMjAwMC9zdmciPjwvc3ZnPg==\" style=\"--smush-placeholder-width: 222px; --smush-placeholder-aspect-ratio: 222\/222;\" \/><\/a>\n\t\t\t<\/div>\n\t\t\t\t<figcaption class='wp-caption-text gallery-caption' id='gallery-10-76721'>\n\t\t\t\tDianteira\n\t\t\t\t<\/figcaption><\/figure><figure class='gallery-item'>\n\t\t\t<div class='gallery-icon landscape'>\n\t\t\t\t<a href='https:\/\/autolivraria.com.br\/bc\/wp-content\/uploads\/2016\/08\/Jaguar-F-Pace-tecnica-03-suspensao-t-02.jpg'><img decoding=\"async\" width=\"222\" height=\"222\" data-src=\"https:\/\/autolivraria.com.br\/bc\/wp-content\/uploads\/2016\/08\/Jaguar-F-Pace-tecnica-03-suspensao-t-02-222x222.jpg\" class=\"attachment-thumbnail size-thumbnail lazyload\" alt=\"\" aria-describedby=\"gallery-10-76719\" src=\"data:image\/svg+xml;base64,PHN2ZyB3aWR0aD0iMSIgaGVpZ2h0PSIxIiB4bWxucz0iaHR0cDovL3d3dy53My5vcmcvMjAwMC9zdmciPjwvc3ZnPg==\" style=\"--smush-placeholder-width: 222px; --smush-placeholder-aspect-ratio: 222\/222;\" \/><\/a>\n\t\t\t<\/div>\n\t\t\t\t<figcaption class='wp-caption-text gallery-caption' id='gallery-10-76719'>\n\t\t\t\tTraseira\n\t\t\t\t<\/figcaption><\/figure>\n\t\t<\/div>\n\n<p style=\"text-align: center;\"><em>Tra\u00e7\u00e3o integral aciona a dianteira sob demanda; estrutura \u00e9 80% de alum\u00ednio; suspens\u00f5es modernas podem ter controle eletr\u00f4nico de amortecimento<\/em><\/p>\n<p>&nbsp;<\/p>\n<p>A suspens\u00e3o independente usa bra\u00e7os sobrepostos na frente e o sistema multibra\u00e7o chamado de Integral Link na traseira, com alguns componentes de alum\u00ednio. De s\u00e9rie no S e no First Edition e como op\u00e7\u00e3o aos demais h\u00e1 controle eletr\u00f4nico de amortecimento, que ajusta a carga dos amortecedores em fra\u00e7\u00e3o de segundo conforme as condi\u00e7\u00f5es do terreno e o modo de dirigir. Toda a linha vem com sistema de <a href=\"https:\/\/autolivraria.com.br\/bc\/glossario-v\/#veto\" target=\"_blank\">vetoriza\u00e7\u00e3o de torque<\/a> e o assistente para pisos de baixa ader\u00eancia All Surface Progress Control (ASPC), que mant\u00e9m o carro em movimento entre 4 e 30 km\/h sem que o motorista precise tocar nos pedais.<\/p>\n<p>&nbsp;<\/p>\n<blockquote><p>Com o\u00a0V6,\u00a0a acelera\u00e7\u00e3o muito mais r\u00e1pida deixa patente seu tempero esportivo e conquista o motorista; na terra, os assistentes eletr\u00f4nicos mostraram seu valor<\/p><\/blockquote>\n<p>&nbsp;<\/p>\n<h2>Ao volante<\/h2>\n<p>No lan\u00e7amento \u00e0 imprensa na regi\u00e3o mineira de Brumadinho, a 50 quil\u00f4metros de Belo Horizonte, foi poss\u00edvel dirigirmos em trajetos variados o F-Pace com duas op\u00e7\u00f5es de motores. O primeiro foi o Prestige a diesel, pouco mais simples, com quadro de instrumentos convencional, mas dotado de acabamento coerente com a faixa de pre\u00e7o e amplo espa\u00e7o para quatro adultos. Em termos de isolamento ac\u00fastico \u00e9 muito bom: ao acionar o motor n\u00e3o h\u00e1 ru\u00eddos no interior. Apesar de seu arranque lento, esperado de um ve\u00edculo com rela\u00e7\u00e3o peso-pot\u00eancia ao redor de 10 kg\/cv, h\u00e1 torque suficiente para a maioria das condi\u00e7\u00f5es e a vantagem do menor consumo.<\/p>\n<p>O seletor de modos de condu\u00e7\u00e3o oferece os modos Din\u00e2mico, Conforto e para neve ou outro piso pouco aderente. No trecho entre a regi\u00e3o da Lagoa Santa e o alto da Serra da Moeda, no qual a altitude alcan\u00e7a 1.500 m, foi poss\u00edvel variar essas op\u00e7\u00f5es. No modo Conforto o carro responde mais lentamente aos pedidos de acelera\u00e7\u00f5es e retomadas e a transmiss\u00e3o hesita um pouco antes de reduzir marchas, em benef\u00edcio da economia. J\u00e1 no Din\u00e2mico o F-Pace reage de maneira mais consistente, sem chegar a ser r\u00e1pido. A suspens\u00e3o mostra acerto apropriado, com bom controle de movimentos, e o volante revela calibra\u00e7\u00e3o de dire\u00e7\u00e3o bem precisa.<\/p>\n<p>&nbsp;<\/p>\n<div id='gallery-11' class='gallery galleryid-76709 gallery-columns-1 gallery-size-large'><figure class='gallery-item'>\n\t\t\t<div class='gallery-icon landscape'>\n\t\t\t\t<a href='https:\/\/autolivraria.com.br\/bc\/wp-content\/uploads\/2016\/08\/Jaguar-F-Pace-First-Edition-10.jpg'><img decoding=\"async\" width=\"696\" height=\"464\" data-src=\"https:\/\/autolivraria.com.br\/bc\/wp-content\/uploads\/2016\/08\/Jaguar-F-Pace-First-Edition-10-696x464.jpg\" class=\"attachment-large size-large lazyload\" alt=\"\" src=\"data:image\/svg+xml;base64,PHN2ZyB3aWR0aD0iMSIgaGVpZ2h0PSIxIiB4bWxucz0iaHR0cDovL3d3dy53My5vcmcvMjAwMC9zdmciPjwvc3ZnPg==\" style=\"--smush-placeholder-width: 696px; --smush-placeholder-aspect-ratio: 696\/464;\" \/><\/a>\n\t\t\t<\/div><\/figure>\n\t\t<\/div>\n\n<div id='gallery-12' class='gallery galleryid-76709 gallery-columns-3 gallery-size-thumbnail'><figure class='gallery-item'>\n\t\t\t<div class='gallery-icon landscape'>\n\t\t\t\t<a href='https:\/\/autolivraria.com.br\/bc\/wp-content\/uploads\/2016\/08\/Jaguar-F-Pace-First-Edition-12.jpg'><img decoding=\"async\" width=\"222\" height=\"222\" data-src=\"https:\/\/autolivraria.com.br\/bc\/wp-content\/uploads\/2016\/08\/Jaguar-F-Pace-First-Edition-12-222x222.jpg\" class=\"attachment-thumbnail size-thumbnail lazyload\" alt=\"\" src=\"data:image\/svg+xml;base64,PHN2ZyB3aWR0aD0iMSIgaGVpZ2h0PSIxIiB4bWxucz0iaHR0cDovL3d3dy53My5vcmcvMjAwMC9zdmciPjwvc3ZnPg==\" style=\"--smush-placeholder-width: 222px; --smush-placeholder-aspect-ratio: 222\/222;\" \/><\/a>\n\t\t\t<\/div><\/figure><figure class='gallery-item'>\n\t\t\t<div class='gallery-icon landscape'>\n\t\t\t\t<a href='https:\/\/autolivraria.com.br\/bc\/wp-content\/uploads\/2016\/08\/Jaguar-F-Pace-First-Edition-14.jpg'><img decoding=\"async\" width=\"222\" height=\"222\" data-src=\"https:\/\/autolivraria.com.br\/bc\/wp-content\/uploads\/2016\/08\/Jaguar-F-Pace-First-Edition-14-222x222.jpg\" class=\"attachment-thumbnail size-thumbnail lazyload\" alt=\"\" src=\"data:image\/svg+xml;base64,PHN2ZyB3aWR0aD0iMSIgaGVpZ2h0PSIxIiB4bWxucz0iaHR0cDovL3d3dy53My5vcmcvMjAwMC9zdmciPjwvc3ZnPg==\" style=\"--smush-placeholder-width: 222px; --smush-placeholder-aspect-ratio: 222\/222;\" \/><\/a>\n\t\t\t<\/div><\/figure><figure class='gallery-item'>\n\t\t\t<div class='gallery-icon landscape'>\n\t\t\t\t<a href='https:\/\/autolivraria.com.br\/bc\/wp-content\/uploads\/2016\/08\/Jaguar-F-Pace-First-Edition-15.jpg'><img decoding=\"async\" width=\"222\" height=\"222\" data-src=\"https:\/\/autolivraria.com.br\/bc\/wp-content\/uploads\/2016\/08\/Jaguar-F-Pace-First-Edition-15-222x222.jpg\" class=\"attachment-thumbnail size-thumbnail lazyload\" alt=\"\" src=\"data:image\/svg+xml;base64,PHN2ZyB3aWR0aD0iMSIgaGVpZ2h0PSIxIiB4bWxucz0iaHR0cDovL3d3dy53My5vcmcvMjAwMC9zdmciPjwvc3ZnPg==\" style=\"--smush-placeholder-width: 222px; --smush-placeholder-aspect-ratio: 222\/222;\" \/><\/a>\n\t\t\t<\/div><\/figure>\n\t\t<\/div>\n\n<p style=\"text-align: center;\"><em>Vers\u00e3o V6 cativou pelo desempenho e estabilidade na avalia\u00e7\u00e3o, que incluiu testes de acelera\u00e7\u00e3o e frenagem e percurso fora de estrada<\/em><\/p>\n<p>&nbsp;<\/p>\n<p>Passamos depois \u00e0 vers\u00e3o S V6. N\u00e3o resta d\u00favida: com <em>200 cv a mais<\/em>, a acelera\u00e7\u00e3o muito mais r\u00e1pida deixa patente seu tempero esportivo e conquista o motorista. Um leve toque no acelerador \u00e9 o suficiente para tirar o SUV da in\u00e9rcia e a transmiss\u00e3o responde r\u00e1pido em qualquer modo de condu\u00e7\u00e3o. Com esse modelo fomos ao trecho de terra, onde os diversos assistentes eletr\u00f4nicos mostraram seu valor em aclives e declives acentuados. A vers\u00e3o a gasolina tem rea\u00e7\u00f5es mais precisas ao volante, sem deixar de ser confort\u00e1vel.<\/p>\n<p>&nbsp;<\/p>\n<div class='code-block code-block-13' style='margin: 8px auto; text-align: center; display: block; clear: both;'>\n<script async src=\"https:\/\/pagead2.googlesyndication.com\/pagead\/js\/adsbygoogle.js\"><\/script>\n<!-- AL-quadrado -->\n<ins class=\"adsbygoogle\"\n     style=\"display:block\"\n     data-ad-client=\"ca-pub-1914799802606213\"\n     data-ad-slot=\"5683066082\"\n     data-ad-format=\"auto\"\n     data-full-width-responsive=\"true\"><\/ins>\n<script>\n     (adsbygoogle = window.adsbygoogle || []).push({});\n<\/script><\/div>\n\n<p>&nbsp;<\/p>\n<p>Para a s\u00e9rie limitada First Edition, que mant\u00e9m a mec\u00e2nica da S, a Jaguar usou uma pista montada em condom\u00ednio fechado onde foi poss\u00edvel fazer testes de acelera\u00e7\u00e3o de 0 a 100 km\/h e de frenagem. Ele cumpre o que promete \u2014 5,5 segundos na arrancada \u2014 e garante frenagens firmes sem dificuldade. Dotada de proje\u00e7\u00e3o de informa\u00e7\u00f5es no para-brisa, a vers\u00e3o permite regulagens diferentes para motor, transmiss\u00e3o e dire\u00e7\u00e3o, entre outros itens, como para deixar o motor em Din\u00e2mico e a dire\u00e7\u00e3o em Conforto. Com rea\u00e7\u00f5es r\u00e1pidas, suspens\u00e3o firme e acelera\u00e7\u00e3o \u00e1gil e precisa, esse utilit\u00e1rio esporte \u2014 apesar do tamanho e do peso \u2014 lembra um cup\u00ea esportivo.<\/p>\n<p>Gra\u00e7a, espa\u00e7o e ritmo. \u00c9, Sir Lions sabia como um Jaguar deve ser.<\/p>\n<a href='https:\/\/autolivraria.com.br\/bc\/avaliacoes\/' class='small-button smallsilver'>Mais Avalia\u00e7\u00f5es<\/a>\n<p>&nbsp;<\/p>\n<div id='gallery-13' class='gallery galleryid-76709 gallery-columns-1 gallery-size-large'><figure class='gallery-item'>\n\t\t\t<div class='gallery-icon landscape'>\n\t\t\t\t<a href='https:\/\/autolivraria.com.br\/bc\/wp-content\/uploads\/2016\/08\/Jaguar-F-Pace-04.jpg'><img decoding=\"async\" width=\"696\" height=\"464\" data-src=\"https:\/\/autolivraria.com.br\/bc\/wp-content\/uploads\/2016\/08\/Jaguar-F-Pace-04-696x464.jpg\" class=\"attachment-large size-large lazyload\" alt=\"\" src=\"data:image\/svg+xml;base64,PHN2ZyB3aWR0aD0iMSIgaGVpZ2h0PSIxIiB4bWxucz0iaHR0cDovL3d3dy53My5vcmcvMjAwMC9zdmciPjwvc3ZnPg==\" style=\"--smush-placeholder-width: 696px; --smush-placeholder-aspect-ratio: 696\/464;\" \/><\/a>\n\t\t\t<\/div><\/figure>\n\t\t<\/div>\n\n<div id='gallery-14' class='gallery galleryid-76709 gallery-columns-3 gallery-size-thumbnail'><figure class='gallery-item'>\n\t\t\t<div class='gallery-icon landscape'>\n\t\t\t\t<a href='https:\/\/autolivraria.com.br\/bc\/wp-content\/uploads\/2016\/08\/Jaguar-F-Pace-10.jpg'><img decoding=\"async\" width=\"222\" height=\"222\" data-src=\"https:\/\/autolivraria.com.br\/bc\/wp-content\/uploads\/2016\/08\/Jaguar-F-Pace-10-222x222.jpg\" class=\"attachment-thumbnail size-thumbnail lazyload\" alt=\"\" src=\"data:image\/svg+xml;base64,PHN2ZyB3aWR0aD0iMSIgaGVpZ2h0PSIxIiB4bWxucz0iaHR0cDovL3d3dy53My5vcmcvMjAwMC9zdmciPjwvc3ZnPg==\" style=\"--smush-placeholder-width: 222px; --smush-placeholder-aspect-ratio: 222\/222;\" \/><\/a>\n\t\t\t<\/div><\/figure><figure class='gallery-item'>\n\t\t\t<div class='gallery-icon landscape'>\n\t\t\t\t<a href='https:\/\/autolivraria.com.br\/bc\/wp-content\/uploads\/2016\/08\/Jaguar-F-Pace-11.jpg'><img decoding=\"async\" width=\"222\" height=\"222\" data-src=\"https:\/\/autolivraria.com.br\/bc\/wp-content\/uploads\/2016\/08\/Jaguar-F-Pace-11-222x222.jpg\" class=\"attachment-thumbnail size-thumbnail lazyload\" alt=\"\" src=\"data:image\/svg+xml;base64,PHN2ZyB3aWR0aD0iMSIgaGVpZ2h0PSIxIiB4bWxucz0iaHR0cDovL3d3dy53My5vcmcvMjAwMC9zdmciPjwvc3ZnPg==\" style=\"--smush-placeholder-width: 222px; --smush-placeholder-aspect-ratio: 222\/222;\" \/><\/a>\n\t\t\t<\/div><\/figure><figure class='gallery-item'>\n\t\t\t<div class='gallery-icon landscape'>\n\t\t\t\t<a href='https:\/\/autolivraria.com.br\/bc\/wp-content\/uploads\/2016\/08\/Jaguar-F-Pace-tecnica-04-motor-Ingenium.jpg'><img decoding=\"async\" width=\"222\" height=\"222\" data-src=\"https:\/\/autolivraria.com.br\/bc\/wp-content\/uploads\/2016\/08\/Jaguar-F-Pace-tecnica-04-motor-Ingenium-222x222.jpg\" class=\"attachment-thumbnail size-thumbnail lazyload\" alt=\"\" src=\"data:image\/svg+xml;base64,PHN2ZyB3aWR0aD0iMSIgaGVpZ2h0PSIxIiB4bWxucz0iaHR0cDovL3d3dy53My5vcmcvMjAwMC9zdmciPjwvc3ZnPg==\" style=\"--smush-placeholder-width: 222px; --smush-placeholder-aspect-ratio: 222\/222;\" \/><\/a>\n\t\t\t<\/div><\/figure>\n\t\t<\/div>\n\n<p style=\"text-align: center;\"><em>Com motor turbodiesel de 180 cv, F-Pace Prestige tem desempenho discreto, mas traz vantagem da economia e mant\u00e9m rodar confort\u00e1vel<\/em><\/p>\n<p>&nbsp;<\/p>\n<div class='et-box et-shadow'>\n\t\t\t\t\t<div class='et-box-content'><h2>Ficha t\u00e9cnica<\/h2>\n<table id=\"table61\" border=\"0\" width=\"100%\" cellspacing=\"0\" cellpadding=\"3\">\n<tbody>\n<tr>\n<td valign=\"top\" width=\"40%\"><\/td>\n<td valign=\"top\" width=\"30%\"><strong>F-Pace Prestige 20D<\/strong><\/td>\n<td valign=\"top\" width=\"30%\"><strong>F-Pace S e First Edition<\/strong><\/td>\n<\/tr>\n<tr>\n<td colspan=\"3\" valign=\"top\" bgcolor=\"#FFFFFF\" width=\"40%\"><strong>Motor<\/strong><\/td>\n<\/tr>\n<tr>\n<td valign=\"top\" width=\"40%\">Posi\u00e7\u00e3o<\/td>\n<td valign=\"top\" width=\"30%\">longitudinal<\/td>\n<td valign=\"top\" width=\"30%\"><\/td>\n<\/tr>\n<tr>\n<td valign=\"top\" width=\"40%\">Cilindros<\/td>\n<td valign=\"top\" width=\"30%\">4 em linha<\/td>\n<td valign=\"top\" width=\"30%\">6 em V<\/td>\n<\/tr>\n<tr>\n<td valign=\"top\" width=\"40%\">Comando de v\u00e1lvulas<\/td>\n<td colspan=\"2\" valign=\"top\" width=\"30%\">duplo no cabe\u00e7ote<\/td>\n<\/tr>\n<tr>\n<td valign=\"top\" width=\"40%\">V\u00e1lvulas por cilindro<\/td>\n<td valign=\"top\" width=\"30%\">4<\/td>\n<td valign=\"top\" width=\"30%\">4, varia\u00e7\u00e3o de tempo<\/td>\n<\/tr>\n<tr>\n<td valign=\"top\" width=\"40%\">Di\u00e2metro e curso<\/td>\n<td valign=\"top\" width=\"30%\">83 x 92,4 mm<\/td>\n<td valign=\"top\" width=\"30%\">84,5 x 89 mm<\/td>\n<\/tr>\n<tr>\n<td valign=\"top\" width=\"40%\">Cilindrada<\/td>\n<td valign=\"top\" width=\"30%\">1.999 cm\u00b3<\/td>\n<td valign=\"top\" width=\"30%\">2.995 cm\u00b3<\/td>\n<\/tr>\n<tr>\n<td valign=\"top\" width=\"40%\">Taxa de compress\u00e3o<\/td>\n<td valign=\"top\" width=\"30%\">15,5:1<\/td>\n<td valign=\"top\" width=\"30%\">10,5:1<\/td>\n<\/tr>\n<tr>\n<td valign=\"top\" width=\"40%\">Alimenta\u00e7\u00e3o<\/td>\n<td valign=\"top\">inje\u00e7\u00e3o de duto \u00fanico, turbocompressor, resfriador de ar<\/td>\n<td valign=\"top\" width=\"30%\">inje\u00e7\u00e3o direta, compressor, resfriador de ar<\/td>\n<\/tr>\n<tr>\n<td valign=\"top\" width=\"40%\">Pot\u00eancia m\u00e1xima<\/td>\n<td valign=\"top\" width=\"30%\">180 cv a 4.000 rpm<\/td>\n<td valign=\"top\" width=\"30%\">380 cv a 6.500 rpm<\/td>\n<\/tr>\n<tr>\n<td valign=\"top\" width=\"40%\">Torque m\u00e1ximo<\/td>\n<td valign=\"top\" width=\"30%\">43,8 m.kgf de 1.750 a 2.500 rpm<\/td>\n<td valign=\"top\" width=\"30%\">45,9 m.kgf a 4.500 rpm<\/td>\n<\/tr>\n<tr>\n<td valign=\"top\" width=\"40%\">Combust\u00edvel<\/td>\n<td valign=\"top\" width=\"30%\">diesel<\/td>\n<td valign=\"top\" width=\"30%\">gasolina<\/td>\n<\/tr>\n<tr>\n<td colspan=\"3\" valign=\"top\" bgcolor=\"#FFFFFF\" width=\"40%\"><strong>Transmiss\u00e3o<\/strong><\/td>\n<\/tr>\n<tr>\n<td valign=\"top\" width=\"40%\">Tipo de caixa e marchas<\/td>\n<td valign=\"top\" width=\"30%\">autom\u00e1tica, 8<\/td>\n<td valign=\"top\" width=\"30%\"><\/td>\n<\/tr>\n<tr>\n<td valign=\"top\" width=\"40%\">Tra\u00e7\u00e3o<\/td>\n<td valign=\"top\" width=\"30%\">integral<\/td>\n<td valign=\"top\" width=\"30%\"><\/td>\n<\/tr>\n<tr>\n<td colspan=\"3\" valign=\"top\" bgcolor=\"#FFFFFF\" width=\"40%\"><strong>Freios<\/strong><\/td>\n<\/tr>\n<tr>\n<td valign=\"top\" width=\"40%\">Dianteiros<\/td>\n<td colspan=\"2\" valign=\"top\" width=\"60%\">a disco ventilado<\/td>\n<\/tr>\n<tr>\n<td valign=\"top\" width=\"40%\">Traseiros<\/td>\n<td valign=\"top\" width=\"30%\">a disco<\/td>\n<td valign=\"top\" width=\"30%\"><\/td>\n<\/tr>\n<tr>\n<td valign=\"top\" width=\"40%\">Antitravamento (ABS)<\/td>\n<td valign=\"top\" width=\"30%\">sim<\/td>\n<td valign=\"top\" width=\"30%\"><\/td>\n<\/tr>\n<tr>\n<td colspan=\"3\" valign=\"top\" bgcolor=\"#FFFFFF\" width=\"40%\"><strong>Dire\u00e7\u00e3o<\/strong><\/td>\n<\/tr>\n<tr>\n<td valign=\"top\" width=\"40%\">Sistema<\/td>\n<td colspan=\"2\" valign=\"top\" width=\"30%\">pinh\u00e3o e cremalheira<\/td>\n<\/tr>\n<tr>\n<td valign=\"top\" width=\"40%\">Assist\u00eancia<\/td>\n<td valign=\"top\" width=\"30%\">el\u00e9trica<\/td>\n<td valign=\"top\" width=\"30%\"><\/td>\n<\/tr>\n<tr>\n<td colspan=\"3\" valign=\"top\" bgcolor=\"#FFFFFF\" width=\"40%\"><strong>Suspens\u00e3o<\/strong><\/td>\n<\/tr>\n<tr>\n<td valign=\"top\" width=\"40%\">Dianteira<\/td>\n<td colspan=\"2\" valign=\"top\" width=\"60%\">independente, bra\u00e7os sobrepostos, mola helicoidal<\/td>\n<\/tr>\n<tr>\n<td valign=\"top\" width=\"40%\">Traseira<\/td>\n<td colspan=\"2\" valign=\"top\" width=\"60%\">independente, multibra\u00e7o, mola helicoidal<\/td>\n<\/tr>\n<tr>\n<td colspan=\"3\" valign=\"top\" bgcolor=\"#FFFFFF\" width=\"40%\"><strong>Rodas<\/strong><\/td>\n<\/tr>\n<tr>\n<td valign=\"top\" width=\"40%\">Dimens\u00f5es<\/td>\n<td valign=\"top\" width=\"30%\">7,5 x 18 pol<\/td>\n<td valign=\"top\" width=\"30%\">8,5 x 20 pol<\/td>\n<\/tr>\n<tr>\n<td valign=\"top\" width=\"40%\">Pneus<\/td>\n<td valign=\"top\" width=\"30%\">255\/60 R 18<\/td>\n<td valign=\"top\" width=\"30%\">255\/50 R 20<\/td>\n<\/tr>\n<tr>\n<td colspan=\"3\" valign=\"top\" bgcolor=\"#FFFFFF\" width=\"40%\"><strong>Dimens\u00f5es<\/strong><\/td>\n<\/tr>\n<tr>\n<td valign=\"top\" width=\"40%\">Comprimento<\/td>\n<td valign=\"top\" width=\"30%\">4,731 m<\/td>\n<td valign=\"top\" width=\"30%\"><\/td>\n<\/tr>\n<tr>\n<td valign=\"top\" width=\"40%\">Largura<\/td>\n<td valign=\"top\" width=\"30%\">1,936 m<\/td>\n<td valign=\"top\" width=\"30%\"><\/td>\n<\/tr>\n<tr>\n<td valign=\"top\" width=\"40%\">Altura<\/td>\n<td valign=\"top\" width=\"30%\">1,651 m<\/td>\n<td valign=\"top\" width=\"30%\"><\/td>\n<\/tr>\n<tr>\n<td valign=\"top\" width=\"40%\">Entre-eixos<\/td>\n<td valign=\"top\" width=\"30%\">2,874 m<\/td>\n<td valign=\"top\" width=\"30%\"><\/td>\n<\/tr>\n<tr>\n<td colspan=\"3\" valign=\"top\" bgcolor=\"#FFFFFF\" width=\"40%\"><strong>Capacidades e peso<\/strong><\/td>\n<\/tr>\n<tr>\n<td valign=\"top\" width=\"40%\">Tanque de combust\u00edvel<\/td>\n<td valign=\"top\" width=\"30%\">60 l<\/td>\n<td valign=\"top\" width=\"30%\">63 l<\/td>\n<\/tr>\n<tr>\n<td valign=\"top\" width=\"40%\">Compartimento de bagagem<\/td>\n<td valign=\"top\" width=\"30%\">508 l<\/td>\n<td valign=\"top\" width=\"30%\"><\/td>\n<\/tr>\n<tr>\n<td valign=\"top\" width=\"40%\">Peso em ordem de marcha<\/td>\n<td valign=\"top\" width=\"30%\">1.775 kg<\/td>\n<td valign=\"top\" width=\"30%\">1.861 kg<\/td>\n<\/tr>\n<tr>\n<td colspan=\"3\" valign=\"top\" bgcolor=\"#FFFFFF\" width=\"40%\"><strong>Desempenho<\/strong><\/td>\n<\/tr>\n<tr>\n<td valign=\"top\" width=\"40%\">Velocidade m\u00e1xima<\/td>\n<td valign=\"top\" width=\"30%\">208 km\/h<\/td>\n<td valign=\"top\" width=\"30%\">250 km\/h<\/td>\n<\/tr>\n<tr>\n<td valign=\"top\" width=\"40%\">Acelera\u00e7\u00e3o de 0 a 100 km\/h<\/td>\n<td valign=\"top\" width=\"30%\">8,7 s<\/td>\n<td valign=\"top\" width=\"30%\">5,5 s<\/td>\n<\/tr>\n<tr>\n<td colspan=\"3\" valign=\"top\" width=\"40%\">Dados do fabricante; consumo n\u00e3o dispon\u00edvel<\/td>\n<\/tr>\n<\/tbody>\n<\/table><\/div><\/div>\n<p>&nbsp;<\/p>\n","protected":false},"excerpt":{"rendered":"<p>Os tr\u00eas elementos previstos pelo fundador est\u00e3o harmonizados no primeiro utilit\u00e1rio esporte da marca brit\u00e2nica<\/p>\n","protected":false},"author":6,"featured_media":76711,"comment_status":"open","ping_status":"closed","sticky":false,"template":"","format":"standard","meta":{"_joinchat":[],"footnotes":""},"categories":[3,3602,2607],"tags":[391,80,619,3418,3904,349],"class_list":["post-76709","post","type-post","status-publish","format-standard","has-post-thumbnail","hentry","category-avaliacao","category-fora-de-estrada","category-jaguar-avaliacao","tag-4x4","tag-avaliacao-2","tag-diesel","tag-f-pace","tag-jaguar","tag-utilitario-esporte"],"amp_enabled":true,"_links":{"self":[{"href":"https:\/\/autolivraria.com.br\/bc\/wp-json\/wp\/v2\/posts\/76709","targetHints":{"allow":["GET"]}}],"collection":[{"href":"https:\/\/autolivraria.com.br\/bc\/wp-json\/wp\/v2\/posts"}],"about":[{"href":"https:\/\/autolivraria.com.br\/bc\/wp-json\/wp\/v2\/types\/post"}],"author":[{"embeddable":true,"href":"https:\/\/autolivraria.com.br\/bc\/wp-json\/wp\/v2\/users\/6"}],"replies":[{"embeddable":true,"href":"https:\/\/autolivraria.com.br\/bc\/wp-json\/wp\/v2\/comments?post=76709"}],"version-history":[{"count":0,"href":"https:\/\/autolivraria.com.br\/bc\/wp-json\/wp\/v2\/posts\/76709\/revisions"}],"wp:featuredmedia":[{"embeddable":true,"href":"https:\/\/autolivraria.com.br\/bc\/wp-json\/wp\/v2\/media\/76711"}],"wp:attachment":[{"href":"https:\/\/autolivraria.com.br\/bc\/wp-json\/wp\/v2\/media?parent=76709"}],"wp:term":[{"taxonomy":"category","embeddable":true,"href":"https:\/\/autolivraria.com.br\/bc\/wp-json\/wp\/v2\/categories?post=76709"},{"taxonomy":"post_tag","embeddable":true,"href":"https:\/\/autolivraria.com.br\/bc\/wp-json\/wp\/v2\/tags?post=76709"}],"curies":[{"name":"wp","href":"https:\/\/api.w.org\/{rel}","templated":true}]}}