{"id":78328,"date":"2016-10-05T20:00:33","date_gmt":"2016-10-05T23:00:33","guid":{"rendered":"http:\/\/bestcars.uol.com.br\/bc\/?p=78328"},"modified":"2016-10-10T19:10:57","modified_gmt":"2016-10-10T22:10:57","slug":"teste-audi-a4-avant-conforto-eficiente-para-quem-prefere-peruas","status":"publish","type":"post","link":"https:\/\/autolivraria.com.br\/bc\/informe-se\/avaliacao\/teste-audi-a4-avant-conforto-eficiente-para-quem-prefere-peruas\/","title":{"rendered":"A4 Avant, conforto eficiente para quem prefere peruas"},"content":{"rendered":"<div id='gallery-1' class='gallery galleryid-78328 gallery-columns-1 gallery-size-large'><figure class='gallery-item'>\n\t\t\t<div class='gallery-icon landscape'>\n\t\t\t\t<a href='https:\/\/autolivraria.com.br\/bc\/wp-content\/uploads\/2016\/10\/Audi-A4-Avant-10.jpg'><img fetchpriority=\"high\" decoding=\"async\" width=\"696\" height=\"464\" src=\"https:\/\/autolivraria.com.br\/bc\/wp-content\/uploads\/2016\/10\/Audi-A4-Avant-10-696x464.jpg\" class=\"attachment-large size-large\" alt=\"\" \/><\/a>\n\t\t\t<\/div><\/figure>\n\t\t<\/div>\n\n<h2>Os que dispensam utilit\u00e1rios t\u00eam nova op\u00e7\u00e3o no segmento de luxo: a \u00faltima gera\u00e7\u00e3o da Audi m\u00e9dia<\/h2>\n<p><em>Texto: Fabr\u00edcio Samah\u00e1 e\u00a0Marco Liasch &#8211;\u00a0Fotos: divulga\u00e7\u00e3o<\/em><\/p>\n<p>&nbsp;<\/p>\n<p>As peruas, como sabemos, est\u00e3o longe de representar um sonho de consumo para o brasileiro m\u00e9dio atual. O gosto norte-americano por utilit\u00e1rios esporte chegou firme at\u00e9 aqui e hoje a maioria rejeita o tipo de ve\u00edculo que foi, por defini\u00e7\u00e3o, o carro das fam\u00edlias no Brasil at\u00e9 a d\u00e9cada de 1980. Felizmente para os que n\u00e3o participam dessa posi\u00e7\u00e3o, um ou outro fabricante \u2014 em particular os alem\u00e3es, bons apreciadores do g\u00eanero \u2014 ainda oferece e renova op\u00e7\u00f5es na categoria, como a A4 Avant que a Audi acaba de colocar \u00e0 venda.<\/p>\n<p>H\u00e1 uma sigla carism\u00e1tica no legado de peruas de m\u00e9dio porte que culmina nessa A4: <a href=\"https:\/\/www.autolivraria.com.br\/classicos\/audi80-1.htm\" target=\"_blank\">RS2<\/a>, a apimentada vers\u00e3o da linha 80 de 1993 que recebia toques de prepara\u00e7\u00e3o da Porsche e extra\u00eda a pot\u00eancia de 315 cv do motor turbo de cinco cilindros e 2,2 litros. Mesmo que seja dif\u00edcil se lembrar daquela Avant ao ver a nova gera\u00e7\u00e3o, h\u00e1 muito de interessante no modelo que estreia em um\u00a0segmento de escassas op\u00e7\u00f5es.<\/p>\n<p>A Audi definiu uma s\u00f3 vers\u00e3o, Ambiente, com motor turbo de 2,0 litros e 190 cv e tra\u00e7\u00e3o dianteira, ao pre\u00e7o sugerido de R$ 188 mil. H\u00e1 duas concorrentes diretas: <a href=\"https:\/\/autolivraria.com.br\/bc\/tag\/classe-c-estate\" target=\"_blank\">Mercedes-Benz C180 Estate<\/a> Avantgarde, com motor turbo de 1,6 litro e 156 cv (R$ 178.900), e <a href=\"https:\/\/autolivraria.com.br\/bc\/tag\/v60\" target=\"_blank\">Volvo V60<\/a> Momentum (intermedi\u00e1ria entre tr\u00eas vers\u00f5es), com motor turbo de 2,0 litros e 245 cv (R$ 165.950). A <a href=\"https:\/\/autolivraria.com.br\/bc\/tag\/outback\" target=\"_blank\">Subaru Outback<\/a>\u00a0com um seis-cilindros aspirado de 3,6 litros e 256 cv tem pre\u00e7o bem pr\u00f3ximo (R$ 186.900), mas se distingue das tr\u00eas pela proposta de uso misto e a tra\u00e7\u00e3o integral.<\/p>\n<p>&nbsp;<\/p>\n<div id='gallery-2' class='gallery galleryid-78328 gallery-columns-1 gallery-size-large'><figure class='gallery-item'>\n\t\t\t<div class='gallery-icon landscape'>\n\t\t\t\t<a href='https:\/\/autolivraria.com.br\/bc\/wp-content\/uploads\/2016\/10\/Audi-A4-Avant-18.jpg'><img decoding=\"async\" width=\"696\" height=\"464\" data-src=\"https:\/\/autolivraria.com.br\/bc\/wp-content\/uploads\/2016\/10\/Audi-A4-Avant-18-696x464.jpg\" class=\"attachment-large size-large lazyload\" alt=\"\" src=\"data:image\/svg+xml;base64,PHN2ZyB3aWR0aD0iMSIgaGVpZ2h0PSIxIiB4bWxucz0iaHR0cDovL3d3dy53My5vcmcvMjAwMC9zdmciPjwvc3ZnPg==\" style=\"--smush-placeholder-width: 696px; --smush-placeholder-aspect-ratio: 696\/464;\" \/><\/a>\n\t\t\t<\/div><\/figure>\n\t\t<\/div>\n\n<div id='gallery-3' class='gallery galleryid-78328 gallery-columns-3 gallery-size-222px'><figure class='gallery-item'>\n\t\t\t<div class='gallery-icon landscape'>\n\t\t\t\t<a href='https:\/\/autolivraria.com.br\/bc\/wp-content\/uploads\/2016\/10\/Audi-A4-Avant-21.jpg'><img decoding=\"async\" width=\"222\" height=\"148\" data-src=\"https:\/\/autolivraria.com.br\/bc\/wp-content\/uploads\/2016\/10\/Audi-A4-Avant-21-222x148.jpg\" class=\"attachment-222px size-222px lazyload\" alt=\"\" src=\"data:image\/svg+xml;base64,PHN2ZyB3aWR0aD0iMSIgaGVpZ2h0PSIxIiB4bWxucz0iaHR0cDovL3d3dy53My5vcmcvMjAwMC9zdmciPjwvc3ZnPg==\" style=\"--smush-placeholder-width: 222px; --smush-placeholder-aspect-ratio: 222\/148;\" \/><\/a>\n\t\t\t<\/div><\/figure><figure class='gallery-item'>\n\t\t\t<div class='gallery-icon landscape'>\n\t\t\t\t<a href='https:\/\/autolivraria.com.br\/bc\/wp-content\/uploads\/2016\/10\/Audi-A4-Avant-1.jpg'><img decoding=\"async\" width=\"222\" height=\"148\" data-src=\"https:\/\/autolivraria.com.br\/bc\/wp-content\/uploads\/2016\/10\/Audi-A4-Avant-1-222x148.jpg\" class=\"attachment-222px size-222px lazyload\" alt=\"\" src=\"data:image\/svg+xml;base64,PHN2ZyB3aWR0aD0iMSIgaGVpZ2h0PSIxIiB4bWxucz0iaHR0cDovL3d3dy53My5vcmcvMjAwMC9zdmciPjwvc3ZnPg==\" style=\"--smush-placeholder-width: 222px; --smush-placeholder-aspect-ratio: 222\/148;\" \/><\/a>\n\t\t\t<\/div><\/figure><figure class='gallery-item'>\n\t\t\t<div class='gallery-icon landscape'>\n\t\t\t\t<a href='https:\/\/autolivraria.com.br\/bc\/wp-content\/uploads\/2016\/10\/Audi-A4-Avant-20.jpg'><img decoding=\"async\" width=\"222\" height=\"148\" data-src=\"https:\/\/autolivraria.com.br\/bc\/wp-content\/uploads\/2016\/10\/Audi-A4-Avant-20-222x148.jpg\" class=\"attachment-222px size-222px lazyload\" alt=\"\" src=\"data:image\/svg+xml;base64,PHN2ZyB3aWR0aD0iMSIgaGVpZ2h0PSIxIiB4bWxucz0iaHR0cDovL3d3dy53My5vcmcvMjAwMC9zdmciPjwvc3ZnPg==\" style=\"--smush-placeholder-width: 222px; --smush-placeholder-aspect-ratio: 222\/148;\" \/><\/a>\n\t\t\t<\/div><\/figure>\n\t\t<\/div>\n\n<p style=\"text-align: center;\"><em>A Avant cresceu e ganhou arestas na carroceria, mas permanece discreta e elegante; rodas de 18 pol fazem parte da vers\u00e3o \u00fanica definida para o Brasil<\/em><\/p>\n<p>&nbsp;<\/p>\n<p>Apresentada na Europa em junho\u00a0do ano passado junto do sed\u00e3, que <a href=\"https:\/\/autolivraria.com.br\/bc\/informe-se\/noticias\/audi-traz-novo-a4-com-motor-de-192-cv-por-r-160-mil\/\" target=\"_blank\">estreou por aqui em abril<\/a>, a A4 Avant de quinta gera\u00e7\u00e3o (c\u00f3digo B9) buscou aspecto mais maduro que o da anterior: menos curvas, mais arestas, recortes nos far\u00f3is e lanternas traseiras e detalhes cromados. As rodas de 18 polegadas e o pacote visual S-Line, opcional, trazem certa esportividade. A observa\u00e7\u00e3o atenta mostra detalhes bem projetados, como as ma\u00e7anetas externas que se deslocam em \u00e2ngulo (ligeiramente para cima) para maior conforto ao abrir as portas e entradas nos para-choque dianteiro, que canalizam parte do ar para reduzir ru\u00eddos de rodagem. O <a href=\"https:\/\/autolivraria.com.br\/bc\/glossario-c\/#cx\" target=\"_blank\">coeficiente aerodin\u00e2mico (Cx)<\/a> 0,29 \u00e9 muito bom.<\/p>\n<p>&nbsp;<\/p>\n<blockquote><p>A\u00a0\u00eanfase \u00e0 comodidade fica clara: \u00e9 muito silenciosa de rodar, com boa absor\u00e7\u00e3o pela suspens\u00e3o, mas as respostas se mostram um pouco lentas<\/p><\/blockquote>\n<p>&nbsp;<\/p>\n<p>O bem-acabado interior passou por altera\u00e7\u00f5es abrangentes, pois a Audi adotou (de s\u00e9rie no pacote para o Brasil) o quadro de instrumentos com tela digital e configur\u00e1vel de 12,3 polegadas, j\u00e1 em uso por aqui em modelos como <a href=\"https:\/\/autolivraria.com.br\/bc\/tag\/audi-tt\" target=\"_blank\">TT<\/a> e <a href=\"https:\/\/autolivraria.com.br\/bc\/tag\/q7\" target=\"_blank\">Q7<\/a>. Ele pode exibir os dois principais mostradores em tamanho normal ou reduzido, para abrir mais espa\u00e7o a informa\u00e7\u00f5es na \u00e1rea central, ou mesmo tomar quase toda a tela para o mapa de navega\u00e7\u00e3o. Somado \u00e0 tela central destacada do sistema de \u00e1udio \u2014 antes era incorporada ao painel \u2014 e \u00e0s novas formas e posi\u00e7\u00f5es dos comandos do console, o resultado \u00e9 aspecto bastante moderno.<\/p>\n<p>O sistema de \u00e1udio de s\u00e9rie, MMI Plus, inclui navegador e compatibilidade com telefones dotados de Apple Car Play e Android Auto. Seus comandos no console, \u00e0 frente da alavanca de transmiss\u00e3o, s\u00e3o c\u00f4modos por n\u00e3o exigirem manter o bra\u00e7o erguido e evitam sujar a tela do painel com toques. Atra\u00e7\u00e3o \u00e0 parte \u00e9 o sistema opcional da renomada Bang &amp; Olufsen com 19 alto-falantes e pot\u00eancia de 755 watts. Permanece o seletor de programas de condu\u00e7\u00e3o Drive Select com cinco modos (Dynamic, Efficiency, Comfort, Automatic e Individual, este configur\u00e1vel), que afeta par\u00e2metros como acelerador, transmiss\u00e3o e dire\u00e7\u00e3o.<\/p>\n<p>&nbsp;<\/p>\n<div id='gallery-4' class='gallery galleryid-78328 gallery-columns-1 gallery-size-large'><figure class='gallery-item'>\n\t\t\t<div class='gallery-icon landscape'>\n\t\t\t\t<a href='https:\/\/autolivraria.com.br\/bc\/wp-content\/uploads\/2016\/10\/Audi-A4-Avant-2.jpg'><img decoding=\"async\" width=\"696\" height=\"464\" data-src=\"https:\/\/autolivraria.com.br\/bc\/wp-content\/uploads\/2016\/10\/Audi-A4-Avant-2-696x464.jpg\" class=\"attachment-large size-large lazyload\" alt=\"\" src=\"data:image\/svg+xml;base64,PHN2ZyB3aWR0aD0iMSIgaGVpZ2h0PSIxIiB4bWxucz0iaHR0cDovL3d3dy53My5vcmcvMjAwMC9zdmciPjwvc3ZnPg==\" style=\"--smush-placeholder-width: 696px; --smush-placeholder-aspect-ratio: 696\/464;\" \/><\/a>\n\t\t\t<\/div><\/figure>\n\t\t<\/div>\n\n<div id='gallery-5' class='gallery galleryid-78328 gallery-columns-3 gallery-size-222px'><figure class='gallery-item'>\n\t\t\t<div class='gallery-icon landscape'>\n\t\t\t\t<a href='https:\/\/autolivraria.com.br\/bc\/wp-content\/uploads\/2016\/10\/Audi-A4-Avant-9.jpg'><img decoding=\"async\" width=\"222\" height=\"148\" data-src=\"https:\/\/autolivraria.com.br\/bc\/wp-content\/uploads\/2016\/10\/Audi-A4-Avant-9-222x148.jpg\" class=\"attachment-222px size-222px lazyload\" alt=\"\" src=\"data:image\/svg+xml;base64,PHN2ZyB3aWR0aD0iMSIgaGVpZ2h0PSIxIiB4bWxucz0iaHR0cDovL3d3dy53My5vcmcvMjAwMC9zdmciPjwvc3ZnPg==\" style=\"--smush-placeholder-width: 222px; --smush-placeholder-aspect-ratio: 222\/148;\" \/><\/a>\n\t\t\t<\/div><\/figure><figure class='gallery-item'>\n\t\t\t<div class='gallery-icon landscape'>\n\t\t\t\t<a href='https:\/\/autolivraria.com.br\/bc\/wp-content\/uploads\/2016\/10\/Audi-A4-Avant-4.jpg'><img decoding=\"async\" width=\"222\" height=\"148\" data-src=\"https:\/\/autolivraria.com.br\/bc\/wp-content\/uploads\/2016\/10\/Audi-A4-Avant-4-222x148.jpg\" class=\"attachment-222px size-222px lazyload\" alt=\"\" src=\"data:image\/svg+xml;base64,PHN2ZyB3aWR0aD0iMSIgaGVpZ2h0PSIxIiB4bWxucz0iaHR0cDovL3d3dy53My5vcmcvMjAwMC9zdmciPjwvc3ZnPg==\" style=\"--smush-placeholder-width: 222px; --smush-placeholder-aspect-ratio: 222\/148;\" \/><\/a>\n\t\t\t<\/div><\/figure><figure class='gallery-item'>\n\t\t\t<div class='gallery-icon landscape'>\n\t\t\t\t<a href='https:\/\/autolivraria.com.br\/bc\/wp-content\/uploads\/2016\/10\/Audi-A4-Avant-3.jpg'><img decoding=\"async\" width=\"222\" height=\"148\" data-src=\"https:\/\/autolivraria.com.br\/bc\/wp-content\/uploads\/2016\/10\/Audi-A4-Avant-3-222x148.jpg\" class=\"attachment-222px size-222px lazyload\" alt=\"\" src=\"data:image\/svg+xml;base64,PHN2ZyB3aWR0aD0iMSIgaGVpZ2h0PSIxIiB4bWxucz0iaHR0cDovL3d3dy53My5vcmcvMjAwMC9zdmciPjwvc3ZnPg==\" style=\"--smush-placeholder-width: 222px; --smush-placeholder-aspect-ratio: 222\/148;\" \/><\/a>\n\t\t\t<\/div><\/figure>\n\t\t<\/div>\n\n<p style=\"text-align: center;\"><em>Painel com tela digital configur\u00e1vel \u00e9 destaque; sistemas de \u00e1udio (Bang &amp; Olufsen como op\u00e7\u00e3o) e navega\u00e7\u00e3o s\u00e3o comandados com facilidade no console<\/em><\/p>\n<p>&nbsp;<\/p>\n<p>O motorista encontra facilmente uma posi\u00e7\u00e3o confort\u00e1vel no banco amplo e firme. Nota-se ganho de espa\u00e7o interno em rela\u00e7\u00e3o \u00e0 linha A4 anterior, mas o teto poderia ser mais alto para os passageiros de tr\u00e1s. As faltas de regulagens el\u00e9tricas para o banco do passageiro \u00e0 frente e de ar-condicionado de duas zonas s\u00e3o negativas diante do pre\u00e7o, assim como deveriam ser oferecidos <a href=\"https:\/\/autolivraria.com.br\/bc\/glossario-c\/#con3\" target=\"_blank\">controlador da dist\u00e2ncia \u00e0 frente<\/a> e assistente de faixas de rolamento, como no <a href=\"https:\/\/autolivraria.com.br\/bc\/tag\/a3-sedan\" target=\"_blank\">A3 Sedan<\/a>\u00a0nacional.\u00a0Entre os opcionais, por outro lado, est\u00e3o <a href=\"https:\/\/autolivraria.com.br\/bc\/glossario-p\/#proj\" target=\"_blank\">proje\u00e7\u00e3o de informa\u00e7\u00f5es no para-brisa<\/a> e o sistema\u00a0Pre Sense Rear, que analisa velocidade e dist\u00e2ncia de ve\u00edculos atr\u00e1s da A4, em faixas adjacentes, para sinalizar se h\u00e1 risco para sua mudan\u00e7a de dire\u00e7\u00e3o.<\/p>\n<p>Peruas n\u00e3o podem prescindir de grande capacidade de bagagem, no que a A4 se sai bem: acomoda 505 litros, que passam a 1.510 se o banco traseiro (com encosto tripartido em 40:20:40) for rebatido. A opera\u00e7\u00e3o \u00e9 comandada por uma alavanca na lateral do compartimento e a tampa sobre a carga tem acionamento el\u00e9trico.<\/p>\n<p>Um dos Audis a adotar o conceito modular de plataforma MLB (de motor longitudinal, ao contr\u00e1rio do MQB do mesmo grupo Volkswagen, que prev\u00ea posi\u00e7\u00e3o transversal), a A4 Avant teve redu\u00e7\u00e3o de peso na nova gera\u00e7\u00e3o em at\u00e9 120 kg, embora as dimens\u00f5es tenham crescido. O emprego de alum\u00ednio em \u00e1reas como cap\u00f4, tampa traseira, bra\u00e7os transversais da suspens\u00e3o dianteira e at\u00e9 as torres da suspens\u00e3o concorre para o resultado.<\/p>\n<p>&nbsp;<\/p>\n<div id='gallery-6' class='gallery galleryid-78328 gallery-columns-2 gallery-size-medium'><figure class='gallery-item'>\n\t\t\t<div class='gallery-icon landscape'>\n\t\t\t\t<a href='https:\/\/autolivraria.com.br\/bc\/wp-content\/uploads\/2016\/10\/Audi-A4-Avant-5.jpg'><img decoding=\"async\" width=\"340\" height=\"227\" data-src=\"https:\/\/autolivraria.com.br\/bc\/wp-content\/uploads\/2016\/10\/Audi-A4-Avant-5-340x227.jpg\" class=\"attachment-medium size-medium lazyload\" alt=\"\" src=\"data:image\/svg+xml;base64,PHN2ZyB3aWR0aD0iMSIgaGVpZ2h0PSIxIiB4bWxucz0iaHR0cDovL3d3dy53My5vcmcvMjAwMC9zdmciPjwvc3ZnPg==\" style=\"--smush-placeholder-width: 340px; --smush-placeholder-aspect-ratio: 340\/227;\" \/><\/a>\n\t\t\t<\/div><\/figure><figure class='gallery-item'>\n\t\t\t<div class='gallery-icon landscape'>\n\t\t\t\t<a href='https:\/\/autolivraria.com.br\/bc\/wp-content\/uploads\/2016\/10\/Audi-A4-Avant-6.jpg'><img decoding=\"async\" width=\"340\" height=\"227\" data-src=\"https:\/\/autolivraria.com.br\/bc\/wp-content\/uploads\/2016\/10\/Audi-A4-Avant-6-340x227.jpg\" class=\"attachment-medium size-medium lazyload\" alt=\"\" src=\"data:image\/svg+xml;base64,PHN2ZyB3aWR0aD0iMSIgaGVpZ2h0PSIxIiB4bWxucz0iaHR0cDovL3d3dy53My5vcmcvMjAwMC9zdmciPjwvc3ZnPg==\" style=\"--smush-placeholder-width: 340px; --smush-placeholder-aspect-ratio: 340\/227;\" \/><\/a>\n\t\t\t<\/div><\/figure><figure class='gallery-item'>\n\t\t\t<div class='gallery-icon landscape'>\n\t\t\t\t<a href='https:\/\/autolivraria.com.br\/bc\/wp-content\/uploads\/2016\/10\/Audi-A4-Avant-8.jpg'><img decoding=\"async\" width=\"340\" height=\"227\" data-src=\"https:\/\/autolivraria.com.br\/bc\/wp-content\/uploads\/2016\/10\/Audi-A4-Avant-8-340x227.jpg\" class=\"attachment-medium size-medium lazyload\" alt=\"\" src=\"data:image\/svg+xml;base64,PHN2ZyB3aWR0aD0iMSIgaGVpZ2h0PSIxIiB4bWxucz0iaHR0cDovL3d3dy53My5vcmcvMjAwMC9zdmciPjwvc3ZnPg==\" style=\"--smush-placeholder-width: 340px; --smush-placeholder-aspect-ratio: 340\/227;\" \/><\/a>\n\t\t\t<\/div><\/figure><figure class='gallery-item'>\n\t\t\t<div class='gallery-icon landscape'>\n\t\t\t\t<a href='https:\/\/autolivraria.com.br\/bc\/wp-content\/uploads\/2016\/10\/Audi-A4-Avant-7.jpg'><img decoding=\"async\" width=\"340\" height=\"227\" data-src=\"https:\/\/autolivraria.com.br\/bc\/wp-content\/uploads\/2016\/10\/Audi-A4-Avant-7-340x227.jpg\" class=\"attachment-medium size-medium lazyload\" alt=\"\" src=\"data:image\/svg+xml;base64,PHN2ZyB3aWR0aD0iMSIgaGVpZ2h0PSIxIiB4bWxucz0iaHR0cDovL3d3dy53My5vcmcvMjAwMC9zdmciPjwvc3ZnPg==\" style=\"--smush-placeholder-width: 340px; --smush-placeholder-aspect-ratio: 340\/227;\" \/><\/a>\n\t\t\t<\/div><\/figure>\n\t\t<\/div>\n\n<p style=\"text-align: center;\"><em>Interior acomoda bem e tem as conveni\u00eancias mais desejadas, incluindo teto solar panor\u00e2mico opcional; compartimento de bagagem leva 505 litros<\/em><\/p>\n<p>&nbsp;<\/p>\n<p>Na Europa h\u00e1 ampla gama de motores turbo: a gasolina de 1,4 litro (150 cv\/25,5 m.kgf) e 2,0 litros (190 cv\/32,6 m.kgf ou 252 cv\/37,7 m.kgf) e a diesel de 2,0 litros (122 cv\/27,5 m.kgf ou 150 cv\/32,6 m.kgf ou, ainda, 190 cv\/40,8 m.kgf) e de 3,0 litros (218 cv\/40,8 m.kgf). Para o Brasil vem apenas a op\u00e7\u00e3o intermedi\u00e1ria a gasolina, identificada pela palavra Ultra, que na terminologia Audi indica alta efici\u00eancia energ\u00e9tica.<\/p>\n<p>&nbsp;<\/p>\n<div class='code-block code-block-13' style='margin: 8px auto; text-align: center; display: block; clear: both;'>\n<br>\n<div align=\"center\">\n<a target=\"_blank\" href=\"https:\/\/bestcars.com.br\/bc\/\">\n<img decoding=\"async\" data-src=\"https:\/\/bestcars.com.br\/bc\/wp-content\/uploads\/2021\/07\/Auto-Livraria-450x300-quadros.jpg\" alt=\"Auto Livraria\" src=\"data:image\/svg+xml;base64,PHN2ZyB3aWR0aD0iMSIgaGVpZ2h0PSIxIiB4bWxucz0iaHR0cDovL3d3dy53My5vcmcvMjAwMC9zdmciPjwvc3ZnPg==\" class=\"lazyload\"><\/a>\n<\/div><\/div>\n\n<p>&nbsp;<\/p>\n<p>O quatro-cilindros traz recursos como varia\u00e7\u00e3o do <a href=\"https:\/\/autolivraria.com.br\/bc\/glossario-v\/#vari\" target=\"_blank\">tempo de abertura<\/a> de todas as v\u00e1lvulas e do <a href=\"https:\/\/autolivraria.com.br\/bc\/glossario-c\/#coma\" target=\"_blank\">levantamento<\/a> das v\u00e1lvulas de escapamento (sistema Valvelift), coletor de escapamento integrado ao cabe\u00e7ote e a associa\u00e7\u00e3o da <a href=\"https:\/\/autolivraria.com.br\/bc\/glossario-i\/#inje\" target=\"_blank\">inje\u00e7\u00e3o direta<\/a> \u00e0 indireta, que atuam juntas no caso de uso em carga (abertura de acelerador) parcial. Comparado ao anterior, a <a href=\"https:\/\/autolivraria.com.br\/bc\/glossario-t\/#taxa\" target=\"_blank\">taxa de compress\u00e3o<\/a> foi bastante elevada, de 9,6:1 para 11,7:1, poss\u00edvel porque o novo motor opera com fase de compress\u00e3o mais curta e fase de expans\u00e3o mais longa (abrem-se as v\u00e1lvulas de admiss\u00e3o mais tarde para produzir esse efeito).<\/p>\n<p>Est\u00e3o dispon\u00edveis em ampla faixa tanto a pot\u00eancia de 190 cv (de 4.200 a 6.000 rpm) quanto o torque m\u00e1ximo de 32,6 m.kgf (1.450 a 4.200 rpm). Os dados de desempenho informados, acelera\u00e7\u00e3o de 0 a 100 km\/h em 7,5 segundos e velocidade m\u00e1xima de 238 km\/h, d\u00e3o ideia de como o quatro-cilindros move a A4 com desenvoltura. Em favor da efici\u00eancia est\u00e3o a transmiss\u00e3o automatizada de <a href=\"https:\/\/autolivraria.com.br\/bc\/glossario-e\/#embr\" target=\"_blank\">dupla embreagem<\/a> e sete marchas e o sistema de roda-livre, que faz cair a rota\u00e7\u00e3o \u00e0 marcha-lenta quando se deixa de acelerar, para o carro rodar solto.<\/p>\n<p>&nbsp;<\/p>\n<div id='gallery-7' class='gallery galleryid-78328 gallery-columns-1 gallery-size-large'><figure class='gallery-item'>\n\t\t\t<div class='gallery-icon landscape'>\n\t\t\t\t<a href='https:\/\/autolivraria.com.br\/bc\/wp-content\/uploads\/2016\/10\/Audi-A4-Avant-11.jpg'><img decoding=\"async\" width=\"696\" height=\"464\" data-src=\"https:\/\/autolivraria.com.br\/bc\/wp-content\/uploads\/2016\/10\/Audi-A4-Avant-11-696x464.jpg\" class=\"attachment-large size-large lazyload\" alt=\"\" src=\"data:image\/svg+xml;base64,PHN2ZyB3aWR0aD0iMSIgaGVpZ2h0PSIxIiB4bWxucz0iaHR0cDovL3d3dy53My5vcmcvMjAwMC9zdmciPjwvc3ZnPg==\" style=\"--smush-placeholder-width: 696px; --smush-placeholder-aspect-ratio: 696\/464;\" \/><\/a>\n\t\t\t<\/div><\/figure>\n\t\t<\/div>\n\n<div id='gallery-8' class='gallery galleryid-78328 gallery-columns-2 gallery-size-medium'><figure class='gallery-item'>\n\t\t\t<div class='gallery-icon landscape'>\n\t\t\t\t<a href='https:\/\/autolivraria.com.br\/bc\/wp-content\/uploads\/2016\/10\/Audi-A4-Avant-15.jpg'><img decoding=\"async\" width=\"340\" height=\"227\" data-src=\"https:\/\/autolivraria.com.br\/bc\/wp-content\/uploads\/2016\/10\/Audi-A4-Avant-15-340x227.jpg\" class=\"attachment-medium size-medium lazyload\" alt=\"\" src=\"data:image\/svg+xml;base64,PHN2ZyB3aWR0aD0iMSIgaGVpZ2h0PSIxIiB4bWxucz0iaHR0cDovL3d3dy53My5vcmcvMjAwMC9zdmciPjwvc3ZnPg==\" style=\"--smush-placeholder-width: 340px; --smush-placeholder-aspect-ratio: 340\/227;\" \/><\/a>\n\t\t\t<\/div><\/figure><figure class='gallery-item'>\n\t\t\t<div class='gallery-icon landscape'>\n\t\t\t\t<a href='https:\/\/autolivraria.com.br\/bc\/wp-content\/uploads\/2016\/10\/Audi-A4-Avant-25.jpg'><img decoding=\"async\" width=\"340\" height=\"227\" data-src=\"https:\/\/autolivraria.com.br\/bc\/wp-content\/uploads\/2016\/10\/Audi-A4-Avant-25-340x227.jpg\" class=\"attachment-medium size-medium lazyload\" alt=\"\" src=\"data:image\/svg+xml;base64,PHN2ZyB3aWR0aD0iMSIgaGVpZ2h0PSIxIiB4bWxucz0iaHR0cDovL3d3dy53My5vcmcvMjAwMC9zdmciPjwvc3ZnPg==\" style=\"--smush-placeholder-width: 340px; --smush-placeholder-aspect-ratio: 340\/227;\" \/><\/a>\n\t\t\t<\/div><\/figure>\n\t\t<\/div>\n\n<p style=\"text-align: center;\"><em>A Avant conquista mais o motorista pelo conforto que pela esportividade; o motor de 190 cv traz v\u00e1rias novidades para aumentar a efici\u00eancia<\/em><\/p>\n<p>&nbsp;<\/p>\n<h2>Ao volante da A4 Avant<\/h2>\n<p>O <strong>Best Cars<\/strong> dirigiu a nova perua no lan\u00e7amento \u00e0 imprensa por cerca de 80 quil\u00f4metros entre a capital paulista e Itupeva, no interior do estado, usando a Rodovia dos Bandeirantes. E ficaram boas impress\u00f5es.<\/p>\n<p>Peruas s\u00e3o hoje procuradas por quem busca associar conforto a certa esportividade, em oposi\u00e7\u00e3o aos utilit\u00e1rios esporte, em geral prejudicados em desempenho e comportamento din\u00e2mico por sua altura e seu peso. No caso da A4, por\u00e9m, a \u00eanfase \u00e0 comodidade fica clara. \u00c9 um carro muito silencioso de rodar, com boa absor\u00e7\u00e3o de irregularidades pela suspens\u00e3o e sem maior pretens\u00e3o esportiva. Embora de f\u00e1cil controle, a simula\u00e7\u00e3o de desvio brusco indicou maior movimento de carroceria do que o esperado, sobretudo na traseira.<\/p>\n<p>Mantendo velocidade constante em rodovia o conforto \u00e9 destaque, mas as respostas se mostram um pouco lentas quando se requer pot\u00eancia \u2014 o carro precisa de algum tempo at\u00e9 reduzir para a marcha apropriada, acoplar a embreagem e &#8220;encher&#8221; o motor para a retomada desejada. A caixa S-Tronic tem funcionamento suave e opera\u00e7\u00e3o simples por meio de comandos junto ao volante, aos quais falta a op\u00e7\u00e3o de desligar a sele\u00e7\u00e3o manual (em carros da VW, por exemplo, \u00e9 usual faz\u00ea-lo segurando o comando da direita). O jeito \u00e9 mover a alavanca seletora de volta para a posi\u00e7\u00e3o autom\u00e1tica.<\/p>\n<p>Se nas categorias acess\u00edveis ao grande p\u00fablico as peruas est\u00e3o pr\u00f3ximas da extin\u00e7\u00e3o, \u00e9 bom saber que no mercado de luxo a Audi oferece uma renovada e atraente op\u00e7\u00e3o a quem n\u00e3o quer aderir aos utilit\u00e1rios.<\/p>\n<a href='https:\/\/autolivraria.com.br\/bc\/avaliacoes\/' class='small-button smallsilver'>Mais Avalia\u00e7\u00f5es<\/a>\n<p>&nbsp;<\/p>\n<div class='et-box et-shadow'>\n\t\t\t\t\t<div class='et-box-content'><h2>Pre\u00e7o e equipamentos<\/h2>\n<p><strong>A4 Avant Ambiente<\/strong> (R$ 188 mil) &#8211; Ajuste el\u00e9trico do banco do motorista; ar-condicionado, far\u00f3is e limpador de para-brisa autom\u00e1ticos; cobertura do porta-malas com acionamento el\u00e9trico, far\u00f3is com <a href=\"https:\/\/autolivraria.com.br\/bc\/glossario-l\/#lamp\" target=\"_blank\">l\u00e2mpadas de xen\u00f4nio<\/a>, <a href=\"https:\/\/autolivraria.com.br\/bc\/glossario-p\/#para\" target=\"_blank\">parada\/partida autom\u00e1tica<\/a> do motor, quadro de instrumentos digital configur\u00e1vel (Virtual Cockpit), rodas de alum\u00ednio de 18 polegadas, seletor de modos de condu\u00e7\u00e3o, sensor de estacionamento traseiro e sistema de \u00e1udio MMI Plus com navega\u00e7\u00e3o e integra\u00e7\u00e3o a celular (Android Auto e Car Play).<\/p>\n<p><strong>Opcionais:<\/strong> pacote esportivo S-Line (R$ 12.500), pacote Assistance (alerta para ve\u00edculo em ponto cego, c\u00e2mera traseira de manobras e Pre Sense Rear, R$ 12.600), pacote Tech (proje\u00e7\u00e3o de informa\u00e7\u00f5es no para-brisa e sistema de \u00e1udio Bang &amp; Olufsen com som\u00a0tridimensional, 755 watts de pot\u00eancia e 19 alto-falantes, R$ 10.200) e teto solar panor\u00e2mico (R$ 11 mil).<\/p><\/div><\/div>\n<p>&nbsp;<\/p>\n<div class='et-box et-shadow'>\n\t\t\t\t\t<div class='et-box-content'><h2>Ficha t\u00e9cnica<\/h2>\n<table id=\"table61\" border=\"0\" width=\"100%\" cellspacing=\"0\" cellpadding=\"3\">\n<tbody>\n<tr>\n<td colspan=\"2\" valign=\"top\" bgcolor=\"#FFFFFF\"><strong>Motor<\/strong><\/td>\n<\/tr>\n<tr>\n<td valign=\"top\" width=\"50%\">Posi\u00e7\u00e3o<\/td>\n<td valign=\"top\" width=\"50%\">longitudinal<\/td>\n<\/tr>\n<tr>\n<td valign=\"top\" width=\"50%\">Cilindros<\/td>\n<td valign=\"top\" width=\"50%\">4 em linha<\/td>\n<\/tr>\n<tr>\n<td valign=\"top\" width=\"50%\">Comando de v\u00e1lvulas<\/td>\n<td valign=\"top\" width=\"50%\">duplo no cabe\u00e7ote<\/td>\n<\/tr>\n<tr>\n<td valign=\"top\" width=\"50%\">V\u00e1lvulas por cilindro<\/td>\n<td valign=\"top\" width=\"50%\">4, varia\u00e7\u00e3o de tempo e levantamento<\/td>\n<\/tr>\n<tr>\n<td valign=\"top\" width=\"50%\">Di\u00e2metro e curso<\/td>\n<td valign=\"top\" width=\"50%\">82,5 x 92,8 mm<\/td>\n<\/tr>\n<tr>\n<td valign=\"top\" width=\"50%\">Cilindrada<\/td>\n<td valign=\"top\" width=\"50%\">1.984 cm\u00b3<\/td>\n<\/tr>\n<tr>\n<td valign=\"top\" width=\"50%\">Taxa de compress\u00e3o<\/td>\n<td valign=\"top\" width=\"50%\">11,7:1<\/td>\n<\/tr>\n<tr>\n<td valign=\"top\" width=\"50%\">Alimenta\u00e7\u00e3o<\/td>\n<td valign=\"top\" width=\"60%\">inje\u00e7\u00f5es multiponto sequencial e direta, turbocompressor e resfriador de ar<\/td>\n<\/tr>\n<tr>\n<td valign=\"top\" width=\"50%\">Pot\u00eancia m\u00e1xima<\/td>\n<td valign=\"top\" width=\"50%\">190 cv de 4.200 a 6.000 rpm<\/td>\n<\/tr>\n<tr>\n<td valign=\"top\" width=\"50%\">Torque m\u00e1ximo<\/td>\n<td valign=\"top\" width=\"50%\">32,6 m.kgf de 1.450 a 4.200 rpm<\/td>\n<\/tr>\n<tr>\n<td colspan=\"2\" valign=\"top\" bgcolor=\"#FFFFFF\"><strong>Transmiss\u00e3o<\/strong><\/td>\n<\/tr>\n<tr>\n<td valign=\"top\" width=\"50%\">Tipo de caixa e marchas<\/td>\n<td valign=\"top\" width=\"50%\">automatizada de dupla embreagem, 7<\/td>\n<\/tr>\n<tr>\n<td valign=\"top\" width=\"50%\">Tra\u00e7\u00e3o<\/td>\n<td valign=\"top\" width=\"50%\">dianteira<\/td>\n<\/tr>\n<tr>\n<td colspan=\"2\" valign=\"top\" bgcolor=\"#FFFFFF\"><strong>Freios<\/strong><\/td>\n<\/tr>\n<tr>\n<td valign=\"top\" width=\"50%\">Dianteiros<\/td>\n<td valign=\"top\" width=\"50%\">a disco ventilado<\/td>\n<\/tr>\n<tr>\n<td valign=\"top\" width=\"50%\">Traseiros<\/td>\n<td valign=\"top\" width=\"50%\">a disco<\/td>\n<\/tr>\n<tr>\n<td valign=\"top\" width=\"50%\">Antitravamento (ABS)<\/td>\n<td valign=\"top\" width=\"50%\">sim<\/td>\n<\/tr>\n<tr>\n<td colspan=\"2\" valign=\"top\" bgcolor=\"#FFFFFF\"><strong>Dire\u00e7\u00e3o<\/strong><\/td>\n<\/tr>\n<tr>\n<td valign=\"top\" width=\"50%\">Sistema<\/td>\n<td valign=\"top\" width=\"50%\">pinh\u00e3o e cremalheira<\/td>\n<\/tr>\n<tr>\n<td valign=\"top\" width=\"50%\">Assist\u00eancia<\/td>\n<td valign=\"top\" width=\"50%\">el\u00e9trica<\/td>\n<\/tr>\n<tr>\n<td colspan=\"2\" valign=\"top\" bgcolor=\"#FFFFFF\"><strong>Suspens\u00e3o<\/strong><\/td>\n<\/tr>\n<tr>\n<td valign=\"top\" width=\"50%\">Dianteira<\/td>\n<td valign=\"top\" width=\"50%\">independente, bra\u00e7os sobrepostos, mola helicoidal<\/td>\n<\/tr>\n<tr>\n<td valign=\"top\" width=\"50%\">Traseira<\/td>\n<td valign=\"top\" width=\"50%\">independente, multibra\u00e7o, mola helicoidal<\/td>\n<\/tr>\n<tr>\n<td colspan=\"2\" valign=\"top\" bgcolor=\"#FFFFFF\"><strong>Rodas<\/strong><\/td>\n<\/tr>\n<tr>\n<td valign=\"top\" width=\"50%\">Dimens\u00f5es<\/td>\n<td valign=\"top\" width=\"50%\">18 pol<\/td>\n<\/tr>\n<tr>\n<td valign=\"top\" width=\"50%\">Pneus<\/td>\n<td valign=\"top\" width=\"50%\">245\/40 R 18<\/td>\n<\/tr>\n<tr>\n<td colspan=\"2\" valign=\"top\" bgcolor=\"#FFFFFF\"><strong>Dimens\u00f5es<\/strong><\/td>\n<\/tr>\n<tr>\n<td valign=\"top\" width=\"50%\">Comprimento<\/td>\n<td valign=\"top\" width=\"50%\">4,725 m<\/td>\n<\/tr>\n<tr>\n<td valign=\"top\" width=\"50%\">Largura<\/td>\n<td valign=\"top\" width=\"50%\">1,842 m<\/td>\n<\/tr>\n<tr>\n<td valign=\"top\" width=\"50%\">Altura<\/td>\n<td valign=\"top\" width=\"50%\">1,434 m<\/td>\n<\/tr>\n<tr>\n<td valign=\"top\" width=\"50%\">Entre-eixos<\/td>\n<td valign=\"top\" width=\"50%\">2,82 m<\/td>\n<\/tr>\n<tr>\n<td colspan=\"2\" valign=\"top\" bgcolor=\"#FFFFFF\"><strong>Capacidades e peso<\/strong><\/td>\n<\/tr>\n<tr>\n<td valign=\"top\" width=\"50%\">Tanque de combust\u00edvel<\/td>\n<td valign=\"top\" width=\"50%\">54 l<\/td>\n<\/tr>\n<tr>\n<td valign=\"top\" width=\"50%\">Compartimento de bagagem<\/td>\n<td valign=\"top\" width=\"50%\">505 l<\/td>\n<\/tr>\n<tr>\n<td valign=\"top\" width=\"50%\">Peso em ordem de marcha<\/td>\n<td valign=\"top\" width=\"50%\">1.460 kg<\/td>\n<\/tr>\n<tr>\n<td colspan=\"2\" valign=\"top\" bgcolor=\"#FFFFFF\"><strong>Desempenho e consumo<\/strong><\/td>\n<\/tr>\n<tr>\n<td valign=\"top\" width=\"50%\">Velocidade m\u00e1xima<\/td>\n<td valign=\"top\" width=\"50%\">238 km\/h<\/td>\n<\/tr>\n<tr>\n<td valign=\"top\" width=\"50%\">Acelera\u00e7\u00e3o de 0 a 100 km\/h<\/td>\n<td valign=\"top\" width=\"50%\">7,5 s<\/td>\n<\/tr>\n<tr>\n<td valign=\"top\" width=\"50%\">Consumo em cidade<\/td>\n<td valign=\"top\" width=\"50%\">11,0 km\/l<\/td>\n<\/tr>\n<tr>\n<td valign=\"top\" width=\"50%\">Consumo em rodovia<\/td>\n<td valign=\"top\" width=\"50%\">14,3 km\/l<\/td>\n<\/tr>\n<tr>\n<td colspan=\"2\" valign=\"top\">Dados do fabricante; consumo conforme padr\u00f5es do Inmetro<\/td>\n<\/tr>\n<\/tbody>\n<\/table><\/div><\/div>\n<p>&nbsp;<\/p>\n","protected":false},"excerpt":{"rendered":"<p>Os que dispensam utilit\u00e1rios t\u00eam nova op\u00e7\u00e3o no segmento de luxo: a \u00faltima gera\u00e7\u00e3o da Audi m\u00e9dia <\/p>\n","protected":false},"author":6,"featured_media":78329,"comment_status":"open","ping_status":"closed","sticky":false,"template":"","format":"standard","meta":{"_joinchat":[],"footnotes":""},"categories":[1822,3],"tags":[868,2056,61,80],"class_list":["post-78328","post","type-post","status-publish","format-standard","has-post-thumbnail","hentry","category-audi-avaliacao","category-avaliacao","tag-a4","tag-a4-avant","tag-audi","tag-avaliacao-2"],"amp_enabled":true,"_links":{"self":[{"href":"https:\/\/autolivraria.com.br\/bc\/wp-json\/wp\/v2\/posts\/78328","targetHints":{"allow":["GET"]}}],"collection":[{"href":"https:\/\/autolivraria.com.br\/bc\/wp-json\/wp\/v2\/posts"}],"about":[{"href":"https:\/\/autolivraria.com.br\/bc\/wp-json\/wp\/v2\/types\/post"}],"author":[{"embeddable":true,"href":"https:\/\/autolivraria.com.br\/bc\/wp-json\/wp\/v2\/users\/6"}],"replies":[{"embeddable":true,"href":"https:\/\/autolivraria.com.br\/bc\/wp-json\/wp\/v2\/comments?post=78328"}],"version-history":[{"count":0,"href":"https:\/\/autolivraria.com.br\/bc\/wp-json\/wp\/v2\/posts\/78328\/revisions"}],"wp:featuredmedia":[{"embeddable":true,"href":"https:\/\/autolivraria.com.br\/bc\/wp-json\/wp\/v2\/media\/78329"}],"wp:attachment":[{"href":"https:\/\/autolivraria.com.br\/bc\/wp-json\/wp\/v2\/media?parent=78328"}],"wp:term":[{"taxonomy":"category","embeddable":true,"href":"https:\/\/autolivraria.com.br\/bc\/wp-json\/wp\/v2\/categories?post=78328"},{"taxonomy":"post_tag","embeddable":true,"href":"https:\/\/autolivraria.com.br\/bc\/wp-json\/wp\/v2\/tags?post=78328"}],"curies":[{"name":"wp","href":"https:\/\/api.w.org\/{rel}","templated":true}]}}