{"id":79565,"date":"2016-11-04T07:00:59","date_gmt":"2016-11-04T10:00:59","guid":{"rendered":"http:\/\/bestcars.uol.com.br\/bc\/?p=79565"},"modified":"2016-11-14T14:18:18","modified_gmt":"2016-11-14T17:18:18","slug":"papo-de-picape-nova-vw-amarok-v6-so-em-junho","status":"publish","type":"post","link":"https:\/\/autolivraria.com.br\/bc\/informe-se\/colunas\/de-carro-por-ai\/papo-de-picape-nova-vw-amarok-v6-so-em-junho\/","title":{"rendered":"Papo de picape: nova Amarok V6 s\u00f3 em junho"},"content":{"rendered":"<p><img fetchpriority=\"high\" decoding=\"async\" class=\"aligncenter size-full wp-image-75021\" src=\"https:\/\/autolivraria.com.br\/bc\/wp-content\/uploads\/2016\/07\/De-Carro-por-Ai-2016.jpg\" alt=\"De Carro por A\u00ed - Nasser\" width=\"696\" height=\"107\" srcset=\"https:\/\/autolivraria.com.br\/bc\/wp-content\/uploads\/2016\/07\/De-Carro-por-Ai-2016.jpg 696w, https:\/\/autolivraria.com.br\/bc\/wp-content\/uploads\/2016\/07\/De-Carro-por-Ai-2016-340x52.jpg 340w, https:\/\/autolivraria.com.br\/bc\/wp-content\/uploads\/2016\/07\/De-Carro-por-Ai-2016-222x34.jpg 222w\" sizes=\"(max-width: 696px) 100vw, 696px\" \/><\/p>\n<h2>VW frustrou quem esperava salto: o\u00a0poderoso V6 turbodiesel de 3,0 litros fica para\u00a0meados do ano que vem<\/h2>\n<p>&nbsp;<\/p>\n<p><a href=\"https:\/\/autolivraria.com.br\/bc\/wp-content\/uploads\/2016\/11\/VW-Amarok-7.jpg\" rel=\"attachment wp-att-79447\"><img decoding=\"async\" class=\"alignright size-medium wp-image-79447 lazyload\" data-src=\"https:\/\/autolivraria.com.br\/bc\/wp-content\/uploads\/2016\/11\/VW-Amarok-7-340x227.jpg\" alt=\"VW Amarok (7)\" width=\"340\" height=\"227\" src=\"data:image\/svg+xml;base64,PHN2ZyB3aWR0aD0iMSIgaGVpZ2h0PSIxIiB4bWxucz0iaHR0cDovL3d3dy53My5vcmcvMjAwMC9zdmciPjwvc3ZnPg==\" style=\"--smush-placeholder-width: 340px; --smush-placeholder-aspect-ratio: 340\/227;\" \/><\/a>Volkswagen apresentou na Argentina, onde a produz, a picape <a href=\"https:\/\/autolivraria.com.br\/bc\/informe-se\/noticias\/vw-amarok-muda-visual-painel-e-audio-mas-v6-nao-veio\/\" target=\"_blank\">Amarok 2017<\/a>. Nada de mudan\u00e7as intensivas, esperadas a produto com seis anos de mercado, mas retoques importantes em grupos selecionados. Agiu com sensibilidade, falando aos sentidos do comprador. Mudou a est\u00e9tica frontal e grupo \u00f3ptico, atualizando o visual; incrementou o interior, em especial os bancos, saudados por associa\u00e7\u00e3o m\u00e9dica, e foi-se a demanda n\u00e3o automobil\u00edstica, para firulas de condu\u00e7\u00e3o, o infodivertimento \u2013 a agrega\u00e7\u00e3o de itens incrementadores do conforto de comunica\u00e7\u00e3o.<\/p>\n<p>Motor frustrou quem esperava salto de rendimento, ou o se isolar em superior patamar de maior desempenho. O previsto e poderoso motor V6 turbodiesel de 3,0 litros foi adiado. Aparentemente quest\u00f5es comerciais, dividir as novidades, instigando vendas sobre as modifica\u00e7\u00f5es atuais, e criando nova provoca\u00e7\u00e3o com a op\u00e7\u00e3o do V6 ao meado do ano que vem. Leque com amplas possibilidades. Vers\u00f5es com cabine simples e dupla; tra\u00e7\u00e3o em duas ou quatro rodas; motor de 2,0 litros com um ou dois turbos, produzido 140 cv e 180 cv; transmiss\u00f5es manual de seis velocidades e autom\u00e1tica com oito.<\/p>\n\n<p>&nbsp;<\/p>\n<h2>Toyota e a Prova do Alce<\/h2>\n<p><a href=\"https:\/\/autolivraria.com.br\/bc\/wp-content\/uploads\/2016\/10\/Toyota-Hilux-alce.jpg\" rel=\"attachment wp-att-79312\"><img decoding=\"async\" class=\"alignleft size-medium wp-image-79312 lazyload\" data-src=\"https:\/\/autolivraria.com.br\/bc\/wp-content\/uploads\/2016\/10\/Toyota-Hilux-alce-340x227.jpg\" alt=\"Toyota Hilux alce\" width=\"340\" height=\"227\" src=\"data:image\/svg+xml;base64,PHN2ZyB3aWR0aD0iMSIgaGVpZ2h0PSIxIiB4bWxucz0iaHR0cDovL3d3dy53My5vcmcvMjAwMC9zdmciPjwvc3ZnPg==\" style=\"--smush-placeholder-width: 340px; --smush-placeholder-aspect-ratio: 340\/227;\" \/><\/a>Manobra europeia, simular s\u00fabito aparecimento de um alce na pista, exigindo forte golpe de dire\u00e7\u00e3o para desviar do cerv\u00eddeo e retomar curso, viraliza nas redes sociais, tornando conhecida a revista sueca <em>Teknikens Varld<\/em>. Realizou o teste com v\u00e1rias picapes. Outras passaram sem susto, mas a <a href=\"https:\/\/autolivraria.com.br\/bc\/informe-se\/noticias\/toyota-hilux-falha-de-novo-no-teste-de-desvio-de-alce\/\" target=\"_blank\">Toyota Hilux tirou duas rodas do ch\u00e3o<\/a>, exigindo corre\u00e7\u00e3o para evitar capotagem. Alarmou propriet\u00e1rios.<\/p>\n<p>Toyota argentina, fabricante do modelo enviado ao Brasil, mercado maior, divulgou comunicado curto e grosso, mas faltou objetividade e compromisso, importante na rela\u00e7\u00e3o de confian\u00e7a exigida entre fornecedor e consumidor. Disse \u201cToyota aplica suas pr\u00f3prias normas de seguran\u00e7a estritas para todos seus produtos e Hilux cumpre com estas normas. N\u00e3o obstante, para garantir ainda mais a seguran\u00e7a de nossos clientes, levaremos a cabo uma an\u00e1lise exaustiva da prova realizada pela revista <em>Teknikens Varld<\/em>. Na Toyota a seguran\u00e7a de nossos clientes \u00e9 nossa principal prioridade\u201d.<\/p>\n<p>&nbsp;<\/p>\n<h2>Mercedes, hora da picape Premium<\/h2>\n<p><a href=\"https:\/\/autolivraria.com.br\/bc\/wp-content\/uploads\/2016\/10\/Mercedes-Benz-X-Class-07.jpg\" rel=\"attachment wp-att-79195\"><img decoding=\"async\" class=\"alignright size-medium wp-image-79195 lazyload\" data-src=\"https:\/\/autolivraria.com.br\/bc\/wp-content\/uploads\/2016\/10\/Mercedes-Benz-X-Class-07-340x227.jpg\" alt=\"Mercedes-Benz X-Class 07\" width=\"340\" height=\"227\" src=\"data:image\/svg+xml;base64,PHN2ZyB3aWR0aD0iMSIgaGVpZ2h0PSIxIiB4bWxucz0iaHR0cDovL3d3dy53My5vcmcvMjAwMC9zdmciPjwvc3ZnPg==\" style=\"--smush-placeholder-width: 340px; --smush-placeholder-aspect-ratio: 340\/227;\" \/><\/a>Como a Coluna informou com antecipa\u00e7\u00e3o mundial, Mercedes-Benz far\u00e1 <a href=\"https:\/\/autolivraria.com.br\/bc\/informe-se\/noticias\/versoes-conceituais-revelam-picape-mercedes-classe-x\/\" target=\"_blank\">picape Classe X<\/a> na Argentina. Explicou tamb\u00e9m, produto decorre de colabora\u00e7\u00e3o com a Nissan e a Renault. Na velha f\u00e1brica de produtos Willys-Overland, em C\u00f3rdoba, Renault cedeu \u00e1rea e Nissan produzir\u00e1 a estrutura b\u00e1sica do chassi em escada e seus agregados. Muita identidade mec\u00e2nica entre Nissan e Renault, e personaliza\u00e7\u00e3o para a Mercedes.<\/p>\n<p>Tomou caminho natural da marca: compet\u00eancia de engenharia, imagem secular de confi\u00e1vel sobriedade, e seu diferencial maior, a sensa\u00e7\u00e3o de superioridade de seus propriet\u00e1rios. Na pr\u00e1tica intenta oferecer a confiabilidade intr\u00ednseca \u00e0 marca com a seguran\u00e7a de comportamento e o conforto. N\u00e3o quer descer ao padr\u00e3o usual das picapes, mas elevar seus usu\u00e1rios \u00e0 composi\u00e7\u00e3o de conforto e ao r\u00f3tulo de Premium, agora exclusividade da marca.<\/p>\n<p>A postura de levar a superior imagem de autom\u00f3vel \u00e0 picape far\u00e1 mixar partes com autom\u00f3vel Classe C e utilit\u00e1rios, como o sistema de infodivers\u00e3o, os bancos elaborados, o interior cuidado em detalhes. Motoriza\u00e7\u00e3o por V6 diesel com tra\u00e7\u00e3o permanente nas 4 rodas, redu\u00e7\u00e3o e dois bloqueios de diferencial. Enquadrado na legisla\u00e7\u00e3o brasileira, 1,1 tonelada de carga e de tra\u00e7\u00e3o de 3,5 t.<\/p>\n<p><strong><img decoding=\"async\" class=\"alignleft size-medium wp-image-79566 lazyload\" data-src=\"https:\/\/autolivraria.com.br\/bc\/wp-content\/uploads\/2016\/11\/Picape-Mercedes-Argentina-340x206.jpg\" alt=\"Picape Mercedes Argentina\" width=\"340\" height=\"206\" data-srcset=\"https:\/\/autolivraria.com.br\/bc\/wp-content\/uploads\/2016\/11\/Picape-Mercedes-Argentina-340x206.jpg 340w, https:\/\/autolivraria.com.br\/bc\/wp-content\/uploads\/2016\/11\/Picape-Mercedes-Argentina.jpg 640w, https:\/\/autolivraria.com.br\/bc\/wp-content\/uploads\/2016\/11\/Picape-Mercedes-Argentina-222x135.jpg 222w\" data-sizes=\"(max-width: 340px) 100vw, 340px\" src=\"data:image\/svg+xml;base64,PHN2ZyB3aWR0aD0iMSIgaGVpZ2h0PSIxIiB4bWxucz0iaHR0cDovL3d3dy53My5vcmcvMjAwMC9zdmciPjwvc3ZnPg==\" style=\"--smush-placeholder-width: 340px; --smush-placeholder-aspect-ratio: 340\/206;\" \/>Hist\u00f3ria<\/strong><br \/>\nPicape Mercedes-Benz pode ser fato ins\u00f3lito em todo o mundo \u2013 menos na Argentina. Marca j\u00e1 o fez para compatibilizar pretens\u00f5es de vendas e a legisla\u00e7\u00e3o local, permitindo liberdades de conte\u00fado para ve\u00edculos de trabalho. Ao in\u00edcio dos anos \u201950 cometeu algumas unidades de picape e de furg\u00e3o a partir do sed\u00e3 170. Anos \u201970 a licen\u00e7a alcan\u00e7ou em torno de 1.000 unidades sobre a s\u00e9rie W114 em vers\u00e3o picape, curiosamente elegante, e cabine dupla, dita Rural, um trubu\u00e7u est\u00e9tico. Motores 2,2 \u2013litros, 4 cilindros a gasolina ou diesel.<\/p>\n<p>&nbsp;<\/p>\n\n<p>&nbsp;<\/p>\n<h2>Roda a Roda<\/h2>\n<p><strong>Tesla<\/strong> \u2013 Atrevido fabricante de carros el\u00e9tricos nos EUA, Tesla busca vender no Brasil. Estar\u00e1 apresentando produto e revendedor no Sal\u00e3o do Autom\u00f3vel.<\/p>\n<p><strong>Press\u00e3o<\/strong> \u2013 Cobran\u00e7a da Latin NCAP, entidade privada voltada \u00e0 seguran\u00e7a dos autom\u00f3veis na Am\u00e9rica Latina, fez Nissan anunciar fim da produ\u00e7\u00e3o do modelo Tsuru. Maio. Em testes de choque teve Zero Estrela \u2013 mataria os ocupantes.<\/p>\n<p><strong><a href=\"https:\/\/autolivraria.com.br\/bc\/wp-content\/uploads\/2016\/09\/Hyundai-Creta-01.jpg\" rel=\"attachment wp-att-77474\"><img decoding=\"async\" class=\"alignright size-medium wp-image-77474 lazyload\" data-src=\"https:\/\/autolivraria.com.br\/bc\/wp-content\/uploads\/2016\/09\/Hyundai-Creta-01-340x186.jpg\" alt=\"Hyundai Creta 01\" width=\"340\" height=\"186\" data-srcset=\"https:\/\/autolivraria.com.br\/bc\/wp-content\/uploads\/2016\/09\/Hyundai-Creta-01-340x186.jpg 340w, https:\/\/autolivraria.com.br\/bc\/wp-content\/uploads\/2016\/09\/Hyundai-Creta-01-696x381.jpg 696w, https:\/\/autolivraria.com.br\/bc\/wp-content\/uploads\/2016\/09\/Hyundai-Creta-01-768x420.jpg 768w, https:\/\/autolivraria.com.br\/bc\/wp-content\/uploads\/2016\/09\/Hyundai-Creta-01-222x121.jpg 222w, https:\/\/autolivraria.com.br\/bc\/wp-content\/uploads\/2016\/09\/Hyundai-Creta-01.jpg 1280w\" data-sizes=\"(max-width: 340px) 100vw, 340px\" src=\"data:image\/svg+xml;base64,PHN2ZyB3aWR0aD0iMSIgaGVpZ2h0PSIxIiB4bWxucz0iaHR0cDovL3d3dy53My5vcmcvMjAwMC9zdmciPjwvc3ZnPg==\" style=\"--smush-placeholder-width: 340px; --smush-placeholder-aspect-ratio: 340\/186;\" \/><\/a>Pressa<\/strong> \u2013 Hyundai anunciou novidades para o utilit\u00e1rio esporte Creta, de produ\u00e7\u00e3o iniciada em Piracicaba e apresenta\u00e7\u00e3o ao Sal\u00e3o do Autom\u00f3vel, novembro 10 a 20. Al\u00e9m do divulgado motor 1,6 aplicado no HB20, ter\u00e1 um 2,0-litros, ambos com <a href=\"https:\/\/autolivraria.com.br\/bc\/glossario-v\/#vari\" target=\"_blank\">variadores de abertura de v\u00e1lvulas<\/a> para admiss\u00e3o e escapamento.<\/p>\n<p><strong>Treinamento<\/strong> \u2013 Nissan demarrou auditar processo de produ\u00e7\u00e3o do Kicks na f\u00e1brica de Resende para fim do primeiro semestre de 2017. Partes da carroceria importadas do M\u00e9xico servem para testar processo, regulagem dos equipamentos, afina\u00e7\u00e3o da m\u00e3o de obra. Quest\u00f5es paralelas atrasaram in\u00edcio de produ\u00e7\u00e3o. O Kicks utilizar\u00e1 novo motor Renault 1,6 brasileiro, substituindo o Nissan de id\u00eantica cilindrada, como Coluna antecipou mundialmente. A produ\u00e7\u00e3o dos motores pela associada atrasou.<\/p>\n<p><strong>Recall<\/strong> \u2013 Defeitos na fornecedora Takata de bolsas infl\u00e1veis fez Toyota promover <a href=\"https:\/\/autolivraria.com.br\/bc\/informe-se\/noticias\/toyota-chama-corolla-e-etios-defeito-em-bolsa-inflavel\/\" target=\"_blank\">chamada de recall<\/a> em 300 mil unidades de seus produtos Corolla, Etios e Prius. Fornecedor global, problemas mundiais: se inflado pode disparar partes met\u00e1licas contra o usu\u00e1rio.<\/p>\n<p><strong>Enfim<\/strong> \u2013 Multa s\u00e9ria para usu\u00e1rios de celular, falando, ouvindo, passando mensagem ou apenas olhando ou segurando: R$ 293,47 e sete pontos lan\u00e7ados na Carteira de Habilita\u00e7\u00e3o. \u00c9 pouco. Motorista irrespons\u00e1vel usando celular enquanto dirige \u00e9 hoje o maior causador de acidentes no tr\u00e2nsito.<\/p>\n<p><strong>Mais<\/strong> \u2013 Solu\u00e7\u00e3o homeop\u00e1tica. Brasil precisa rever leis e processo, e a aplica\u00e7\u00e3o do conceito de acidente, evento imprevis\u00edvel, a todos resultados mesmo se causados por motoristas despreparados, sob efeito de bebida, rem\u00e9dio, e \/ou t\u00f3xico. Voc\u00ea conhece algum atropelador preso?<\/p>\n<p><strong>Mercado<\/strong> \u2013 Ano automobil\u00edstico de 2016 no Brasil indicar\u00e1 mais queda, compress\u00e3o do mercado, ociosidade das montadoras. E mais de 100 lan\u00e7amentos.<\/p>\n<p><strong>Ocasi\u00e3o<\/strong> \u2013 Se voc\u00ea quer fazer economia, hora de negociar, em especial com marcas estrangeiras. Algumas ainda vendem ve\u00edculos com o carimbo de 2015 \u2013 e s\u00e3o flex\u00edveis para limpar o p\u00e1tio.<\/p>\n<p><strong>Carteira<\/strong> \u2013 Provocado por decis\u00e3o judicial suspendendo a apreens\u00e3o de ciclomotores conduzidos por usu\u00e1rios sem ACC \u2013 Autoriza\u00e7\u00e3o para Conduzir Ciclomotor -, governo federal correu e regulamentou a mat\u00e9ria. Agora, para conduzir ve\u00edculos com motor inferior a 50 cm3 de cilindrada ou por tra\u00e7\u00e3o el\u00e9trica, ser\u00e1 necess\u00e1ria a ACC ou Carteira Nacional de Habilita\u00e7\u00e3o Categoria A. H\u00e1 necessidade de curso e custos.<\/p>\n<p>&nbsp;<\/p>\n<div class='et-box et-shadow'>\n\t\t\t\t\t<div class='et-box-content'><h2>Mais economia e ecologia no Renegade 2017<\/h2>\n<p><a href=\"https:\/\/autolivraria.com.br\/bc\/wp-content\/uploads\/2016\/11\/Jeep-Renegade-2017.jpg\" rel=\"attachment wp-att-79567\"><img decoding=\"async\" class=\"alignleft size-medium wp-image-79567 lazyload\" data-src=\"https:\/\/autolivraria.com.br\/bc\/wp-content\/uploads\/2016\/11\/Jeep-Renegade-2017-340x226.jpg\" alt=\"Jeep Renegade 2017\" width=\"340\" height=\"226\" data-srcset=\"https:\/\/autolivraria.com.br\/bc\/wp-content\/uploads\/2016\/11\/Jeep-Renegade-2017-340x226.jpg 340w, https:\/\/autolivraria.com.br\/bc\/wp-content\/uploads\/2016\/11\/Jeep-Renegade-2017-631x420.jpg 631w, https:\/\/autolivraria.com.br\/bc\/wp-content\/uploads\/2016\/11\/Jeep-Renegade-2017-222x148.jpg 222w, https:\/\/autolivraria.com.br\/bc\/wp-content\/uploads\/2016\/11\/Jeep-Renegade-2017.jpg 640w\" data-sizes=\"(max-width: 340px) 100vw, 340px\" src=\"data:image\/svg+xml;base64,PHN2ZyB3aWR0aD0iMSIgaGVpZ2h0PSIxIiB4bWxucz0iaHR0cDovL3d3dy53My5vcmcvMjAwMC9zdmciPjwvc3ZnPg==\" style=\"--smush-placeholder-width: 340px; --smush-placeholder-aspect-ratio: 340\/226;\" \/><\/a>Sal\u00e3o do Autom\u00f3vel, edi\u00e7\u00e3o 2014, S\u00e9rgio Ferreira de volta \u00e0 Chrysler\/Jeep como diretor geral, apresentou o Jeep Renegade, caracter\u00edsticas, vers\u00f5es, e o indicou como futuro l\u00edder do segmento. Parecia entusiasmo de vendedor, mas transformou-se em verdade num\u00e9rica, com o menor dos Jeeps cumprindo brilhante campanha de vendas, alternando a lideran\u00e7a do segmento.<\/p>\n<p>Est\u00e1 integrado \u00e0 aura da fam\u00edlia, por si s\u00f3 surpresa mundial, com n\u00fameros de vendas e lucros superiores a cada trimestre. O Renegade \u00e9 produto mundial, feito no Brasil, It\u00e1lia e China. Tem amplo leque de vers\u00f5es. De motor 1,8 flex, transmiss\u00e3o manual ou autom\u00e1tica; e diesel 2,0, caixa autom\u00e1tica com 9 marchas, tra\u00e7\u00e3o nas 4 rodas, marcha reduzida, maior altura livre do solo.<\/p>\n<p><strong>Mais<\/strong>\nPara 2017 Jeep criou vers\u00e3o Limited, superior \u00e0s vers\u00f5es tracionadas por motor flex. Ser\u00e1 identificada pela grade frontal prateada, valorizando o padr\u00e3o de decora\u00e7\u00e3o. As vers\u00f5es flex s\u00e3o as mais vendidas.<\/p>\n<p>Foca em economia e ecologia. Inicia com os pneus verdes, de menor resist\u00eancia \u00e0 rolagem, sem prejudicar ader\u00eancia e dist\u00e2ncia de frenagem, auxiliando reduzir o consumo de combust\u00edvel. Mesmo objetivo, o equipamento Stop\/Start <a href=\"https:\/\/autolivraria.com.br\/bc\/glossario-p\/#para\" target=\"_blank\">desliga o motor<\/a> nas paradas, poupando combust\u00edvel, reduzindo emiss\u00f5es poluentes. Ponto superior, para todas as vers\u00f5es flex, motor 1,8 adota <a href=\"https:\/\/autolivraria.com.br\/bc\/glossario-c\/#cole\" target=\"_blank\">coletor de admiss\u00e3o vari\u00e1vel<\/a>, elevando a pot\u00eancia a 135\/139 cv e torque de 18,8 m-kgf, surgindo 80% abaixo de 2.000 rpm. Na pr\u00e1tica, sensa\u00e7\u00e3o de mais for\u00e7a em rota\u00e7\u00f5es inferiores, permitindo menos redu\u00e7\u00f5es. Na evolu\u00e7\u00e3o suprimiu-se o tanquinho de gasolina para a partida.<\/p><\/div><\/div>\n<a href='https:\/\/autolivraria.com.br\/bc\/informe-se\/colunas\/de-carro-por-ai\/utilitarios-esporte-jipinhos-atracoes-do-salao\/' class='small-button smallsilver'>Coluna anterior<\/a>\n<p><i>A coluna expressa as opini\u00f5es do colunista e n\u00e3o as do Best Cars<\/i><\/p>\n<p>&nbsp;<\/p>\n","protected":false},"excerpt":{"rendered":"<p>VW frustrou quem esperava salto: o poderoso V6 turbodiesel de 3,0 litros fica para meados do ano que vem<\/p>\n","protected":false},"author":6,"featured_media":75031,"comment_status":"open","ping_status":"closed","sticky":false,"template":"","format":"standard","meta":{"_joinchat":[],"footnotes":""},"categories":[3337],"tags":[664,153,3338,496,632,4021],"class_list":["post-79565","post","type-post","status-publish","format-standard","has-post-thumbnail","hentry","category-de-carro-por-ai","tag-amarok","tag-colunas-2","tag-de-carro-por-ai-2","tag-hilux","tag-salao-de-sao-paulo","tag-salao-de-sao-paulo-2016"],"amp_enabled":true,"_links":{"self":[{"href":"https:\/\/autolivraria.com.br\/bc\/wp-json\/wp\/v2\/posts\/79565","targetHints":{"allow":["GET"]}}],"collection":[{"href":"https:\/\/autolivraria.com.br\/bc\/wp-json\/wp\/v2\/posts"}],"about":[{"href":"https:\/\/autolivraria.com.br\/bc\/wp-json\/wp\/v2\/types\/post"}],"author":[{"embeddable":true,"href":"https:\/\/autolivraria.com.br\/bc\/wp-json\/wp\/v2\/users\/6"}],"replies":[{"embeddable":true,"href":"https:\/\/autolivraria.com.br\/bc\/wp-json\/wp\/v2\/comments?post=79565"}],"version-history":[{"count":0,"href":"https:\/\/autolivraria.com.br\/bc\/wp-json\/wp\/v2\/posts\/79565\/revisions"}],"wp:featuredmedia":[{"embeddable":true,"href":"https:\/\/autolivraria.com.br\/bc\/wp-json\/wp\/v2\/media\/75031"}],"wp:attachment":[{"href":"https:\/\/autolivraria.com.br\/bc\/wp-json\/wp\/v2\/media?parent=79565"}],"wp:term":[{"taxonomy":"category","embeddable":true,"href":"https:\/\/autolivraria.com.br\/bc\/wp-json\/wp\/v2\/categories?post=79565"},{"taxonomy":"post_tag","embeddable":true,"href":"https:\/\/autolivraria.com.br\/bc\/wp-json\/wp\/v2\/tags?post=79565"}],"curies":[{"name":"wp","href":"https:\/\/api.w.org\/{rel}","templated":true}]}}