{"id":79572,"date":"2016-11-04T00:05:37","date_gmt":"2016-11-04T03:05:37","guid":{"rendered":"http:\/\/bestcars.uol.com.br\/bc\/?p=79572"},"modified":"2017-02-13T15:39:17","modified_gmt":"2017-02-13T18:39:17","slug":"suzuki-gladius-650","status":"publish","type":"post","link":"https:\/\/autolivraria.com.br\/bc\/participe\/opinioes-proprietarios-motos\/teste-do-leitor-motos-suzuki\/suzuki-gladius-650\/","title":{"rendered":"Suzuki Gladius 650"},"content":{"rendered":"<p><img fetchpriority=\"high\" decoding=\"async\" class=\"aligncenter size-full wp-image-79573\" src=\"https:\/\/autolivraria.com.br\/bc\/wp-content\/uploads\/2016\/11\/Suzuki-Gladius.jpg\" alt=\"Suzuki Gladius\" width=\"500\" height=\"330\" srcset=\"https:\/\/autolivraria.com.br\/bc\/wp-content\/uploads\/2016\/11\/Suzuki-Gladius.jpg 500w, https:\/\/autolivraria.com.br\/bc\/wp-content\/uploads\/2016\/11\/Suzuki-Gladius-340x224.jpg 340w, https:\/\/autolivraria.com.br\/bc\/wp-content\/uploads\/2016\/11\/Suzuki-Gladius-222x147.jpg 222w\" sizes=\"(max-width: 500px) 100vw, 500px\" \/><\/p>\n<p>&nbsp;<\/p>\n<p>&nbsp;<\/p>\n<p>[Nome] Elioz\u00e9as Vicente de Almeida<br \/>\n[Cidade] Salvador<br \/>\n[Estado] BA<\/p>\n<p>[Vers\u00e3o] Naked sem ABS<br \/>\n[Motor] 650<br \/>\n[Ano-modelo] 2015<br \/>\n[Quilometragem atual] 15.000 km<br \/>\n[Combust\u00edvel] Gasolina<br \/>\n[Tempo h\u00e1 que possui] De 1 a 3 anos<\/p>\n<p>[Grau de satisfa\u00e7\u00e3o com a moto] Parcialmente satisfeito(a)<br \/>\n[Grau de satisfa\u00e7\u00e3o com a rede de concession\u00e1rias] Parcialmente satisfeito(a)<\/p>\n<p>[Estilo] 4<br \/>\n[Acabamento] 4<br \/>\n[Posi\u00e7\u00e3o de pilotar]<br \/>\n[Instrumentos] 3<br \/>\n[Conforto] 3<br \/>\n[Motor] 5<br \/>\n[Desempenho] 5<br \/>\n[Consumo]<br \/>\n[C\u00e2mbio] 5<br \/>\n[Freios] 4<br \/>\n[Suspens\u00e3o] 4<br \/>\n[Estabilidade] 4<br \/>\n[Custo-benef\u00edcio] 3<\/p>\n<p>[Principais aspectos positivos] Motor muito forte e confi\u00e1vel. Moto de 650 cc, mas consumo se aproximando de uma 250 cc. Geralmente o consumo na cidade fica em torno de 24 km\/L e em rodovias a 120 km\/h em torno de 26 km\/L. Modelo naked muito bonito, pessoa de baixa estatura pode conduzi-la sem problemas. Transita entre carros na cidade grande como se fosse uma moto pequena. Firme nas ultrapassagens, nas curvas e boa para se conduzir.<\/p>\n<p>[Principais aspectos negativos] O banco n\u00e3o \u00e9 confort\u00e1vel em viagens longas tanto para o piloto quanto para o carona. A falta de acess\u00f3rios no mercado brasileiro, h\u00e1 pouca coisa para essa moto especialmente protetor de motor, bagageiro e separador de alforjes. Equipei a moto com protetor alem\u00e3o e bagageiro italiano, tudo muito caro. Pe\u00e7as de reposi\u00e7\u00e3o muito cara, um retrovisor custa cerca de 600 reais e por a\u00ed vai.<\/p>\n<p>[Defeitos apresentados] Nenhum problema aos 16.000 km rodados.<\/p>\n<p>[Concession\u00e1rias] Em Salvador-BA duas cc de um \u00fanico dono, quem necessita dos servi\u00e7os paga caro.<\/p>\n<p>[Coment\u00e1rios adicionais] O calcanhar de Aquiles dessa moto \u00e9 o mercado. Desvaloriza demasiadamente para quem compra zero km e pensa em trocar ou vender. \u00c9 a maior desvaloriza\u00e7\u00e3o de mercado que j\u00e1 vi nos meus 42 anos de motociclista. Paguei nela R$ 28.200,00 (com frete, sem emplacamento), equipei com cerca de R$ 4.000,00 (paguei R$ 3.080,00 de seguro mas isso fica a parte) e um ano depois o maior valor que encontrei foi R$ 20.000,00 na troca por outro modelo. Se voc\u00ea \u00e9 daqueles que n\u00e3o gosta de perder dinheiro desista de comprar zero, compre usada e bem conservada para n\u00e3o perder tanto.<\/p>\n<p>[Best Cars] Excelente ferramenta de informa\u00e7\u00e3o especialmente aos compradores.<\/p>\n<p>[Data de publica\u00e7\u00e3o] 4\/11\/16<\/p>\n<p>\u2014<\/p>\n<p>&nbsp;<\/p>\n\n<p>&nbsp;<\/p>\n","protected":false},"excerpt":{"rendered":"<p>Leia opini\u00f5es de propriet\u00e1rios e envie a sua<\/p>\n","protected":false},"author":6,"featured_media":79573,"comment_status":"open","ping_status":"closed","sticky":false,"template":"","format":"standard","meta":{"_joinchat":[],"footnotes":""},"categories":[4078],"tags":[2549,81,1275,3636,1274],"class_list":["post-79572","post","type-post","status-publish","format-standard","has-post-thumbnail","hentry","category-teste-do-leitor-motos-suzuki","tag-gladius","tag-motos-2","tag-opiniao-de-proprietarios","tag-suzuki-motos","tag-teste-do-leitor"],"amp_enabled":true,"_links":{"self":[{"href":"https:\/\/autolivraria.com.br\/bc\/wp-json\/wp\/v2\/posts\/79572","targetHints":{"allow":["GET"]}}],"collection":[{"href":"https:\/\/autolivraria.com.br\/bc\/wp-json\/wp\/v2\/posts"}],"about":[{"href":"https:\/\/autolivraria.com.br\/bc\/wp-json\/wp\/v2\/types\/post"}],"author":[{"embeddable":true,"href":"https:\/\/autolivraria.com.br\/bc\/wp-json\/wp\/v2\/users\/6"}],"replies":[{"embeddable":true,"href":"https:\/\/autolivraria.com.br\/bc\/wp-json\/wp\/v2\/comments?post=79572"}],"version-history":[{"count":0,"href":"https:\/\/autolivraria.com.br\/bc\/wp-json\/wp\/v2\/posts\/79572\/revisions"}],"wp:featuredmedia":[{"embeddable":true,"href":"https:\/\/autolivraria.com.br\/bc\/wp-json\/wp\/v2\/media\/79573"}],"wp:attachment":[{"href":"https:\/\/autolivraria.com.br\/bc\/wp-json\/wp\/v2\/media?parent=79572"}],"wp:term":[{"taxonomy":"category","embeddable":true,"href":"https:\/\/autolivraria.com.br\/bc\/wp-json\/wp\/v2\/categories?post=79572"},{"taxonomy":"post_tag","embeddable":true,"href":"https:\/\/autolivraria.com.br\/bc\/wp-json\/wp\/v2\/tags?post=79572"}],"curies":[{"name":"wp","href":"https:\/\/api.w.org\/{rel}","templated":true}]}}