{"id":80059,"date":"2016-11-18T08:00:33","date_gmt":"2016-11-18T11:00:33","guid":{"rendered":"http:\/\/bestcars.uol.com.br\/bc\/?p=80059"},"modified":"2017-04-07T15:59:32","modified_gmt":"2017-04-07T18:59:32","slug":"mercado-de-motos-o-que-esperar-de-2017","status":"publish","type":"post","link":"https:\/\/autolivraria.com.br\/bc\/informe-se\/colunas\/motite\/mercado-de-motos-o-que-esperar-de-2017\/","title":{"rendered":"Mercado de motos: o que esperar de 2017"},"content":{"rendered":"<p><img fetchpriority=\"high\" decoding=\"async\" class=\"aligncenter size-full wp-image-74415\" src=\"https:\/\/autolivraria.com.br\/bc\/wp-content\/uploads\/2016\/06\/Motite-696.jpg\" alt=\"Motite\" width=\"696\" height=\"107\" srcset=\"https:\/\/autolivraria.com.br\/bc\/wp-content\/uploads\/2016\/06\/Motite-696.jpg 696w, https:\/\/autolivraria.com.br\/bc\/wp-content\/uploads\/2016\/06\/Motite-696-340x52.jpg 340w, https:\/\/autolivraria.com.br\/bc\/wp-content\/uploads\/2016\/06\/Motite-696-222x34.jpg 222w\" sizes=\"(max-width: 696px) 100vw, 696px\" \/><\/p>\n<h2>Para o setor reagir a um per\u00edodo sombrio, a\u00a0ind\u00fastria e o com\u00e9rcio precisam rever alguns velhos conceitos<\/h2>\n<p>&nbsp;<\/p>\n<p>A cada nova reuni\u00e3o para apresentar os dados do mercado brasileiro de motos, os executivos da Abraciclo \u2014 Associa\u00e7\u00e3o dos Fabricantes de Motocicletas, Motonetas, Ciclomotores, Bicicletas e similares \u2014 se desdobram para encontrar uma sa\u00edda para a crise que atingiu o setor. Um mercado que j\u00e1 chegou a dois milh\u00f5es de unidades vendidas, com potencial para cinco milh\u00f5es, se viu em minguados 900 mil em apenas tr\u00eas anos. \u00c9 como se o setor desse marcha \u00e0 r\u00e9 a uma realidade de 10 anos atr\u00e1s. Como reverter essa tend\u00eancia?<\/p>\n<p>Primeiro, o Pa\u00eds todo precisa reagir. E \u00e9 o que se espera nos primeiros meses de 2017. Mas a ind\u00fastria tamb\u00e9m precisa rever alguns velhos conceitos e os comerciantes t\u00eam de esquecer a boa fase de \u201ctiradores de pedidos\u201d para come\u00e7ar a correr atr\u00e1s de clientes \u2014 sobretudo de novos clientes.<\/p>\n<p>&nbsp;<\/p>\n<blockquote><p>Dispararam as ofertas de motos usadas e aumentou o n\u00famero de lojas especializadas nesse tipo de moto: \u00e9 esse mercado que est\u00e1 fazendo girar o com\u00e9rcio<\/p><\/blockquote>\n<p>&nbsp;<\/p>\n<p>Um dado curioso: faz uns 10 anos que o mercado brasileiro de motos movimenta quatro milh\u00f5es de unidades. Movimentar significa que quatro milh\u00f5es de motos s\u00e3o comercializadas, entre novas e usadas. Em 2012 essa divis\u00e3o representava 50% entre novas e usadas. Hoje o mercado de motos zero km representa 30%, sendo que os outros 70% s\u00e3o de usadas, mas continuam os mesmos quatro milh\u00f5es. Ou seja: o mercado estacionou e o de novas andou para tr\u00e1s.<\/p>\n<p>Basta uma r\u00e1pida visita aos sites de classificados para ver como dispararam as ofertas de motos usadas. Tamb\u00e9m aumentou o n\u00famero de lojas especializadas nesse tipo de moto. \u00c9 esse mercado que est\u00e1 fazendo girar o com\u00e9rcio, felizmente.<\/p>\n<p>Mesmo com a queda no com\u00e9rcio de motos zero-quil\u00f4metro, os fabricantes n\u00e3o param de lan\u00e7ar produtos e at\u00e9 assistimos a chegada de novas marcas ao Brasil, como a Piaggio com a Vespa. N\u00e3o se trata de uma esp\u00e9cie de masoquismo comercial, mas de uma verdade insofism\u00e1vel que todo mundo do setor j\u00e1 conhece h\u00e1 d\u00e9cadas: novidade vende \u2014 em especial no Brasil, que tem um dos consumidores mais \u201cnovidadeiros\u201d do mundo. N\u00f3s gostamos de novidades, mesmo que isso custe um carn\u00ea cheio de p\u00e1ginas.<\/p>\n<p>&nbsp;<\/p>\n<div class='code-block code-block-6' style='margin: 28px auto; text-align: center; display: block; clear: both;'>\n<script async src=\"https:\/\/pagead2.googlesyndication.com\/pagead\/js\/adsbygoogle.js\"><\/script>\n<!-- AL-quadrado -->\n<ins class=\"adsbygoogle\"\n     style=\"display:block\"\n     data-ad-client=\"ca-pub-1914799802606213\"\n     data-ad-slot=\"5683066082\"\n     data-ad-format=\"auto\"\n     data-full-width-responsive=\"true\"><\/ins>\n<script>\n     (adsbygoogle = window.adsbygoogle || []).push({});\n<\/script><\/div>\n\n<p>&nbsp;<\/p>\n<h2>Furor consumista<\/h2>\n<p>Veja que praticamente todas as marcas que atuam no Brasil, nos setores de duas e quatro rodas, apresentaram novos modelos em 2016, sobretudo as de autom\u00f3vel. Essa \u00e9 a t\u00e1tica para atuar em um mercado em crise: lan\u00e7ar coisa nova e aproveitar o furor consumista que a novidade provoca. Como participamos de lan\u00e7amentos de autom\u00f3vel e motocicletas, 2016 foi um ano de fazer malas, viajar, avaliar, escrever e comentar.<\/p>\n<figure id=\"attachment_80060\" aria-describedby=\"caption-attachment-80060\" style=\"width: 340px\" class=\"wp-caption alignright\"><a href=\"https:\/\/autolivraria.com.br\/bc\/wp-content\/uploads\/2016\/11\/Honda-Africa-Twin.jpg\" rel=\"attachment wp-att-80060\"><img decoding=\"async\" class=\"size-medium wp-image-80060 lazyload\" data-src=\"https:\/\/autolivraria.com.br\/bc\/wp-content\/uploads\/2016\/11\/Honda-Africa-Twin-340x227.jpg\" alt=\"Honda Africa Twin, um dos principais lan\u00e7amento do ano no setor\" width=\"340\" height=\"227\" data-srcset=\"https:\/\/autolivraria.com.br\/bc\/wp-content\/uploads\/2016\/11\/Honda-Africa-Twin-340x227.jpg 340w, https:\/\/autolivraria.com.br\/bc\/wp-content\/uploads\/2016\/11\/Honda-Africa-Twin-696x464.jpg 696w, https:\/\/autolivraria.com.br\/bc\/wp-content\/uploads\/2016\/11\/Honda-Africa-Twin-630x420.jpg 630w, https:\/\/autolivraria.com.br\/bc\/wp-content\/uploads\/2016\/11\/Honda-Africa-Twin-222x148.jpg 222w, https:\/\/autolivraria.com.br\/bc\/wp-content\/uploads\/2016\/11\/Honda-Africa-Twin.jpg 1280w\" data-sizes=\"(max-width: 340px) 100vw, 340px\" src=\"data:image\/svg+xml;base64,PHN2ZyB3aWR0aD0iMSIgaGVpZ2h0PSIxIiB4bWxucz0iaHR0cDovL3d3dy53My5vcmcvMjAwMC9zdmciPjwvc3ZnPg==\" style=\"--smush-placeholder-width: 340px; --smush-placeholder-aspect-ratio: 340\/227;\" \/><\/a><figcaption id=\"caption-attachment-80060\" class=\"wp-caption-text\">Honda Africa Twin, um dos principais lan\u00e7amento do ano no setor<\/figcaption><\/figure>\n<p>Entre as motos, a Honda lan\u00e7ou um produto inesperado, a XRE 190, uma nova NC 750X, trouxe a Africa Twin 1000 e comemorou 40 anos do lan\u00e7amento da CG 125, moto que foi uma esp\u00e9cie de \u201cprofessora\u201d de toda uma gera\u00e7\u00e3o de motociclistas. Em um evento pudemos rodar em diferentes CG, das primeiras at\u00e9 a atual. \u00c9 fant\u00e1stica a evolu\u00e7\u00e3o do ve\u00edculo motorizado mais vendido na hist\u00f3ria da ind\u00fastria brasileira.<\/p>\n<p>A Yamaha investiu pesado no segmento de scooters em 2016. Pioneira ao colocar no mercado o Jog 50 em meados dos anos 90, deixou o mercado livre para a concorr\u00eancia durante quase duas d\u00e9cadas, at\u00e9 que decidiu voltar a um dos poucos segmentos que n\u00e3o enfrenta crise e lan\u00e7ou o NMax 160 e o Neo 125. A rede de concession\u00e1rios aposta no sucesso desse mercado amplamente dominado pela Honda com o PCX 150.<\/p>\n<p>Entre as motos do segmento premium tamb\u00e9m tivemos novidades de peso. A Triumph praticamente renovou toda a linha em 2016 e apostou em uma tend\u00eancia que se espalhou no mundo todo: caf\u00e9-racer. De motos feitas em fundo de quintal, agora essa categoria tem modelos produzidos em s\u00e9rie e uma delas \u00e9 a bel\u00edssima Thruxton 900, com banco em forma de rabeta, guid\u00e3o baixo e at\u00e9 semicarenagem opcional.<\/p>\n\n<p>E na mesma semana que a Honda anunciou a Africa Twin, a Ducati surpreendeu com um lan\u00e7amento mundial: a esportiva Panigale 959, com voca\u00e7\u00e3o 100% voltada para as pistas e motor de 157 cv para um peso a seco de apenas 176 kg, al\u00e9m de v\u00e1rias solu\u00e7\u00f5es eletr\u00f4nicas herdadas da Panigale 1299. Tamb\u00e9m deu continuidade \u00e0 fam\u00edlia Scrambler com a vers\u00e3o Enduro. Trata-se de outro modelo customizado e que atende a uma fatia do mercado que recebeu a moda \u201cretr\u00f4\u201d muito bem.<\/p>\n<p>&nbsp;<\/p>\n<blockquote><p>\u00c9 um tal de dar desconto, aumentar a garantia, mas o vendedor continua sentado atr\u00e1s da mesa: acordem, a fase de tirar pedido acabou<\/p><\/blockquote>\n<p>&nbsp;<\/p>\n<p>Esta \u00e9 outra forma de incentivar o uso e a compra de motos. Engenheiros e estilistas de todas as marcas est\u00e3o olhando para a febre de customiza\u00e7\u00e3o para pegar carona nos futuros lan\u00e7amentos. Toda marca j\u00e1 tem produtos para esse fil\u00e3o, que no Brasil ainda \u00e9 t\u00edmido, mas pode crescer.<\/p>\n<figure id=\"attachment_80062\" aria-describedby=\"caption-attachment-80062\" style=\"width: 340px\" class=\"wp-caption alignleft\"><a href=\"https:\/\/autolivraria.com.br\/bc\/wp-content\/uploads\/2016\/11\/Ducati-959-Panigale-03.jpg\" rel=\"attachment wp-att-80062\"><img decoding=\"async\" class=\"size-medium wp-image-80062 lazyload\" data-src=\"https:\/\/autolivraria.com.br\/bc\/wp-content\/uploads\/2016\/11\/Ducati-959-Panigale-03-340x239.jpg\" alt=\"Irm\u00e3 da 1299, a Ducati 959 Panigale \u00e9 uma das novidades do segmento superior\" width=\"340\" height=\"239\" data-srcset=\"https:\/\/autolivraria.com.br\/bc\/wp-content\/uploads\/2016\/11\/Ducati-959-Panigale-03-340x239.jpg 340w, https:\/\/autolivraria.com.br\/bc\/wp-content\/uploads\/2016\/11\/Ducati-959-Panigale-03-696x489.jpg 696w, https:\/\/autolivraria.com.br\/bc\/wp-content\/uploads\/2016\/11\/Ducati-959-Panigale-03-100x70.jpg 100w, https:\/\/autolivraria.com.br\/bc\/wp-content\/uploads\/2016\/11\/Ducati-959-Panigale-03-597x420.jpg 597w, https:\/\/autolivraria.com.br\/bc\/wp-content\/uploads\/2016\/11\/Ducati-959-Panigale-03-222x156.jpg 222w, https:\/\/autolivraria.com.br\/bc\/wp-content\/uploads\/2016\/11\/Ducati-959-Panigale-03.jpg 1280w\" data-sizes=\"(max-width: 340px) 100vw, 340px\" src=\"data:image\/svg+xml;base64,PHN2ZyB3aWR0aD0iMSIgaGVpZ2h0PSIxIiB4bWxucz0iaHR0cDovL3d3dy53My5vcmcvMjAwMC9zdmciPjwvc3ZnPg==\" style=\"--smush-placeholder-width: 340px; --smush-placeholder-aspect-ratio: 340\/239;\" \/><\/a><figcaption id=\"caption-attachment-80062\" class=\"wp-caption-text\">Irm\u00e3 da 1299, a Ducati 959 Panigale \u00e9 uma das novidades do segmento superior<\/figcaption><\/figure>\n<p>Como se v\u00ea, existe um esfor\u00e7o por parte da ind\u00fastria para atrair novos usu\u00e1rios de motos e uma cren\u00e7a cega de que dias melhores vir\u00e3o na Economia. Modelo novo sempre atrai, mas o que realmente faz a diferen\u00e7a na hora da comercializa\u00e7\u00e3o \u00e9 ter dinheiro na m\u00e3o. Agora falta o com\u00e9rcio fazer sua parte. Em recentes visitas a concession\u00e1rias vimos lojas vazias, pouco iluminadas, sem colorido e aqueles velhos cartazetes de \u201cPromo\u00e7\u00e3o!\u201d.<\/p>\n<p>\u00c9 um tal de dar desconto, supervalorizar as usadas, aumentar a garantia \u2014 mas o vendedor continua sentado atr\u00e1s da mesa, estudando as redes sociais. Oi, acordem, a fase de tirar pedido acabou: agora \u00e9 hora de correr atr\u00e1s do cliente. E mais uma vez \u00e9 preciso chamar aten\u00e7\u00e3o para um v\u00edcio desse mercado, que \u00e9 vender moto para quem j\u00e1 tem ou teve o ve\u00edculo. Pouco se trabalha em cima daqueles que nunca tiveram uma moto.<\/p>\n<p>O mercado precisa achar uma forma de apresentar a moto como ve\u00edculo de transporte e n\u00e3o apenas como uma paix\u00e3o de aventureiro. A verdadeira voca\u00e7\u00e3o das motos no Brasil \u00e9 transporte. O resto \u00e9 quem nem beirada de pizza, s\u00f3 consome por in\u00e9rcia. E aproveitar uma modalidade de venda que \u00e9 inven\u00e7\u00e3o 100% brasileira: o cons\u00f3rcio.<\/p>\n<p>Do total de motos novas vendidas, a divis\u00e3o est\u00e1 bem equilibrada com 1\/3 pelo financiamento normal por banco, 1\/3 \u00e0 vista (inclui o parcelamento pelo cart\u00e3o de cr\u00e9dito) e 1\/3 por cons\u00f3rcio. Apesar de serem recomendadas algumas contas para se avaliar as vantagens de cada um, o cons\u00f3rcio acaba sendo uma op\u00e7\u00e3o para quem n\u00e3o tem pressa \u2014 s\u00f3 que mais uma vez atinge, sobretudo, aqueles que j\u00e1 t\u00eam moto, porque o novo usu\u00e1rio tem pressa em se motorizar.<\/p>\n<p>Ficar s\u00f3 lamentando a crise n\u00e3o vai ajudar o mercado. Usar as mesmas f\u00f3rmulas de 100 anos atr\u00e1s para vender tamb\u00e9m n\u00e3o. O desafio do mercado de motos agora \u00e9 descobrir como ir atr\u00e1s de novos clientes. Podem come\u00e7ar. Mas corram, porque o 13\u00ba sal\u00e1rio est\u00e1 a\u00ed e a concorr\u00eancia com outros \u201cpresentes\u201d \u00e9 grande.<\/p>\n<a href='https:\/\/autolivraria.com.br\/bc\/informe-se\/colunas\/motite\/transito-antes-da-seguranca-a-civilidade\/' class='small-button smallsilver'>Coluna anterior<\/a>\n<p>Geraldo Tite Sim\u00f5es \u00e9 jornalista e instrutor de pilotagem dos cursos Abtrans e Speed Master<\/p>\n<p><em>A coluna expressa as opini\u00f5es do colunista e n\u00e3o as do Best Cars<\/em><\/p>\n<p>&nbsp;<\/p>\n","protected":false},"excerpt":{"rendered":"<p>Para o setor reagir a um per\u00edodo sombrio, a ind\u00fastria e o com\u00e9rcio precisam rever alguns velhos conceitos<\/p>\n","protected":false},"author":6,"featured_media":70807,"comment_status":"open","ping_status":"closed","sticky":false,"template":"","format":"standard","meta":{"_joinchat":[],"footnotes":""},"categories":[3869],"tags":[153,591,3870,81],"class_list":["post-80059","post","type-post","status-publish","format-standard","has-post-thumbnail","hentry","category-motite","tag-colunas-2","tag-mercado","tag-motite","tag-motos-2"],"amp_enabled":true,"_links":{"self":[{"href":"https:\/\/autolivraria.com.br\/bc\/wp-json\/wp\/v2\/posts\/80059","targetHints":{"allow":["GET"]}}],"collection":[{"href":"https:\/\/autolivraria.com.br\/bc\/wp-json\/wp\/v2\/posts"}],"about":[{"href":"https:\/\/autolivraria.com.br\/bc\/wp-json\/wp\/v2\/types\/post"}],"author":[{"embeddable":true,"href":"https:\/\/autolivraria.com.br\/bc\/wp-json\/wp\/v2\/users\/6"}],"replies":[{"embeddable":true,"href":"https:\/\/autolivraria.com.br\/bc\/wp-json\/wp\/v2\/comments?post=80059"}],"version-history":[{"count":0,"href":"https:\/\/autolivraria.com.br\/bc\/wp-json\/wp\/v2\/posts\/80059\/revisions"}],"wp:featuredmedia":[{"embeddable":true,"href":"https:\/\/autolivraria.com.br\/bc\/wp-json\/wp\/v2\/media\/70807"}],"wp:attachment":[{"href":"https:\/\/autolivraria.com.br\/bc\/wp-json\/wp\/v2\/media?parent=80059"}],"wp:term":[{"taxonomy":"category","embeddable":true,"href":"https:\/\/autolivraria.com.br\/bc\/wp-json\/wp\/v2\/categories?post=80059"},{"taxonomy":"post_tag","embeddable":true,"href":"https:\/\/autolivraria.com.br\/bc\/wp-json\/wp\/v2\/tags?post=80059"}],"curies":[{"name":"wp","href":"https:\/\/api.w.org\/{rel}","templated":true}]}}