{"id":80620,"date":"2016-12-06T09:11:28","date_gmt":"2016-12-06T12:11:28","guid":{"rendered":"http:\/\/bestcars.uol.com.br\/bc\/?p=80620"},"modified":"2016-12-08T10:42:52","modified_gmt":"2016-12-08T13:42:52","slug":"hyundai-creta-comeca-em-r-73-mil-veja-as-versoes","status":"publish","type":"post","link":"https:\/\/autolivraria.com.br\/bc\/informe-se\/noticias\/hyundai-creta-comeca-em-r-73-mil-veja-as-versoes\/","title":{"rendered":"Hyundai Creta come\u00e7a em R$ 73 mil: veja as vers\u00f5es"},"content":{"rendered":"<div id='gallery-1' class='gallery galleryid-80620 gallery-columns-1 gallery-size-large'><figure class='gallery-item'>\n\t\t\t<div class='gallery-icon landscape'>\n\t\t\t\t<a href='https:\/\/autolivraria.com.br\/bc\/wp-content\/uploads\/2016\/12\/Hyundai-Creta-01.jpg'><img fetchpriority=\"high\" decoding=\"async\" width=\"696\" height=\"464\" src=\"https:\/\/autolivraria.com.br\/bc\/wp-content\/uploads\/2016\/12\/Hyundai-Creta-01-696x464.jpg\" class=\"attachment-large size-large\" alt=\"\" \/><\/a>\n\t\t\t<\/div><\/figure>\n\t\t<\/div>\n\n<p>&nbsp;<\/p>\n<p>A Hyundai apresenta o Creta, utilit\u00e1rio esporte compacto que vem concorrer na faixa de Ford Ecosport, Honda HR-V, Jeep Renegade e Nissan Kicks, entre outros. Est\u00e1 dispon\u00edvel em tr\u00eas vers\u00f5es de acabamento e com motores de 1,6 e 2,0 litros, com op\u00e7\u00e3o entre caixas manual e autom\u00e1tica (de seis marchas nos dois casos) para o 1,6 e apenas autom\u00e1tica no 2,0, sempre com tra\u00e7\u00e3o dianteira. A produ\u00e7\u00e3o \u00e9 em Piracicaba, SP, na mesma f\u00e1brica do HB20.<\/p>\n<p>Conhe\u00e7a os pre\u00e7os e equipamentos de cada vers\u00e3o:<\/p>\n<p>&nbsp;<\/p>\n<div class='code-block code-block-7' style='margin: 28px auto; text-align: center; display: block; clear: both;'>\n<script async src=\"https:\/\/pagead2.googlesyndication.com\/pagead\/js\/adsbygoogle.js\"><\/script>\n<!-- AL-quadrado -->\n<ins class=\"adsbygoogle\"\n     style=\"display:block\"\n     data-ad-client=\"ca-pub-1914799802606213\"\n     data-ad-slot=\"5683066082\"\n     data-ad-format=\"auto\"\n     data-full-width-responsive=\"true\"><\/ins>\n<script>\n     (adsbygoogle = window.adsbygoogle || []).push({});\n<\/script><\/div>\n\n<p>&nbsp;<\/p>\n<p>\u2022 <strong>Creta Attitude<\/strong> 1,6 autom\u00e1tico (apenas para pessoas com defici\u00eancia, R$ 70 mil) e 1,6 manual (R$ 73 mil): alarme, ar-condicionado, comandos de \u00e1udio no volante, computador de bordo, dire\u00e7\u00e3o com assist\u00eancia el\u00e9trica, fixa\u00e7\u00e3o <a href=\"https:\/\/autolivraria.com.br\/bc\/glossario-i\/#isof\" target=\"_blank\">Isofix<\/a> para cadeiras infantis, monitor de press\u00e3o dos pneus, <a href=\"https:\/\/autolivraria.com.br\/bc\/glossario-p\/#para\" target=\"_blank\">parada\/partida autom\u00e1tica<\/a> do motor, r\u00e1dio com entrada USB\/auxiliar e Bluetooth, rodas de alum\u00ednio de 16 pol, volante ajust\u00e1vel em altura e dist\u00e2ncia. Bolsas infl\u00e1veis s\u00e3o apenas as frontais.<\/p>\n<p>\u2022 <strong>Creta Pulse<\/strong> 1,6 manual (R$ 78.290): como o Attitude, mais <a href=\"https:\/\/autolivraria.com.br\/bc\/glossario-a\/#ramp\" target=\"_blank\">assistente de sa\u00edda em rampa<\/a>, <a href=\"https:\/\/autolivraria.com.br\/bc\/glossario-c\/#esp\" target=\"_blank\">controle eletr\u00f4nico de estabilidade e tra\u00e7\u00e3o<\/a>, far\u00f3is de neblina, sensores de estacionamento na traseira.<\/p>\n<p>\u2022 <strong>Creta Pulse<\/strong> 1,6 autom\u00e1tico (R$ 85.240): como o Pulse 1,6 manual, mais <a href=\"https:\/\/autolivraria.com.br\/bc\/glossario-c\/#cont\" target=\"_blank\">controlador de velocidade<\/a>, rodas de alum\u00ednio de 17 pol.<\/p>\n<p>&nbsp;<\/p>\n<div id='gallery-2' class='gallery galleryid-80620 gallery-columns-1 gallery-size-large'><figure class='gallery-item'>\n\t\t\t<div class='gallery-icon landscape'>\n\t\t\t\t<a href='https:\/\/autolivraria.com.br\/bc\/wp-content\/uploads\/2016\/12\/Hyundai-Creta-04.jpg'><img decoding=\"async\" width=\"696\" height=\"464\" data-src=\"https:\/\/autolivraria.com.br\/bc\/wp-content\/uploads\/2016\/12\/Hyundai-Creta-04-696x464.jpg\" class=\"attachment-large size-large lazyload\" alt=\"\" src=\"data:image\/svg+xml;base64,PHN2ZyB3aWR0aD0iMSIgaGVpZ2h0PSIxIiB4bWxucz0iaHR0cDovL3d3dy53My5vcmcvMjAwMC9zdmciPjwvc3ZnPg==\" style=\"--smush-placeholder-width: 696px; --smush-placeholder-aspect-ratio: 696\/464;\" \/><\/a>\n\t\t\t<\/div><\/figure>\n\t\t<\/div>\n\n<p>&nbsp;<\/p>\n<p>\u2022 <strong>Creta Pulse<\/strong> 2,0 autom\u00e1tico (R$ 92.490): como o Pulse 1,6 autom\u00e1tico, mais controle el\u00e9trico de vidros com <a href=\"https:\/\/autolivraria.com.br\/bc\/glossario-u\/#umto\" target=\"_blank\">fun\u00e7\u00e3o um-toque<\/a> e abertura\/fechamento a dist\u00e2ncia, far\u00f3is <a href=\"https:\/\/autolivraria.com.br\/bc\/glossario-e\/#elip\" target=\"_blank\">elipsoidais<\/a> com luzes diurnas em leds.<\/p>\n<p>\u2022 <strong>Creta Prestige<\/strong> 2,0 autom\u00e1tico (R$ 99.490): como o Pulse 2,0 autom\u00e1tico, mais ar-condicionado autom\u00e1tico, bancos revestidos em couro marrom com ventila\u00e7\u00e3o para o motorista, bolsas infl\u00e1veis laterais e de cortina, c\u00e2mera traseira de manobras, chave presencial para acesso e partida, far\u00f3is autom\u00e1ticos, navegador, rebatimento el\u00e9trico dos retrovisores, sistema de \u00e1udio Blue Media com tela t\u00e1til de 7 polegadas e integra\u00e7\u00e3o a celular (Car Play e Android Auto).<\/p>\n\n<p>O Creta baseia-se na plataforma do Elantra, do qual usa o motor de 2,0 litros e quatro v\u00e1lvulas por cilindro com pot\u00eancia de 156 cv e torque de 19,1 m.kgf (gasolina) ou 166 cv\/20,5 m.kgf (\u00e1lcool). J\u00e1 a vers\u00e3o 1,6, tamb\u00e9m com 16 v\u00e1lvulas, recorre \u00e0 unidade do HB20 com a adi\u00e7\u00e3o de <a href=\"https:\/\/autolivraria.com.br\/bc\/glossario-v\/#vari\" target=\"_blank\">varia\u00e7\u00e3o do tempo de abertura das v\u00e1lvulas<\/a> de escapamento (em vez de apenas nas de admiss\u00e3o), o que a deixa com 123 cv\/16 m.kgf (gasolina) ou 130 cv\/16,5 m.kgf (\u00e1lcool). O utilit\u00e1rio mede 4,27 metros de comprimento com 2,59 m entre eixos e tem capacidade de bagagem de 431 litros.<\/p>\n<p>A Hyundai n\u00e3o convidou o <strong>Best Cars<\/strong> para conhecer o Creta, o que lamentamos, pelo que n\u00e3o\u00a0ser\u00e1 publicada avalia\u00e7\u00e3o por enquanto.<\/p>\n<p>&nbsp;<\/p>\n<div id='gallery-3' class='gallery galleryid-80620 gallery-columns-2 gallery-size-medium'><figure class='gallery-item'>\n\t\t\t<div class='gallery-icon landscape'>\n\t\t\t\t<a href='https:\/\/autolivraria.com.br\/bc\/wp-content\/uploads\/2016\/12\/Hyundai-Creta-01.jpg'><img decoding=\"async\" width=\"340\" height=\"227\" data-src=\"https:\/\/autolivraria.com.br\/bc\/wp-content\/uploads\/2016\/12\/Hyundai-Creta-01-340x227.jpg\" class=\"attachment-medium size-medium lazyload\" alt=\"\" src=\"data:image\/svg+xml;base64,PHN2ZyB3aWR0aD0iMSIgaGVpZ2h0PSIxIiB4bWxucz0iaHR0cDovL3d3dy53My5vcmcvMjAwMC9zdmciPjwvc3ZnPg==\" style=\"--smush-placeholder-width: 340px; --smush-placeholder-aspect-ratio: 340\/227;\" \/><\/a>\n\t\t\t<\/div><\/figure><figure class='gallery-item'>\n\t\t\t<div class='gallery-icon landscape'>\n\t\t\t\t<a href='https:\/\/autolivraria.com.br\/bc\/wp-content\/uploads\/2016\/12\/Hyundai-Creta-02.jpg'><img decoding=\"async\" width=\"340\" height=\"227\" data-src=\"https:\/\/autolivraria.com.br\/bc\/wp-content\/uploads\/2016\/12\/Hyundai-Creta-02-340x227.jpg\" class=\"attachment-medium size-medium lazyload\" alt=\"\" src=\"data:image\/svg+xml;base64,PHN2ZyB3aWR0aD0iMSIgaGVpZ2h0PSIxIiB4bWxucz0iaHR0cDovL3d3dy53My5vcmcvMjAwMC9zdmciPjwvc3ZnPg==\" style=\"--smush-placeholder-width: 340px; --smush-placeholder-aspect-ratio: 340\/227;\" \/><\/a>\n\t\t\t<\/div><\/figure><figure class='gallery-item'>\n\t\t\t<div class='gallery-icon landscape'>\n\t\t\t\t<a href='https:\/\/autolivraria.com.br\/bc\/wp-content\/uploads\/2016\/12\/Hyundai-Creta-03.jpg'><img decoding=\"async\" width=\"340\" height=\"227\" data-src=\"https:\/\/autolivraria.com.br\/bc\/wp-content\/uploads\/2016\/12\/Hyundai-Creta-03-340x227.jpg\" class=\"attachment-medium size-medium lazyload\" alt=\"\" src=\"data:image\/svg+xml;base64,PHN2ZyB3aWR0aD0iMSIgaGVpZ2h0PSIxIiB4bWxucz0iaHR0cDovL3d3dy53My5vcmcvMjAwMC9zdmciPjwvc3ZnPg==\" style=\"--smush-placeholder-width: 340px; --smush-placeholder-aspect-ratio: 340\/227;\" \/><\/a>\n\t\t\t<\/div><\/figure><figure class='gallery-item'>\n\t\t\t<div class='gallery-icon landscape'>\n\t\t\t\t<a href='https:\/\/autolivraria.com.br\/bc\/wp-content\/uploads\/2016\/12\/Hyundai-Creta-04.jpg'><img decoding=\"async\" width=\"340\" height=\"227\" data-src=\"https:\/\/autolivraria.com.br\/bc\/wp-content\/uploads\/2016\/12\/Hyundai-Creta-04-340x227.jpg\" class=\"attachment-medium size-medium lazyload\" alt=\"\" src=\"data:image\/svg+xml;base64,PHN2ZyB3aWR0aD0iMSIgaGVpZ2h0PSIxIiB4bWxucz0iaHR0cDovL3d3dy53My5vcmcvMjAwMC9zdmciPjwvc3ZnPg==\" style=\"--smush-placeholder-width: 340px; --smush-placeholder-aspect-ratio: 340\/227;\" \/><\/a>\n\t\t\t<\/div><\/figure><figure class='gallery-item'>\n\t\t\t<div class='gallery-icon landscape'>\n\t\t\t\t<a href='https:\/\/autolivraria.com.br\/bc\/wp-content\/uploads\/2016\/12\/Hyundai-Creta-05.jpg'><img decoding=\"async\" width=\"340\" height=\"227\" data-src=\"https:\/\/autolivraria.com.br\/bc\/wp-content\/uploads\/2016\/12\/Hyundai-Creta-05-340x227.jpg\" class=\"attachment-medium size-medium lazyload\" alt=\"\" src=\"data:image\/svg+xml;base64,PHN2ZyB3aWR0aD0iMSIgaGVpZ2h0PSIxIiB4bWxucz0iaHR0cDovL3d3dy53My5vcmcvMjAwMC9zdmciPjwvc3ZnPg==\" style=\"--smush-placeholder-width: 340px; --smush-placeholder-aspect-ratio: 340\/227;\" \/><\/a>\n\t\t\t<\/div><\/figure><figure class='gallery-item'>\n\t\t\t<div class='gallery-icon landscape'>\n\t\t\t\t<a href='https:\/\/autolivraria.com.br\/bc\/wp-content\/uploads\/2016\/12\/Hyundai-Creta-06.jpg'><img decoding=\"async\" width=\"340\" height=\"226\" data-src=\"https:\/\/autolivraria.com.br\/bc\/wp-content\/uploads\/2016\/12\/Hyundai-Creta-06-340x226.jpg\" class=\"attachment-medium size-medium lazyload\" alt=\"\" src=\"data:image\/svg+xml;base64,PHN2ZyB3aWR0aD0iMSIgaGVpZ2h0PSIxIiB4bWxucz0iaHR0cDovL3d3dy53My5vcmcvMjAwMC9zdmciPjwvc3ZnPg==\" style=\"--smush-placeholder-width: 340px; --smush-placeholder-aspect-ratio: 340\/226;\" \/><\/a>\n\t\t\t<\/div><\/figure>\n\t\t<\/div>\n\n<p><em>Texto da equipe &#8211; Fotos: divulga\u00e7\u00e3o<\/em><\/p>\n","protected":false},"excerpt":{"rendered":"<p>&nbsp; A Hyundai apresenta o Creta, utilit\u00e1rio esporte compacto que vem concorrer na faixa de Ford Ecosport, Honda HR-V, Jeep Renegade e Nissan Kicks, entre outros. Est\u00e1 dispon\u00edvel em tr\u00eas vers\u00f5es de acabamento e com motores de 1,6 e 2,0 litros, com op\u00e7\u00e3o entre caixas manual e autom\u00e1tica (de seis marchas nos dois casos) para<\/p>\n","protected":false},"author":6,"featured_media":80621,"comment_status":"open","ping_status":"closed","sticky":false,"template":"","format":"standard","meta":{"_joinchat":[],"footnotes":""},"categories":[8],"tags":[3625,63,94,349],"class_list":["post-80620","post","type-post","status-publish","format-standard","has-post-thumbnail","hentry","category-noticias","tag-creta","tag-hyundai","tag-noticias-2","tag-utilitario-esporte"],"amp_enabled":true,"_links":{"self":[{"href":"https:\/\/autolivraria.com.br\/bc\/wp-json\/wp\/v2\/posts\/80620","targetHints":{"allow":["GET"]}}],"collection":[{"href":"https:\/\/autolivraria.com.br\/bc\/wp-json\/wp\/v2\/posts"}],"about":[{"href":"https:\/\/autolivraria.com.br\/bc\/wp-json\/wp\/v2\/types\/post"}],"author":[{"embeddable":true,"href":"https:\/\/autolivraria.com.br\/bc\/wp-json\/wp\/v2\/users\/6"}],"replies":[{"embeddable":true,"href":"https:\/\/autolivraria.com.br\/bc\/wp-json\/wp\/v2\/comments?post=80620"}],"version-history":[{"count":0,"href":"https:\/\/autolivraria.com.br\/bc\/wp-json\/wp\/v2\/posts\/80620\/revisions"}],"wp:featuredmedia":[{"embeddable":true,"href":"https:\/\/autolivraria.com.br\/bc\/wp-json\/wp\/v2\/media\/80621"}],"wp:attachment":[{"href":"https:\/\/autolivraria.com.br\/bc\/wp-json\/wp\/v2\/media?parent=80620"}],"wp:term":[{"taxonomy":"category","embeddable":true,"href":"https:\/\/autolivraria.com.br\/bc\/wp-json\/wp\/v2\/categories?post=80620"},{"taxonomy":"post_tag","embeddable":true,"href":"https:\/\/autolivraria.com.br\/bc\/wp-json\/wp\/v2\/tags?post=80620"}],"curies":[{"name":"wp","href":"https:\/\/api.w.org\/{rel}","templated":true}]}}