{"id":819,"date":"2012-07-01T03:00:45","date_gmt":"2012-07-01T06:00:45","guid":{"rendered":"http:\/\/bestcars.uol.com.br\/bc\/?p=819"},"modified":"2016-10-04T09:28:34","modified_gmt":"2016-10-04T12:28:34","slug":"renault-anteriores","status":"publish","type":"post","link":"https:\/\/autolivraria.com.br\/bc\/informe-se\/passado\/renault-anteriores\/","title":{"rendered":"Renault &#8211; anteriores"},"content":{"rendered":"<p><a href=\"https:\/\/www.autolivraria.com.br\/cpassado2\/clio-1.htm\"><img fetchpriority=\"high\" decoding=\"async\" class=\"aligncenter size-full wp-image-2162\" title=\"Clio\" src=\"https:\/\/autolivraria.com.br\/bc\/wp-content\/uploads\/2012\/05\/clio-05-trophy-1.jpg\" alt=\"\" width=\"430\" height=\"271\" srcset=\"https:\/\/autolivraria.com.br\/bc\/wp-content\/uploads\/2012\/05\/clio-05-trophy-1.jpg 430w, https:\/\/autolivraria.com.br\/bc\/wp-content\/uploads\/2012\/05\/clio-05-trophy-1-340x214.jpg 340w, https:\/\/autolivraria.com.br\/bc\/wp-content\/uploads\/2012\/05\/clio-05-trophy-1-222x140.jpg 222w\" sizes=\"(max-width: 430px) 100vw, 430px\" \/><\/a><\/p>\n<p>&nbsp;<\/p>\n<p><span style=\"color: #000000;\"><a href=\"https:\/\/www.autolivraria.com.br\/ph2\/233a.htm\"><span style=\"color: #000000;\">Juvaquatre: o pequeno deu origem a v\u00e1rias vers\u00f5es<\/span><\/a><\/span><\/p>\n<p><span style=\"color: #000000;\"><a href=\"https:\/\/www.autolivraria.com.br\/ph2\/269a.htm\"><span style=\"color: #000000;\">Celtaquatre: o primeiro passo da marca em aerodin\u00e2mica<\/span><\/a><\/span><\/p>\n<p><span style=\"color: #000000;\"><a href=\"https:\/\/www.autolivraria.com.br\/ph2\/170b.htm\"><span style=\"color: #000000;\">4CV, o pequeno franc\u00eas que se tornou &#8220;Rabo Quente&#8221; por aqui<\/span><\/a><\/span><\/p>\n<p><span style=\"color: #000000;\"><a href=\"https:\/\/www.autolivraria.com.br\/ph2\/260a.htm\"><span style=\"color: #000000;\">Colorale: utilit\u00e1rio com diversas vers\u00f5es e muita versatilidade<\/span><\/a><\/span><\/p>\n<p><span style=\"color: #000000;\"><a href=\"https:\/\/www.autolivraria.com.br\/classicos\/r4-1.htm\"><span style=\"color: #000000;\">R4: pequeno e popular, marcou diversas gera\u00e7\u00f5es no pa\u00eds<\/span><\/a><\/span><\/p>\n<p><span style=\"color: #000000;\"><a href=\"https:\/\/www.autolivraria.com.br\/cpassado2\/r5-1.htm\"><span style=\"color: #000000;\">R5: das vers\u00f5es econ\u00f4micas ao Turbo, um pequeno vers\u00e1til<\/span><\/a><\/span><\/p>\n<p><span style=\"color: #000000;\"><a href=\"https:\/\/www.autolivraria.com.br\/ph2\/285b.htm\"><span style=\"color: #000000;\">R6: sem grande apelo est\u00e9tico, combinava espa\u00e7o e economia<\/span><\/a><\/span><\/p>\n<p><span style=\"color: #000000;\"><a href=\"https:\/\/www.autolivraria.com.br\/cpassado2\/clio-1.htm\"><span style=\"color: #000000;\">Clio: vers\u00f5es esportivas foram um destaque em seus 15 anos<\/span><\/a><\/span><\/p>\n<p><span style=\"color: #000000;\"><a href=\"https:\/\/www.autolivraria.com.br\/ph\/113a.htm\"><span style=\"color: #000000;\">R8: sucessor do Dauphine que marcou \u00e9poca na vers\u00e3o Gordini<\/span><\/a><\/span><\/p>\n<p><span style=\"color: #000000;\"><a href=\"https:\/\/www.autolivraria.com.br\/ph2\/340-renault-9-11-1.htm\"><span style=\"color: #000000;\">R9 e R11, \u00eaxito que foi da Europa para EUA e Am\u00e9rica Latina<\/span><\/a><\/span><\/p>\n<p><span style=\"color: #000000;\"><a href=\"https:\/\/www.autolivraria.com.br\/ph2\/161a.htm\"><span style=\"color: #000000;\">R12, o primo europeu do Corcel que fez sucesso mundo afora<\/span><\/a><\/span><\/p>\n<p><span style=\"color: #000000;\"><a href=\"https:\/\/www.autolivraria.com.br\/ph2\/166b.htm\"><span style=\"color: #000000;\">R15 e R17: os elegantes cup\u00eas com mec\u00e2nica da linha<\/span><\/a><\/span><\/p>\n<p><span style=\"color: #000000;\"><a href=\"https:\/\/www.autolivraria.com.br\/ph\/155b.htm\"><span style=\"color: #000000;\">R16: precursor do estilo dois-volumes na Fran\u00e7a<\/span><\/a><\/span><\/p>\n<p>&nbsp;<\/p>\n<p><a href=\"https:\/\/www.autolivraria.com.br\/cpassado3\/renault-espace-1.htm\"><img decoding=\"async\" class=\"aligncenter size-post-thumb wp-image-45216 lazyload\" data-src=\"https:\/\/autolivraria.com.br\/bc\/wp-content\/uploads\/2014\/06\/Renault-Espace-1984-01-470x313.jpg\" alt=\"Renault Espace 1984 01\" width=\"470\" height=\"313\" data-srcset=\"https:\/\/autolivraria.com.br\/bc\/wp-content\/uploads\/2014\/06\/Renault-Espace-1984-01-470x313.jpg 470w, https:\/\/autolivraria.com.br\/bc\/wp-content\/uploads\/2014\/06\/Renault-Espace-1984-01-560x373.jpg 560w, https:\/\/autolivraria.com.br\/bc\/wp-content\/uploads\/2014\/06\/Renault-Espace-1984-01-270x179.jpg 270w, https:\/\/autolivraria.com.br\/bc\/wp-content\/uploads\/2014\/06\/Renault-Espace-1984-01-168x111.jpg 168w, https:\/\/autolivraria.com.br\/bc\/wp-content\/uploads\/2014\/06\/Renault-Espace-1984-01.jpg 1280w\" data-sizes=\"(max-width: 470px) 100vw, 470px\" src=\"data:image\/svg+xml;base64,PHN2ZyB3aWR0aD0iMSIgaGVpZ2h0PSIxIiB4bWxucz0iaHR0cDovL3d3dy53My5vcmcvMjAwMC9zdmciPjwvc3ZnPg==\" style=\"--smush-placeholder-width: 470px; --smush-placeholder-aspect-ratio: 470\/313;\" \/><\/a><\/p>\n<p>&nbsp;<\/p>\n<p><a href=\"https:\/\/www.autolivraria.com.br\/ph2\/246b.htm\"><span style=\"color: #000000;\">R18: primeiro mundial da marca chegou a quatro continentes<\/span><\/a><\/p>\n<p><a href=\"https:\/\/www.autolivraria.com.br\/ph2\/227a.htm\"><span style=\"color: #000000;\">R20 e R30: no segmento de luxo entre os anos 70 e 80<\/span><\/a><\/p>\n<p><a href=\"https:\/\/www.autolivraria.com.br\/cpassado3\/renault-21-1.htm\"><span style=\"color: #000000;\">R21: salvador da empresa contou com potente vers\u00e3o Turbo<\/span><\/a><\/p>\n<p><a href=\"https:\/\/www.autolivraria.com.br\/ph2\/299-renault-25-1.htm\"><span style=\"color: #000000;\">R25: aerodin\u00e2mica e luxo para um segmento de prest\u00edgio<\/span><\/a><\/p>\n<p><a href=\"https:\/\/www.autolivraria.com.br\/ph2\/201a.htm\"><span style=\"color: #000000;\">Fr\u00e9gate: na d\u00e9cada de 1950, o mais refinado da linha<\/span><\/a><\/p>\n<p><a href=\"https:\/\/www.autolivraria.com.br\/ph2\/197a.htm\"><span style=\"color: #000000;\">Floride\/Caravelle: um modelo esporte que cativou muitos<\/span><\/a><\/p>\n<p><a href=\"https:\/\/www.autolivraria.com.br\/ph2\/212b.htm\"><span style=\"color: #000000;\">Fuego: demorou a ter desempenho compat\u00edvel com o estilo<\/span><\/a><\/p>\n<p><a href=\"https:\/\/www.autolivraria.com.br\/classicos\/alpine.htm\"><span style=\"color: #000000;\">Alpine: berlineta que inspirou Interlagos foi uma vencedora<\/span><\/a><\/p>\n<p><a href=\"https:\/\/www.autolivraria.com.br\/cpassado2\/alpine-1.htm\"><span style=\"color: #000000;\">Alpine A310\/A610: o melhor da Renault em carros esportivos<\/span><\/a><\/p>\n<p><a href=\"https:\/\/www.autolivraria.com.br\/cpassado3\/renault-espace-1.htm\"><span style=\"color: #000000;\">Espace: o conforto da primeira minivan dos europeus<\/span><\/a><\/p>\n<p><a href=\"https:\/\/www.autolivraria.com.br\/ph2\/251b.htm\"><span style=\"color: #000000;\">Estafette: furg\u00e3o pr\u00e1tico e com solu\u00e7\u00f5es t\u00e9cnicas interessantes<\/span><\/a><\/p>\n<p><a href=\"https:\/\/www.autolivraria.com.br\/ph\/151a.htm\"><span style=\"color: #000000;\">Torino, um Renault argentino com \u00eaxito nas pistas alem\u00e3s<\/span><\/a><\/p>\n<p>&nbsp;<\/p>\n<p>&nbsp;<\/p>\n","protected":false},"excerpt":{"rendered":"<p>&nbsp; Juvaquatre: o pequeno deu origem a v\u00e1rias vers\u00f5es Celtaquatre: o primeiro passo da marca em aerodin\u00e2mica 4CV, o pequeno franc\u00eas que se tornou &#8220;Rabo Quente&#8221; por aqui Colorale: utilit\u00e1rio com diversas vers\u00f5es e muita versatilidade R4: pequeno e popular, marcou diversas gera\u00e7\u00f5es no pa\u00eds R5: das vers\u00f5es econ\u00f4micas ao Turbo, um pequeno vers\u00e1til R6:<\/p>\n","protected":false},"author":6,"featured_media":2162,"comment_status":"closed","ping_status":"closed","sticky":false,"template":"","format":"standard","meta":{"_joinchat":[],"footnotes":""},"categories":[10,3807],"tags":[467,476,156,469,471,477,406,475,472,307,473,474,468,470,70],"class_list":["post-819","post","type-post","status-publish","format-standard","has-post-thumbnail","hentry","category-passado","category-renault","tag-4cv","tag-alpine","tag-carros-do-passado","tag-clio","tag-dauphine","tag-espace","tag-franca","tag-fuego","tag-gordini","tag-minivan","tag-r12","tag-r25","tag-r4","tag-r8","tag-renault"],"amp_enabled":true,"_links":{"self":[{"href":"https:\/\/autolivraria.com.br\/bc\/wp-json\/wp\/v2\/posts\/819","targetHints":{"allow":["GET"]}}],"collection":[{"href":"https:\/\/autolivraria.com.br\/bc\/wp-json\/wp\/v2\/posts"}],"about":[{"href":"https:\/\/autolivraria.com.br\/bc\/wp-json\/wp\/v2\/types\/post"}],"author":[{"embeddable":true,"href":"https:\/\/autolivraria.com.br\/bc\/wp-json\/wp\/v2\/users\/6"}],"replies":[{"embeddable":true,"href":"https:\/\/autolivraria.com.br\/bc\/wp-json\/wp\/v2\/comments?post=819"}],"version-history":[{"count":0,"href":"https:\/\/autolivraria.com.br\/bc\/wp-json\/wp\/v2\/posts\/819\/revisions"}],"wp:featuredmedia":[{"embeddable":true,"href":"https:\/\/autolivraria.com.br\/bc\/wp-json\/wp\/v2\/media\/2162"}],"wp:attachment":[{"href":"https:\/\/autolivraria.com.br\/bc\/wp-json\/wp\/v2\/media?parent=819"}],"wp:term":[{"taxonomy":"category","embeddable":true,"href":"https:\/\/autolivraria.com.br\/bc\/wp-json\/wp\/v2\/categories?post=819"},{"taxonomy":"post_tag","embeddable":true,"href":"https:\/\/autolivraria.com.br\/bc\/wp-json\/wp\/v2\/tags?post=819"}],"curies":[{"name":"wp","href":"https:\/\/api.w.org\/{rel}","templated":true}]}}