{"id":825,"date":"2012-07-01T02:30:16","date_gmt":"2012-07-01T05:30:16","guid":{"rendered":"http:\/\/bestcars.uol.com.br\/bc\/?p=825"},"modified":"2014-06-03T15:13:43","modified_gmt":"2014-06-03T18:13:43","slug":"saab-anteriores","status":"publish","type":"post","link":"https:\/\/autolivraria.com.br\/bc\/informe-se\/passado\/saab-anteriores\/","title":{"rendered":"Saab &#8211; anteriores"},"content":{"rendered":"<p><a href=\"https:\/\/www.autolivraria.com.br\/cpassado2\/saab-1.htm\"><img fetchpriority=\"high\" decoding=\"async\" class=\"aligncenter size-full wp-image-45242\" src=\"https:\/\/autolivraria.com.br\/bc\/wp-content\/uploads\/2012\/07\/Saab-900.jpg\" alt=\"Saab 900\" width=\"430\" height=\"284\" srcset=\"https:\/\/autolivraria.com.br\/bc\/wp-content\/uploads\/2012\/07\/Saab-900.jpg 430w, https:\/\/autolivraria.com.br\/bc\/wp-content\/uploads\/2012\/07\/Saab-900-270x178.jpg 270w, https:\/\/autolivraria.com.br\/bc\/wp-content\/uploads\/2012\/07\/Saab-900-168x110.jpg 168w\" sizes=\"(max-width: 430px) 100vw, 430px\" \/><\/a><\/p>\n<p>&nbsp;<\/p>\n<p><a href=\"https:\/\/www.autolivraria.com.br\/ph\/152a.htm\"><span style=\"color: #000000;\">Sonett: a s\u00e9rie de esportivos que n\u00e3o conquistavam pelo estilo<\/span><\/a><\/p>\n<p><a href=\"https:\/\/www.autolivraria.com.br\/ph2\/183a.htm\"><span style=\"color: #000000;\">99, inovador na mec\u00e2nica e nos itens de conforto<\/span><\/a><\/p>\n<p><a href=\"https:\/\/www.autolivraria.com.br\/cpassado2\/saab-1.htm\"><span style=\"color: #000000;\">900: um sueco de estilo peculiar e respons\u00e1vel por primazias<\/span><\/a><\/p>\n<p>&nbsp;<\/p>\n<p>&nbsp;<\/p>\n","protected":false},"excerpt":{"rendered":"<p>&nbsp; Sonett: a s\u00e9rie de esportivos que n\u00e3o conquistavam pelo estilo 99, inovador na mec\u00e2nica e nos itens de conforto 900: um sueco de estilo peculiar e respons\u00e1vel por primazias &nbsp; &nbsp;<\/p>\n","protected":false},"author":6,"featured_media":45242,"comment_status":"closed","ping_status":"closed","sticky":false,"template":"","format":"standard","meta":{"_joinchat":[],"footnotes":""},"categories":[10,3810],"tags":[482,156,133,2022,2465,481],"class_list":["post-825","post","type-post","status-publish","format-standard","has-post-thumbnail","hentry","category-passado","category-saab","tag-482","tag-carros-do-passado","tag-saab","tag-saab-92","tag-sonett","tag-suecia"],"amp_enabled":true,"_links":{"self":[{"href":"https:\/\/autolivraria.com.br\/bc\/wp-json\/wp\/v2\/posts\/825","targetHints":{"allow":["GET"]}}],"collection":[{"href":"https:\/\/autolivraria.com.br\/bc\/wp-json\/wp\/v2\/posts"}],"about":[{"href":"https:\/\/autolivraria.com.br\/bc\/wp-json\/wp\/v2\/types\/post"}],"author":[{"embeddable":true,"href":"https:\/\/autolivraria.com.br\/bc\/wp-json\/wp\/v2\/users\/6"}],"replies":[{"embeddable":true,"href":"https:\/\/autolivraria.com.br\/bc\/wp-json\/wp\/v2\/comments?post=825"}],"version-history":[{"count":0,"href":"https:\/\/autolivraria.com.br\/bc\/wp-json\/wp\/v2\/posts\/825\/revisions"}],"wp:featuredmedia":[{"embeddable":true,"href":"https:\/\/autolivraria.com.br\/bc\/wp-json\/wp\/v2\/media\/45242"}],"wp:attachment":[{"href":"https:\/\/autolivraria.com.br\/bc\/wp-json\/wp\/v2\/media?parent=825"}],"wp:term":[{"taxonomy":"category","embeddable":true,"href":"https:\/\/autolivraria.com.br\/bc\/wp-json\/wp\/v2\/categories?post=825"},{"taxonomy":"post_tag","embeddable":true,"href":"https:\/\/autolivraria.com.br\/bc\/wp-json\/wp\/v2\/tags?post=825"}],"curies":[{"name":"wp","href":"https:\/\/api.w.org\/{rel}","templated":true}]}}