{"id":82626,"date":"2017-02-10T08:00:03","date_gmt":"2017-02-10T11:00:03","guid":{"rendered":"http:\/\/bestcars.uol.com.br\/bc\/?p=82626"},"modified":"2017-02-17T10:16:45","modified_gmt":"2017-02-17T13:16:45","slug":"jeep-compass-irmao-elegante-do-renegade","status":"publish","type":"post","link":"https:\/\/autolivraria.com.br\/bc\/informe-se\/colunas\/de-carro-por-ai\/jeep-compass-irmao-elegante-do-renegade\/","title":{"rendered":"Jeep Compass, irm\u00e3o elegante do Renegade"},"content":{"rendered":"<p><img fetchpriority=\"high\" decoding=\"async\" class=\"aligncenter size-full wp-image-75021\" src=\"https:\/\/autolivraria.com.br\/bc\/wp-content\/uploads\/2016\/07\/De-Carro-por-Ai-2016.jpg\" alt=\"De Carro por A\u00ed - Nasser\" width=\"696\" height=\"107\" srcset=\"https:\/\/autolivraria.com.br\/bc\/wp-content\/uploads\/2016\/07\/De-Carro-por-Ai-2016.jpg 696w, https:\/\/autolivraria.com.br\/bc\/wp-content\/uploads\/2016\/07\/De-Carro-por-Ai-2016-340x52.jpg 340w, https:\/\/autolivraria.com.br\/bc\/wp-content\/uploads\/2016\/07\/De-Carro-por-Ai-2016-222x34.jpg 222w\" sizes=\"(max-width: 696px) 100vw, 696px\" \/><\/p>\n<h2>Terceiro produto FCA em Goiana tem\u00a0miss\u00e3o importante: ajudar a Jeep a se manter rent\u00e1vel e l\u00edder em lucros na uni\u00e3o<\/h2>\n<p>&nbsp;<\/p>\n<p>O Compass, segundo produto da marca Jeep fabricado no Brasil pela FCA, foi desenhado e composto para ser concorrente de peso na faixa de &#8220;briga de foice no escuro&#8221; no promissor segmento. Est\u00e1 acima do irm\u00e3o Renegade, do l\u00edder setorial Honda HR-V, do rec\u00e9m-chegado Nissan Kicks. O mercado de utilit\u00e1rios esporte vem em grande expans\u00e3o, com proje\u00e7\u00e3o de atingir 25% dentre todas as vendas de ve\u00edculos leves. Nele n\u00e3o h\u00e1 crise, como percept\u00edvel pela enxurrada de novos produtos para disputar clientes.<\/p>\n<p><a href=\"https:\/\/autolivraria.com.br\/bc\/wp-content\/uploads\/2016\/09\/Jeep-Compass-Trailhawk-16.jpg\" rel=\"attachment wp-att-77957\"><img decoding=\"async\" class=\"alignleft size-medium wp-image-77957 lazyload\" data-src=\"https:\/\/autolivraria.com.br\/bc\/wp-content\/uploads\/2016\/09\/Jeep-Compass-Trailhawk-16-340x227.jpg\" alt=\"Jeep Compass Trailhawk\" width=\"340\" height=\"227\" data-srcset=\"https:\/\/autolivraria.com.br\/bc\/wp-content\/uploads\/2016\/09\/Jeep-Compass-Trailhawk-16-340x227.jpg 340w, https:\/\/autolivraria.com.br\/bc\/wp-content\/uploads\/2016\/09\/Jeep-Compass-Trailhawk-16-696x464.jpg 696w, https:\/\/autolivraria.com.br\/bc\/wp-content\/uploads\/2016\/09\/Jeep-Compass-Trailhawk-16-630x420.jpg 630w, https:\/\/autolivraria.com.br\/bc\/wp-content\/uploads\/2016\/09\/Jeep-Compass-Trailhawk-16-222x148.jpg 222w, https:\/\/autolivraria.com.br\/bc\/wp-content\/uploads\/2016\/09\/Jeep-Compass-Trailhawk-16.jpg 1280w\" data-sizes=\"(max-width: 340px) 100vw, 340px\" src=\"data:image\/svg+xml;base64,PHN2ZyB3aWR0aD0iMSIgaGVpZ2h0PSIxIiB4bWxucz0iaHR0cDovL3d3dy53My5vcmcvMjAwMC9zdmciPjwvc3ZnPg==\" style=\"--smush-placeholder-width: 340px; --smush-placeholder-aspect-ratio: 340\/227;\" \/><\/a>\u00c9 o terceiro produto da f\u00e1brica FCA em Goiana, PE, e utiliza plataforma comum ao Renegade e \u00e0 picape Toro. E, como o Renegade, \u00e9 produto mundial inaugurando produ\u00e7\u00e3o no Brasil. Tem miss\u00e3o importante: ajudar a Jeep a crescer e manter-se rent\u00e1vel e l\u00edder em lucros na uni\u00e3o FCA. Oferece amplo leque de vers\u00f5es com motores flex\u00edvel e diesel de 2,0 litros, com respectivos 166 e 170 cv, e composi\u00e7\u00f5es em decora\u00e7\u00e3o, transmiss\u00f5es autom\u00e1ticas de seis e nove marchas e tra\u00e7\u00e3o simples dianteira ou nas 4 rodas. Leque de pre\u00e7os varia 50%, a partir de R$ 100 mil pela vers\u00e3o simples, Sport, flex\u00edvel, at\u00e9 o topo de linha Trailhawk, diesel, autom\u00e1tica de 9 marchas.<\/p>\n<p>Est\u00e1 acima do Renegade. Pouco maior em dimens\u00f5es, suspens\u00e3o para rodar mais confort\u00e1vel, e habilidades quase iguais para as vers\u00f5es de tra\u00e7\u00e3o total. Em termos de mercado \u00e9 muito bem focado em postura, composi\u00e7\u00e3o, destinado a clientela de idade superior ao cliente do Renegade, sem pretens\u00f5es a ter cara de macho-man. Isto o situa em faixa de conforto. Em termos de estilo o controle da Fiat sobre os Chryslers e Jeeps melhoraram o produto. \u00c9 limpo, marcado por linhas e elegante friso cromado envolvente, grupo \u00f3ptico bonito e eficiente, luzes com leds.<\/p>\n<p>Internamente bem acertado, materiais de toque agrad\u00e1vel, incluindo o volante com aro espesso; computador de bordo com tela de 9 cm para computador na vers\u00e3o Longitude e 16 cm, colorida na Trailhawk. Vers\u00e3o superior bem composta em itens de seguran\u00e7a \u2013 sete bolsas infl\u00e1veis, assistente de ponto cego, farol alto\/baixo autom\u00e1tico.<\/p>\n<p>&nbsp;<\/p>\n<div class='code-block code-block-7' style='margin: 28px auto; text-align: center; display: block; clear: both;'>\n<script async src=\"https:\/\/pagead2.googlesyndication.com\/pagead\/js\/adsbygoogle.js\"><\/script>\n<!-- AL-quadrado -->\n<ins class=\"adsbygoogle\"\n     style=\"display:block\"\n     data-ad-client=\"ca-pub-1914799802606213\"\n     data-ad-slot=\"5683066082\"\n     data-ad-format=\"auto\"\n     data-full-width-responsive=\"true\"><\/ins>\n<script>\n     (adsbygoogle = window.adsbygoogle || []).push({});\n<\/script><\/div>\n\n<p>&nbsp;<\/p>\n<p><strong>No particular<\/strong><br \/>\n<a href=\"https:\/\/autolivraria.com.br\/bc\/wp-content\/uploads\/2016\/09\/Jeep-Compass-Trailhawk-08.jpg\" rel=\"attachment wp-att-77881\"><img decoding=\"async\" class=\"alignright size-medium wp-image-77881 lazyload\" data-src=\"https:\/\/autolivraria.com.br\/bc\/wp-content\/uploads\/2016\/09\/Jeep-Compass-Trailhawk-08-340x227.jpg\" alt=\"Jeep Compass Trailhawk\" width=\"340\" height=\"227\" data-srcset=\"https:\/\/autolivraria.com.br\/bc\/wp-content\/uploads\/2016\/09\/Jeep-Compass-Trailhawk-08-340x227.jpg 340w, https:\/\/autolivraria.com.br\/bc\/wp-content\/uploads\/2016\/09\/Jeep-Compass-Trailhawk-08-696x464.jpg 696w, https:\/\/autolivraria.com.br\/bc\/wp-content\/uploads\/2016\/09\/Jeep-Compass-Trailhawk-08-630x420.jpg 630w, https:\/\/autolivraria.com.br\/bc\/wp-content\/uploads\/2016\/09\/Jeep-Compass-Trailhawk-08-222x148.jpg 222w, https:\/\/autolivraria.com.br\/bc\/wp-content\/uploads\/2016\/09\/Jeep-Compass-Trailhawk-08.jpg 1280w\" data-sizes=\"(max-width: 340px) 100vw, 340px\" src=\"data:image\/svg+xml;base64,PHN2ZyB3aWR0aD0iMSIgaGVpZ2h0PSIxIiB4bWxucz0iaHR0cDovL3d3dy53My5vcmcvMjAwMC9zdmciPjwvc3ZnPg==\" style=\"--smush-placeholder-width: 340px; --smush-placeholder-aspect-ratio: 340\/227;\" \/><\/a>Vers\u00e3o superior, diesel, transmiss\u00e3o autom\u00e1tica, mimos como c\u00e2mera de r\u00e9, mais nova das necessidades inadi\u00e1veis aos motoristas. \u00c9 um dos confortos, como a dire\u00e7\u00e3o assistida, a transmiss\u00e3o autom\u00e1tica, os freios com mecanismo servo \u2013 experimentou, vira exig\u00eancia.<\/p>\n<p>No espec\u00edfico emprega pneus para desenhar seu uso \u2013 muito mais para urbano r\u00e1pido. O ru\u00eddo matraqueado do ciclo diesel tem sido reduzido tanto operacional quanto pela aplica\u00e7\u00e3o de adjut\u00f3rios e filtros ac\u00fasticos. O motor tra\u00e7a o mapa do uso. P\u00e9 em cima, deixando-o trabalhar e fazer as marchas passarem, press\u00e3o constante no acelerador, obt\u00e9m \u00f3timas m\u00e9dias \u2013 15 km\/litro em estrada de orografia variada, carga completa. Cidade, 11 km\/litro. Na m\u00e9dia marcou 13,5 km\/litro. Consumo de diesel \u00e9 consequ\u00eancia dos cavalos demandados, e exige motorista entendendo do produto.<\/p>\n<p>Sempre me questiono do porqu\u00ea um urbanoide, com arrepios ao campo e \u00e0 terra vermelha emba\u00e7ando seus sapatos polidos, escolhe um motor diesel e por tal op\u00e7\u00e3o paga caro \u2013 e nunca recuperar\u00e1 com uso a diferen\u00e7a de custos, at\u00e9 pela similaridade atual de valores. Mas 10% dos compradores demandam por tal vers\u00e3o, cuja caracter\u00edstica maior \u00e9 dispor de muito torque, 35,7 m.kgf em rota\u00e7\u00f5es baixas, oferecendo grande capacidade de acelera\u00e7\u00e3o e manuten\u00e7\u00e3o de m\u00e9dias hor\u00e1rias.<\/p>\n<p>O conjunto \u00e9 para quem se dedica a leitura especializada, pois al\u00e9m da falsa no\u00e7\u00e3o de carro autom\u00e1tico ter autodetermina\u00e7\u00e3o, fazendo tudo sozinho, h\u00e1 outros adjut\u00f3rios importantes, como a gest\u00e3o da tra\u00e7\u00e3o nas quatro rodas, permitindo escolher, via delicado bot\u00e3o de comando, o servi\u00e7o certo para a demanda \u2013 Snow, pouca ader\u00eancia; Sand, areia; Mud, barro; Rock, pedras soltas \u2013 e reduzida acion\u00e1vel por bot\u00e3o e bloqueio do diferencial central, distribuindo a tra\u00e7\u00e3o 50\/50%.<\/p>\n<p>&nbsp;<\/p>\n\n<h2>\u0425\u043e\u0440\u043e\u0448\u0438\u0435 \u0441\u0442\u0430\u0440\u044b\u0435 \u041d\u0438\u0432\u044b 40 \u043b\u0435\u0442 \u043d\u0430\u0437\u0430\u0434<br \/>\n(O bom e velho Niva faz 40 anos)<\/h2>\n<p><a href=\"https:\/\/autolivraria.com.br\/bc\/wp-content\/uploads\/2017\/02\/Niva.jpg\" rel=\"attachment wp-att-82627\"><img decoding=\"async\" class=\"alignleft size-medium wp-image-82627 lazyload\" data-src=\"https:\/\/autolivraria.com.br\/bc\/wp-content\/uploads\/2017\/02\/Niva-340x227.jpg\" alt=\"Niva\" width=\"340\" height=\"227\" data-srcset=\"https:\/\/autolivraria.com.br\/bc\/wp-content\/uploads\/2017\/02\/Niva-340x227.jpg 340w, https:\/\/autolivraria.com.br\/bc\/wp-content\/uploads\/2017\/02\/Niva-696x464.jpg 696w, https:\/\/autolivraria.com.br\/bc\/wp-content\/uploads\/2017\/02\/Niva-630x420.jpg 630w, https:\/\/autolivraria.com.br\/bc\/wp-content\/uploads\/2017\/02\/Niva-222x148.jpg 222w, https:\/\/autolivraria.com.br\/bc\/wp-content\/uploads\/2017\/02\/Niva.jpg 1280w\" data-sizes=\"(max-width: 340px) 100vw, 340px\" src=\"data:image\/svg+xml;base64,PHN2ZyB3aWR0aD0iMSIgaGVpZ2h0PSIxIiB4bWxucz0iaHR0cDovL3d3dy53My5vcmcvMjAwMC9zdmciPjwvc3ZnPg==\" style=\"--smush-placeholder-width: 340px; --smush-placeholder-aspect-ratio: 340\/227;\" \/><\/a>Sucesso no Brasil \u00e0 abertura das importa\u00e7\u00f5es, foi-se em anunciada fuga do importador. Deixou clientes reclamando de quebras e falta de manuten\u00e7\u00e3o, e outros, fan\u00e1ticos, em comunidades sociais, como os Camaradas do Niva.<\/p>\n<p>Anedota de autom\u00f3veis diz, &#8220;os Jaguar s\u00e3o os melhores carros do mundo \u2013 quando funcionam&#8230;&#8221; Vale para o Niva, fazendo-o com conforto e surpreendente capacidade de vencer dificuldades, como andar com \u00e1gua a 60 cm, neve com 1 m em altura. Niva em russo significa Campo, apropriado.<\/p>\n<p><strong>Hist\u00f3ria<\/strong><br \/>\nExceto mercado brasileiro, est\u00e1 presente em 150 pa\u00edses e surgiu por iniciativa do Partido Comunista. Ao in\u00edcio dos anos \u201970 o projetista Vladimir Sergeivich e o designer Valery Semushkine tra\u00e7aram o conceito. A ida da Fiat para a ent\u00e3o Uni\u00e3o Sovi\u00e9tica facilitou trabalhos fornecendo componentes, desde a base do modelo 127 \u2013 no Brasil evolu\u00eddo para 147 -, motor e transmiss\u00e3o do modelo 124, e agregando as modifica\u00e7\u00f5es, como suspens\u00e3o, diferencial dianteiro e central gerindo a tra\u00e7\u00e3o permanente nas 4 rodas.<\/p>\n<p>Projeto definitivo foi apresentado no XXV Congresso do Partido em fevereiro de 1976 e a produ\u00e7\u00e3o determinada para a estatal AutoVAZ em Togliattigrado, onde se fabricavam os Lada sed\u00e3 e SW. Era o VAZ 2121. \u00c0quele tempo na URSS n\u00e3o havia provoca\u00e7\u00e3o de marketing capitalista, e ante a incapacidade estatal em atender aos interessados, qualquer produto rodante era sucesso.<\/p>\n<p>Projeto bem arranjado sofreu poucas modifica\u00e7\u00f5es em quatro d\u00e9cadas. Ganhou caixa com 5 marchas; em 1994 trocou o motor Fiat 1,6 por 1,7 da GM, teve vers\u00e3o diesel 1,9 Peugeot. Poucas mudan\u00e7as est\u00e9ticas em grade frontal e grupo \u00f3ptico. Qualidade foi implementada com m\u00e9todos alem\u00e3es quando a Opel GM assumiu gest\u00e3o da f\u00e1brica e, h\u00e1 poucos anos, Renault-Nissan a sucedeu. Gest\u00e3o francesa fez modifica\u00e7\u00e3o frontal, incorporando para-choques \u00e0 carroceria, nova grade, rodas em liga leve \u2013 aqui aplicadas na vers\u00e3o Pantanal, preparada localmente. No Brasil apenas vers\u00e3o de 3 portas, mas existem com 5 e picape.<\/p>\n<p>Quem entende credita o sucesso \u00e0 mec\u00e2nica simples, robusta, sem fricotes, e \u00e0 completa aus\u00eancia de eletr\u00f4nica exceto para igni\u00e7\u00e3o e inje\u00e7\u00e3o nos \u00faltimos anos. Queixas quanto \u00e0 qualidade, simples entender. Pa\u00eds sem liberdade de manifesta\u00e7\u00e3o, fila de encomendas, anos para receber uma unidade, preocupa\u00e7\u00e3o com qualidade e ganhos tecnol\u00f3gicos inexistiam. A onda capitalista saneou-o.<\/p>\n<p><strong>Pioneiro<\/strong><br \/>\nReclama\u00e7\u00f5es s\u00e3o tragadas pelo v\u00f3rtice hist\u00f3rico. O Niva inventou o segmento do SUV pequeno. Toyota, Daihatsu, Suzuki o passaram a limpo e adensaram o caminho do pioneiro, hoje em multiplicidade de marcas, modelos e vers\u00f5es afogando o mercado.<\/p>\n<p>No Brasil, al\u00e9m das unidades importadas houve duas promessas de maior presen\u00e7a. Uma, exportador independente queria mont\u00e1-lo no Uruguai, dando-lhe r\u00f3tulo de produto regional mandando-o para o Brasil. Marketing manco, tinha-o com decora\u00e7\u00e3o de carro de luxo e pre\u00e7o elevado. N\u00e3o vingou. Idem para a promessa de f\u00e1brica no estado do Esp\u00edrito Santo. Lament\u00e1vel. Neste pa\u00eds sem estradas asfaltadas seria o ideal.<\/p>\n<p>Renault-Nissan quer aproveitar o conceito, partindo da plataforma jogo duro B90, base de Logan, Sandero, Duster, para fazer releitura do Niva. Ser\u00e1 maior, melhor \u2013 mas apenas mais um. Charme n\u00e3o se terceiriza.<\/p>\n<p>&nbsp;<\/p>\n<h2>Roda a Roda<\/h2>\n<p><strong><a href=\"https:\/\/autolivraria.com.br\/bc\/wp-content\/uploads\/2017\/01\/Kia-Stinger-04.jpg\" rel=\"attachment wp-att-81585\"><img decoding=\"async\" class=\"alignright size-medium wp-image-81585 lazyload\" data-src=\"https:\/\/autolivraria.com.br\/bc\/wp-content\/uploads\/2017\/01\/Kia-Stinger-04-340x227.jpg\" alt=\"Kia Stinger 04\" width=\"340\" height=\"227\" src=\"data:image\/svg+xml;base64,PHN2ZyB3aWR0aD0iMSIgaGVpZ2h0PSIxIiB4bWxucz0iaHR0cDovL3d3dy53My5vcmcvMjAwMC9zdmciPjwvc3ZnPg==\" style=\"--smush-placeholder-width: 340px; --smush-placeholder-aspect-ratio: 340\/227;\" \/><\/a>Ainda n\u00e3o<\/strong> \u2013 Sucesso no Sal\u00e3o de Detroit, ganhando pr\u00eamio Eyes On Design, Kia Stinger ser\u00e1 produzido na Coreia, 2o. semestre, no espa\u00e7o do modelo Rio, a ser transferido ao M\u00e9xico. Aqui vir\u00e1 em conta restrita pela barreira legal da importa\u00e7\u00e3o de 4.800 unidades\/ano sem pagar adicionais 30 pontos percentuais sobre o IPI. Abeifa, associa\u00e7\u00e3o dos importadores prova, medida garroteia o mercado e desemprega.<\/p>\n<p><strong>Como<\/strong> \u2013 Competente, monobloco com 55% em a\u00e7o de alta resist\u00eancia, motores 2,0 turbo, 255 cv e V6, duplo turbo, 365 cv, autom\u00e1tico oito-marchas, tra\u00e7\u00e3o traseira ou integral. Freios Brembo a disco nas quatro rodas. Elegante e perform\u00e1tico.<\/p>\n<p><strong>Vem<\/strong> \u2013 Fiat desmanchou teoria sobre adiamento da apresenta\u00e7\u00e3o de seu novo hatch para substituir Bravo e Punto. Lan\u00e7amento ser\u00e1 em junho, m\u00eas de complicada agenda pelo amplo feriado de Corpus Christi e aus\u00eancia de jornalistas do ramo por ida ao Sal\u00e3o de Buenos Aires.<\/p>\n<p>N\u00e3o \u2013 CAOA Hyundai nega fim de produ\u00e7\u00e3o do Tucson primeira gera\u00e7\u00e3o, desdiz indicando investimentos locais para melhorar rendimento do motor.<\/p>\n<p><strong><a href=\"https:\/\/autolivraria.com.br\/bc\/wp-content\/uploads\/2017\/02\/JAC-T40-.jpg\" rel=\"attachment wp-att-82628\"><img decoding=\"async\" class=\"alignleft size-medium wp-image-82628 lazyload\" data-src=\"https:\/\/autolivraria.com.br\/bc\/wp-content\/uploads\/2017\/02\/JAC-T40--340x226.jpg\" alt=\"JAC T40\" width=\"340\" height=\"226\" data-srcset=\"https:\/\/autolivraria.com.br\/bc\/wp-content\/uploads\/2017\/02\/JAC-T40--340x226.jpg 340w, https:\/\/autolivraria.com.br\/bc\/wp-content\/uploads\/2017\/02\/JAC-T40--631x420.jpg 631w, https:\/\/autolivraria.com.br\/bc\/wp-content\/uploads\/2017\/02\/JAC-T40--222x148.jpg 222w, https:\/\/autolivraria.com.br\/bc\/wp-content\/uploads\/2017\/02\/JAC-T40-.jpg 640w\" data-sizes=\"(max-width: 340px) 100vw, 340px\" src=\"data:image\/svg+xml;base64,PHN2ZyB3aWR0aD0iMSIgaGVpZ2h0PSIxIiB4bWxucz0iaHR0cDovL3d3dy53My5vcmcvMjAwMC9zdmciPjwvc3ZnPg==\" style=\"--smush-placeholder-width: 340px; --smush-placeholder-aspect-ratio: 340\/226;\" \/><\/a>Revers\u00e3o<\/strong> \u2013 Crescendo 1,75% em vendas de importados no m\u00eas de janeiro \u2013 setor caiu \u2013, entendendo iniciar vendas ascendentes, S\u00e9rgio Habib, representante da JAC, acertou importar o S2, chamando-o T40. Misto de hatch com utilit\u00e1rio esporte, motor 1,5, c\u00e2mbio manual, concorrer\u00e1 com Renault Sandero Stepway em equipamentos, espa\u00e7o interno e custo x benef\u00edcio. Perto de R$ 60 mil. Dividir\u00e1 cotas de importa\u00e7\u00e3o com o T5.<\/p>\n<p><strong>Neg\u00f3cio<\/strong> \u2013 Presidente argentino Maur\u00edcio Macri visitou o colega Michel Temer para ajustar parceria nos neg\u00f3cios regionais e fazer natural implemento de neg\u00f3cios com o M\u00e9xico, amea\u00e7ado de boicote por seu maior cliente, os EUA.<\/p>\n<p><strong>Bailado<\/strong> \u2013 Um pouco de neg\u00f3cios, muito de diplomacia. At\u00e9 agora Temer n\u00e3o havia recebido visitante oficial para dar aval \u00e0 mudan\u00e7a de governo. Boa vontade depende de acordo entre pa\u00edses. Mercados complementares pelo Mercosul, a crise brasileira atrapalha a Argentina, e o ran\u00e7o das medidas administrativas deixadas pelo governo Kirchner amarra neg\u00f3cios.<\/p>\n<p><strong>Cores<\/strong> \u2013 A ditadura PP \u2013 preto e prata \u2013 chega ao fim e leva junto a monotonia. Novas exig\u00eancias mundiais indica radicaliza\u00e7\u00e3o dos clientes, e agora 50% demanda carros brancos; prata caiu a 20% e preto a apenas 14%.<\/p>\n<p><strong>Bom senso<\/strong> \u2013 Finalmente. Andar em carro preto, sem ser t\u00e1xi, Uber ou oficial, exibe descompromisso com verdades f\u00edsicas: cores escuras ret\u00eam calor, aumentam a temperatura interna, desafiam o ar-condicionado, elevam consumo. Ford incluiu na linha Focus um vermelho perolizado, o Toscana.<\/p>\n<p><strong>Demanda<\/strong> \u2013 Procura pelo modelo X1 e capacidade industrial no limite provocou BMW buscar novo parceiro para mont\u00e1-los. \u00c9 a VDL Nedcar, na Holanda. N\u00e3o \u00e9 marca ou f\u00e1brica, apenas montadora. Estende neg\u00f3cios. J\u00e1 monta o Mini, dada id\u00eantica situa\u00e7\u00e3o com a f\u00e1brica original em Oxford, Inglaterra.<\/p>\n<p><strong><a href=\"https:\/\/autolivraria.com.br\/bc\/wp-content\/uploads\/2016\/11\/Renault-Captur-01-1.jpg\" rel=\"attachment wp-att-80043\"><img decoding=\"async\" class=\"alignright size-medium wp-image-80043 lazyload\" data-src=\"https:\/\/autolivraria.com.br\/bc\/wp-content\/uploads\/2016\/11\/Renault-Captur-01-1-340x227.jpg\" alt=\"Renault Captur 01\" width=\"340\" height=\"227\" src=\"data:image\/svg+xml;base64,PHN2ZyB3aWR0aD0iMSIgaGVpZ2h0PSIxIiB4bWxucz0iaHR0cDovL3d3dy53My5vcmcvMjAwMC9zdmciPjwvc3ZnPg==\" style=\"--smush-placeholder-width: 340px; --smush-placeholder-aspect-ratio: 340\/227;\" \/><\/a>Mudan\u00e7a<\/strong> \u2013 Pr\u00f3ximos dias, lan\u00e7ando o SUV Captur, Renault mudar\u00e1 classifica\u00e7\u00f5es para indicar vers\u00f5es por equipamentos, confortos e acess\u00f3rios. Ser\u00e3o duas. Saem Autentique, Expression, Dynamique e outras, e surgem Zen, de entrada; Intense, superior. Acima, opcionais de transmiss\u00e3o CVT aos 1,6; tela Media Nav; bancos revestidos em couro e teto em outro tom, se o caso.<\/p>\n<p><strong>Mundo<\/strong> \u2013 Em projeto de reconstru\u00e7\u00e3o, PSA faz acordos mundiais para montagem de seus ve\u00edculos Peugeot, Citro\u00ebn e DS. Acertou-se com a Urysia, representante no Qu\u00eania para montar iniciais 1.000 unidades\/ano do 508 e ap\u00f3s, do SUV 3008. Marca j\u00e1 teve opera\u00e7\u00e3o assemelhada entre 1974 e 2002.<\/p>\n<p><strong>Mercado<\/strong> \u2013 Tivesse vendido mais 39 mil ve\u00edculos em 2016, Alian\u00e7a Renault-Nissan alcan\u00e7aria a m\u00edtica marca de 10 milh\u00f5es. Marcas Renault e Dacia tiveram crescimento expressivo: Renault Samsung subiu 38,8%; Nissan expandiu 3%.<\/p>\n<p><strong>Conta<\/strong> &#8211; Salto num\u00e9rico de 10% deu-se pela oportuna tomada acion\u00e1ria da Mitsubishi, somando 934 mil ve\u00edculos da marca \u00e0 conta dos controladores. Nela entrou a opera\u00e7\u00e3o russa com a AutoVAZ e seus Ladas.<\/p>\n<p><strong>Futuro<\/strong> \u2013 Consciente com o crescente tran\u00e7ar entre ve\u00edculos e interatividade, Ford aproveitou o Campus Party, em S\u00e3o Paulo, maior evento sul-americano em tecnologia, inova\u00e7\u00e3o e mobilidade, para exibir o Gear Auto Link, aplicativo desenvolvido no Brasil para os rel\u00f3gios inteligentes Gear S2 e S3 Samsung. Faz muito: transfere agenda com endere\u00e7o ao sistema de navega\u00e7\u00e3o; aviso de crian\u00e7a deixada no carro; localizar ve\u00edculo; alerta de sono. Desenvolvedores podem integrar novos aplicativos \u00e0 plataforma. Est\u00e1 em Smart Device Link.<\/p>\n<p><strong>Novos tempos<\/strong> \u2013 Inglesa McLaren Racing, equipe de F\u00f3rmula 1 assinou contrato com a Stratasys, dos EUA, em neg\u00f3cio de solu\u00e7\u00f5es de impress\u00e3o 3D. Bom para ambas. McLaren receber\u00e1 pe\u00e7as com rapidez, tecnologia de vanguarda, e a fornecedora ter\u00e1 vivencia de produzir para empresa de ponta e trabalhar em ambiente de extremos requisitos e press\u00e3o por qualidade e prazos.<\/p>\n<p><strong>Futuro<\/strong> \u2013 3D se baseia nos princ\u00edpios da impressora dom\u00e9stica. Gerida por computador, produto final substitui pe\u00e7as estampadas em chapa, ou moldadas em fibra de vidro + pl\u00e1stico ou fibra de carbono. Um Nerd, impressora pessoal 3D, e uma mesa em casa podem fazer carroceria especial para autom\u00f3vel.<\/p>\n<p><strong>Mais<\/strong> \u2013 Colabora\u00e7\u00e3o n\u00e3o se deter\u00e1 em carros de corrida, permeando aos contados esportivos da marca e \u00e0s categorias para as quais a McLaren vende servi\u00e7os \u2013 F\u00f3rmula 1, Indy e NASCAR.<\/p>\n<p><strong>Gente<\/strong> \u2013 Nelson Piquet, empres\u00e1rio, tricampe\u00e3o na F\u00f3rmula 1, brinquedos novos: el\u00e9trico Tesla e Porsche 1985 turbo. \/ Longino Morawski, executivo, ex-presidente da Harley-Davidson, e l\u00edder da opera\u00e7\u00e3o Vespa Piaggio, neg\u00f3cio pr\u00f3prio. S\u00f3cio presidente no Brasil da CI Advisory, de cultura e estrutura organizacional, desenvolvimento de lideran\u00e7as, start ups. Sucedido por Giuseppe De Paola, italiano, diplomas em Economia, Marketing, Comunica\u00e7\u00e3o, MBA em Administra\u00e7\u00e3o e ex-BMW. \/ Marcelo Braga, publicit\u00e1rio, mudan\u00e7a. Novo diretor de marketing do grupo CAOA e suas marcas Hyundai, Subaru e Ford. \/ Roberto Di Stefano, italiano, 54, trabalho. Respondia pela \u00e1rea de amortecedores da Magneti Marelli, maior produtora de pe\u00e7as de reposi\u00e7\u00e3o para ve\u00edculos no pa\u00eds, novo condutor da empresa na Am\u00e9rica Latina. \u00c1rea importante, 20% do faturamento mundial da MM.<\/p>\n<a href='https:\/\/autolivraria.com.br\/bc\/informe-se\/colunas\/de-carro-por-ai\/wr-v-novo-compacto-aventureiro-da-honda\/' class='small-button smallsilver'>Coluna anterior<\/a>\n<p><em>A coluna expressa as opini\u00f5es do colunista e n\u00e3o as do Best Cars<\/em><\/p>\n<p>&nbsp;<\/p>\n","protected":false},"excerpt":{"rendered":"<p>Terceiro produto FCA em Goiana tem miss\u00e3o importante: ajudar a Jeep a se manter rent\u00e1vel e l\u00edder em lucros na uni\u00e3o<\/p>\n","protected":false},"author":6,"featured_media":75031,"comment_status":"open","ping_status":"closed","sticky":false,"template":"","format":"standard","meta":{"_joinchat":[],"footnotes":""},"categories":[3337],"tags":[153,1081,3338,103,377,379],"class_list":["post-82626","post","type-post","status-publish","format-standard","has-post-thumbnail","hentry","category-de-carro-por-ai","tag-colunas-2","tag-compass","tag-de-carro-por-ai-2","tag-jeep","tag-lada","tag-niva"],"amp_enabled":true,"_links":{"self":[{"href":"https:\/\/autolivraria.com.br\/bc\/wp-json\/wp\/v2\/posts\/82626","targetHints":{"allow":["GET"]}}],"collection":[{"href":"https:\/\/autolivraria.com.br\/bc\/wp-json\/wp\/v2\/posts"}],"about":[{"href":"https:\/\/autolivraria.com.br\/bc\/wp-json\/wp\/v2\/types\/post"}],"author":[{"embeddable":true,"href":"https:\/\/autolivraria.com.br\/bc\/wp-json\/wp\/v2\/users\/6"}],"replies":[{"embeddable":true,"href":"https:\/\/autolivraria.com.br\/bc\/wp-json\/wp\/v2\/comments?post=82626"}],"version-history":[{"count":0,"href":"https:\/\/autolivraria.com.br\/bc\/wp-json\/wp\/v2\/posts\/82626\/revisions"}],"wp:featuredmedia":[{"embeddable":true,"href":"https:\/\/autolivraria.com.br\/bc\/wp-json\/wp\/v2\/media\/75031"}],"wp:attachment":[{"href":"https:\/\/autolivraria.com.br\/bc\/wp-json\/wp\/v2\/media?parent=82626"}],"wp:term":[{"taxonomy":"category","embeddable":true,"href":"https:\/\/autolivraria.com.br\/bc\/wp-json\/wp\/v2\/categories?post=82626"},{"taxonomy":"post_tag","embeddable":true,"href":"https:\/\/autolivraria.com.br\/bc\/wp-json\/wp\/v2\/tags?post=82626"}],"curies":[{"name":"wp","href":"https:\/\/api.w.org\/{rel}","templated":true}]}}