{"id":83410,"date":"2017-03-03T16:36:13","date_gmt":"2017-03-03T19:36:13","guid":{"rendered":"http:\/\/bestcars.uol.com.br\/bc\/?p=83410"},"modified":"2017-03-23T18:33:37","modified_gmt":"2017-03-23T21:33:37","slug":"correcoes-de-rota-carros-que-precisam-mudar-rapido","status":"publish","type":"post","link":"https:\/\/autolivraria.com.br\/bc\/informe-se\/colunas\/editorial\/correcoes-de-rota-carros-que-precisam-mudar-rapido\/","title":{"rendered":"Corre\u00e7\u00f5es de rota: carros que precisam mudar r\u00e1pido"},"content":{"rendered":"<p><img fetchpriority=\"high\" decoding=\"async\" class=\"aligncenter size-full wp-image-73751\" src=\"https:\/\/autolivraria.com.br\/bc\/wp-content\/uploads\/2016\/06\/Editorial-696.jpg\" alt=\"Editorial\" width=\"696\" height=\"107\" srcset=\"https:\/\/autolivraria.com.br\/bc\/wp-content\/uploads\/2016\/06\/Editorial-696.jpg 696w, https:\/\/autolivraria.com.br\/bc\/wp-content\/uploads\/2016\/06\/Editorial-696-340x52.jpg 340w, https:\/\/autolivraria.com.br\/bc\/wp-content\/uploads\/2016\/06\/Editorial-696-222x34.jpg 222w\" sizes=\"(max-width: 696px) 100vw, 696px\" \/><\/p>\n<h2>O novo motor do Fiat Mobi, em poucos meses, foi um entre v\u00e1rios casos de interven\u00e7\u00e3o em modelo rec\u00e9m-lan\u00e7ado<\/h2>\n<p>&nbsp;<\/p>\n<p>Ao lan\u00e7ar o Mobi, em abril do ano passado, a Fiat revelou que almejava alcan\u00e7ar o patamar de vendas de sete mil unidades mensais. Ap\u00f3s seis meses a m\u00e9dia n\u00e3o havia chegado a quatro mil. Ent\u00e3o veio um pacote de melhorias que deveria ter acompanhado o carro desde o in\u00edcio, capitaneado pelo motor Firefly de tr\u00eas cilindros, com consumo de combust\u00edvel mais baixo que o do superado Fire de quatro cilindros (em breve, nossa avalia\u00e7\u00e3o completa).<\/p>\n<p>Embora as vendas ainda n\u00e3o tenham reagido como esperado \u2014 em janeiro e fevereiro passaram pouco de tr\u00eas mil ao m\u00eas \u2014, ficou clara a corre\u00e7\u00e3o de rota efetuada por Betim, que n\u00e3o foi a primeira nem ser\u00e1 a \u00faltima do mercado brasileiro. Desde o <a href=\"https:\/\/autolivraria.com.br\/bc\/informe-se\/passado\/historia-industria-automobilistica-os-primeiros-60-anos\/\" target=\"_blank\">come\u00e7o de nossa ind\u00fastria<\/a>, h\u00e1 pouco mais de 60 anos, diversas marcas passaram pela necessidade de rever com rapidez um modelo rec\u00e9m-lan\u00e7ado, seja por reclama\u00e7\u00f5es de baixo desempenho, alto consumo ou outro inconveniente. Confira alguns casos.<\/p>\n<p>&nbsp;<\/p>\n<blockquote><p>A bola passou longe da trave no lan\u00e7amento do Gol com\u00a0motor 1,3 &#8220;a ar&#8221; do Fusca, lento e ruidoso: chute certeiro mesmo foi o\u00a01,6 &#8220;a \u00e1gua&#8221; para 1985<\/p><\/blockquote>\n<p>&nbsp;<\/p>\n<p>\u2022 <strong><a href=\"https:\/\/www.autolivraria.com.br\/classicos\/simca-1.htm\" target=\"_blank\">Simca Chambord<\/a><\/strong>\u00a0(1959) \u2013 O sed\u00e3 elegante de origem francesa ganhou o apelido de &#8220;Belo Ant\u00f4nio&#8221;, personagem de filme que conquistava as mulheres, mas decepcionava pelo desempenho na cama. De fato, com pot\u00eancia de apenas 84 cv, o motor V8 de 2,35 litros n\u00e3o dava conta: acelerar de 0 a 100 km\/h tomava 26 segundos. O Chambord e seus derivados passaram nos anos seguintes por v\u00e1rias interven\u00e7\u00f5es, que os levaram a at\u00e9 140 cv e aplacaram as reclama\u00e7\u00f5es.<\/p>\n<figure id=\"attachment_83411\" aria-describedby=\"caption-attachment-83411\" style=\"width: 340px\" class=\"wp-caption alignright\"><a href=\"https:\/\/autolivraria.com.br\/bc\/wp-content\/uploads\/2017\/03\/Maverick.jpg\" rel=\"attachment wp-att-83411\"><img decoding=\"async\" class=\"size-medium wp-image-83411 lazyload\" data-src=\"https:\/\/autolivraria.com.br\/bc\/wp-content\/uploads\/2017\/03\/Maverick-340x226.jpg\" alt=\"Maverick: desempenho de quatro-cilindros, consumo de V8\" width=\"340\" height=\"226\" data-srcset=\"https:\/\/autolivraria.com.br\/bc\/wp-content\/uploads\/2017\/03\/Maverick-340x226.jpg 340w, https:\/\/autolivraria.com.br\/bc\/wp-content\/uploads\/2017\/03\/Maverick-631x420.jpg 631w, https:\/\/autolivraria.com.br\/bc\/wp-content\/uploads\/2017\/03\/Maverick-222x148.jpg 222w, https:\/\/autolivraria.com.br\/bc\/wp-content\/uploads\/2017\/03\/Maverick.jpg 640w\" data-sizes=\"(max-width: 340px) 100vw, 340px\" src=\"data:image\/svg+xml;base64,PHN2ZyB3aWR0aD0iMSIgaGVpZ2h0PSIxIiB4bWxucz0iaHR0cDovL3d3dy53My5vcmcvMjAwMC9zdmciPjwvc3ZnPg==\" style=\"--smush-placeholder-width: 340px; --smush-placeholder-aspect-ratio: 340\/226;\" \/><\/a><figcaption id=\"caption-attachment-83411\" class=\"wp-caption-text\">Maverick: desempenho de quatro-cilindros, consumo de V8<\/figcaption><\/figure>\n<p>\u2022 <strong><a href=\"https:\/\/www.autolivraria.com.br\/cpassado3\/maverick-1.htm\" target=\"_blank\">Ford Maverick<\/a><\/strong>\u00a0(1973) \u2013 Talvez a marca tenha sido pega de surpresa, mas o motor de seis cilindros aproveitado do Aero-Willys era tudo o que o Maverick n\u00e3o deveria ter no come\u00e7o da crise do petr\u00f3leo. A ultrapassada unidade de 3,0 litros, dizia-se, combinava &#8220;desempenho de quatro-cilindros e consumo de V8&#8221;. Em dois anos a Ford adotava o quatro-cilindros de 2,3 litros, mais leve e econ\u00f4mico.<\/p>\n<p>\u2022<strong> <a href=\"https:\/\/www.autolivraria.com.br\/classicos\/polara-1.htm\" target=\"_blank\">Dodge 1800<\/a><\/strong>\u00a0(1973) \u2013 O menor Dodge fabricado no Brasil, lan\u00e7ado sem o adequado\u00a0desenvolvimento, apresentou problemas de qualidade (dire\u00e7\u00e3o, transmiss\u00e3o, montagem) e alto consumo. A empresa atacou os pontos cr\u00edticos e mudou o nome para Polara, em 1976, em busca de nova chance.<\/p>\n<p>\u2022 <strong><a href=\"https:\/\/www.autolivraria.com.br\/cpassado3\/vw-gol-voyage-parati-saveiro-1.htm\" target=\"_blank\">VW Gol<\/a><\/strong>\u00a0(1980) \u2013 A bola passou longe da trave no lan\u00e7amento: a VW optou pelo motor de 1,3 litro arrefecido a ar do Fusca, que deixava o novo carro lento e ruidoso. A corre\u00e7\u00e3o de rota foi r\u00e1pida: no ano seguinte vinha a vers\u00e3o 1,6, mais \u00e1gil. Mas chute certeiro mesmo foi na linha 1985 com o motor 1,6 &#8220;a \u00e1gua&#8221;, que colocou o Gol na rota para assumir a lideran\u00e7a de vendas dois anos depois.<\/p>\n<p>&nbsp;<\/p>\n<div class='code-block code-block-7' style='margin: 28px auto; text-align: center; display: block; clear: both;'>\n<br>\n<div align=\"center\">\n<a target=\"_blank\" href=\"https:\/\/bestcars.com.br\/bc\/\">\n<img decoding=\"async\" data-src=\"https:\/\/bestcars.com.br\/bc\/wp-content\/uploads\/2021\/07\/Auto-Livraria-450x300-quadros.jpg\" alt=\"Auto Livraria\" src=\"data:image\/svg+xml;base64,PHN2ZyB3aWR0aD0iMSIgaGVpZ2h0PSIxIiB4bWxucz0iaHR0cDovL3d3dy53My5vcmcvMjAwMC9zdmciPjwvc3ZnPg==\" class=\"lazyload\"><\/a>\n<\/div>\n<br><\/div>\n\n<p>&nbsp;<\/p>\n<p>\u2022 <strong><a href=\"https:\/\/www.autolivraria.com.br\/classicos\/monza-1.htm\" target=\"_blank\">Chevrolet Monza<\/a><\/strong>\u00a0(1982) \u2013 Outro l\u00edder que come\u00e7ou mal: na estreia s\u00f3 existia o hatch com motor de 1,6 litro. Seis meses mais tarde vinha o 1,8, seguido pelo sed\u00e3 de quatro portas e enfim o de duas na linha 1984. Agora, sim, com o formato preferido pelos brasileiros e bom motor, ele partia para ser nosso carro mais vendido entre 1984 e 1986.<\/p>\n<p>\u2022 <strong><a href=\"https:\/\/www.autolivraria.com.br\/classicos\/santana-1.htm\" target=\"_blank\">VW Santana<\/a><\/strong>\u00a0(1984) \u2013 Amplo e luxuoso como nunca havia sido um Volkswagen nacional, o Santana nasceu errado: o motor de 1,8 litro com especifica\u00e7\u00e3o diferente da alem\u00e3 (bielas mais curtas) tinha funcionamento \u00e1spero e, com rela\u00e7\u00f5es de transmiss\u00e3o longas t\u00edpicas do mercado europeu, as queixas de baixo desempenho n\u00e3o demoraram. Na linha 1986 o motor adotava as bielas certas e vinha uma caixa mais curta \u2014 na verdade, apenas com a primeira altera\u00e7\u00e3o o resultado teria sido melhor.<\/p>\n<p>&nbsp;<\/p>\n<blockquote><p>No\u00a0Kadett GS o motor &#8220;girava&#8221; alto e devorava combust\u00edvel: com o tanque pequeno, em viagens r\u00e1pidas o carro pedia parada para lanche antes dos passageiros<\/p><\/blockquote>\n<p>&nbsp;<\/p>\n<p>\u2022 <strong><a href=\"https:\/\/www.autolivraria.com.br\/classicos\/kadett-1.htm\" target=\"_blank\">Chevrolet Kadett GS<\/a><\/strong>\u00a0(1989) \u2013 Se alguns vieram com transmiss\u00e3o longa, outros surgiram curtos demais, como o Kadett esportivo: o motor de 2,0 litros &#8220;girava&#8221; alto em rodovia e devorava combust\u00edvel. Com o tanque de 47 litros \u2014 de carro europeu, n\u00e3o pensado para \u00e1lcool \u2014, em viagens r\u00e1pidas o GS pedia parada para lanche antes dos passageiros&#8230; Um ano depois a GM alongava a transmiss\u00e3o e adotava pneus mais altos, o que o deixava menos sedento e mais silencioso at\u00e9 que chegasse o GSi com inje\u00e7\u00e3o para 1992.<\/p>\n<figure id=\"attachment_83412\" aria-describedby=\"caption-attachment-83412\" style=\"width: 340px\" class=\"wp-caption alignleft\"><a href=\"https:\/\/autolivraria.com.br\/bc\/wp-content\/uploads\/2017\/03\/Corolla-1998.jpg\" rel=\"attachment wp-att-83412\"><img decoding=\"async\" class=\"size-medium wp-image-83412 lazyload\" data-src=\"https:\/\/autolivraria.com.br\/bc\/wp-content\/uploads\/2017\/03\/Corolla-1998-340x226.jpg\" alt=\"O Corolla &quot;de \u00f3culos&quot;: m\u00e1 escolha entre as vers\u00f5es dispon\u00edveis no exterior\" width=\"340\" height=\"226\" data-srcset=\"https:\/\/autolivraria.com.br\/bc\/wp-content\/uploads\/2017\/03\/Corolla-1998-340x226.jpg 340w, https:\/\/autolivraria.com.br\/bc\/wp-content\/uploads\/2017\/03\/Corolla-1998-631x420.jpg 631w, https:\/\/autolivraria.com.br\/bc\/wp-content\/uploads\/2017\/03\/Corolla-1998-222x148.jpg 222w, https:\/\/autolivraria.com.br\/bc\/wp-content\/uploads\/2017\/03\/Corolla-1998.jpg 640w\" data-sizes=\"(max-width: 340px) 100vw, 340px\" src=\"data:image\/svg+xml;base64,PHN2ZyB3aWR0aD0iMSIgaGVpZ2h0PSIxIiB4bWxucz0iaHR0cDovL3d3dy53My5vcmcvMjAwMC9zdmciPjwvc3ZnPg==\" style=\"--smush-placeholder-width: 340px; --smush-placeholder-aspect-ratio: 340\/226;\" \/><\/a><figcaption id=\"caption-attachment-83412\" class=\"wp-caption-text\">O Corolla &#8220;de \u00f3culos&#8221;: m\u00e1 escolha entre as vers\u00f5es dispon\u00edveis no exterior<\/figcaption><\/figure>\n<p>\u2022 <strong><a href=\"https:\/\/autolivraria.com.br\/bc\/informe-se\/passado\/historia-toyota-corolla-confianca-que-ja-dura-50-anos\/\" target=\"_blank\">Toyota Corolla<\/a><\/strong>\u00a0(1997) \u2013 Entre as vers\u00f5es japonesa, europeia e norte-americana do sed\u00e3, a Toyota escolheu mal: trouxe ao Brasil a segunda op\u00e7\u00e3o, com\u00a0far\u00f3is ovalados e grade perfurada \u2014 conhecida como &#8220;Corolla de \u00f3culos&#8221; e com &#8220;ralador de queijo&#8221;. O estilo destoava do perfil conservador de seus compradores por aqui, o que exigiu r\u00e1pida mudan\u00e7a. No fim de 1998, nacionalizado, o Corolla adotava um desenho t\u00e3o ortodoxo quanto uma caixa de Maizena.<\/p>\n<p>\u2022 <strong><a href=\"https:\/\/www.autolivraria.com.br\/cpassado\/s10-1.htm\" target=\"_blank\">Chevrolet S10 e Blazer<\/a><\/strong>\u00a0(1995) \u2013 Dois modelos, dois equ\u00edvocos: motor de 2,2 litros com apenas 106 cv e eixo traseiro pesado demais, por limita\u00e7\u00e3o do fornecedor, o que implicava desconforto em pisos desnivelados. A GM respondeu no ano seguinte com o Blazer V6 de 4,3 litros e 180 cv (mais tarde tamb\u00e9m na S10) e, em 1997, com eixo at\u00e9 30 kg mais leve, seguido por inje\u00e7\u00e3o multiponto e mais 7 cv no motor 2,2.<\/p>\n\n<p>\u2022 <strong><a href=\"https:\/\/www.autolivraria.com.br\/testes\/tracker-1.htm\" target=\"_blank\">Chevrolet Tracker<\/a><\/strong>\u00a0(2001) \u2013 Sem aprender com o caso acima, a marca lan\u00e7ava sua vers\u00e3o do Suzuki Grand Vitara com motor a diesel de meros 87 cv \u2014 em acelera\u00e7\u00e3o, perdia para qualquer carro de 1,0 litro&#8230; Ap\u00f3s um ano o Tracker aparecia com um Peugeot mais esperto de 109 cv.<\/p>\n<p>\u2022 <strong><a href=\"https:\/\/www.autolivraria.com.br\/cpassado3\/vw-polo-1.htm\" target=\"_blank\">VW Polo<\/a><\/strong>\u00a0(2002) \u2013 Em meio a v\u00e1rios atributos, incomodou pela transmiss\u00e3o curta: em busca de agilidade no tr\u00e2nsito, a VW optou por uma caixa que impunha 4.000 rpm a 120 km\/h ao motor 1,6. Imprensa e consumidores reclamaram e em seis meses houve alongamento, a que se somaria outro em 2009.<\/p>\n<a href='https:\/\/autolivraria.com.br\/bc\/informe-se\/colunas\/editorial\/ar-condicionado-abs-esp-e-caixa-automatica-o-que-se-precisa-saber\/' class='small-button smallsilver'>Editorial anterior<\/a>\n<p>&nbsp;<\/p>\n","protected":false},"excerpt":{"rendered":"<p>O novo motor do Fiat Mobi, em poucos meses, foi um entre v\u00e1rios casos de interven\u00e7\u00e3o em modelo rec\u00e9m-lan\u00e7ado<\/p>\n","protected":false},"author":6,"featured_media":69289,"comment_status":"open","ping_status":"closed","sticky":false,"template":"","format":"standard","meta":{"_joinchat":[],"footnotes":""},"categories":[3593],"tags":[153,31,591,4027],"class_list":["post-83410","post","type-post","status-publish","format-standard","has-post-thumbnail","hentry","category-editorial","tag-colunas-2","tag-editorial","tag-mercado","tag-mobi"],"amp_enabled":true,"_links":{"self":[{"href":"https:\/\/autolivraria.com.br\/bc\/wp-json\/wp\/v2\/posts\/83410","targetHints":{"allow":["GET"]}}],"collection":[{"href":"https:\/\/autolivraria.com.br\/bc\/wp-json\/wp\/v2\/posts"}],"about":[{"href":"https:\/\/autolivraria.com.br\/bc\/wp-json\/wp\/v2\/types\/post"}],"author":[{"embeddable":true,"href":"https:\/\/autolivraria.com.br\/bc\/wp-json\/wp\/v2\/users\/6"}],"replies":[{"embeddable":true,"href":"https:\/\/autolivraria.com.br\/bc\/wp-json\/wp\/v2\/comments?post=83410"}],"version-history":[{"count":0,"href":"https:\/\/autolivraria.com.br\/bc\/wp-json\/wp\/v2\/posts\/83410\/revisions"}],"wp:featuredmedia":[{"embeddable":true,"href":"https:\/\/autolivraria.com.br\/bc\/wp-json\/wp\/v2\/media\/69289"}],"wp:attachment":[{"href":"https:\/\/autolivraria.com.br\/bc\/wp-json\/wp\/v2\/media?parent=83410"}],"wp:term":[{"taxonomy":"category","embeddable":true,"href":"https:\/\/autolivraria.com.br\/bc\/wp-json\/wp\/v2\/categories?post=83410"},{"taxonomy":"post_tag","embeddable":true,"href":"https:\/\/autolivraria.com.br\/bc\/wp-json\/wp\/v2\/tags?post=83410"}],"curies":[{"name":"wp","href":"https:\/\/api.w.org\/{rel}","templated":true}]}}