{"id":87901,"date":"2017-08-18T09:28:52","date_gmt":"2017-08-18T12:28:52","guid":{"rendered":"http:\/\/bestcars.uol.com.br\/bc\/?p=87901"},"modified":"2017-11-15T11:04:23","modified_gmt":"2017-11-15T14:04:23","slug":"corolla-vende-muito-mas-donos-dizem-se-e-bom-mesmo","status":"publish","type":"post","link":"https:\/\/autolivraria.com.br\/bc\/informe-se\/guia-compra\/corolla-vende-muito-mas-donos-dizem-se-e-bom-mesmo\/","title":{"rendered":"Corolla vende muito, mas donos dizem se \u00e9 bom mesmo"},"content":{"rendered":"<div id='gallery-1' class='gallery galleryid-87901 gallery-columns-1 gallery-size-large'><figure class='gallery-item'>\n\t\t\t<div class='gallery-icon landscape'>\n\t\t\t\t<a href='https:\/\/autolivraria.com.br\/bc\/wp-content\/uploads\/2017\/03\/Toyota-Corolla-Altis-01.jpg'><img fetchpriority=\"high\" decoding=\"async\" width=\"696\" height=\"464\" src=\"https:\/\/autolivraria.com.br\/bc\/wp-content\/uploads\/2017\/03\/Toyota-Corolla-Altis-01-696x464.jpg\" class=\"attachment-large size-large\" alt=\"\" \/><\/a>\n\t\t\t<\/div><\/figure>\n\t\t<\/div>\n\n<h2>Confi\u00e1vel e econ\u00f4mico, sed\u00e3 da Toyota tem baixa incid\u00eancia de problemas; satisfa\u00e7\u00e3o poderia ser mais alta<\/h2>\n<p><em>Texto: Fabr\u00edcio Samah\u00e1 &#8211; Fotos: autor e divulga\u00e7\u00e3o<\/em><\/p>\n<p>&nbsp;<\/p>\n<p>Quando o assunto \u00e9 sed\u00e3 m\u00e9dio, o Toyota Corolla \u00e9 sin\u00f4nimo de sucesso de mercado: no primeiro semestre deste ano suas vendas superaram as de <a href=\"https:\/\/autolivraria.com.br\/bc\/tag\/civic\" target=\"_blank\">Honda Civic<\/a>, <a href=\"https:\/\/autolivraria.com.br\/bc\/tag\/cruze\" target=\"_blank\">Chevrolet Cruze<\/a>, <a href=\"https:\/\/autolivraria.com.br\/bc\/tag\/jetta\" target=\"_blank\">VW Jetta<\/a> e <a href=\"https:\/\/autolivraria.com.br\/bc\/tag\/focus\" target=\"_blank\">Ford Focus<\/a> somados. Embora essa seja uma indica\u00e7\u00e3o de bom produto, fica a quest\u00e3o: o carro realmente satisfaz seus propriet\u00e1rios? \u00c9 o que fomos perguntar a eles para mais um <em>Guia de Compra<\/em> do <strong>Best Cars<\/strong>.<\/p>\n<p>A gera\u00e7\u00e3o atual do Corolla, a <a href=\"https:\/\/autolivraria.com.br\/bc\/informe-se\/passado\/historia-toyota-corolla-confianca-que-ja-dura-50-anos\/\" target=\"_blank\">d\u00e9cima primeira desde 1966<\/a>, foi lan\u00e7ada no Brasil em 2014. Estava maior que a anterior, com mais 10 cm de dist\u00e2ncia entre eixos, e mantinha o bom porta-malas de 470 litros. Havia apenas uma vers\u00e3o com transmiss\u00e3o manual, a GLi, com motor de 1,8 litro, pot\u00eancia de 139\/144 cv e torque de 17,7\/18,4 m.kgf (na ordem gasolina\/\u00e1lcool). Tr\u00eas eram as op\u00e7\u00f5es com a in\u00e9dita <a href=\"https:\/\/autolivraria.com.br\/bc\/glossario-c\/#cvt\" target=\"_blank\">caixa autom\u00e1tica de varia\u00e7\u00e3o cont\u00ednua (CVT)<\/a>: GLi com o mesmo motor, XEi e Altis, estas com o de 2,0 litros, 143\/154 cv e 19,4\/20,3 m.kgf.<\/p>\n<p>&nbsp;<\/p>\n<p><iframe data-src=\"https:\/\/www.youtube.com\/embed\/BCwVxLzy2Ko?ecver=1\" width=\"560\" height=\"315\" frameborder=\"0\" allowfullscreen=\"allowfullscreen\" src=\"data:image\/svg+xml;base64,PHN2ZyB3aWR0aD0iMSIgaGVpZ2h0PSIxIiB4bWxucz0iaHR0cDovL3d3dy53My5vcmcvMjAwMC9zdmciPjwvc3ZnPg==\" class=\"lazyload\" data-load-mode=\"1\"><\/iframe><\/p>\n<p>&nbsp;<\/p>\n<p>O conte\u00fado de s\u00e9rie do GLi inclu\u00eda bolsas infl\u00e1veis laterais dianteiras e para os joelhos do motorista, fixa\u00e7\u00e3o <a href=\"https:\/\/autolivraria.com.br\/bc\/glossario-i\/#isof\" target=\"_blank\">Isofix<\/a> para cadeiras infantis e far\u00f3is de neblina. O XEi acrescentava bancos de couro, sistema de \u00e1udio com toca-DVDs e televis\u00e3o digital, c\u00e2mera traseira para manobras, ar-condicionado autom\u00e1tico e <a href=\"https:\/\/autolivraria.com.br\/bc\/glossario-c\/#cont\" target=\"_blank\">controlador de velocidade<\/a>. Para o Altis ficavam reservados interior em bege, far\u00f3is baixos de <a href=\"https:\/\/autolivraria.com.br\/bc\/glossario-l\/#led\" target=\"_blank\">leds<\/a>, cortinas infl\u00e1veis, banco do motorista com ajuste el\u00e9trico e chave presencial para acesso e partida. N\u00e3o havia <a href=\"https:\/\/autolivraria.com.br\/bc\/glossario-c\/#esp\" target=\"_blank\">controle eletr\u00f4nico de estabilidade e tra\u00e7\u00e3o<\/a>.<\/p>\n<p>&nbsp;<\/p>\n<div class='code-block code-block-7' style='margin: 28px auto; text-align: center; display: block; clear: both;'>\n<script async src=\"https:\/\/pagead2.googlesyndication.com\/pagead\/js\/adsbygoogle.js\"><\/script>\n<!-- AL-quadrado -->\n<ins class=\"adsbygoogle\"\n     style=\"display:block\"\n     data-ad-client=\"ca-pub-1914799802606213\"\n     data-ad-slot=\"5683066082\"\n     data-ad-format=\"auto\"\n     data-full-width-responsive=\"true\"><\/ins>\n<script>\n     (adsbygoogle = window.adsbygoogle || []).push({});\n<\/script><\/div>\n\n<p>&nbsp;<\/p>\n<p>A linha 2016 ganhava mais uma vers\u00e3o, a GLi Upper 1,8. Era um GLi com alguns itens do XEi, como bancos de couro. No fim desse ano aparecia\u00a0a edi\u00e7\u00e3o especial Corolla Dynamic de 2,0 litros, com visual esportivo \u2014 rodas, retrovisores e o couro dos bancos eram pretos.<\/p>\n<p>O Corolla 2018 vinha remodelado na frente, com mais itens de seguran\u00e7a e a vers\u00e3o XRS, com defletores e saias para um estilo esportivo. No interior mudavam instrumentos, difusores de ar e sistema de \u00e1udio, com tela t\u00e1til de 7 pol a partir do XEi. Nas mesmas vers\u00f5es as rodas passavam de 16 para 17 pol. Toda a linha recebia controle de estabilidade, <a href=\"https:\/\/autolivraria.com.br\/bc\/glossario-a\/#ramp\" target=\"_blank\">assistente de sa\u00edda em rampa<\/a> e cortinas infl\u00e1veis. Outros novos equipamentos eram: no XEi, far\u00f3is autom\u00e1ticos e chave presencial, e no Altis, ar-condicionado de duas zonas e limpador do para-brisa autom\u00e1tico. Os motores permaneciam.<\/p>\n<p>&nbsp;<\/p>\n<div id='gallery-2' class='gallery galleryid-87901 gallery-columns-2 gallery-size-medium'><figure class='gallery-item'>\n\t\t\t<div class='gallery-icon landscape'>\n\t\t\t\t<a href='https:\/\/autolivraria.com.br\/bc\/wp-content\/uploads\/2014\/03\/Toyota-Corolla-Altis-03.jpg'><img decoding=\"async\" width=\"340\" height=\"227\" data-src=\"https:\/\/autolivraria.com.br\/bc\/wp-content\/uploads\/2014\/03\/Toyota-Corolla-Altis-03-340x227.jpg\" class=\"attachment-medium size-medium lazyload\" alt=\"\" src=\"data:image\/svg+xml;base64,PHN2ZyB3aWR0aD0iMSIgaGVpZ2h0PSIxIiB4bWxucz0iaHR0cDovL3d3dy53My5vcmcvMjAwMC9zdmciPjwvc3ZnPg==\" style=\"--smush-placeholder-width: 340px; --smush-placeholder-aspect-ratio: 340\/227;\" \/><\/a>\n\t\t\t<\/div><\/figure><figure class='gallery-item'>\n\t\t\t<div class='gallery-icon landscape'>\n\t\t\t\t<a href='https:\/\/autolivraria.com.br\/bc\/wp-content\/uploads\/2014\/03\/Toyota-Corolla-Altis-071.jpg'><img decoding=\"async\" width=\"370\" height=\"246\" data-src=\"https:\/\/autolivraria.com.br\/bc\/wp-content\/uploads\/2014\/03\/Toyota-Corolla-Altis-071-560x373.jpg\" class=\"attachment-medium size-medium lazyload\" alt=\"\" src=\"data:image\/svg+xml;base64,PHN2ZyB3aWR0aD0iMSIgaGVpZ2h0PSIxIiB4bWxucz0iaHR0cDovL3d3dy53My5vcmcvMjAwMC9zdmciPjwvc3ZnPg==\" style=\"--smush-placeholder-width: 370px; --smush-placeholder-aspect-ratio: 370\/246;\" \/><\/a>\n\t\t\t<\/div><\/figure>\n\t\t<\/div>\n\n<div id='gallery-3' class='gallery galleryid-87901 gallery-columns-3 gallery-size-thumbnail'><figure class='gallery-item'>\n\t\t\t<div class='gallery-icon landscape'>\n\t\t\t\t<a href='https:\/\/autolivraria.com.br\/bc\/wp-content\/uploads\/2014\/03\/Toyota-Corolla-Altis-04.jpg'><img decoding=\"async\" width=\"168\" height=\"168\" data-src=\"https:\/\/autolivraria.com.br\/bc\/wp-content\/uploads\/2014\/03\/Toyota-Corolla-Altis-04-168x168.jpg\" class=\"attachment-thumbnail size-thumbnail lazyload\" alt=\"\" src=\"data:image\/svg+xml;base64,PHN2ZyB3aWR0aD0iMSIgaGVpZ2h0PSIxIiB4bWxucz0iaHR0cDovL3d3dy53My5vcmcvMjAwMC9zdmciPjwvc3ZnPg==\" style=\"--smush-placeholder-width: 168px; --smush-placeholder-aspect-ratio: 168\/168;\" \/><\/a>\n\t\t\t<\/div><\/figure><figure class='gallery-item'>\n\t\t\t<div class='gallery-icon landscape'>\n\t\t\t\t<a href='https:\/\/autolivraria.com.br\/bc\/wp-content\/uploads\/2014\/03\/Toyota-Corolla-Altis-int2.jpg'><img decoding=\"async\" width=\"168\" height=\"168\" data-src=\"https:\/\/autolivraria.com.br\/bc\/wp-content\/uploads\/2014\/03\/Toyota-Corolla-Altis-int2-168x168.jpg\" class=\"attachment-thumbnail size-thumbnail lazyload\" alt=\"\" src=\"data:image\/svg+xml;base64,PHN2ZyB3aWR0aD0iMSIgaGVpZ2h0PSIxIiB4bWxucz0iaHR0cDovL3d3dy53My5vcmcvMjAwMC9zdmciPjwvc3ZnPg==\" style=\"--smush-placeholder-width: 168px; --smush-placeholder-aspect-ratio: 168\/168;\" \/><\/a>\n\t\t\t<\/div><\/figure><figure class='gallery-item'>\n\t\t\t<div class='gallery-icon landscape'>\n\t\t\t\t<a href='https:\/\/autolivraria.com.br\/bc\/wp-content\/uploads\/2014\/03\/Toyota-Corolla-XEi-int2.jpg'><img decoding=\"async\" width=\"168\" height=\"168\" data-src=\"https:\/\/autolivraria.com.br\/bc\/wp-content\/uploads\/2014\/03\/Toyota-Corolla-XEi-int2-168x168.jpg\" class=\"attachment-thumbnail size-thumbnail lazyload\" alt=\"\" src=\"data:image\/svg+xml;base64,PHN2ZyB3aWR0aD0iMSIgaGVpZ2h0PSIxIiB4bWxucz0iaHR0cDovL3d3dy53My5vcmcvMjAwMC9zdmciPjwvc3ZnPg==\" style=\"--smush-placeholder-width: 168px; --smush-placeholder-aspect-ratio: 168\/168;\" \/><\/a>\n\t\t\t<\/div><\/figure>\n\t\t<\/div>\n\n<p style=\"text-align: center;\"><em>Vers\u00e3o Altis \u00e9 a de topo da linha; na gera\u00e7\u00e3o lan\u00e7ada para 2015, vinha com interior em bege, chave presencial, \u00e1udio com TV digital e far\u00f3is baixos de leds<\/em><\/p>\n<p>&nbsp;<\/p>\n<h2>Economia e confiabilidade em alta<\/h2>\n<p>A t\u00e3o falada confiabilidade \u00e9, de fato, um dos aspectos positivos mais citados pelos propriet\u00e1rios de Corolla: empatou com consumo de combust\u00edvel e a transmiss\u00e3o CVT (45% cada). Atr\u00e1s desses itens v\u00eam o n\u00edvel de ru\u00eddo (41%), o espa\u00e7o interno (36%) e o valor de revenda (32%). Com menor frequ\u00eancia, eles elogiam o desempenho (27%) e o custo de manuten\u00e7\u00e3o ou das revis\u00f5es (23%).<\/p>\n\n<p>&nbsp;<\/p>\n<blockquote><p>Como esperado por sua boa reputa\u00e7\u00e3o, o Corolla teve poucos\u00a0defeitos nos carros dos leitores; entre os donos consultados, 73% est\u00e3o muito satisfeitos com ele<\/p><\/blockquote>\n<p>&nbsp;<\/p>\n<p>Rog\u00e9rio Leal Ara\u00fajo, de Vit\u00f3ria, ES, dono de Corolla Altis 2,0 2016, comenta:\u00a0&#8220;Casamento motor e c\u00e2mbio excelente. Espa\u00e7o interno, principalmente no banco traseiro. Carroceria com visual limpo e muito bonita. Interior claro. Consumo m\u00e9dio em estrada \u00f3timo, chegando facilmente a 14 km\/l. Revis\u00f5es a pre\u00e7o justo. Bom valor de revenda. Central que recebe sinal de TV digital. Estou no quarto Corolla. Nunca tive nenhum tipo de problemas com eles e a revenda tamb\u00e9m foi tranquila&#8221;.<\/p>\n<p>Alexandre Varoto, de S\u00e3o Carlos, SP, que tem um GLi 1,8 autom\u00e1tico 2016, endossa: &#8220;Transmiss\u00e3o CVT trabalha muito bem com o motor, privilegiando conforto na condu\u00e7\u00e3o. Suspens\u00e3o bem calibrada, firme e confort\u00e1vel. Carroceria rola pouco. N\u00edvel de ru\u00eddo bem baixo. Vers\u00e3o de entrada com cinco <em>airbags,<\/em> acima do concorrente direto. Excelente custo-benef\u00edcio para quem busca um sed\u00e3 m\u00e9dio confort\u00e1vel e seguro.&#8221;<\/p>\n<p>&nbsp;<\/p>\n<div id='gallery-4' class='gallery galleryid-87901 gallery-columns-2 gallery-size-medium'><figure class='gallery-item'>\n\t\t\t<div class='gallery-icon landscape'>\n\t\t\t\t<a href='https:\/\/autolivraria.com.br\/bc\/wp-content\/uploads\/2014\/06\/Toyota-Corolla-XEi-05.jpg'><img decoding=\"async\" width=\"370\" height=\"246\" data-src=\"https:\/\/autolivraria.com.br\/bc\/wp-content\/uploads\/2014\/06\/Toyota-Corolla-XEi-05-560x373.jpg\" class=\"attachment-medium size-medium lazyload\" alt=\"\" src=\"data:image\/svg+xml;base64,PHN2ZyB3aWR0aD0iMSIgaGVpZ2h0PSIxIiB4bWxucz0iaHR0cDovL3d3dy53My5vcmcvMjAwMC9zdmciPjwvc3ZnPg==\" style=\"--smush-placeholder-width: 370px; --smush-placeholder-aspect-ratio: 370\/246;\" \/><\/a>\n\t\t\t<\/div><\/figure><figure class='gallery-item'>\n\t\t\t<div class='gallery-icon landscape'>\n\t\t\t\t<a href='https:\/\/autolivraria.com.br\/bc\/wp-content\/uploads\/2014\/06\/Toyota-Corolla-XEi-12.jpg'><img decoding=\"async\" width=\"370\" height=\"246\" data-src=\"https:\/\/autolivraria.com.br\/bc\/wp-content\/uploads\/2014\/06\/Toyota-Corolla-XEi-12-560x373.jpg\" class=\"attachment-medium size-medium lazyload\" alt=\"\" src=\"data:image\/svg+xml;base64,PHN2ZyB3aWR0aD0iMSIgaGVpZ2h0PSIxIiB4bWxucz0iaHR0cDovL3d3dy53My5vcmcvMjAwMC9zdmciPjwvc3ZnPg==\" style=\"--smush-placeholder-width: 370px; --smush-placeholder-aspect-ratio: 370\/246;\" \/><\/a>\n\t\t\t<\/div><\/figure>\n\t\t<\/div>\n\n<div id='gallery-5' class='gallery galleryid-87901 gallery-columns-3 gallery-size-thumbnail'><figure class='gallery-item'>\n\t\t\t<div class='gallery-icon landscape'>\n\t\t\t\t<a href='https:\/\/autolivraria.com.br\/bc\/wp-content\/uploads\/2014\/06\/Toyota-Corolla-XEi-int2.jpg'><img decoding=\"async\" width=\"168\" height=\"168\" data-src=\"https:\/\/autolivraria.com.br\/bc\/wp-content\/uploads\/2014\/06\/Toyota-Corolla-XEi-int2-168x168.jpg\" class=\"attachment-thumbnail size-thumbnail lazyload\" alt=\"\" src=\"data:image\/svg+xml;base64,PHN2ZyB3aWR0aD0iMSIgaGVpZ2h0PSIxIiB4bWxucz0iaHR0cDovL3d3dy53My5vcmcvMjAwMC9zdmciPjwvc3ZnPg==\" style=\"--smush-placeholder-width: 168px; --smush-placeholder-aspect-ratio: 168\/168;\" \/><\/a>\n\t\t\t<\/div><\/figure><figure class='gallery-item'>\n\t\t\t<div class='gallery-icon landscape'>\n\t\t\t\t<a href='https:\/\/autolivraria.com.br\/bc\/wp-content\/uploads\/2014\/06\/Toyota-Corolla-XEi-instr.jpg'><img decoding=\"async\" width=\"168\" height=\"168\" data-src=\"https:\/\/autolivraria.com.br\/bc\/wp-content\/uploads\/2014\/06\/Toyota-Corolla-XEi-instr-168x168.jpg\" class=\"attachment-thumbnail size-thumbnail lazyload\" alt=\"\" src=\"data:image\/svg+xml;base64,PHN2ZyB3aWR0aD0iMSIgaGVpZ2h0PSIxIiB4bWxucz0iaHR0cDovL3d3dy53My5vcmcvMjAwMC9zdmciPjwvc3ZnPg==\" style=\"--smush-placeholder-width: 168px; --smush-placeholder-aspect-ratio: 168\/168;\" \/><\/a>\n\t\t\t<\/div><\/figure><figure class='gallery-item'>\n\t\t\t<div class='gallery-icon landscape'>\n\t\t\t\t<a href='https:\/\/autolivraria.com.br\/bc\/wp-content\/uploads\/2014\/06\/Toyota-Corolla-XEi-cambio.jpg'><img decoding=\"async\" width=\"168\" height=\"168\" data-src=\"https:\/\/autolivraria.com.br\/bc\/wp-content\/uploads\/2014\/06\/Toyota-Corolla-XEi-cambio-168x168.jpg\" class=\"attachment-thumbnail size-thumbnail lazyload\" alt=\"\" src=\"data:image\/svg+xml;base64,PHN2ZyB3aWR0aD0iMSIgaGVpZ2h0PSIxIiB4bWxucz0iaHR0cDovL3d3dy53My5vcmcvMjAwMC9zdmciPjwvc3ZnPg==\" style=\"--smush-placeholder-width: 168px; --smush-placeholder-aspect-ratio: 168\/168;\" \/><\/a>\n\t\t\t<\/div><\/figure>\n\t\t<\/div>\n\n<p style=\"text-align: center;\"><em>Bom conte\u00fado e mesma mec\u00e2nica do Altis fazem do XEi um dos Corollas mais equilibrados; caixa CVT de s\u00e9rie incomoda donos pelos reflexos de sol na moldura<\/em><\/p>\n<p>&nbsp;<\/p>\n<p>O que mais incomoda os donos desse Toyota? Parece um detalhe, mas o ponto mais citado foi a moldura\u00a0brilhante\u00a0da alavanca de transmiss\u00e3o (32%), que reflete o sol nos olhos do motorista. Na sequencia aparecem o limpador de para-brisa, sem ajuste de intervalo ou comando autom\u00e1tico, e o navegador de opera\u00e7\u00e3o lenta e com frequentes erros (23% cada). V\u00e1rios reclamam das faltas de controle de estabilidade (sanada na linha 2018) e de sensores de estacionamento (18% cada), e alguns do acabamento simples, do desenho de painel e portas e do sistema de \u00e1udio (14% cada).<\/p>\n<p>&nbsp;<\/p>\n<div class='code-block code-block-6' style='margin: 28px auto; text-align: center; display: block; clear: both;'>\n<script async src=\"https:\/\/pagead2.googlesyndication.com\/pagead\/js\/adsbygoogle.js\"><\/script>\n<!-- AL-quadrado -->\n<ins class=\"adsbygoogle\"\n     style=\"display:block\"\n     data-ad-client=\"ca-pub-1914799802606213\"\n     data-ad-slot=\"5683066082\"\n     data-ad-format=\"auto\"\n     data-full-width-responsive=\"true\"><\/ins>\n<script>\n     (adsbygoogle = window.adsbygoogle || []).push({});\n<\/script><\/div>\n\n<p>&nbsp;<\/p>\n<p>&#8220;A transmiss\u00e3o CVT reduz a rela\u00e7\u00e3o quando passa para manual. A 120 km\/h a rota\u00e7\u00e3o muda de 2.400 rpm para 3.000 rpm. O console central reflete a luminosidade nos olhos do motorista. Nenhuma casa Toyota resolveu. Resolvi colando uma pel\u00edcula fosca usada pelos motociclistas para tirar o brilho da pintura&#8221;, observa\u00a0Antonio Sartor, de S\u00e3o Paulo, SP, que tem um Corolla GLi Upper 1,8 2016.<\/p>\n<p>Paulo, de Mar\u00edlia, SP, dono de XEi 2,0 2015, acrescenta:\u00a0&#8220;Os comandos s\u00e3o lentos, desde o piloto autom\u00e1tico at\u00e9 o multim\u00eddia, que chega a irritar. \u00c9 pouco intuitivo. O som \u00e9 baixo e de baixa qualidade e n\u00e3o tem op\u00e7\u00e3o de passar pastas. O GPS \u00e9 uma piada! Voc\u00ea chega em qualquer lugar, menos ao pedido na rota. Conex\u00e3o para celular \u00e9 lenta e comandos idem. O carro n\u00e3o chega nem perto em estabilidade do Civic ou Focus (j\u00e1 tive os dois). Puxadores das portas t\u00eam aspecto pobre. Quebra-sol tem espelho, mas n\u00e3o ilumina\u00e7\u00e3o.&#8221;<\/p>\n<p>&nbsp;<\/p>\n<div id='gallery-6' class='gallery galleryid-87901 gallery-columns-2 gallery-size-medium'><figure class='gallery-item'>\n\t\t\t<div class='gallery-icon landscape'>\n\t\t\t\t<a href='https:\/\/autolivraria.com.br\/bc\/wp-content\/uploads\/2017\/05\/Toyota-Corolla-XRS-11.jpg'><img decoding=\"async\" width=\"340\" height=\"227\" data-src=\"https:\/\/autolivraria.com.br\/bc\/wp-content\/uploads\/2017\/05\/Toyota-Corolla-XRS-11-340x227.jpg\" class=\"attachment-medium size-medium lazyload\" alt=\"\" src=\"data:image\/svg+xml;base64,PHN2ZyB3aWR0aD0iMSIgaGVpZ2h0PSIxIiB4bWxucz0iaHR0cDovL3d3dy53My5vcmcvMjAwMC9zdmciPjwvc3ZnPg==\" style=\"--smush-placeholder-width: 340px; --smush-placeholder-aspect-ratio: 340\/227;\" \/><\/a>\n\t\t\t<\/div><\/figure><figure class='gallery-item'>\n\t\t\t<div class='gallery-icon landscape'>\n\t\t\t\t<a href='https:\/\/autolivraria.com.br\/bc\/wp-content\/uploads\/2017\/05\/Toyota-Corolla-XRS-02.jpg'><img decoding=\"async\" width=\"340\" height=\"227\" data-src=\"https:\/\/autolivraria.com.br\/bc\/wp-content\/uploads\/2017\/05\/Toyota-Corolla-XRS-02-340x227.jpg\" class=\"attachment-medium size-medium lazyload\" alt=\"\" src=\"data:image\/svg+xml;base64,PHN2ZyB3aWR0aD0iMSIgaGVpZ2h0PSIxIiB4bWxucz0iaHR0cDovL3d3dy53My5vcmcvMjAwMC9zdmciPjwvc3ZnPg==\" style=\"--smush-placeholder-width: 340px; --smush-placeholder-aspect-ratio: 340\/227;\" \/><\/a>\n\t\t\t<\/div><\/figure>\n\t\t<\/div>\n\n<div id='gallery-7' class='gallery galleryid-87901 gallery-columns-3 gallery-size-thumbnail'><figure class='gallery-item'>\n\t\t\t<div class='gallery-icon landscape'>\n\t\t\t\t<a href='https:\/\/autolivraria.com.br\/bc\/wp-content\/uploads\/2017\/05\/Toyota-Corolla-XRS-interior.jpg'><img decoding=\"async\" width=\"222\" height=\"222\" data-src=\"https:\/\/autolivraria.com.br\/bc\/wp-content\/uploads\/2017\/05\/Toyota-Corolla-XRS-interior-222x222.jpg\" class=\"attachment-thumbnail size-thumbnail lazyload\" alt=\"\" src=\"data:image\/svg+xml;base64,PHN2ZyB3aWR0aD0iMSIgaGVpZ2h0PSIxIiB4bWxucz0iaHR0cDovL3d3dy53My5vcmcvMjAwMC9zdmciPjwvc3ZnPg==\" style=\"--smush-placeholder-width: 222px; --smush-placeholder-aspect-ratio: 222\/222;\" \/><\/a>\n\t\t\t<\/div><\/figure><figure class='gallery-item'>\n\t\t\t<div class='gallery-icon landscape'>\n\t\t\t\t<a href='https:\/\/autolivraria.com.br\/bc\/wp-content\/uploads\/2017\/05\/Toyota-Corolla-XRS-det09.jpg'><img decoding=\"async\" width=\"222\" height=\"222\" data-src=\"https:\/\/autolivraria.com.br\/bc\/wp-content\/uploads\/2017\/05\/Toyota-Corolla-XRS-det09-222x222.jpg\" class=\"attachment-thumbnail size-thumbnail lazyload\" alt=\"\" src=\"data:image\/svg+xml;base64,PHN2ZyB3aWR0aD0iMSIgaGVpZ2h0PSIxIiB4bWxucz0iaHR0cDovL3d3dy53My5vcmcvMjAwMC9zdmciPjwvc3ZnPg==\" style=\"--smush-placeholder-width: 222px; --smush-placeholder-aspect-ratio: 222\/222;\" \/><\/a>\n\t\t\t<\/div><\/figure><figure class='gallery-item'>\n\t\t\t<div class='gallery-icon landscape'>\n\t\t\t\t<a href='https:\/\/autolivraria.com.br\/bc\/wp-content\/uploads\/2017\/05\/Toyota-Corolla-XRS-det07.jpg'><img decoding=\"async\" width=\"222\" height=\"222\" data-src=\"https:\/\/autolivraria.com.br\/bc\/wp-content\/uploads\/2017\/05\/Toyota-Corolla-XRS-det07-222x222.jpg\" class=\"attachment-thumbnail size-thumbnail lazyload\" alt=\"\" src=\"data:image\/svg+xml;base64,PHN2ZyB3aWR0aD0iMSIgaGVpZ2h0PSIxIiB4bWxucz0iaHR0cDovL3d3dy53My5vcmcvMjAwMC9zdmciPjwvc3ZnPg==\" style=\"--smush-placeholder-width: 222px; --smush-placeholder-aspect-ratio: 222\/222;\" \/><\/a>\n\t\t\t<\/div><\/figure>\n\t\t<\/div>\n\n<p style=\"text-align: center;\"><em>Pacote visual e rodas de 17 pol deixaram o XRS mais jovial; linha 2018 trouxe reestiliza\u00e7\u00e3o, controle de estabilidade e sistema de \u00e1udio com tela de 7 pol<\/em><\/p>\n<p>&nbsp;<\/p>\n<p>Como esperado por sua boa reputa\u00e7\u00e3o, o Corolla teve baixa incid\u00eancia de defeitos nos carros dos leitores. O mais frequente foram ru\u00eddos na suspens\u00e3o (14%) seguidos por tr\u00eas itens em empate: retrovisores externos que rangem durante o rebatimento el\u00e9trico, ru\u00eddos no interior e volante que veio desalinhado (9% cada). De acordo com Ant\u00f4nio Andrade Filho, de Adamantina, SP, dono de XEi 2,0 2017,\u00a0&#8220;acabamento e suspens\u00e3o transmitem ru\u00eddo interno. Levei \u00e0 autorizada, ficou um dia, melhorou 50% e em seguida voltou. Bom carro, mas deveria oferecer mais pelo seu valor.&#8221;<\/p>\n<p>Bom, mas n\u00e3o excelente: assim pode ser considerado o \u00edndice de satisfa\u00e7\u00e3o dos donos de Corolla, com 73% muito satisfeitos com o carro. O \u00fanico sed\u00e3 m\u00e9dio analisado antes, o <a href=\"https:\/\/autolivraria.com.br\/bc\/informe-se\/guia-compra\/guia-de-compra-nissan-sentra-uma-boa-alternativa\/\" target=\"_blank\">Nissan Sentra<\/a>, conseguiu 62%, mas o <a href=\"https:\/\/autolivraria.com.br\/bc\/informe-se\/noticias\/vw-golf-satisfaz-donos-pelos-motores-e-incomoda-pela-caixa-dsg\/\" target=\"_blank\">VW Golf<\/a> alcan\u00e7ou 84% e h\u00e1 modelos no <em>Guia de Compra<\/em> com 90% ou mais \u2014 <a href=\"https:\/\/autolivraria.com.br\/bc\/informe-se\/noticias\/vw-up-guia-de-compra-em-video-analisa-pros-e-contras\/\" target=\"_blank\">VW Up<\/a> e <a href=\"https:\/\/autolivraria.com.br\/bc\/informe-se\/noticias\/avaliacao-apesar-do-motor-jeep-renegade-vai-bem-entre-donos\/\" target=\"_blank\">Jeep Renegade<\/a>. Para 59% dos leitores, a rede de concession\u00e1rias Toyota trouxe muita satisfa\u00e7\u00e3o. Foi melhor que a Nissan (48%) e a VW na pesquisa do Golf (44%), mas perdeu para a Jeep no caso do Renegade (63%).<\/p>\n<div class='one_half'>\n\t\t\t\t\t<a href='https:\/\/autolivraria.com.br\/bc\/tag\/corolla\/' class='small-button smallsilver'>Tudo sobre Corolla<\/a>\n\t\t\t\t<\/div>\n<div class='one_half last'>\n\t\t\t\t\t<a href='https:\/\/autolivraria.com.br\/bc\/category\/informe-se\/guia-compra\/' class='small-button smallsilver'>Mais Guias de Compra<\/a>\n\t\t\t\t<\/div><div class='clear'><\/div>\n<p>&nbsp;<\/p>\n<div class='et-box et-shadow'>\n\t\t\t\t\t<div class='et-box-content'><h2>Satisfa\u00e7\u00e3o com o carro<\/h2>\n<table border=\"0\" cellspacing=\"0\" cellpadding=\"3\">\n<tbody>\n<tr>\n<td width=\"50%\">Muito satisfeitos<\/td>\n<td width=\"50%\">73%<\/td>\n<\/tr>\n<tr>\n<td width=\"50%\">Parcialmente satisfeitos<\/td>\n<td width=\"50%\">18%<\/td>\n<\/tr>\n<tr>\n<td width=\"50%\">Insatisfeitos<\/td>\n<td width=\"50%\">9%<\/td>\n<\/tr>\n<tr>\n<td colspan=\"2\" width=\"50%\">Pesquisa com 22 donos de modelos 2015 a 2018<\/td>\n<\/tr>\n<\/tbody>\n<\/table><\/div><\/div>\n<p>&nbsp;<\/p>\n<div class='et-box et-shadow'>\n\t\t\t\t\t<div class='et-box-content'><h2>Satisfa\u00e7\u00e3o com a rede de concession\u00e1rias<\/h2>\n<table border=\"0\" cellspacing=\"0\" cellpadding=\"3\">\n<tbody>\n<tr>\n<td width=\"50%\">Muito satisfeitos<\/td>\n<td width=\"50%\">59%<\/td>\n<\/tr>\n<tr>\n<td width=\"50%\">Parcialmente satisfeitos<\/td>\n<td width=\"50%\">32%<\/td>\n<\/tr>\n<tr>\n<td width=\"50%\">Insatisfeitos<\/td>\n<td width=\"50%\">9%<\/td>\n<\/tr>\n<tr>\n<td width=\"50%\">N\u00e3o usam<\/td>\n<td width=\"50%\">0<\/td>\n<\/tr>\n<tr>\n<td colspan=\"2\" width=\"50%\">Pesquisa com 22 donos de modelos 2015 a 2018<\/td>\n<\/tr>\n<\/tbody>\n<\/table><\/div><\/div>\n<p>&nbsp;<\/p>\n<div class='et-box et-shadow'>\n\t\t\t\t\t<div class='et-box-content'><h2>Teste do Leitor<\/h2>\n<ul>\n<li><a href=\"https:\/\/autolivraria.com.br\/bc\/participe\/opinioes-proprietarios\/teste-do-leitor-toyota\/toyota-corolla-quarta-geracao\/\" target=\"_blank\">Leia as opini\u00f5es dos propriet\u00e1rios de Corolla<\/a><\/li>\n<\/ul>\n<ul>\n<li><a href=\"https:\/\/autolivraria.com.br\/bc\/teste-do-leitor-envie-sua-opiniao\/\" target=\"_blank\">Envie opini\u00e3o sobre seu carro<\/a><\/li>\n<\/ul><\/div><\/div>\n<p>&nbsp;<\/p>\n<div class='et-box et-shadow'>\n\t\t\t\t\t<div class='et-box-content'><h2>Ficha t\u00e9cnica<\/h2>\n<table id=\"table61\" style=\"width: 100%;\" border=\"0\" cellspacing=\"0\" cellpadding=\"3\">\n<tbody>\n<tr>\n<td valign=\"top\" width=\"40%\"><strong>\u00a0<\/strong><\/td>\n<td valign=\"top\" width=\"30%\"><strong>GLi 1,8<\/strong><\/td>\n<td valign=\"top\" width=\"30%\"><strong>XEi e Altis 2,0<\/strong><\/td>\n<\/tr>\n<tr>\n<td colspan=\"3\" valign=\"top\" bgcolor=\"#ffffff\" width=\"40%\"><strong>Motor<\/strong><\/td>\n<\/tr>\n<tr>\n<td valign=\"top\" width=\"40%\">Posi\u00e7\u00e3o<\/td>\n<td valign=\"top\" width=\"30%\">transversal<\/td>\n<td valign=\"top\" width=\"30%\"><\/td>\n<\/tr>\n<tr>\n<td valign=\"top\" width=\"40%\">Cilindros<\/td>\n<td valign=\"top\" width=\"30%\">4\u00a0em linha<\/td>\n<td valign=\"top\" width=\"30%\"><\/td>\n<\/tr>\n<tr>\n<td valign=\"top\" width=\"40%\">Comando\u00a0de v\u00e1lvulas<\/td>\n<td colspan=\"2\" valign=\"top\" width=\"30%\">duplo\u00a0no cabe\u00e7ote<\/td>\n<\/tr>\n<tr>\n<td valign=\"top\" width=\"40%\">V\u00e1lvulas\u00a0por cilindro<\/td>\n<td valign=\"top\" width=\"30%\">4<\/td>\n<td valign=\"top\" width=\"30%\"><\/td>\n<\/tr>\n<tr>\n<td valign=\"top\" width=\"40%\">Di\u00e2metro\u00a0e curso<\/td>\n<td valign=\"top\" width=\"30%\">80,5\u00a0x 88,3\u00a0mm<\/td>\n<td valign=\"top\" width=\"30%\">80,5\u00a0x 97,6 mm<\/td>\n<\/tr>\n<tr>\n<td valign=\"top\" width=\"40%\">Cilindrada<\/td>\n<td valign=\"top\" width=\"30%\">1.798\u00a0cm\u00b3<\/td>\n<td valign=\"top\" width=\"30%\">1.986\u00a0cm\u00b3<\/td>\n<\/tr>\n<tr>\n<td valign=\"top\" width=\"40%\">Taxa\u00a0de compress\u00e3o<\/td>\n<td valign=\"top\" width=\"30%\">12:1<\/td>\n<td valign=\"top\" width=\"30%\"><\/td>\n<\/tr>\n<tr>\n<td valign=\"top\" width=\"40%\">Alimenta\u00e7\u00e3o<\/td>\n<td colspan=\"2\" valign=\"top\" width=\"60%\">inje\u00e7\u00e3o multiponto\u00a0sequencial<\/td>\n<\/tr>\n<tr>\n<td valign=\"top\" width=\"40%\">Pot\u00eancia\u00a0m\u00e1xima (gas.\/\u00e1lc.)<\/td>\n<td valign=\"top\" width=\"30%\">139\/144\u00a0cv a 6.000 rpm<\/td>\n<td valign=\"top\" width=\"30%\">143\/154\u00a0cv a 5.800 rpm<\/td>\n<\/tr>\n<tr>\n<td valign=\"top\" width=\"40%\">Torque\u00a0m\u00e1ximo (gas.\/\u00e1lc.)<\/td>\n<td valign=\"top\" width=\"30%\">17,7 m.kgf a 4.400 rpm\/\n18,4 m.kgf a 4.800 rpm<\/td>\n<td valign=\"top\" width=\"30%\">19,4\u00a0m.kgf a 4.000 rpm\/\n20,3 m.kgf a 4.800 rpm<\/td>\n<\/tr>\n<tr>\n<td colspan=\"3\" valign=\"top\" bgcolor=\"#ffffff\" width=\"40%\"><strong>Transmiss\u00e3o<\/strong><\/td>\n<\/tr>\n<tr>\n<td valign=\"top\" width=\"40%\">Tipo\u00a0de caixa e marchas<\/td>\n<td valign=\"top\" width=\"30%\">manual,\u00a06 ou autom\u00e1tica de varia\u00e7\u00e3o\u00a0cont\u00ednua<\/td>\n<td valign=\"top\" width=\"30%\">autom\u00e1tica de varia\u00e7\u00e3o cont\u00ednua<\/td>\n<\/tr>\n<tr>\n<td valign=\"top\" width=\"40%\">Tra\u00e7\u00e3o<\/td>\n<td valign=\"top\" width=\"30%\">dianteira<\/td>\n<td valign=\"top\" width=\"30%\"><\/td>\n<\/tr>\n<tr>\n<td colspan=\"3\" valign=\"top\" bgcolor=\"#ffffff\" width=\"40%\"><strong>Freios<\/strong><\/td>\n<\/tr>\n<tr>\n<td valign=\"top\" width=\"40%\">Dianteiros<\/td>\n<td colspan=\"2\" valign=\"top\" width=\"30%\">a\u00a0disco ventilado<\/td>\n<\/tr>\n<tr>\n<td valign=\"top\" width=\"40%\">Traseiros<\/td>\n<td valign=\"top\" width=\"30%\">a\u00a0disco<\/td>\n<td valign=\"top\" width=\"30%\"><\/td>\n<\/tr>\n<tr>\n<td valign=\"top\" width=\"40%\">Antitravamento\u00a0(ABS)<\/td>\n<td valign=\"top\" width=\"30%\">sim<\/td>\n<td valign=\"top\" width=\"30%\"><\/td>\n<\/tr>\n<tr>\n<td colspan=\"3\" valign=\"top\" bgcolor=\"#ffffff\" width=\"40%\"><strong>Dire\u00e7\u00e3o<\/strong><\/td>\n<\/tr>\n<tr>\n<td valign=\"top\" width=\"40%\">Sistema<\/td>\n<td colspan=\"2\" valign=\"top\" width=\"30%\">pinh\u00e3o\u00a0e cremalheira<\/td>\n<\/tr>\n<tr>\n<td valign=\"top\" width=\"40%\">Assist\u00eancia<\/td>\n<td valign=\"top\" width=\"30%\">el\u00e9trica<\/td>\n<td valign=\"top\" width=\"30%\"><\/td>\n<\/tr>\n<tr>\n<td colspan=\"3\" valign=\"top\" bgcolor=\"#ffffff\" width=\"40%\"><strong>Suspens\u00e3o<\/strong><\/td>\n<\/tr>\n<tr>\n<td valign=\"top\" width=\"40%\">Dianteira<\/td>\n<td colspan=\"2\" valign=\"top\" width=\"30%\">independente, McPherson, mola helicoidal<\/td>\n<\/tr>\n<tr>\n<td valign=\"top\" width=\"40%\">Traseira<\/td>\n<td colspan=\"2\" valign=\"top\" width=\"30%\">eixo de tor\u00e7\u00e3o,\u00a0mola helicoidal<\/td>\n<\/tr>\n<tr>\n<td colspan=\"3\" valign=\"top\" bgcolor=\"#ffffff\" width=\"40%\"><strong>Rodas<\/strong><\/td>\n<\/tr>\n<tr>\n<td valign=\"top\" width=\"40%\">Dimens\u00f5es<\/td>\n<td valign=\"top\" width=\"30%\">16\u00a0pol<\/td>\n<td valign=\"top\" width=\"30%\"><\/td>\n<\/tr>\n<tr>\n<td valign=\"top\" width=\"40%\">Pneus<\/td>\n<td valign=\"top\" width=\"30%\">205\/55\u00a0R 16<\/td>\n<td valign=\"top\" width=\"30%\"><\/td>\n<\/tr>\n<tr>\n<td colspan=\"3\" valign=\"top\" bgcolor=\"#ffffff\" width=\"40%\"><strong>Dimens\u00f5es<\/strong><\/td>\n<\/tr>\n<tr>\n<td valign=\"top\" width=\"40%\">Comprimento<\/td>\n<td valign=\"top\" width=\"30%\">4,62 m<\/td>\n<td valign=\"top\" width=\"30%\"><\/td>\n<\/tr>\n<tr>\n<td valign=\"top\" width=\"40%\">Largura<\/td>\n<td valign=\"top\" width=\"30%\">1,775\u00a0m<\/td>\n<td valign=\"top\" width=\"30%\"><\/td>\n<\/tr>\n<tr>\n<td valign=\"top\" width=\"40%\">Altura<\/td>\n<td valign=\"top\" width=\"30%\">1,475 m<\/td>\n<td valign=\"top\" width=\"30%\"><\/td>\n<\/tr>\n<tr>\n<td valign=\"top\" width=\"40%\">Entre-eixos<\/td>\n<td valign=\"top\" width=\"30%\">2,70\u00a0m<\/td>\n<td valign=\"top\" width=\"30%\"><\/td>\n<\/tr>\n<tr>\n<td colspan=\"3\" valign=\"top\" bgcolor=\"#ffffff\" width=\"40%\"><strong>Capacidades\u00a0e peso<\/strong><\/td>\n<\/tr>\n<tr>\n<td valign=\"top\" width=\"40%\">Tanque\u00a0de combust\u00edvel<\/td>\n<td valign=\"top\" width=\"30%\">60\u00a0l<\/td>\n<td valign=\"top\" width=\"30%\"><\/td>\n<\/tr>\n<tr>\n<td valign=\"top\" width=\"40%\">Compartimento\u00a0de bagagem<\/td>\n<td valign=\"top\" width=\"30%\">470\u00a0l<\/td>\n<td valign=\"top\" width=\"30%\"><\/td>\n<\/tr>\n<tr>\n<td valign=\"top\" width=\"40%\">Peso\u00a0em ordem de marcha<\/td>\n<td valign=\"top\" width=\"30%\">1.295 kg<\/td>\n<td valign=\"top\" width=\"30%\">1.335 kg (XEi)<\/td>\n<\/tr>\n<tr>\n<td colspan=\"3\" valign=\"top\" bgcolor=\"#ffffff\" width=\"40%\"><strong>Desempenho\u00a0e consumo\u00a0(gas.\/\u00e1lc.)<\/strong><\/td>\n<\/tr>\n<tr>\n<td valign=\"top\" width=\"40%\">Velocidade\u00a0m\u00e1xima<\/td>\n<td valign=\"top\" width=\"30%\">ND<\/td>\n<td valign=\"top\" width=\"30%\"><\/td>\n<\/tr>\n<tr>\n<td valign=\"top\" width=\"40%\">Acelera\u00e7\u00e3o\u00a0de 0 a 100 km\/h<\/td>\n<td valign=\"top\" width=\"30%\">ND<\/td>\n<td valign=\"top\" width=\"30%\">9,6\u00a0s (\u00e1lc.)<\/td>\n<\/tr>\n<tr>\n<td valign=\"top\" width=\"40%\">Consumo\u00a0em cidade<\/td>\n<td valign=\"top\" width=\"30%\">11,4\/7,8\u00a0km\/l<\/td>\n<td valign=\"top\" width=\"30%\">10,6\/7,2\u00a0km\/l<\/td>\n<\/tr>\n<tr>\n<td valign=\"top\" width=\"40%\">Consumo\u00a0em rodovia<\/td>\n<td valign=\"top\" width=\"30%\">13,2\/9,2\u00a0km\/l<\/td>\n<td valign=\"top\" width=\"30%\">12,6\/8,7\u00a0km\/l<\/td>\n<\/tr>\n<tr>\n<td colspan=\"3\" valign=\"top\" width=\"40%\">Dados do fabricante para modelos 2015 a 2017; ND = n\u00e3o\u00a0dispon\u00edvel; consumo pelos padr\u00f5es do Inmetro;\u00a0consumo do GLi com caixa CVT<\/td>\n<\/tr>\n<\/tbody>\n<\/table><\/div><\/div>\n<p>&nbsp;<\/p>\n","protected":false},"excerpt":{"rendered":"<p>Confi\u00e1vel e econ\u00f4mico, sed\u00e3 da Toyota tem baixa incid\u00eancia de problemas; satisfa\u00e7\u00e3o poderia ser mais alta<\/p>\n","protected":false},"author":6,"featured_media":87951,"comment_status":"open","ping_status":"closed","sticky":false,"template":"","format":"standard","meta":{"_joinchat":[],"footnotes":""},"categories":[38,623,4237],"tags":[80,143,1549,1550,3507,1544,1551,95,83],"class_list":["post-87901","post","type-post","status-publish","format-standard","has-post-thumbnail","hentry","category-guia-compra","category-videos","category-videos-destaques","tag-avaliacao-2","tag-corolla","tag-corolla-altis","tag-corolla-gli","tag-corolla-gli-upper","tag-corolla-xei","tag-corolla-xrs","tag-guia-de-compra","tag-toyota"],"amp_enabled":true,"_links":{"self":[{"href":"https:\/\/autolivraria.com.br\/bc\/wp-json\/wp\/v2\/posts\/87901","targetHints":{"allow":["GET"]}}],"collection":[{"href":"https:\/\/autolivraria.com.br\/bc\/wp-json\/wp\/v2\/posts"}],"about":[{"href":"https:\/\/autolivraria.com.br\/bc\/wp-json\/wp\/v2\/types\/post"}],"author":[{"embeddable":true,"href":"https:\/\/autolivraria.com.br\/bc\/wp-json\/wp\/v2\/users\/6"}],"replies":[{"embeddable":true,"href":"https:\/\/autolivraria.com.br\/bc\/wp-json\/wp\/v2\/comments?post=87901"}],"version-history":[{"count":0,"href":"https:\/\/autolivraria.com.br\/bc\/wp-json\/wp\/v2\/posts\/87901\/revisions"}],"wp:featuredmedia":[{"embeddable":true,"href":"https:\/\/autolivraria.com.br\/bc\/wp-json\/wp\/v2\/media\/87951"}],"wp:attachment":[{"href":"https:\/\/autolivraria.com.br\/bc\/wp-json\/wp\/v2\/media?parent=87901"}],"wp:term":[{"taxonomy":"category","embeddable":true,"href":"https:\/\/autolivraria.com.br\/bc\/wp-json\/wp\/v2\/categories?post=87901"},{"taxonomy":"post_tag","embeddable":true,"href":"https:\/\/autolivraria.com.br\/bc\/wp-json\/wp\/v2\/tags?post=87901"}],"curies":[{"name":"wp","href":"https:\/\/api.w.org\/{rel}","templated":true}]}}