{"id":89377,"date":"2017-10-06T18:55:53","date_gmt":"2017-10-06T21:55:53","guid":{"rendered":"http:\/\/bestcars.uol.com.br\/bc\/?p=89377"},"modified":"2017-11-15T11:03:22","modified_gmt":"2017-11-15T14:03:22","slug":"video-historia-fusca-curiosidades-de-um-volkswagen-muito-querido","status":"publish","type":"post","link":"https:\/\/autolivraria.com.br\/bc\/informe-se\/video-historia-fusca-curiosidades-de-um-volkswagen-muito-querido\/","title":{"rendered":"Fusca: curiosidades de um Volkswagen muito querido"},"content":{"rendered":"<p><iframe title=\"Fusca: 10 curiosidades de um Volkswagen muito querido | Carros do Passado | Best Cars\" width=\"960\" height=\"540\" data-src=\"https:\/\/www.youtube.com\/embed\/KG4oQZONkCE?feature=oembed\" frameborder=\"0\" allow=\"accelerometer; autoplay; clipboard-write; encrypted-media; gyroscope; picture-in-picture; web-share\" referrerpolicy=\"strict-origin-when-cross-origin\" allowfullscreen src=\"data:image\/svg+xml;base64,PHN2ZyB3aWR0aD0iMSIgaGVpZ2h0PSIxIiB4bWxucz0iaHR0cDovL3d3dy53My5vcmcvMjAwMC9zdmciPjwvc3ZnPg==\" class=\"lazyload\" data-load-mode=\"1\"><\/iframe><\/p>\n<p>&nbsp;<\/p>\n<p>O Volkswagen que est\u00e1 no cora\u00e7\u00e3o de tantos brasileiros tem muitas curiosidades para contar. Neste v\u00eddeo voc\u00ea ver\u00e1 a origem do Fusca, sua trajet\u00f3ria no Brasil, as vers\u00f5es que ficaram no exterior (teve at\u00e9 convers\u00edvel de dois lugares) e alguns usos de sua vers\u00e1til mec\u00e2nica.<\/p>\n<p>&nbsp;<\/p>\n<div class='code-block code-block-6' style='margin: 28px auto; text-align: center; display: block; clear: both;'>\n<script async src=\"https:\/\/pagead2.googlesyndication.com\/pagead\/js\/adsbygoogle.js\"><\/script>\n<!-- AL-quadrado -->\n<ins class=\"adsbygoogle\"\n     style=\"display:block\"\n     data-ad-client=\"ca-pub-1914799802606213\"\n     data-ad-slot=\"5683066082\"\n     data-ad-format=\"auto\"\n     data-full-width-responsive=\"true\"><\/ins>\n<script>\n     (adsbygoogle = window.adsbygoogle || []).push({});\n<\/script><\/div>\n\n<p>&nbsp;<\/p>\n<p>\u00c9 mais um v\u00eddeo da s\u00e9rie de <em>Carros do Passado<\/em> do <strong>Best Cars<\/strong>. Em nosso\u00a0canal voc\u00ea encontra avalia\u00e7\u00f5es, comparativos, curiosidades e muito mais.\u00a0<a href=\"https:\/\/www.youtube.com\/bestcarscombr?sub_confirmation=1\" target=\"_blank\">Inscreva-se!<\/a>\u00a0E siga-nos nas redes sociais\u00a0<a href=\"http:\/\/www.facebook.com\/autolivraria.com.br\/\" target=\"_blank\">Facebook<\/a>\u00a0e\u00a0<a href=\"http:\/\/twitter.com\/bestcarscombr\" target=\"_blank\">Twitter<\/a>.<\/p>\n<p>&nbsp;<\/p>\n<h2>Assista tamb\u00e9m<\/h2>\n\n<table>\n<tbody>\n<tr>\n<td><strong><a href=\"https:\/\/autolivraria.com.br\/bc\/informe-se\/video-cornowagen-cachacinha-e-outros-apelidos-dos-carros\/\" rel=\"attachment wp-att-88252\"><img decoding=\"async\" data-src=\"https:\/\/autolivraria.com.br\/bc\/wp-content\/uploads\/2017\/08\/Apelidos-1-222x148.jpg\" alt=\"Apelidos 1\" width=\"222\" height=\"148\" src=\"data:image\/svg+xml;base64,PHN2ZyB3aWR0aD0iMSIgaGVpZ2h0PSIxIiB4bWxucz0iaHR0cDovL3d3dy53My5vcmcvMjAwMC9zdmciPjwvc3ZnPg==\" class=\"lazyload\" style=\"--smush-placeholder-width: 222px; --smush-placeholder-aspect-ratio: 222\/148;\" \/><\/a><\/strong><strong><a href=\"https:\/\/autolivraria.com.br\/bc\/informe-se\/video-cornowagen-cachacinha-e-outros-apelidos-dos-carros\/\" target=\"_blank\">Apelidos dos carros<\/a><\/strong><\/td>\n<td><strong><a href=\"https:\/\/autolivraria.com.br\/bc\/informe-se\/video-dauphine-e-gordini-curiosidades-dos-antigos-renaults\/\" rel=\"attachment wp-att-87774\"><img decoding=\"async\" data-src=\"https:\/\/autolivraria.com.br\/bc\/wp-content\/uploads\/2017\/08\/Dauphine-2-222x148.jpg\" alt=\"Dauphine\" width=\"222\" height=\"148\" src=\"data:image\/svg+xml;base64,PHN2ZyB3aWR0aD0iMSIgaGVpZ2h0PSIxIiB4bWxucz0iaHR0cDovL3d3dy53My5vcmcvMjAwMC9zdmciPjwvc3ZnPg==\" class=\"lazyload\" style=\"--smush-placeholder-width: 222px; --smush-placeholder-aspect-ratio: 222\/148;\" \/><\/a><\/strong><strong><a href=\"https:\/\/autolivraria.com.br\/bc\/informe-se\/video-dauphine-e-gordini-curiosidades-dos-antigos-renaults\/\" target=\"_blank\">Renault Dauphine e Gordini<\/a><\/strong><\/td>\n<td><strong><a href=\"https:\/\/autolivraria.com.br\/bc\/informe-se\/noticias\/video-carros-do-passado-dkw-vemag-10-curiosidades\/\" rel=\"attachment wp-att-85518\"><img decoding=\"async\" data-src=\"https:\/\/autolivraria.com.br\/bc\/wp-content\/uploads\/2017\/05\/DKW-video-2-222x148.jpg\" alt=\"DKW video 2\" width=\"222\" height=\"148\" src=\"data:image\/svg+xml;base64,PHN2ZyB3aWR0aD0iMSIgaGVpZ2h0PSIxIiB4bWxucz0iaHR0cDovL3d3dy53My5vcmcvMjAwMC9zdmciPjwvc3ZnPg==\" class=\"lazyload\" style=\"--smush-placeholder-width: 222px; --smush-placeholder-aspect-ratio: 222\/148;\" \/><\/a><\/strong><strong><a href=\"https:\/\/autolivraria.com.br\/bc\/informe-se\/noticias\/video-carros-do-passado-dkw-vemag-10-curiosidades\/\" target=\"_blank\">DKW-Vemag<\/a><\/strong><\/td>\n<\/tr>\n<\/tbody>\n<\/table>\n<p><em><br \/>\nTexto: Fabr\u00edcio Samah\u00e1 &#8211;\u00a0<\/em><em>Imagens: divulga\u00e7\u00e3o &#8211;\u00a0<\/em><em>Edi\u00e7\u00e3o: Est\u00fadio Best Cars<\/em><\/p>\n<p>&nbsp;<\/p>\n","protected":false},"excerpt":{"rendered":"<p>Conhe\u00e7a a origem do Fusca, sua trajet\u00f3ria no Brasil, as vers\u00f5es que ficaram no exterior e alguns usos de sua vers\u00e1til mec\u00e2nica<\/p>\n","protected":false},"author":6,"featured_media":89378,"comment_status":"open","ping_status":"closed","sticky":false,"template":"","format":"standard","meta":{"_joinchat":[],"footnotes":""},"categories":[145,623,4237,3824],"tags":[156,1875,624,60],"class_list":["post-89377","post","type-post","status-publish","format-standard","has-post-thumbnail","hentry","category-informe-se","category-videos","category-videos-destaques","category-volkswagen","tag-carros-do-passado","tag-fusca","tag-video","tag-volkswagen"],"amp_enabled":true,"_links":{"self":[{"href":"https:\/\/autolivraria.com.br\/bc\/wp-json\/wp\/v2\/posts\/89377","targetHints":{"allow":["GET"]}}],"collection":[{"href":"https:\/\/autolivraria.com.br\/bc\/wp-json\/wp\/v2\/posts"}],"about":[{"href":"https:\/\/autolivraria.com.br\/bc\/wp-json\/wp\/v2\/types\/post"}],"author":[{"embeddable":true,"href":"https:\/\/autolivraria.com.br\/bc\/wp-json\/wp\/v2\/users\/6"}],"replies":[{"embeddable":true,"href":"https:\/\/autolivraria.com.br\/bc\/wp-json\/wp\/v2\/comments?post=89377"}],"version-history":[{"count":0,"href":"https:\/\/autolivraria.com.br\/bc\/wp-json\/wp\/v2\/posts\/89377\/revisions"}],"wp:featuredmedia":[{"embeddable":true,"href":"https:\/\/autolivraria.com.br\/bc\/wp-json\/wp\/v2\/media\/89378"}],"wp:attachment":[{"href":"https:\/\/autolivraria.com.br\/bc\/wp-json\/wp\/v2\/media?parent=89377"}],"wp:term":[{"taxonomy":"category","embeddable":true,"href":"https:\/\/autolivraria.com.br\/bc\/wp-json\/wp\/v2\/categories?post=89377"},{"taxonomy":"post_tag","embeddable":true,"href":"https:\/\/autolivraria.com.br\/bc\/wp-json\/wp\/v2\/tags?post=89377"}],"curies":[{"name":"wp","href":"https:\/\/api.w.org\/{rel}","templated":true}]}}