{"id":90570,"date":"2017-11-24T09:00:22","date_gmt":"2017-11-24T12:00:22","guid":{"rendered":"http:\/\/bestcars.uol.com.br\/bc\/?p=90570"},"modified":"2017-12-05T18:10:17","modified_gmt":"2017-12-05T21:10:17","slug":"video-historia-fiat-palio-e-familia-10-curiosidades","status":"publish","type":"post","link":"https:\/\/autolivraria.com.br\/bc\/informe-se\/video-historia-fiat-palio-e-familia-10-curiosidades\/","title":{"rendered":"Fiat Palio e fam\u00edlia: 10 curiosidades da primeira gera\u00e7\u00e3o"},"content":{"rendered":"<p><iframe title=\"Fiat Palio e fam\u00edlia: 10 curiosidades da primeira gera\u00e7\u00e3o | Carros do Passado | Best Cars\" width=\"960\" height=\"540\" data-src=\"https:\/\/www.youtube.com\/embed\/SbOKgrN8PCY?feature=oembed\" frameborder=\"0\" allow=\"accelerometer; autoplay; clipboard-write; encrypted-media; gyroscope; picture-in-picture; web-share\" referrerpolicy=\"strict-origin-when-cross-origin\" allowfullscreen src=\"data:image\/svg+xml;base64,PHN2ZyB3aWR0aD0iMSIgaGVpZ2h0PSIxIiB4bWxucz0iaHR0cDovL3d3dy53My5vcmcvMjAwMC9zdmciPjwvc3ZnPg==\" class=\"lazyload\" data-load-mode=\"1\"><\/iframe><\/p>\n<p>&nbsp;<\/p>\n\n<p>O Palio e sua fam\u00edlia est\u00e3o no mercado h\u00e1 mais de 20 anos. Voc\u00ea sabia que esses Fiats inovaram em itens de seguran\u00e7a e lan\u00e7aram tend\u00eancias, como vers\u00e3o &#8220;aventureira&#8221; e picape leve com cabine estendida ou dupla? Que usaram motor da GM e foram feitos em muitos pa\u00edses?<\/p>\n<p>&nbsp;<\/p>\n<div class='code-block code-block-7' style='margin: 28px auto; text-align: center; display: block; clear: both;'>\n<script async src=\"https:\/\/pagead2.googlesyndication.com\/pagead\/js\/adsbygoogle.js\"><\/script>\n<!-- AL-quadrado -->\n<ins class=\"adsbygoogle\"\n     style=\"display:block\"\n     data-ad-client=\"ca-pub-1914799802606213\"\n     data-ad-slot=\"5683066082\"\n     data-ad-format=\"auto\"\n     data-full-width-responsive=\"true\"><\/ins>\n<script>\n     (adsbygoogle = window.adsbygoogle || []).push({});\n<\/script><\/div>\n\n<p>&nbsp;<\/p>\n<p>Essas e outras informa\u00e7\u00f5es sobre a linha Palio de primeira gera\u00e7\u00e3o est\u00e3o em mais um v\u00eddeo da s\u00e9rie <em>Carros do Passado em 10 Curiosidades<\/em>. Perdeu os anteriores? Eles est\u00e3o todos no canal <strong>Best Cars<\/strong>, no qual\u00a0voc\u00ea tamb\u00e9m encontra avalia\u00e7\u00f5es, comparativos, curiosidades e muito mais. <a href=\"http:\/\/youtube.com\/bestcarscombr?sub_confirmation=1\" target=\"_blank\">Inscreva-se!<\/a><\/p>\n<p>&nbsp;<\/p>\n<h2>Assista tamb\u00e9m<\/h2>\n<div class='one_third'>\n\t\t\t\t\t<img decoding=\"async\" class=\"aligncenter size-222px wp-image-89029 lazyload\" data-src=\"https:\/\/autolivraria.com.br\/bc\/wp-content\/uploads\/2017\/09\/Uno-2-222x148.jpg\" alt=\"Uno\" width=\"222\" height=\"148\" data-srcset=\"https:\/\/autolivraria.com.br\/bc\/wp-content\/uploads\/2017\/09\/Uno-2-222x148.jpg 222w, https:\/\/autolivraria.com.br\/bc\/wp-content\/uploads\/2017\/09\/Uno-2-340x227.jpg 340w, https:\/\/autolivraria.com.br\/bc\/wp-content\/uploads\/2017\/09\/Uno-2-696x464.jpg 696w, https:\/\/autolivraria.com.br\/bc\/wp-content\/uploads\/2017\/09\/Uno-2-630x420.jpg 630w, https:\/\/autolivraria.com.br\/bc\/wp-content\/uploads\/2017\/09\/Uno-2.jpg 950w\" data-sizes=\"(max-width: 222px) 100vw, 222px\" src=\"data:image\/svg+xml;base64,PHN2ZyB3aWR0aD0iMSIgaGVpZ2h0PSIxIiB4bWxucz0iaHR0cDovL3d3dy53My5vcmcvMjAwMC9zdmciPjwvc3ZnPg==\" style=\"--smush-placeholder-width: 222px; --smush-placeholder-aspect-ratio: 222\/148;\" \/><\/p>\n<p><strong><a href=\"https:\/\/autolivraria.com.br\/bc\/informe-se\/video-historia-fiat-uno-premio-elba-curiosidades\/\" target=\"_blank\">Fiat Uno<\/a><\/strong><\/p>\n\t\t\t\t<\/div>\n<div class='one_third'>\n\t\t\t\t\t<img decoding=\"async\" class=\"aligncenter size-222px wp-image-88149 lazyload\" data-src=\"https:\/\/autolivraria.com.br\/bc\/wp-content\/uploads\/2017\/08\/Tempra-2-222x148.jpg\" alt=\"Tempra\" width=\"222\" height=\"148\" data-srcset=\"https:\/\/autolivraria.com.br\/bc\/wp-content\/uploads\/2017\/08\/Tempra-2-222x148.jpg 222w, https:\/\/autolivraria.com.br\/bc\/wp-content\/uploads\/2017\/08\/Tempra-2-340x227.jpg 340w, https:\/\/autolivraria.com.br\/bc\/wp-content\/uploads\/2017\/08\/Tempra-2-696x464.jpg 696w, https:\/\/autolivraria.com.br\/bc\/wp-content\/uploads\/2017\/08\/Tempra-2-630x420.jpg 630w, https:\/\/autolivraria.com.br\/bc\/wp-content\/uploads\/2017\/08\/Tempra-2.jpg 950w\" data-sizes=\"(max-width: 222px) 100vw, 222px\" src=\"data:image\/svg+xml;base64,PHN2ZyB3aWR0aD0iMSIgaGVpZ2h0PSIxIiB4bWxucz0iaHR0cDovL3d3dy53My5vcmcvMjAwMC9zdmciPjwvc3ZnPg==\" style=\"--smush-placeholder-width: 222px; --smush-placeholder-aspect-ratio: 222\/148;\" \/><\/p>\n<p><strong><a href=\"https:\/\/autolivraria.com.br\/bc\/informe-se\/video-tempra-10-curiosidades-sobre-um-fiat-marcante\/\" target=\"_blank\">Fiat Tempra<\/a><\/strong><\/p>\n\t\t\t\t<\/div>\n<div class='one_third last'>\n\t\t\t\t\t<img decoding=\"async\" class=\"aligncenter size-222px wp-image-84315 lazyload\" data-src=\"https:\/\/autolivraria.com.br\/bc\/wp-content\/uploads\/2017\/04\/Fiat-147-curiosidades-2-222x148.jpg\" alt=\"Fiat 147\" width=\"222\" height=\"148\" data-srcset=\"https:\/\/autolivraria.com.br\/bc\/wp-content\/uploads\/2017\/04\/Fiat-147-curiosidades-2-222x148.jpg 222w, https:\/\/autolivraria.com.br\/bc\/wp-content\/uploads\/2017\/04\/Fiat-147-curiosidades-2-340x227.jpg 340w, https:\/\/autolivraria.com.br\/bc\/wp-content\/uploads\/2017\/04\/Fiat-147-curiosidades-2-696x464.jpg 696w, https:\/\/autolivraria.com.br\/bc\/wp-content\/uploads\/2017\/04\/Fiat-147-curiosidades-2-630x420.jpg 630w, https:\/\/autolivraria.com.br\/bc\/wp-content\/uploads\/2017\/04\/Fiat-147-curiosidades-2.jpg 950w\" data-sizes=\"(max-width: 222px) 100vw, 222px\" src=\"data:image\/svg+xml;base64,PHN2ZyB3aWR0aD0iMSIgaGVpZ2h0PSIxIiB4bWxucz0iaHR0cDovL3d3dy53My5vcmcvMjAwMC9zdmciPjwvc3ZnPg==\" style=\"--smush-placeholder-width: 222px; --smush-placeholder-aspect-ratio: 222\/148;\" \/><\/p>\n<p><strong><a href=\"https:\/\/autolivraria.com.br\/bc\/informe-se\/noticias\/curiosidades-sobre-o-147-o-primeiro-fiat-brasileiro\/\" target=\"_blank\">Fiat 147<\/a><\/strong><\/p>\n\t\t\t\t<\/div><div class='clear'><\/div>\n<p><em>Texto: Fabr\u00edcio Samah\u00e1 &#8211;\u00a0Imagens: divulga\u00e7\u00e3o &#8211;\u00a0Edi\u00e7\u00e3o: Est\u00fadio Best Cars<\/em><\/p>\n<p>&nbsp;<\/p>\n","protected":false},"excerpt":{"rendered":"<p>Voc\u00ea sabia que esses Fiats inovaram em itens de seguran\u00e7a e lan\u00e7aram tend\u00eancias no mercado?<\/p>\n","protected":false},"author":6,"featured_media":90571,"comment_status":"open","ping_status":"closed","sticky":false,"template":"","format":"standard","meta":{"_joinchat":[],"footnotes":""},"categories":[3775,145,623,4237],"tags":[156,57,150,1362,906,2799,203,205,206,1372,624],"class_list":["post-90570","post","type-post","status-publish","format-standard","has-post-thumbnail","hentry","category-fiat","category-informe-se","category-videos","category-videos-destaques","tag-carros-do-passado","tag-fiat","tag-palio","tag-palio-1-8r","tag-palio-adventure","tag-palio-fire","tag-palio-weekend","tag-siena","tag-strada","tag-strada-adventure","tag-video"],"amp_enabled":true,"_links":{"self":[{"href":"https:\/\/autolivraria.com.br\/bc\/wp-json\/wp\/v2\/posts\/90570","targetHints":{"allow":["GET"]}}],"collection":[{"href":"https:\/\/autolivraria.com.br\/bc\/wp-json\/wp\/v2\/posts"}],"about":[{"href":"https:\/\/autolivraria.com.br\/bc\/wp-json\/wp\/v2\/types\/post"}],"author":[{"embeddable":true,"href":"https:\/\/autolivraria.com.br\/bc\/wp-json\/wp\/v2\/users\/6"}],"replies":[{"embeddable":true,"href":"https:\/\/autolivraria.com.br\/bc\/wp-json\/wp\/v2\/comments?post=90570"}],"version-history":[{"count":0,"href":"https:\/\/autolivraria.com.br\/bc\/wp-json\/wp\/v2\/posts\/90570\/revisions"}],"wp:featuredmedia":[{"embeddable":true,"href":"https:\/\/autolivraria.com.br\/bc\/wp-json\/wp\/v2\/media\/90571"}],"wp:attachment":[{"href":"https:\/\/autolivraria.com.br\/bc\/wp-json\/wp\/v2\/media?parent=90570"}],"wp:term":[{"taxonomy":"category","embeddable":true,"href":"https:\/\/autolivraria.com.br\/bc\/wp-json\/wp\/v2\/categories?post=90570"},{"taxonomy":"post_tag","embeddable":true,"href":"https:\/\/autolivraria.com.br\/bc\/wp-json\/wp\/v2\/tags?post=90570"}],"curies":[{"name":"wp","href":"https:\/\/api.w.org\/{rel}","templated":true}]}}