{"id":90692,"date":"2017-11-28T16:59:57","date_gmt":"2017-11-28T19:59:57","guid":{"rendered":"http:\/\/bestcars.uol.com.br\/bc\/?p=90692"},"modified":"2017-11-29T12:32:03","modified_gmt":"2017-11-29T15:32:03","slug":"fiat-palio-chega-ao-fim-veja-historico-de-seus-21-anos","status":"publish","type":"post","link":"https:\/\/autolivraria.com.br\/bc\/informe-se\/noticias\/fiat-palio-chega-ao-fim-veja-historico-de-seus-21-anos\/","title":{"rendered":"Fiat Palio chega ao fim: veja hist\u00f3rico de seus 21 anos"},"content":{"rendered":"<div id='gallery-1' class='gallery galleryid-90692 gallery-columns-1 gallery-size-large'><figure class='gallery-item'>\n\t\t\t<div class='gallery-icon landscape'>\n\t\t\t\t<a href='https:\/\/autolivraria.com.br\/bc\/wp-content\/uploads\/2016\/08\/Fiat-Palio-Essence-01.jpg'><img fetchpriority=\"high\" decoding=\"async\" width=\"696\" height=\"464\" src=\"https:\/\/autolivraria.com.br\/bc\/wp-content\/uploads\/2016\/08\/Fiat-Palio-Essence-01-696x464.jpg\" class=\"attachment-large size-large\" alt=\"\" \/><\/a>\n\t\t\t<\/div><\/figure>\n\t\t<\/div>\n\n<p>&nbsp;<\/p>\n\n<p>O Fiat Palio sai de linha no Brasil depois de duas gera\u00e7\u00f5es e mais de 21 anos. Como se esperava, o hatch d\u00e1 lugar em definitivo ao <a href=\"https:\/\/autolivraria.com.br\/bc\/tag\/argo\" target=\"_blank\">Argo<\/a>, mantendo-se por enquanto os derivados <a href=\"https:\/\/autolivraria.com.br\/bc\/tag\/grand-siena\" target=\"_blank\">Grand Siena<\/a> (com sucessor a caminho, o <a href=\"https:\/\/autolivraria.com.br\/bc\/tag\/cronos\" target=\"_blank\">Cronos<\/a>), <a href=\"https:\/\/autolivraria.com.br\/bc\/tag\/palio-weekend\" target=\"_blank\">Weekend<\/a> e <a href=\"https:\/\/autolivraria.com.br\/bc\/tag\/strada\" target=\"_blank\">Strada<\/a> (a ser substitu\u00edda por uma picape <a href=\"https:\/\/autolivraria.com.br\/bc\/tag\/mobi\" target=\"_blank\">Mobi<\/a>). Como o <strong>Best Cars<\/strong> destacou na semana passada em <a href=\"https:\/\/autolivraria.com.br\/bc\/informe-se\/video-historia-fiat-palio-e-familia-10-curiosidades\/\" target=\"_blank\">v\u00eddeo sobre a primeira gera\u00e7\u00e3o<\/a>, o Palio foi inovador em v\u00e1rias ocasi\u00f5es no mercado brasileiro. Confira um breve hist\u00f3rico do hatch.<\/p>\n<p>&nbsp;<\/p>\n<div id='gallery-2' class='gallery galleryid-90692 gallery-columns-2 gallery-size-medium'><figure class='gallery-item'>\n\t\t\t<div class='gallery-icon landscape'>\n\t\t\t\t<a href='https:\/\/autolivraria.com.br\/bc\/wp-content\/uploads\/2017\/11\/Fiat-Palio-16V-1996.jpg'><img decoding=\"async\" width=\"340\" height=\"227\" data-src=\"https:\/\/autolivraria.com.br\/bc\/wp-content\/uploads\/2017\/11\/Fiat-Palio-16V-1996-340x227.jpg\" class=\"attachment-medium size-medium lazyload\" alt=\"\" aria-describedby=\"gallery-2-90693\" src=\"data:image\/svg+xml;base64,PHN2ZyB3aWR0aD0iMSIgaGVpZ2h0PSIxIiB4bWxucz0iaHR0cDovL3d3dy53My5vcmcvMjAwMC9zdmciPjwvc3ZnPg==\" style=\"--smush-placeholder-width: 340px; --smush-placeholder-aspect-ratio: 340\/227;\" \/><\/a>\n\t\t\t<\/div>\n\t\t\t\t<figcaption class='wp-caption-text gallery-caption' id='gallery-2-90693'>\n\t\t\t\t1996\n\t\t\t\t<\/figcaption><\/figure><figure class='gallery-item'>\n\t\t\t<div class='gallery-icon landscape'>\n\t\t\t\t<a href='https:\/\/autolivraria.com.br\/bc\/wp-content\/uploads\/2016\/07\/Fiat-Palio-1996.jpg'><img decoding=\"async\" width=\"340\" height=\"227\" data-src=\"https:\/\/autolivraria.com.br\/bc\/wp-content\/uploads\/2016\/07\/Fiat-Palio-1996-340x227.jpg\" class=\"attachment-medium size-medium lazyload\" alt=\"\" src=\"data:image\/svg+xml;base64,PHN2ZyB3aWR0aD0iMSIgaGVpZ2h0PSIxIiB4bWxucz0iaHR0cDovL3d3dy53My5vcmcvMjAwMC9zdmciPjwvc3ZnPg==\" style=\"--smush-placeholder-width: 340px; --smush-placeholder-aspect-ratio: 340\/227;\" \/><\/a>\n\t\t\t<\/div><\/figure>\n\t\t<\/div>\n\n<p>\u2022 <strong>1996<\/strong> &#8211; Lan\u00e7amento em abril em vers\u00f5es de tr\u00eas e cinco portas e com motores de 1,5 e 1,6 litro, este com 16 v\u00e1lvulas e 106 cv. O Palio de 1,0 litro, em julho, era o primeiro carro nacional dessa cilindrada a oferecer freios ABS e bolsas infl\u00e1veis frontais.<\/p>\n<p>\u2022 <strong>1997<\/strong> &#8211; A fam\u00edlia cresce com a perua Weekend e o sed\u00e3 Siena.<\/p>\n<p>&nbsp;<\/p>\n<div class='code-block code-block-7' style='margin: 28px auto; text-align: center; display: block; clear: both;'>\n<script async src=\"https:\/\/pagead2.googlesyndication.com\/pagead\/js\/adsbygoogle.js\"><\/script>\n<!-- AL-quadrado -->\n<ins class=\"adsbygoogle\"\n     style=\"display:block\"\n     data-ad-client=\"ca-pub-1914799802606213\"\n     data-ad-slot=\"5683066082\"\n     data-ad-format=\"auto\"\n     data-full-width-responsive=\"true\"><\/ins>\n<script>\n     (adsbygoogle = window.adsbygoogle || []).push({});\n<\/script><\/div>\n\n<p>&nbsp;<\/p>\n<p>\u2022 <strong>1998<\/strong> &#8211; A picape Strada \u00e9 o quarto membro da linha Palio. O Siena aparece com motor de 1,0 litro e caixa de seis marchas.<\/p>\n<p>\u2022 <strong>1999<\/strong> &#8211; Chega a vers\u00e3o Citymatic com acionamento autom\u00e1tico da embreagem (a caixa era manual), in\u00e9dito em 1,0-litro, depois oferecido no Palio EX. Outras novidades pioneiras s\u00e3o a Palio Adventure e a Strada com cabine estendida.<\/p>\n<p>&nbsp;<\/p>\n<div id='gallery-3' class='gallery galleryid-90692 gallery-columns-2 gallery-size-medium'><figure class='gallery-item'>\n\t\t\t<div class='gallery-icon landscape'>\n\t\t\t\t<a href='https:\/\/autolivraria.com.br\/bc\/wp-content\/uploads\/2017\/11\/Fiat-Palio-2001.jpg'><img decoding=\"async\" width=\"340\" height=\"227\" data-src=\"https:\/\/autolivraria.com.br\/bc\/wp-content\/uploads\/2017\/11\/Fiat-Palio-2001-340x227.jpg\" class=\"attachment-medium size-medium lazyload\" alt=\"\" aria-describedby=\"gallery-3-90696\" src=\"data:image\/svg+xml;base64,PHN2ZyB3aWR0aD0iMSIgaGVpZ2h0PSIxIiB4bWxucz0iaHR0cDovL3d3dy53My5vcmcvMjAwMC9zdmciPjwvc3ZnPg==\" style=\"--smush-placeholder-width: 340px; --smush-placeholder-aspect-ratio: 340\/227;\" \/><\/a>\n\t\t\t<\/div>\n\t\t\t\t<figcaption class='wp-caption-text gallery-caption' id='gallery-3-90696'>\n\t\t\t\t2001\n\t\t\t\t<\/figcaption><\/figure><figure class='gallery-item'>\n\t\t\t<div class='gallery-icon landscape'>\n\t\t\t\t<a href='https:\/\/autolivraria.com.br\/bc\/wp-content\/uploads\/2017\/11\/Fiat-Palio-2004.jpg'><img decoding=\"async\" width=\"340\" height=\"227\" data-src=\"https:\/\/autolivraria.com.br\/bc\/wp-content\/uploads\/2017\/11\/Fiat-Palio-2004-340x227.jpg\" class=\"attachment-medium size-medium lazyload\" alt=\"\" aria-describedby=\"gallery-3-90695\" src=\"data:image\/svg+xml;base64,PHN2ZyB3aWR0aD0iMSIgaGVpZ2h0PSIxIiB4bWxucz0iaHR0cDovL3d3dy53My5vcmcvMjAwMC9zdmciPjwvc3ZnPg==\" style=\"--smush-placeholder-width: 340px; --smush-placeholder-aspect-ratio: 340\/227;\" \/><\/a>\n\t\t\t<\/div>\n\t\t\t\t<figcaption class='wp-caption-text gallery-caption' id='gallery-3-90695'>\n\t\t\t\t2004\n\t\t\t\t<\/figcaption><\/figure>\n\t\t<\/div>\n\n<p>\u2022 <strong>2000<\/strong> &#8211; A linha de motores Fire estreia com o de 1,25 litro, 16 v\u00e1lvulas e 80 cv. Os de 1,0 litro (oito e 16 v\u00e1lvulas) v\u00eam na linha 2001, junto a altera\u00e7\u00f5es de estilo e interior.<\/p>\n<p>\u2022 <strong>2002<\/strong> &#8211; Nasce o Palio Fire, vers\u00e3o mais barata da linha. Por dentro (mais tarde, tamb\u00e9m por fora) ele mant\u00e9m o desenho que os Palios superiores\u00a0n\u00e3o usam mais.<\/p>\n<p>\u2022 <strong>2003<\/strong> &#8211; O modelo 2004 vem renovado em estilo e painel e ganha motor flex\u00edvel de 1,25 litro, o primeiro da Fiat. O motor 1,8 da General Motors havia tomado o lugar do 1,6 16V.<\/p>\n<p>&nbsp;<\/p>\n<div id='gallery-4' class='gallery galleryid-90692 gallery-columns-2 gallery-size-medium'><figure class='gallery-item'>\n\t\t\t<div class='gallery-icon landscape'>\n\t\t\t\t<a href='https:\/\/autolivraria.com.br\/bc\/wp-content\/uploads\/2017\/11\/Fiat-Palio-18R-01.jpg'><img decoding=\"async\" width=\"340\" height=\"227\" data-src=\"https:\/\/autolivraria.com.br\/bc\/wp-content\/uploads\/2017\/11\/Fiat-Palio-18R-01-340x227.jpg\" class=\"attachment-medium size-medium lazyload\" alt=\"\" aria-describedby=\"gallery-4-90698\" src=\"data:image\/svg+xml;base64,PHN2ZyB3aWR0aD0iMSIgaGVpZ2h0PSIxIiB4bWxucz0iaHR0cDovL3d3dy53My5vcmcvMjAwMC9zdmciPjwvc3ZnPg==\" style=\"--smush-placeholder-width: 340px; --smush-placeholder-aspect-ratio: 340\/227;\" \/><\/a>\n\t\t\t<\/div>\n\t\t\t\t<figcaption class='wp-caption-text gallery-caption' id='gallery-4-90698'>\n\t\t\t\t1.8R 2008\n\t\t\t\t<\/figcaption><\/figure><figure class='gallery-item'>\n\t\t\t<div class='gallery-icon landscape'>\n\t\t\t\t<a href='https:\/\/autolivraria.com.br\/bc\/wp-content\/uploads\/2017\/11\/Fiat-Palio-18R-02.jpg'><img decoding=\"async\" width=\"340\" height=\"227\" data-src=\"https:\/\/autolivraria.com.br\/bc\/wp-content\/uploads\/2017\/11\/Fiat-Palio-18R-02-340x227.jpg\" class=\"attachment-medium size-medium lazyload\" alt=\"\" src=\"data:image\/svg+xml;base64,PHN2ZyB3aWR0aD0iMSIgaGVpZ2h0PSIxIiB4bWxucz0iaHR0cDovL3d3dy53My5vcmcvMjAwMC9zdmciPjwvc3ZnPg==\" style=\"--smush-placeholder-width: 340px; --smush-placeholder-aspect-ratio: 340\/227;\" \/><\/a>\n\t\t\t<\/div><\/figure>\n\t\t<\/div>\n\n<p>\u2022 <strong>2005<\/strong> &#8211; O esportivo Palio 1.8R\u00a0traz\u00a0faixas laterais e cintos vermelhos, como no <a href=\"https:\/\/autolivraria.com.br\/bc\/tag\/uno-1.5r\/\" target=\"_blank\">Uno 1.5R<\/a> dos anos 80.<\/p>\n<p>\u2022 <strong>2007<\/strong> &#8211; Modelo 2008 adota estilo controverso, com elementos ovais, que faz a Fiat alterar os far\u00f3is em pouco tempo. Esse desenho (o terceiro) nunca chega ao Fire, que leva o segundo at\u00e9 o fim.<\/p>\n<p>\u2022 <strong>2010<\/strong> &#8211; Ado\u00e7\u00e3o do motor E-Torq 1,6 16V no lugar do Chevrolet 1,8.<\/p>\n<p>&nbsp;<\/p>\n<div id='gallery-5' class='gallery galleryid-90692 gallery-columns-2 gallery-size-medium'><figure class='gallery-item'>\n\t\t\t<div class='gallery-icon landscape'>\n\t\t\t\t<a href='https:\/\/autolivraria.com.br\/bc\/wp-content\/uploads\/2012\/10\/Fiat-Palio-novo.jpg'><img decoding=\"async\" width=\"370\" height=\"246\" data-src=\"https:\/\/autolivraria.com.br\/bc\/wp-content\/uploads\/2012\/10\/Fiat-Palio-novo-560x373.jpg\" class=\"attachment-medium size-medium lazyload\" alt=\"\" aria-describedby=\"gallery-5-14284\" src=\"data:image\/svg+xml;base64,PHN2ZyB3aWR0aD0iMSIgaGVpZ2h0PSIxIiB4bWxucz0iaHR0cDovL3d3dy53My5vcmcvMjAwMC9zdmciPjwvc3ZnPg==\" style=\"--smush-placeholder-width: 370px; --smush-placeholder-aspect-ratio: 370\/246;\" \/><\/a>\n\t\t\t<\/div>\n\t\t\t\t<figcaption class='wp-caption-text gallery-caption' id='gallery-5-14284'>\n\t\t\t\t2012\n\t\t\t\t<\/figcaption><\/figure><figure class='gallery-item'>\n\t\t\t<div class='gallery-icon landscape'>\n\t\t\t\t<a href='https:\/\/autolivraria.com.br\/bc\/wp-content\/uploads\/2013\/06\/Fiat-Palio.jpg'><img decoding=\"async\" width=\"370\" height=\"246\" data-src=\"https:\/\/autolivraria.com.br\/bc\/wp-content\/uploads\/2013\/06\/Fiat-Palio-560x373.jpg\" class=\"attachment-medium size-medium lazyload\" alt=\"\" src=\"data:image\/svg+xml;base64,PHN2ZyB3aWR0aD0iMSIgaGVpZ2h0PSIxIiB4bWxucz0iaHR0cDovL3d3dy53My5vcmcvMjAwMC9zdmciPjwvc3ZnPg==\" style=\"--smush-placeholder-width: 370px; --smush-placeholder-aspect-ratio: 370\/246;\" \/><\/a>\n\t\t\t<\/div><\/figure><figure class='gallery-item'>\n\t\t\t<div class='gallery-icon landscape'>\n\t\t\t\t<a href='https:\/\/autolivraria.com.br\/bc\/wp-content\/uploads\/2016\/08\/Fiat-Palio-Attractive-01.jpg'><img decoding=\"async\" width=\"340\" height=\"227\" data-src=\"https:\/\/autolivraria.com.br\/bc\/wp-content\/uploads\/2016\/08\/Fiat-Palio-Attractive-01-340x227.jpg\" class=\"attachment-medium size-medium lazyload\" alt=\"\" src=\"data:image\/svg+xml;base64,PHN2ZyB3aWR0aD0iMSIgaGVpZ2h0PSIxIiB4bWxucz0iaHR0cDovL3d3dy53My5vcmcvMjAwMC9zdmciPjwvc3ZnPg==\" style=\"--smush-placeholder-width: 340px; --smush-placeholder-aspect-ratio: 340\/227;\" \/><\/a>\n\t\t\t<\/div><\/figure><figure class='gallery-item'>\n\t\t\t<div class='gallery-icon landscape'>\n\t\t\t\t<a href='https:\/\/autolivraria.com.br\/bc\/wp-content\/uploads\/2013\/01\/Fiat-Palio-Interlagos-01.jpg'><img decoding=\"async\" width=\"370\" height=\"246\" data-src=\"https:\/\/autolivraria.com.br\/bc\/wp-content\/uploads\/2013\/01\/Fiat-Palio-Interlagos-01-560x373.jpg\" class=\"attachment-medium size-medium lazyload\" alt=\"\" src=\"data:image\/svg+xml;base64,PHN2ZyB3aWR0aD0iMSIgaGVpZ2h0PSIxIiB4bWxucz0iaHR0cDovL3d3dy53My5vcmcvMjAwMC9zdmciPjwvc3ZnPg==\" style=\"--smush-placeholder-width: 370px; --smush-placeholder-aspect-ratio: 370\/246;\" \/><\/a>\n\t\t\t<\/div><\/figure>\n\t\t<\/div>\n\n<p>\u2022 <strong>2011<\/strong> &#8211; Lan\u00e7amento da segunda gera\u00e7\u00e3o para 2012 com desenho mais atual, maiores dimens\u00f5es e motores de 1,0, 1,4 e 1,6 litro. O \u00faltimo pode ter caixa automatizada Dualogic. O Sporting\u00a0segue a proposta\u00a0do antigo\u00a01.8R.<\/p>\n<p>&nbsp;<\/p>\n<div class='code-block code-block-6' style='margin: 28px auto; text-align: center; display: block; clear: both;'>\n<script async src=\"https:\/\/pagead2.googlesyndication.com\/pagead\/js\/adsbygoogle.js\"><\/script>\n<!-- AL-quadrado -->\n<ins class=\"adsbygoogle\"\n     style=\"display:block\"\n     data-ad-client=\"ca-pub-1914799802606213\"\n     data-ad-slot=\"5683066082\"\n     data-ad-format=\"auto\"\n     data-full-width-responsive=\"true\"><\/ins>\n<script>\n     (adsbygoogle = window.adsbygoogle || []).push({});\n<\/script><\/div>\n\n<p>&nbsp;<\/p>\n<div id='gallery-6' class='gallery galleryid-90692 gallery-columns-2 gallery-size-medium'><figure class='gallery-item'>\n\t\t\t<div class='gallery-icon landscape'>\n\t\t\t\t<a href='https:\/\/autolivraria.com.br\/bc\/wp-content\/uploads\/2014\/01\/Fiat-Palio-Fire-06.jpg'><img decoding=\"async\" width=\"370\" height=\"246\" data-src=\"https:\/\/autolivraria.com.br\/bc\/wp-content\/uploads\/2014\/01\/Fiat-Palio-Fire-06-560x373.jpg\" class=\"attachment-medium size-medium lazyload\" alt=\"\" aria-describedby=\"gallery-6-38375\" src=\"data:image\/svg+xml;base64,PHN2ZyB3aWR0aD0iMSIgaGVpZ2h0PSIxIiB4bWxucz0iaHR0cDovL3d3dy53My5vcmcvMjAwMC9zdmciPjwvc3ZnPg==\" style=\"--smush-placeholder-width: 370px; --smush-placeholder-aspect-ratio: 370\/246;\" \/><\/a>\n\t\t\t<\/div>\n\t\t\t\t<figcaption class='wp-caption-text gallery-caption' id='gallery-6-38375'>\n\t\t\t\tFire 2014\n\t\t\t\t<\/figcaption><\/figure><figure class='gallery-item'>\n\t\t\t<div class='gallery-icon landscape'>\n\t\t\t\t<a href='https:\/\/autolivraria.com.br\/bc\/wp-content\/uploads\/2014\/05\/Fiat-Palio-Way-03.jpg'><img decoding=\"async\" width=\"370\" height=\"246\" data-src=\"https:\/\/autolivraria.com.br\/bc\/wp-content\/uploads\/2014\/05\/Fiat-Palio-Way-03-560x373.jpg\" class=\"attachment-medium size-medium lazyload\" alt=\"\" aria-describedby=\"gallery-6-44106\" src=\"data:image\/svg+xml;base64,PHN2ZyB3aWR0aD0iMSIgaGVpZ2h0PSIxIiB4bWxucz0iaHR0cDovL3d3dy53My5vcmcvMjAwMC9zdmciPjwvc3ZnPg==\" style=\"--smush-placeholder-width: 370px; --smush-placeholder-aspect-ratio: 370\/246;\" \/><\/a>\n\t\t\t<\/div>\n\t\t\t\t<figcaption class='wp-caption-text gallery-caption' id='gallery-6-44106'>\n\t\t\t\tFire Way 2015\n\t\t\t\t<\/figcaption><\/figure>\n\t\t<\/div>\n\n<p>\u2022 <strong>2014<\/strong> &#8211; O Palio \u00e9 o carro mais vendido do Brasil, entre as duas gera\u00e7\u00f5es, e assume o posto que foi do <a href=\"https:\/\/autolivraria.com.br\/bc\/tag\/gol\" target=\"_blank\">VW Gol<\/a> entre 1987 e 2013. O Fire ganha a vers\u00e3o Way com suspens\u00e3o elevada.<\/p>\n<p>\u2022 <strong>2017<\/strong> &#8211; O Palio Fire sai de produ\u00e7\u00e3o em janeiro. Em novembro \u00e9 a vez da segunda gera\u00e7\u00e3o, que ficou longe do sucesso da primeira e \u00e9 substitu\u00edda pelo Argo.<\/p>\n<p><em>Texto: Fabr\u00edcio Samah\u00e1 &#8211; Fotos: divulga\u00e7\u00e3o<\/em><\/p>\n<p>&nbsp;<\/p>\n","protected":false},"excerpt":{"rendered":"<p>&nbsp; O Fiat Palio sai de linha no Brasil depois de duas gera\u00e7\u00f5es e mais de 21 anos. Como se esperava, o hatch d\u00e1 lugar em definitivo ao Argo, mantendo-se por enquanto os derivados Grand Siena (com sucessor a caminho, o Cronos), Weekend e Strada (a ser substitu\u00edda por uma picape Mobi). Como o Best<\/p>\n","protected":false},"author":6,"featured_media":75916,"comment_status":"open","ping_status":"closed","sticky":false,"template":"","format":"standard","meta":{"_joinchat":[],"footnotes":""},"categories":[8],"tags":[57,94,150,1362,1361,2799,1606,3137],"class_list":["post-90692","post","type-post","status-publish","format-standard","has-post-thumbnail","hentry","category-noticias","tag-fiat","tag-noticias-2","tag-palio","tag-palio-1-8r","tag-palio-attractive","tag-palio-fire","tag-palio-sporting","tag-palio-way"],"amp_enabled":true,"_links":{"self":[{"href":"https:\/\/autolivraria.com.br\/bc\/wp-json\/wp\/v2\/posts\/90692","targetHints":{"allow":["GET"]}}],"collection":[{"href":"https:\/\/autolivraria.com.br\/bc\/wp-json\/wp\/v2\/posts"}],"about":[{"href":"https:\/\/autolivraria.com.br\/bc\/wp-json\/wp\/v2\/types\/post"}],"author":[{"embeddable":true,"href":"https:\/\/autolivraria.com.br\/bc\/wp-json\/wp\/v2\/users\/6"}],"replies":[{"embeddable":true,"href":"https:\/\/autolivraria.com.br\/bc\/wp-json\/wp\/v2\/comments?post=90692"}],"version-history":[{"count":0,"href":"https:\/\/autolivraria.com.br\/bc\/wp-json\/wp\/v2\/posts\/90692\/revisions"}],"wp:featuredmedia":[{"embeddable":true,"href":"https:\/\/autolivraria.com.br\/bc\/wp-json\/wp\/v2\/media\/75916"}],"wp:attachment":[{"href":"https:\/\/autolivraria.com.br\/bc\/wp-json\/wp\/v2\/media?parent=90692"}],"wp:term":[{"taxonomy":"category","embeddable":true,"href":"https:\/\/autolivraria.com.br\/bc\/wp-json\/wp\/v2\/categories?post=90692"},{"taxonomy":"post_tag","embeddable":true,"href":"https:\/\/autolivraria.com.br\/bc\/wp-json\/wp\/v2\/tags?post=90692"}],"curies":[{"name":"wp","href":"https:\/\/api.w.org\/{rel}","templated":true}]}}