{"id":90934,"date":"2017-12-08T07:10:49","date_gmt":"2017-12-08T10:10:49","guid":{"rendered":"http:\/\/bestcars.uol.com.br\/bc\/?p=90934"},"modified":"2017-12-15T16:03:13","modified_gmt":"2017-12-15T19:03:13","slug":"industria-automobilistica-sem-rumo-ou-rota","status":"publish","type":"post","link":"https:\/\/autolivraria.com.br\/bc\/informe-se\/colunas\/de-carro-por-ai\/industria-automobilistica-sem-rumo-ou-rota\/","title":{"rendered":"Ind\u00fastria automobil\u00edstica, sem rumo ou rota"},"content":{"rendered":"<p><img fetchpriority=\"high\" decoding=\"async\" class=\"aligncenter size-full wp-image-75021\" src=\"https:\/\/autolivraria.com.br\/bc\/wp-content\/uploads\/2016\/07\/De-Carro-por-Ai-2016.jpg\" alt=\"De Carro por A\u00ed - Nasser\" width=\"696\" height=\"107\" srcset=\"https:\/\/autolivraria.com.br\/bc\/wp-content\/uploads\/2016\/07\/De-Carro-por-Ai-2016.jpg 696w, https:\/\/autolivraria.com.br\/bc\/wp-content\/uploads\/2016\/07\/De-Carro-por-Ai-2016-340x52.jpg 340w, https:\/\/autolivraria.com.br\/bc\/wp-content\/uploads\/2016\/07\/De-Carro-por-Ai-2016-222x34.jpg 222w\" sizes=\"(max-width: 696px) 100vw, 696px\" \/><\/p>\n<h2>Falta de consenso trava o Rota 2030, sucessor do Inovar-Auto como rumo para fabricantes e importadores<\/h2>\n<p>&nbsp;<\/p>\n<p>Desde o princ\u00edpio do ano o Minist\u00e9rio da Ind\u00fastria, Com\u00e9rcio Exterior e Servi\u00e7os (MDIC) promove reuni\u00f5es com segmentos ligados \u00e0 ind\u00fastria automobil\u00edstica e de autope\u00e7as para criar novo regulamento ao setor, o Rota 2030. S\u00e3o sete grupos de trabalho entre ind\u00fastrias e um do governo, leia-se MDIC.<\/p>\n<figure id=\"attachment_90936\" aria-describedby=\"caption-attachment-90936\" style=\"width: 340px\" class=\"wp-caption alignleft\"><a href=\"https:\/\/autolivraria.com.br\/bc\/wp-content\/uploads\/2017\/12\/BMW.jpg\" rel=\"attachment wp-att-90936\"><img decoding=\"async\" class=\"size-medium wp-image-90936 lazyload\" data-src=\"https:\/\/autolivraria.com.br\/bc\/wp-content\/uploads\/2017\/12\/BMW-340x226.jpg\" alt=\"BMW em Araquari, SC: importa\u00e7\u00e3o dos ve\u00edculos em grupos de pe\u00e7as para a montagem no Brasil\" width=\"340\" height=\"226\" data-srcset=\"https:\/\/autolivraria.com.br\/bc\/wp-content\/uploads\/2017\/12\/BMW-340x226.jpg 340w, https:\/\/autolivraria.com.br\/bc\/wp-content\/uploads\/2017\/12\/BMW-631x420.jpg 631w, https:\/\/autolivraria.com.br\/bc\/wp-content\/uploads\/2017\/12\/BMW-222x148.jpg 222w, https:\/\/autolivraria.com.br\/bc\/wp-content\/uploads\/2017\/12\/BMW.jpg 640w\" data-sizes=\"(max-width: 340px) 100vw, 340px\" src=\"data:image\/svg+xml;base64,PHN2ZyB3aWR0aD0iMSIgaGVpZ2h0PSIxIiB4bWxucz0iaHR0cDovL3d3dy53My5vcmcvMjAwMC9zdmciPjwvc3ZnPg==\" style=\"--smush-placeholder-width: 340px; --smush-placeholder-aspect-ratio: 340\/226;\" \/><\/a><figcaption id=\"caption-attachment-90936\" class=\"wp-caption-text\">BMW em Araquari, SC: importa\u00e7\u00e3o dos ve\u00edculos em grupos de pe\u00e7as para a montagem no Brasil<\/figcaption><\/figure>\n<p>O horizonte plotado era ter a mat\u00e9ria sancionada pelo Presidente da Rep\u00fablica at\u00e9 final de novembro, com vigor ao in\u00edcio de 2018, e para isto at\u00e9 o titular do Minist\u00e9rio e os interessados foram ao Planalto fazer <em>lobby<\/em> junto ao Presidente. Advogado, pol\u00edtico, ouviu, deu o maior apoio \u2013 mas isto apenas dar-se-\u00e1 se a norma for consensual.<\/p>\n<p>O Rota 2030 deve substituir o Inovar-Auto. Dito Inovar fez o pa\u00eds perder anos em competitividade ao implementar um aumento de 30 pontos percentuais sobre o IPI dos ve\u00edculos importados para evitar a concorr\u00eancia com os nacionais. A soma do imposto de importa\u00e7\u00e3o de 35% \u2014 n\u00famero de redu\u00e7\u00e3o prevista h\u00e1 25 anos, desde a abertura das importa\u00e7\u00f5es \u2014 com a imposi\u00e7\u00e3o artificial dos 30% eleva os pre\u00e7os dos importados, e com isto n\u00e3o instiga a concorr\u00eancia, a melhora nos ve\u00edculos brasileiros, a competitividade do pa\u00eds.<\/p>\n<p>O projeto do Inovar, uma das p\u00e9rolas da gest\u00e3o do processado Fernando Pimentel, era tratado como Lei anti-Habib, referindo-se ao estardalha\u00e7o feito pelo empres\u00e1rio S\u00e9rgio Habib ao importar os chineses JAC e vend\u00ea-los, equipados, pagando mais impostos, a pre\u00e7o inferior aos nacionais pelados.<\/p>\n<p>A situa\u00e7\u00e3o incentivou a instala\u00e7\u00e3o de montadoras por BMW\/Mini, Jaguar Land Rover, Audi, Mercedes-Benz. Em todas pratica-se \u2013 ou comete-se \u2013 processo absolutamente simples: a importa\u00e7\u00e3o dos ve\u00edculos em grupos de pe\u00e7as para a montagem no Brasil. Em alguns, processo repele a nacionaliza\u00e7\u00e3o, trazendo alguns modelos com a carroceria pintada. Na pr\u00e1tica, o m\u00e9todo praticado ao in\u00edcio do s\u00e9culo passado, participa\u00e7\u00e3o nacional inferior ao in\u00edcio do governo JK.<\/p>\n<p>&nbsp;<\/p>\n<div class='code-block code-block-7' style='margin: 28px auto; text-align: center; display: block; clear: both;'>\n<script async src=\"https:\/\/pagead2.googlesyndication.com\/pagead\/js\/adsbygoogle.js\"><\/script>\n<!-- AL-quadrado -->\n<ins class=\"adsbygoogle\"\n     style=\"display:block\"\n     data-ad-client=\"ca-pub-1914799802606213\"\n     data-ad-slot=\"5683066082\"\n     data-ad-format=\"auto\"\n     data-full-width-responsive=\"true\"><\/ins>\n<script>\n     (adsbygoogle = window.adsbygoogle || []).push({});\n<\/script><\/div>\n\n<p>&nbsp;<\/p>\n<p>H\u00e1 curiosidades no processo, como considerar nacionaliza\u00e7\u00e3o todos os gastos da empresa para calcular tal \u00edndice: al\u00e9m dos usuais, conta-se, por exemplo, o valor da conta de luz e de \u00e1gua. Num exemplo ris\u00edvel, mas aritmeticamente correto, se necess\u00e1rio aumentar o \u00edndice de nacionaliza\u00e7\u00e3o, basta deixar as luzes acesas 24 horas\/dia e\/ou determinar ao cozinheiro promover um desarranjo digestivo geral, para inflar a conta d\u2019\u00e1gua&#8230;<\/p>\n<p>Para manter a barreira protecionista \u2014 e incentivar n\u00e3o desenvolver produtividade \u2014, os industriais do autom\u00f3vel sugeriram f\u00f3rmula pouco criativa: imposi\u00e7\u00e3o de imposto de 10 ou 15% sobre os importados. E ante pondera\u00e7\u00f5es de que tal medida seria questionada na Organiza\u00e7\u00e3o Mundial do Com\u00e9rcio \u2014 como o foi o Inovar-Auto \u2014, o MDIC, para remover o r\u00f3tulo de puni\u00e7\u00e3o aos importados, prop\u00f4s incidir sobre todos os ve\u00edculos, nacionais ou importados. Na pr\u00e1tica criar um aumento para permitir redu\u00e7\u00e3o a cada ganho obtido sobre efici\u00eancia energ\u00e9tica; seguran\u00e7a veicular; investimentos em pesquisa; inova\u00e7\u00e3o e produ\u00e7\u00e3o no pa\u00eds.<\/p>\n<p>A dificuldade maior para aprovar a reda\u00e7\u00e3o final est\u00e1 em fato b\u00e1sico: a n\u00e3o negocia\u00e7\u00e3o com o Minist\u00e9rio da Fazenda, que ante a situa\u00e7\u00e3o das contas do Pa\u00eds veda incentivos, desconsiderando a argumenta\u00e7\u00e3o de que o Inovar-Auto trouxe vantagens \u00e0 sociedade pela economia em combust\u00edvel gerada com a aplica\u00e7\u00e3o de tecnologias exigidas como forma de reduzir o IPI.<\/p>\n<p>Entretanto outra corrente obsta, pois a normatiza\u00e7\u00e3o da redu\u00e7\u00e3o do imposto por desenvolvimento de tecnologia pode ser tratada em regra pr\u00f3pria. Fonte do Minist\u00e9rio da Fazenda sintetiza: a dificuldade est\u00e1 em como auditar os eventuais ganhos, individualizando as empresas e os alegados ganhos em cada um dos cinco objetivos. E resume: quem precisa de legisla\u00e7\u00e3o de incentivos? E quem tomar\u00e1 conta de tantas contas, incluindo ind\u00fastrias de ve\u00edculos e de autope\u00e7as?<\/p>\n<p>Do consenso ainda n\u00e3o h\u00e1 defini\u00e7\u00f5es sobre dois pontos fundamentais: qual o futuro para o carro com combust\u00edvel n\u00e3o petrol\u00edfero? Como se preparar para o Ind\u00fastria 4.0, a maior revolu\u00e7\u00e3o industrial, mudando conceitos, controles, investimentos, m\u00e9todos, pessoas e seus empregos?<\/p>\n<p>Aparentemente, sem consenso, o Rota est\u00e1 sem rumo \u2013 sem prazo.<\/p>\n\n<p><strong>Por pensar<\/strong><br \/>\nBrasil teve grandes chances de se impor no cen\u00e1rio mundial caso fosse mantido o projeto original do GEIA \u2013 grupo executivo para implanta\u00e7\u00e3o da ind\u00fastria automobil\u00edstica. Mudou-se a diretriz e perdeu-se o foco. J\u00e1 fomos a quinta ind\u00fastria do autom\u00f3vel e temos perdido a chance do desenvolver de tecnologia, de conquistar mercados externos. A General Motors, hoje a maior vendedora dom\u00e9stica, acabou com seu centro de engenharia e design, significando dizer n\u00e3o h\u00e1 mais adequa\u00e7\u00e3o \u00e0s caracter\u00edsticas locais ou seus compradores, pois todas as diretrizes t\u00e9cnicas v\u00eam do exterior.<\/p>\n<p>Sem firulas, por que n\u00e3o seguir o melhor adotado por Coreia, China e \u00cdndia, que, em situa\u00e7\u00e3o inferior \u00e0 nossa, fizeram sua independ\u00eancia de produtos, qualidade, e nos exportam? Por que n\u00e3o copiar a f\u00f3rmula que deu certo?<\/p>\n<p>&nbsp;<\/p>\n<h2>Em mar\u00e7o, Mustang<\/h2>\n<p><a href=\"https:\/\/autolivraria.com.br\/bc\/wp-content\/uploads\/2017\/11\/Ford-Mustang-01-2.jpg\" rel=\"attachment wp-att-90762\"><img decoding=\"async\" class=\"alignright size-medium wp-image-90762 lazyload\" data-src=\"https:\/\/autolivraria.com.br\/bc\/wp-content\/uploads\/2017\/11\/Ford-Mustang-01-2-340x227.jpg\" alt=\"Ford Mustang 01\" width=\"340\" height=\"227\" data-srcset=\"https:\/\/autolivraria.com.br\/bc\/wp-content\/uploads\/2017\/11\/Ford-Mustang-01-2-340x227.jpg 340w, https:\/\/autolivraria.com.br\/bc\/wp-content\/uploads\/2017\/11\/Ford-Mustang-01-2-696x464.jpg 696w, https:\/\/autolivraria.com.br\/bc\/wp-content\/uploads\/2017\/11\/Ford-Mustang-01-2-630x420.jpg 630w, https:\/\/autolivraria.com.br\/bc\/wp-content\/uploads\/2017\/11\/Ford-Mustang-01-2-222x148.jpg 222w, https:\/\/autolivraria.com.br\/bc\/wp-content\/uploads\/2017\/11\/Ford-Mustang-01-2.jpg 1280w\" data-sizes=\"(max-width: 340px) 100vw, 340px\" src=\"data:image\/svg+xml;base64,PHN2ZyB3aWR0aD0iMSIgaGVpZ2h0PSIxIiB4bWxucz0iaHR0cDovL3d3dy53My5vcmcvMjAwMC9zdmciPjwvc3ZnPg==\" style=\"--smush-placeholder-width: 340px; --smush-placeholder-aspect-ratio: 340\/227;\" \/><\/a>Gostas de Mustang? Tens disponibilidade para uns R$ 300 mil? Se, seu dia est\u00e1 chegando. Pr\u00f3xima segunda-feira, dia 11, Ford dir\u00e1 pre\u00e7os da inicial vers\u00e3o GT Premium, abrindo inscri\u00e7\u00f5es para entregas no fim de mar\u00e7o. Pre\u00e7o \u00e9 focado no concorrente Chevrolet Camaro, hoje R$ 311 mil.<\/p>\n<p>Modelo \u00e9 da nova safra, altera\u00e7\u00e3o em meio de ciclo, marcada pela mudan\u00e7a de grade frontal, trocada por reclama\u00e7\u00e3o, pois buscando ser assinatura familiar, penalizou-o dando-lhe similaridade com o sed\u00e3 Fusion. Nova frente busca identificar-se com o modelo 1967 do filme Bullit, s\u00edmbolo do Mustang.<\/p>\n<p>No pacote aplicou aerof\u00f3lio e defletor. No interior mudan\u00e7as e conectividade pelo bom sistema Sync 3. Suspens\u00f5es e freios adequados ao motor V8 de 5,0 litros, 466 cv de pot\u00eancia; c\u00e2mbio autom\u00e1tico com 10 marchas, com aletas sob o volante. Para artistas do guiar, bot\u00e3o Drift permite derrapagens controladas. Vendas por s\u00edtio exclusivo.<\/p>\n<p>&nbsp;<\/p>\n<div class='code-block code-block-6' style='margin: 28px auto; text-align: center; display: block; clear: both;'>\n<script async src=\"https:\/\/pagead2.googlesyndication.com\/pagead\/js\/adsbygoogle.js\"><\/script>\n<!-- AL-quadrado -->\n<ins class=\"adsbygoogle\"\n     style=\"display:block\"\n     data-ad-client=\"ca-pub-1914799802606213\"\n     data-ad-slot=\"5683066082\"\n     data-ad-format=\"auto\"\n     data-full-width-responsive=\"true\"><\/ins>\n<script>\n     (adsbygoogle = window.adsbygoogle || []).push({});\n<\/script><\/div>\n\n<p>&nbsp;<\/p>\n<h2>Alfa volta \u00e0 F\u00f3rmula 1<\/h2>\n<p><a href=\"https:\/\/autolivraria.com.br\/bc\/wp-content\/uploads\/2017\/12\/Sauber-Alfa.jpg\" rel=\"attachment wp-att-90937\"><img decoding=\"async\" class=\"alignleft size-medium wp-image-90937 lazyload\" data-src=\"https:\/\/autolivraria.com.br\/bc\/wp-content\/uploads\/2017\/12\/Sauber-Alfa-340x226.jpg\" alt=\"Sauber Alfa\" width=\"340\" height=\"226\" data-srcset=\"https:\/\/autolivraria.com.br\/bc\/wp-content\/uploads\/2017\/12\/Sauber-Alfa-340x226.jpg 340w, https:\/\/autolivraria.com.br\/bc\/wp-content\/uploads\/2017\/12\/Sauber-Alfa-631x420.jpg 631w, https:\/\/autolivraria.com.br\/bc\/wp-content\/uploads\/2017\/12\/Sauber-Alfa-222x148.jpg 222w, https:\/\/autolivraria.com.br\/bc\/wp-content\/uploads\/2017\/12\/Sauber-Alfa.jpg 640w\" data-sizes=\"(max-width: 340px) 100vw, 340px\" src=\"data:image\/svg+xml;base64,PHN2ZyB3aWR0aD0iMSIgaGVpZ2h0PSIxIiB4bWxucz0iaHR0cDovL3d3dy53My5vcmcvMjAwMC9zdmciPjwvc3ZnPg==\" style=\"--smush-placeholder-width: 340px; --smush-placeholder-aspect-ratio: 340\/226;\" \/><\/a>\u00c9 a mais ic\u00f4nica das marcas de autom\u00f3veis; pioneira em tecnologia; em foco de produto; rica hist\u00f3ria com suas vit\u00f3rias. Voltar \u00e0s corridas de autom\u00f3veis, onde representou a It\u00e1lia at\u00e9 a Segunda Guerra Mundial, e serviu de base \u00e0 forma\u00e7\u00e3o da Ferrari, \u00e9 caminho natural na busca pelo mercado mundial. No caso, estar na enorme vitrine da F\u00f3rmula 1 \u00e9 para cumprir o distante desiderato de vender 430 mil unidades anuais.<\/p>\n<p>Neg\u00f3cio comum. Uniu-se \u00e0 su\u00ed\u00e7a Sauber, crendo na alian\u00e7a e na inje\u00e7\u00e3o de capital e tecnologia elev\u00e1-la ao primeiro time de concorrentes, deixando de usar motores defasados.<\/p>\n<p>Por raciocinar, motor Ferrari ser\u00e1 chamado Alfa. Talvez a engenharia Alfa seja convocada a personalizar os cabe\u00e7otes, por dentro, operacionalmente, ou na parte externa para exibir o nome Alfa Romeo em letra cursiva.<\/p>\n<p>A FCA quer carona na intensa m\u00eddia de cobertura da F\u00f3rmula 1 e, deve aplicar-se a eventos internacionais para evidenciar a marca. Maior carga de trabalho recair\u00e1 sobre o assessor de comunica\u00e7\u00e3o. Alfa pretende reacender forma\u00e7\u00e3o de torcidas, como havida ao tempo de disputa com Ferrari e Maserati, aproveitando o per\u00edodo de gra\u00e7a de seu principal produto, o Giulia: recordista com o SUV Stelvio no circuito norte do anel de N\u00fcrburgring; e eleito Carro do Ano nos EUA pela revista <em>Car and Driver<\/em>.<\/p>\n<p>&nbsp;<\/p>\n<h2>Roda a Roda<\/h2>\n<p><strong><a href=\"https:\/\/autolivraria.com.br\/bc\/wp-content\/uploads\/2017\/12\/Lamborghini-Urus-08.jpg\" rel=\"attachment wp-att-90846\"><img decoding=\"async\" class=\"alignright size-medium wp-image-90846 lazyload\" data-src=\"https:\/\/autolivraria.com.br\/bc\/wp-content\/uploads\/2017\/12\/Lamborghini-Urus-08-340x227.jpg\" alt=\"Lamborghini Urus 08\" width=\"340\" height=\"227\" src=\"data:image\/svg+xml;base64,PHN2ZyB3aWR0aD0iMSIgaGVpZ2h0PSIxIiB4bWxucz0iaHR0cDovL3d3dy53My5vcmcvMjAwMC9zdmciPjwvc3ZnPg==\" style=\"--smush-placeholder-width: 340px; --smush-placeholder-aspect-ratio: 340\/227;\" \/><\/a>Pr\u00e9<\/strong> \u2013 Lamborghini exibiu seu primeiro utilit\u00e1rio esportivo, o Urus. Usa o bom motor Audi V8, 4,0 litros, dois turbos e 650 cv, 70,8 m.kgf, tamb\u00e9m aplicado ao Porsche Cayenne Turbo em 2019. N\u00e3o \u00e9 o primeiro da marca \u2013 houve o LM002 entre 1983 e 1992 -, mas ser\u00e1 o de produ\u00e7\u00e3o seriada. 0 a 200 km\/h em 12 s e final de 305 km\/h. Suspens\u00e3o regula altura livre do solo entre 15 e 25 cm.<\/p>\n<p><strong>Neg\u00f3cio<\/strong> \u2013 Elevados incentivos estaduais para ser o Lambo de maior produ\u00e7\u00e3o. Intenta ser mais r\u00e1pido ante outro do mesmo grupo, o Bentley Bentayga. Vendas em 2019.<\/p>\n<p><strong>N\u00e3o<\/strong> \u2013 Paulo Ferraz, empres\u00e1rio, um dos criadores do conceito de picape como ve\u00edculo de status, ex-s\u00f3cio da ent\u00e3o MMCB, fabricante de Mitsubishis, desistiu de fabricar ve\u00edculos chineses em Luzi\u00e2nia, GO \u2013 a 50 km de Bras\u00edlia. Raz\u00f5es? Pouca instiga\u00e7\u00e3o de mercado, outros neg\u00f3cios mais rent\u00e1veis, disp\u00f5e-se a passar \u00e0 frente o projeto pronto e incentivado.<\/p>\n<p><strong>Plano<\/strong> \u2013 Christiano Ratazzi, n\u00famero 1 da FCA na Argentina, \u00e0s v\u00e9speras do in\u00edcio de produ\u00e7\u00e3o do Fiat Cronos em Ferreyra, C\u00f3rdoba \u2013 linha industrial ser\u00e1 inaugurada dia 14 ante os presidentes Maur\u00edcio Macri, da Argentina, e Sergio Marchionne, da FCA -, alimenta sonho: transformar a f\u00e1brica revista e atualizada em base de exporta\u00e7\u00e3o para a Europa.<\/p>\n<p><strong>Medida<\/strong> \u2013 Mercado dom\u00e9stico para autom\u00f3veis OKm deteve a queda e sedimenta ascens\u00e3o: 13,6% ante 2016, vendendo 197.247 unidades. Seria melhor caso o pa\u00eds fosse operacionalmente organizado. Sequ\u00eancia de feriados reduziu dias \u00fateis de vendas. Loja fechada n\u00e3o fatura nem recolhe impostos. At\u00e9 o final de outubro mercado cresceu 10%.<\/p>\n<p><strong><a href=\"https:\/\/autolivraria.com.br\/bc\/wp-content\/uploads\/2017\/08\/JAC-T40-01.jpg\" rel=\"attachment wp-att-87594\"><img decoding=\"async\" class=\"alignleft size-medium wp-image-87594 lazyload\" data-src=\"https:\/\/autolivraria.com.br\/bc\/wp-content\/uploads\/2017\/08\/JAC-T40-01-340x227.jpg\" alt=\"JAC T40 01\" width=\"340\" height=\"227\" data-srcset=\"https:\/\/autolivraria.com.br\/bc\/wp-content\/uploads\/2017\/08\/JAC-T40-01-340x227.jpg 340w, https:\/\/autolivraria.com.br\/bc\/wp-content\/uploads\/2017\/08\/JAC-T40-01-696x464.jpg 696w, https:\/\/autolivraria.com.br\/bc\/wp-content\/uploads\/2017\/08\/JAC-T40-01-630x420.jpg 630w, https:\/\/autolivraria.com.br\/bc\/wp-content\/uploads\/2017\/08\/JAC-T40-01-222x148.jpg 222w, https:\/\/autolivraria.com.br\/bc\/wp-content\/uploads\/2017\/08\/JAC-T40-01.jpg 1280w\" data-sizes=\"(max-width: 340px) 100vw, 340px\" src=\"data:image\/svg+xml;base64,PHN2ZyB3aWR0aD0iMSIgaGVpZ2h0PSIxIiB4bWxucz0iaHR0cDovL3d3dy53My5vcmcvMjAwMC9zdmciPjwvc3ZnPg==\" style=\"--smush-placeholder-width: 340px; --smush-placeholder-aspect-ratio: 340\/227;\" \/><\/a>Dobro<\/strong> \u2013 JAC Motors, com opera\u00e7\u00f5es industriais congeladas, resumindo-se a importa\u00e7\u00f5es, cresceu 133% no per\u00edodo, com vendas infladas pelo modelo T40, representando quase 2\/3 de seus neg\u00f3cios. N\u00fameros exibem crescer acima do mercado. Em 2017 intenta superar venda de 4 mil unidades.<\/p>\n<p><strong>Ajuste<\/strong> \u2013 Fiat mistura e depura motores em seus produtos. Pr\u00f3ximo lan\u00e7amento do Cronos como sed\u00e3 da marca n\u00e3o for\u00e7ar\u00e1 tirar de produ\u00e7\u00e3o o Grand Siena, mas simplific\u00e1-lo para ser carro de frota, locadoras e trabalho, mantendo apenas vers\u00e3o com motor 1,0.<\/p>\n<p><strong>Troca<\/strong> \u2013 Para harmonia industrial, encerrou a produ\u00e7\u00e3o do Palio, substituindo-o por Argo simplificado \u2013 tem ar-condicionado, dire\u00e7\u00e3o el\u00e9trica, vidros frontais com acionamento el\u00e9trico.<\/p>\n<p><strong>Enfim<\/strong> \u2013 VW iniciar\u00e1 vender a Amarok com motor V6, 3,0, 225 cv e 56,1 m.kgf de torque. Desempenho de carro esportivo, vers\u00e3o de topo, Highline, e unidades contadas em 450 unidades para definir mercado. R$ 187.710.<\/p>\n<p><strong>R\u00e9gua<\/strong> \u2013 Ultrapassa o padr\u00e3o do mercado com o mais forte dos motores dispon\u00edveis, e traz a bandeira de ser escolhida Picape do Ano na Europa. Pre\u00e7o balizar\u00e1 o da pr\u00f3xima concorrente a utilizar um V6 com unidade propulsora, a Mercedes Classe X.<\/p>\n<p><strong>Hist\u00f3ria<\/strong> \u2013 F\u00e1bio Pagotto, engenheiro, antigomobilista, segunda incurs\u00e3o como autor: assina em conjunto com Rog\u00e9rio Ferraresi o livro <em>Picapes Chevrolet \u2013 Robustez que conquistou o Brasil<\/em>. Pela Editora Ala\u00fade. R$ 55 + frete.<\/p>\n<p><strong>Futuro<\/strong> \u2013 Ap\u00f3s d\u00e9cadas o Brasil n\u00e3o ter\u00e1 piloto da F\u00f3rmula 1: falta projeto nacional para estruturar a forma\u00e7\u00e3o de pilotos e sua ascens\u00e3o internacional. Na verdade ao Brasil falta projeto para tudo.<\/p>\n<p><strong>Mais<\/strong> \u2013 Quest\u00e3o permeia do olimpo da administra\u00e7\u00e3o (?!) federal \u00e0s par\u00f3quias e interesses inferiores. Isto explica desmanchar o Aut\u00f3dromo do Rio e, agora, vender a ampla \u00e1rea contendo o circuito de Interlagos, como aprovado pela C\u00e2mara de Vereadores de S\u00e3o Paulo, de vassalagem fiel ao prefeito Jo\u00e3o D\u00f3ria.<\/p>\n<p><strong>E?<\/strong> &#8211; De l\u00e1 saiu o caminho para o futuro: ser\u00e1 cortado. D\u00f3ria e turma querem transformar o grande espa\u00e7o em megacondom\u00ednio \u2013 coisa inadequada por acabar com o maior circuito do pa\u00eds, e pela falta de infra estrutura do bairro e de circula\u00e7\u00e3o para o novo afluxo.<\/p>\n<p><strong>Sem futuro<\/strong> \u2013 Aut\u00f3dromo carioca foi-se; o de Interlagos amea\u00e7a findar-se; o de Bras\u00edlia, fechado \u00e0 espera de refazimento da pista, em porvir cinzento ante a postura pouco clara do governo distrital. Pol\u00edticos s\u00e3o muito sens\u00edveis aos argumentos dos especuladores imobili\u00e1rios que, pelo lucro do dia, comprometem os anos futuros.<\/p>\n<p>&nbsp;<\/p>\n<div class='et-box et-shadow'>\n\t\t\t\t\t<div class='et-box-content'><p style=\"text-align: center;\"><em>Espa\u00e7o patrocinado<\/em><\/p>\n<p><strong>Mercedes leva Diretoria \u00e0 estrada<\/strong><\/p>\n<p><img decoding=\"async\" class=\"alignright size-medium wp-image-90938 lazyload\" data-src=\"https:\/\/autolivraria.com.br\/bc\/wp-content\/uploads\/2017\/12\/Mercedes-340x226.jpg\" alt=\"Mercedes\" width=\"340\" height=\"226\" data-srcset=\"https:\/\/autolivraria.com.br\/bc\/wp-content\/uploads\/2017\/12\/Mercedes-340x226.jpg 340w, https:\/\/autolivraria.com.br\/bc\/wp-content\/uploads\/2017\/12\/Mercedes-631x420.jpg 631w, https:\/\/autolivraria.com.br\/bc\/wp-content\/uploads\/2017\/12\/Mercedes-222x148.jpg 222w, https:\/\/autolivraria.com.br\/bc\/wp-content\/uploads\/2017\/12\/Mercedes.jpg 640w\" data-sizes=\"(max-width: 340px) 100vw, 340px\" src=\"data:image\/svg+xml;base64,PHN2ZyB3aWR0aD0iMSIgaGVpZ2h0PSIxIiB4bWxucz0iaHR0cDovL3d3dy53My5vcmcvMjAwMC9zdmciPjwvc3ZnPg==\" style=\"--smush-placeholder-width: 340px; --smush-placeholder-aspect-ratio: 340\/226;\" \/>Em meio \u00e0 crise cortando suas vendas em 50% e adequa\u00e7\u00f5es industriais para gerir preju\u00edzos, sob a ent\u00e3o nova dire\u00e7\u00e3o de Philipp Schiemer, a Mercedes foi a campo entender as demandas dos clientes quanto aos seus produtos. Ouviu, fez modifica\u00e7\u00f5es, trocou partes e tecnologias para obter melhor performance e manuten\u00e7\u00e3o mais f\u00e1cil. Chamou o programa por bom slogan: &#8220;As estradas falam, a Mercedes-Benz ouve&#8221;.<\/p>\n<p>N\u00e3o se resumiu ao t\u00edtulo e tem agido para manter e atrair clientes \u00e0 marca, com apelos indo do operador, o antigo motorista, ao dono da empresa.<\/p>\n<p>Mais recente fez surpresa: uma camionata com seus modelos Actros e Axor percorrendo 450 km na estrada de segunda categoria entre Uberaba e Arax\u00e1, MG, visitando clientes importantes das duas atividades previstas como as de maior expans\u00e3o no consumo de caminh\u00f5es: as poderosas CBMM, de extra\u00e7\u00e3o mineral, e a Usina Santo \u00c2ngelo, produtora de a\u00e7\u00facar e \u00e1lcool. Ins\u00f3lito era o grupo descendo das cabines e volantes dos caminh\u00f5es. Liderados por Phillip Schiemer, presidente da Mercedes no Brasil e Am\u00e9rica Latina, estavam os executivos mais afeitos ao setor: Stefan Buchner, chefe mundial da Mercedes-Benz Trucks; Prof Uwe Baake, chefe mundial do desenvolvimento; Dr. Frank Reintjes, chefe mundial de agregados. Da Mercedes nacional, liderados por Schiemer e Roberto Leoncini, Vice-presidente de Vendas, Marketing, Pe\u00e7as e Servi\u00e7os, Christof Weber, vice-presidente de Desenvolvimento de Caminh\u00f5es e Agregados; Carlos Santiago, Vice-presidente de opera\u00e7\u00f5es; Fernando Garcia, mesmo n\u00edvel em Recursos Humanos, e Hetal Laligi, no 1 de finan\u00e7as e controle.<\/p>\n<p>Estrangeiros foram ver parte da realidade da opera\u00e7\u00e3o nacional, e anfitri\u00f5es foram provocados pelo an\u00fancio de novidades nos produtos na linha 2018.<\/p><\/div><\/div>\n<a href='https:\/\/autolivraria.com.br\/bc\/informe-se\/colunas\/de-carro-por-ai\/cronos-ou-virtus-quem-levara-nos-sedas-compactos\/' class='small-button smallsilver'>Coluna anterior<\/a>\n<p><em>A coluna expressa as opini\u00f5es do colunista e n\u00e3o as do Best Cars<\/em><\/p>\n<p>&nbsp;<\/p>\n","protected":false},"excerpt":{"rendered":"<p>Falta de consenso trava o Rota 2030, sucessor do Inovar-Auto como rumo para fabricantes e importadores<\/p>\n","protected":false},"author":6,"featured_media":75031,"comment_status":"open","ping_status":"closed","sticky":false,"template":"","format":"standard","meta":{"_joinchat":[],"footnotes":""},"categories":[3337],"tags":[153,3338,2581,4415],"class_list":["post-90934","post","type-post","status-publish","format-standard","has-post-thumbnail","hentry","category-de-carro-por-ai","tag-colunas-2","tag-de-carro-por-ai-2","tag-industria","tag-rota-2030"],"amp_enabled":true,"_links":{"self":[{"href":"https:\/\/autolivraria.com.br\/bc\/wp-json\/wp\/v2\/posts\/90934","targetHints":{"allow":["GET"]}}],"collection":[{"href":"https:\/\/autolivraria.com.br\/bc\/wp-json\/wp\/v2\/posts"}],"about":[{"href":"https:\/\/autolivraria.com.br\/bc\/wp-json\/wp\/v2\/types\/post"}],"author":[{"embeddable":true,"href":"https:\/\/autolivraria.com.br\/bc\/wp-json\/wp\/v2\/users\/6"}],"replies":[{"embeddable":true,"href":"https:\/\/autolivraria.com.br\/bc\/wp-json\/wp\/v2\/comments?post=90934"}],"version-history":[{"count":0,"href":"https:\/\/autolivraria.com.br\/bc\/wp-json\/wp\/v2\/posts\/90934\/revisions"}],"wp:featuredmedia":[{"embeddable":true,"href":"https:\/\/autolivraria.com.br\/bc\/wp-json\/wp\/v2\/media\/75031"}],"wp:attachment":[{"href":"https:\/\/autolivraria.com.br\/bc\/wp-json\/wp\/v2\/media?parent=90934"}],"wp:term":[{"taxonomy":"category","embeddable":true,"href":"https:\/\/autolivraria.com.br\/bc\/wp-json\/wp\/v2\/categories?post=90934"},{"taxonomy":"post_tag","embeddable":true,"href":"https:\/\/autolivraria.com.br\/bc\/wp-json\/wp\/v2\/tags?post=90934"}],"curies":[{"name":"wp","href":"https:\/\/api.w.org\/{rel}","templated":true}]}}