{"id":91354,"date":"2018-01-19T11:52:04","date_gmt":"2018-01-19T14:52:04","guid":{"rendered":"http:\/\/bestcars.uol.com.br\/bc\/?p=91354"},"modified":"2018-01-19T12:50:44","modified_gmt":"2018-01-19T15:50:44","slug":"melhor-seda-pequeno-classe-2-2018","status":"publish","type":"post","link":"https:\/\/autolivraria.com.br\/bc\/participe\/eleicoes\/20a-eleicao-dos-melhores-carros\/melhor-seda-pequeno-classe-2-2018\/","title":{"rendered":"Melhor Sed\u00e3 Pequeno \u2013 Classe 2"},"content":{"rendered":"<div id='gallery-1' class='gallery galleryid-91354 gallery-columns-1 gallery-size-large'><figure class='gallery-item'>\n\t\t\t<div class='gallery-icon landscape'>\n\t\t\t\t<a href='https:\/\/autolivraria.com.br\/bc\/wp-content\/uploads\/2018\/01\/Eleicao-City.jpg'><img fetchpriority=\"high\" decoding=\"async\" width=\"696\" height=\"464\" src=\"https:\/\/autolivraria.com.br\/bc\/wp-content\/uploads\/2018\/01\/Eleicao-City-696x464.jpg\" class=\"attachment-large size-large\" alt=\"\" \/><\/a>\n\t\t\t<\/div><\/figure>\n\t\t<\/div>\n\n<p>&nbsp;<\/p>\n\n<h2>Honda City<\/h2>\n<p>Vit\u00f3ria f\u00e1cil para o City, agora com quase 10 pontos percentuais a mais que no ano passado e 27 acima do 2\u00b0. colocado. Nesta posi\u00e7\u00e3o temos o HB20 S, que ganhou espa\u00e7o sobre o Fiesta. Versa e Etios competiram na Classe 2 pela primeira vez, enquanto Grand Siena, Voyage e as vers\u00f5es superiores do Prisma mudaram da 2 para a 1 (as altera\u00e7\u00f5es refletem as faixas de pre\u00e7o que cada modelo hoje ocupa no mercado, n\u00e3o raro diferentes da fase de lan\u00e7amento). A categoria promete grande movimento para a 21\u00aa Elei\u00e7\u00e3o com as estreias de Fiat Cronos e VW Virtus.<\/p>\n<ul>\n<li><a href=\"https:\/\/autolivraria.com.br\/bc\/tag\/city\" target=\"_blank\">Leia mais sobre o City<\/a><\/li>\n<\/ul>\n<p>&nbsp;<\/p>\n<div class='code-block code-block-7' style='margin: 28px auto; text-align: center; display: block; clear: both;'>\n<br>\n<div align=\"center\">\n<a target=\"_blank\" href=\"https:\/\/bestcars.com.br\/bc\/\">\n<img decoding=\"async\" data-src=\"https:\/\/bestcars.com.br\/bc\/wp-content\/uploads\/2021\/07\/Auto-Livraria-450x300-quadros.jpg\" alt=\"Auto Livraria\" src=\"data:image\/svg+xml;base64,PHN2ZyB3aWR0aD0iMSIgaGVpZ2h0PSIxIiB4bWxucz0iaHR0cDovL3d3dy53My5vcmcvMjAwMC9zdmciPjwvc3ZnPg==\" class=\"lazyload\"><\/a>\n<\/div>\n<br><\/div>\n\n<p>&nbsp;<\/p>\n<div id='gallery-2' class='gallery galleryid-91354 gallery-columns-2 gallery-size-medium'><figure class='gallery-item'>\n\t\t\t<div class='gallery-icon landscape'>\n\t\t\t\t<a href='https:\/\/autolivraria.com.br\/bc\/wp-content\/uploads\/2015\/12\/Honda-City-EXL-01.jpg'><img decoding=\"async\" width=\"356\" height=\"237\" data-src=\"https:\/\/autolivraria.com.br\/bc\/wp-content\/uploads\/2015\/12\/Honda-City-EXL-01-356x237.jpg\" class=\"attachment-medium size-medium lazyload\" alt=\"\" src=\"data:image\/svg+xml;base64,PHN2ZyB3aWR0aD0iMSIgaGVpZ2h0PSIxIiB4bWxucz0iaHR0cDovL3d3dy53My5vcmcvMjAwMC9zdmciPjwvc3ZnPg==\" style=\"--smush-placeholder-width: 356px; --smush-placeholder-aspect-ratio: 356\/237;\" \/><\/a>\n\t\t\t<\/div><\/figure><figure class='gallery-item'>\n\t\t\t<div class='gallery-icon landscape'>\n\t\t\t\t<a href='https:\/\/autolivraria.com.br\/bc\/wp-content\/uploads\/2015\/12\/Honda-City-LX-02.jpg'><img decoding=\"async\" width=\"356\" height=\"237\" data-src=\"https:\/\/autolivraria.com.br\/bc\/wp-content\/uploads\/2015\/12\/Honda-City-LX-02-356x237.jpg\" class=\"attachment-medium size-medium lazyload\" alt=\"\" src=\"data:image\/svg+xml;base64,PHN2ZyB3aWR0aD0iMSIgaGVpZ2h0PSIxIiB4bWxucz0iaHR0cDovL3d3dy53My5vcmcvMjAwMC9zdmciPjwvc3ZnPg==\" style=\"--smush-placeholder-width: 356px; --smush-placeholder-aspect-ratio: 356\/237;\" \/><\/a>\n\t\t\t<\/div><\/figure><figure class='gallery-item'>\n\t\t\t<div class='gallery-icon landscape'>\n\t\t\t\t<a href='https:\/\/autolivraria.com.br\/bc\/wp-content\/uploads\/2014\/09\/Honda-City-2015-31.jpg'><img decoding=\"async\" width=\"370\" height=\"246\" data-src=\"https:\/\/autolivraria.com.br\/bc\/wp-content\/uploads\/2014\/09\/Honda-City-2015-31-560x373.jpg\" class=\"attachment-medium size-medium lazyload\" alt=\"\" src=\"data:image\/svg+xml;base64,PHN2ZyB3aWR0aD0iMSIgaGVpZ2h0PSIxIiB4bWxucz0iaHR0cDovL3d3dy53My5vcmcvMjAwMC9zdmciPjwvc3ZnPg==\" style=\"--smush-placeholder-width: 370px; --smush-placeholder-aspect-ratio: 370\/246;\" \/><\/a>\n\t\t\t<\/div><\/figure><figure class='gallery-item'>\n\t\t\t<div class='gallery-icon landscape'>\n\t\t\t\t<a href='https:\/\/autolivraria.com.br\/bc\/wp-content\/uploads\/2015\/12\/Honda-City-EXL-02.jpg'><img decoding=\"async\" width=\"356\" height=\"237\" data-src=\"https:\/\/autolivraria.com.br\/bc\/wp-content\/uploads\/2015\/12\/Honda-City-EXL-02-356x237.jpg\" class=\"attachment-medium size-medium lazyload\" alt=\"\" src=\"data:image\/svg+xml;base64,PHN2ZyB3aWR0aD0iMSIgaGVpZ2h0PSIxIiB4bWxucz0iaHR0cDovL3d3dy53My5vcmcvMjAwMC9zdmciPjwvc3ZnPg==\" style=\"--smush-placeholder-width: 356px; --smush-placeholder-aspect-ratio: 356\/237;\" \/><\/a>\n\t\t\t<\/div><\/figure>\n\t\t<\/div>\n\n<p>&nbsp;<\/p>\n<div class='et-box et-shadow'>\n\t\t\t\t\t<div class='et-box-content'><h2>Resultados<\/h2>\n<table id=\"table56\" border=\"0\" width=\"100%\" cellspacing=\"0\" cellpadding=\"3\">\n<tbody>\n<tr>\n<td width=\"20%\"><strong>Posi\u00e7\u00e3o<\/strong><\/td>\n<td width=\"40%\"><strong>Modelo<\/strong><\/td>\n<td width=\"20%\"><strong>Percentual<\/strong><\/td>\n<td width=\"20%\"><strong>Anterior<\/strong><\/td>\n<\/tr>\n<tr>\n<td width=\"20%\">1\u00b0.<\/td>\n<td width=\"40%\">Honda City<\/td>\n<td width=\"20%\">42,4%<\/td>\n<td width=\"20%\">1\u00b0.<\/td>\n<\/tr>\n<tr>\n<td width=\"20%\">2\u00b0.<\/td>\n<td width=\"40%\">Hyundai HB20 S<\/td>\n<td width=\"20%\">15,6%<\/td>\n<td width=\"20%\">3\u00b0.<\/td>\n<\/tr>\n<tr>\n<td width=\"20%\">3\u00b0.<\/td>\n<td width=\"40%\">Ford Fiesta<\/td>\n<td width=\"20%\">15,1%<\/td>\n<td width=\"20%\">2\u00b0.<\/td>\n<\/tr>\n<tr>\n<td width=\"20%\">4\u00b0.<\/td>\n<td width=\"40%\">Nissan Versa<\/td>\n<td width=\"20%\">11,2%<\/td>\n<td width=\"20%\">NC<\/td>\n<\/tr>\n<tr>\n<td width=\"20%\">5\u00b0.<\/td>\n<td width=\"40%\">Chevrolet Cobalt<\/td>\n<td width=\"20%\">9,8%<\/td>\n<td width=\"20%\">5\u00b0.<\/td>\n<\/tr>\n<tr>\n<td width=\"20%\">6\u00b0.<\/td>\n<td width=\"40%\">Toyota Etios<\/td>\n<td width=\"20%\">5,9%<\/td>\n<td width=\"20%\">NC<\/td>\n<\/tr>\n<tr>\n<td colspan=\"4\">NC = n\u00e3o concorreu<\/td>\n<\/tr>\n<\/tbody>\n<\/table><\/div><\/div>\n<p>&nbsp;<\/p>\n<div class='et-box et-shadow'>\n\t\t\t\t\t<div class='et-box-content'><h2>Elei\u00e7\u00f5es anteriores<\/h2>\n<table id=\"table57\" border=\"0\" width=\"100%\" cellspacing=\"0\" cellpadding=\"3\">\n<tbody>\n<tr>\n<td width=\"20%\">2017<\/td>\n<td width=\"40%\">Honda City<\/td>\n<td width=\"20%\">32,9%<\/td>\n<\/tr>\n<tr>\n<td width=\"20%\">2016<\/td>\n<td width=\"40%\">Ford Fiesta<\/td>\n<td width=\"20%\">47,1%<\/td>\n<\/tr>\n<tr>\n<td width=\"20%\">2015<\/td>\n<td width=\"40%\">Ford Fiesta<\/td>\n<td width=\"20%\">43,7%<\/td>\n<\/tr>\n<tr>\n<td width=\"20%\">2014<\/td>\n<td width=\"60%\">Ford Fiesta<\/td>\n<td width=\"20%\">44,6%<\/td>\n<\/tr>\n<tr>\n<td width=\"20%\">2013<\/td>\n<td width=\"60%\">Ford Fiesta<\/td>\n<td width=\"20%\">27,2%<\/td>\n<\/tr>\n<tr>\n<td width=\"20%\">2012<\/td>\n<td width=\"60%\">Ford Fiesta<\/td>\n<td width=\"20%\">39,2%<\/td>\n<\/tr>\n<tr>\n<td width=\"20%\">2011<\/td>\n<td width=\"60%\">Ford Fiesta<\/td>\n<td width=\"20%\">38,5%<\/td>\n<\/tr>\n<tr>\n<td width=\"20%\">2010<\/td>\n<td width=\"60%\">Volkswagen Polo<\/td>\n<td width=\"20%\">23,4%<\/td>\n<\/tr>\n<tr>\n<td width=\"20%\">2009<\/td>\n<td width=\"60%\">Volkswagen Voyage<\/td>\n<td width=\"20%\">26,3%<\/td>\n<\/tr>\n<tr>\n<td colspan=\"3\">N\u00e3o havia a categoria at\u00e9 2008<\/td>\n<\/tr>\n<\/tbody>\n<\/table><\/div><\/div>\n<table style=\"width: 100%;\">\n<tbody>\n<tr>\n<td><a href='https:\/\/autolivraria.com.br\/bc\/participe\/eleicoes\/20a-eleicao-dos-melhores-carros\/melhor-hatch-medio-2018\/' class='small-button smallsilver'>Pr\u00f3xima categoria<\/a><\/td>\n<td style=\"width: 10%;\"><\/td>\n<td><a href='https:\/\/autolivraria.com.br\/bc\/20a-eleicao-dos-melhores-carros\/' class='small-button smallsilver'>20\u00aa. Elei\u00e7\u00e3o dos Melhores Carros<\/a><\/td>\n<\/tr>\n<\/tbody>\n<\/table>\n<p>&nbsp;<\/p>\n","protected":false},"excerpt":{"rendered":"<p>Honda City<\/p>\n","protected":false},"author":6,"featured_media":91549,"comment_status":"open","ping_status":"closed","sticky":false,"template":"","format":"standard","meta":{"_joinchat":[],"footnotes":""},"categories":[4451],"tags":[4452,362,82],"class_list":["post-91354","post","type-post","status-publish","format-standard","has-post-thumbnail","hentry","category-20a-eleicao-dos-melhores-carros","tag-20a-eleicao-dos-melhores-carros","tag-city","tag-honda"],"amp_enabled":true,"_links":{"self":[{"href":"https:\/\/autolivraria.com.br\/bc\/wp-json\/wp\/v2\/posts\/91354","targetHints":{"allow":["GET"]}}],"collection":[{"href":"https:\/\/autolivraria.com.br\/bc\/wp-json\/wp\/v2\/posts"}],"about":[{"href":"https:\/\/autolivraria.com.br\/bc\/wp-json\/wp\/v2\/types\/post"}],"author":[{"embeddable":true,"href":"https:\/\/autolivraria.com.br\/bc\/wp-json\/wp\/v2\/users\/6"}],"replies":[{"embeddable":true,"href":"https:\/\/autolivraria.com.br\/bc\/wp-json\/wp\/v2\/comments?post=91354"}],"version-history":[{"count":0,"href":"https:\/\/autolivraria.com.br\/bc\/wp-json\/wp\/v2\/posts\/91354\/revisions"}],"wp:featuredmedia":[{"embeddable":true,"href":"https:\/\/autolivraria.com.br\/bc\/wp-json\/wp\/v2\/media\/91549"}],"wp:attachment":[{"href":"https:\/\/autolivraria.com.br\/bc\/wp-json\/wp\/v2\/media?parent=91354"}],"wp:term":[{"taxonomy":"category","embeddable":true,"href":"https:\/\/autolivraria.com.br\/bc\/wp-json\/wp\/v2\/categories?post=91354"},{"taxonomy":"post_tag","embeddable":true,"href":"https:\/\/autolivraria.com.br\/bc\/wp-json\/wp\/v2\/tags?post=91354"}],"curies":[{"name":"wp","href":"https:\/\/api.w.org\/{rel}","templated":true}]}}