{"id":91357,"date":"2018-01-19T11:50:58","date_gmt":"2018-01-19T14:50:58","guid":{"rendered":"http:\/\/bestcars.uol.com.br\/bc\/?p=91357"},"modified":"2018-01-19T12:52:25","modified_gmt":"2018-01-19T15:52:25","slug":"melhor-hatch-medio-2018","status":"publish","type":"post","link":"https:\/\/autolivraria.com.br\/bc\/participe\/eleicoes\/20a-eleicao-dos-melhores-carros\/melhor-hatch-medio-2018\/","title":{"rendered":"Melhor Hatch M\u00e9dio"},"content":{"rendered":"<div id='gallery-1' class='gallery galleryid-91357 gallery-columns-1 gallery-size-large'><figure class='gallery-item'>\n\t\t\t<div class='gallery-icon landscape'>\n\t\t\t\t<a href='https:\/\/autolivraria.com.br\/bc\/wp-content\/uploads\/2018\/01\/Eleicao-Golf.jpg'><img fetchpriority=\"high\" decoding=\"async\" width=\"696\" height=\"464\" src=\"https:\/\/autolivraria.com.br\/bc\/wp-content\/uploads\/2018\/01\/Eleicao-Golf-696x464.jpg\" class=\"attachment-large size-large\" alt=\"\" \/><\/a>\n\t\t\t<\/div><\/figure>\n\t\t<\/div>\n\n<p>&nbsp;<\/p>\n\n<h2>Volkswagen Golf<\/h2>\n<p>O lan\u00e7amento da nova gera\u00e7\u00e3o do Chevrolet Cruze, que competiu pela primeira vez, abalou em parte a prefer\u00eancia do p\u00fablico pelo Golf, mas n\u00e3o a ponto de tirar da Volkswagen sua quinta vit\u00f3ria consecutiva na classe. O Golf ficou apenas 3,6 pontos percentuais \u00e0 frente do Cruze, o que fez dessa a vit\u00f3ria mais apertada do VW em cinco\u00a0Elei\u00e7\u00f5es (veja mais abaixo sua hegemonia nas outras\u00a0edi\u00e7\u00f5es).<\/p>\n<p>&nbsp;<\/p>\n<div class='code-block code-block-6' style='margin: 28px auto; text-align: center; display: block; clear: both;'>\n<script async src=\"https:\/\/pagead2.googlesyndication.com\/pagead\/js\/adsbygoogle.js\"><\/script>\n<!-- AL-quadrado -->\n<ins class=\"adsbygoogle\"\n     style=\"display:block\"\n     data-ad-client=\"ca-pub-1914799802606213\"\n     data-ad-slot=\"5683066082\"\n     data-ad-format=\"auto\"\n     data-full-width-responsive=\"true\"><\/ins>\n<script>\n     (adsbygoogle = window.adsbygoogle || []).push({});\n<\/script><\/div>\n\n<p>&nbsp;<\/p>\n<p>O crescimento do Chevrolet, que era apenas 5\u00b0. colocado no ano passado, deslocou para baixo Focus, 308 e I30, sem alterar a ordem entre esses. O Soul permanece em \u00faltimo. Saiu da disputa o Fiat Bravo, que deixa a marca de fora dessa categoria por enquanto.<\/p>\n<ul>\n<li><a href=\"https:\/\/autolivraria.com.br\/bc\/tag\/golf\" target=\"_blank\">Leia mais sobre o Golf<\/a><\/li>\n<\/ul>\n<p>&nbsp;<\/p>\n<div id='gallery-2' class='gallery galleryid-91357 gallery-columns-2 gallery-size-medium'><figure class='gallery-item'>\n\t\t\t<div class='gallery-icon landscape'>\n\t\t\t\t<a href='https:\/\/autolivraria.com.br\/bc\/wp-content\/uploads\/2016\/01\/VW-Golf-GTI-02.jpg'><img decoding=\"async\" width=\"356\" height=\"237\" data-src=\"https:\/\/autolivraria.com.br\/bc\/wp-content\/uploads\/2016\/01\/VW-Golf-GTI-02-356x237.jpg\" class=\"attachment-medium size-medium lazyload\" alt=\"\" src=\"data:image\/svg+xml;base64,PHN2ZyB3aWR0aD0iMSIgaGVpZ2h0PSIxIiB4bWxucz0iaHR0cDovL3d3dy53My5vcmcvMjAwMC9zdmciPjwvc3ZnPg==\" style=\"--smush-placeholder-width: 356px; --smush-placeholder-aspect-ratio: 356\/237;\" \/><\/a>\n\t\t\t<\/div><\/figure><figure class='gallery-item'>\n\t\t\t<div class='gallery-icon landscape'>\n\t\t\t\t<a href='https:\/\/autolivraria.com.br\/bc\/wp-content\/uploads\/2016\/01\/VW-Golf-GTI-03.jpg'><img decoding=\"async\" width=\"356\" height=\"237\" data-src=\"https:\/\/autolivraria.com.br\/bc\/wp-content\/uploads\/2016\/01\/VW-Golf-GTI-03-356x237.jpg\" class=\"attachment-medium size-medium lazyload\" alt=\"\" src=\"data:image\/svg+xml;base64,PHN2ZyB3aWR0aD0iMSIgaGVpZ2h0PSIxIiB4bWxucz0iaHR0cDovL3d3dy53My5vcmcvMjAwMC9zdmciPjwvc3ZnPg==\" style=\"--smush-placeholder-width: 356px; --smush-placeholder-aspect-ratio: 356\/237;\" \/><\/a>\n\t\t\t<\/div><\/figure><figure class='gallery-item'>\n\t\t\t<div class='gallery-icon landscape'>\n\t\t\t\t<a href='https:\/\/autolivraria.com.br\/bc\/wp-content\/uploads\/2016\/01\/VW-Golf-Highline-01.jpg'><img decoding=\"async\" width=\"356\" height=\"237\" data-src=\"https:\/\/autolivraria.com.br\/bc\/wp-content\/uploads\/2016\/01\/VW-Golf-Highline-01-356x237.jpg\" class=\"attachment-medium size-medium lazyload\" alt=\"\" src=\"data:image\/svg+xml;base64,PHN2ZyB3aWR0aD0iMSIgaGVpZ2h0PSIxIiB4bWxucz0iaHR0cDovL3d3dy53My5vcmcvMjAwMC9zdmciPjwvc3ZnPg==\" style=\"--smush-placeholder-width: 356px; --smush-placeholder-aspect-ratio: 356\/237;\" \/><\/a>\n\t\t\t<\/div><\/figure><figure class='gallery-item'>\n\t\t\t<div class='gallery-icon landscape'>\n\t\t\t\t<a href='https:\/\/autolivraria.com.br\/bc\/wp-content\/uploads\/2016\/01\/VW-Golf-Highline-02.jpg'><img decoding=\"async\" width=\"356\" height=\"237\" data-src=\"https:\/\/autolivraria.com.br\/bc\/wp-content\/uploads\/2016\/01\/VW-Golf-Highline-02-356x237.jpg\" class=\"attachment-medium size-medium lazyload\" alt=\"\" src=\"data:image\/svg+xml;base64,PHN2ZyB3aWR0aD0iMSIgaGVpZ2h0PSIxIiB4bWxucz0iaHR0cDovL3d3dy53My5vcmcvMjAwMC9zdmciPjwvc3ZnPg==\" style=\"--smush-placeholder-width: 356px; --smush-placeholder-aspect-ratio: 356\/237;\" \/><\/a>\n\t\t\t<\/div><\/figure>\n\t\t<\/div>\n\n<p>&nbsp;<\/p>\n<div class='et-box et-shadow'>\n\t\t\t\t\t<div class='et-box-content'><h2>Resultados<\/h2>\n<table id=\"table9\" border=\"0\" width=\"100%\" cellspacing=\"0\" cellpadding=\"3\">\n<tbody>\n<tr>\n<td width=\"20%\"><strong>Posi\u00e7\u00e3o<\/strong><\/td>\n<td width=\"40%\"><strong>Modelo<\/strong><\/td>\n<td width=\"20%\"><strong>Percentual<\/strong><\/td>\n<td width=\"20%\"><strong>Anterior<\/strong><\/td>\n<\/tr>\n<tr>\n<td width=\"20%\">1\u00b0.<\/td>\n<td width=\"40%\">Volkswagen Golf<\/td>\n<td width=\"20%\">39,2%<\/td>\n<td width=\"20%\">1\u00b0.<\/td>\n<\/tr>\n<tr>\n<td width=\"20%\">2\u00b0.<\/td>\n<td width=\"40%\">Chevrolet Cruze<\/td>\n<td width=\"20%\">35,6%<\/td>\n<td width=\"20%\">5\u00b0.<\/td>\n<\/tr>\n<tr>\n<td width=\"20%\">3\u00b0.<\/td>\n<td width=\"40%\">Ford Focus<\/td>\n<td width=\"20%\">17,1%<\/td>\n<td width=\"20%\">2\u00b0.<\/td>\n<\/tr>\n<tr>\n<td width=\"20%\">4\u00b0.<\/td>\n<td width=\"40%\">Peugeot 308<\/td>\n<td width=\"20%\">4,2%<\/td>\n<td width=\"20%\">3\u00b0.<\/td>\n<\/tr>\n<tr>\n<td width=\"20%\">5\u00b0.<\/td>\n<td width=\"40%\">Hyundai I30<\/td>\n<td width=\"20%\">3,0%<\/td>\n<td width=\"20%\">4\u00ba.<\/td>\n<\/tr>\n<tr>\n<td width=\"20%\">6\u00b0.<\/td>\n<td width=\"40%\">Kia Soul<\/td>\n<td width=\"20%\">0,9%<\/td>\n<td width=\"20%\">7\u00ba.<\/td>\n<\/tr>\n<\/tbody>\n<\/table><\/div><\/div>\n<p>&nbsp;<\/p>\n<div class='et-box et-shadow'>\n\t\t\t\t\t<div class='et-box-content'><h2>Elei\u00e7\u00f5es anteriores<\/h2>\n<table id=\"table10\" border=\"0\" width=\"100%\" cellspacing=\"0\" cellpadding=\"3\">\n<tbody>\n<tr>\n<td width=\"20%\">2017<\/td>\n<td width=\"60%\">Volkswagen Golf<\/td>\n<td width=\"20%\">52,2%<\/td>\n<\/tr>\n<tr>\n<td width=\"20%\">2016<\/td>\n<td width=\"60%\">Volkswagen Golf<\/td>\n<td width=\"20%\">46,8%<\/td>\n<\/tr>\n<tr>\n<td width=\"20%\">2015<\/td>\n<td width=\"60%\">Volkswagen Golf<\/td>\n<td width=\"20%\">44,2%<\/td>\n<\/tr>\n<tr>\n<td width=\"20%\">2014<\/td>\n<td width=\"60%\">Volkswagen Golf<\/td>\n<td width=\"20%\">41,3%<\/td>\n<\/tr>\n<tr>\n<td width=\"20%\">2013<\/td>\n<td width=\"60%\">Chevrolet Cruze<\/td>\n<td width=\"20%\">25,8%<\/td>\n<\/tr>\n<tr>\n<td width=\"20%\">2012<\/td>\n<td width=\"60%\">Ford Focus<\/td>\n<td width=\"20%\">24,6%<\/td>\n<\/tr>\n<tr>\n<td width=\"20%\">2011<\/td>\n<td width=\"60%\">Ford Focus<\/td>\n<td width=\"20%\">32,1%<\/td>\n<\/tr>\n<tr>\n<td width=\"20%\">2010<\/td>\n<td width=\"60%\">Ford Focus<\/td>\n<td width=\"20%\">25,4%<\/td>\n<\/tr>\n<tr>\n<td width=\"20%\">2009<\/td>\n<td width=\"60%\">Ford Focus<\/td>\n<td width=\"20%\">21,7%<\/td>\n<\/tr>\n<tr>\n<td width=\"20%\">2008<\/td>\n<td width=\"60%\">Audi A3*<\/td>\n<td width=\"20%\">10,8%<\/td>\n<\/tr>\n<tr>\n<td width=\"20%\">2007<\/td>\n<td width=\"60%\">Audi A3*<\/td>\n<td width=\"20%\">13,5%<\/td>\n<\/tr>\n<tr>\n<td colspan=\"3\" width=\"12%\"><strong>Carro M\u00e9dio (incluindo sed\u00e3s)<\/strong><\/td>\n<\/tr>\n<tr>\n<td width=\"20%\">2006<\/td>\n<td width=\"60%\">Chevrolet Vectra*<\/td>\n<td width=\"20%\">23,0%<\/td>\n<\/tr>\n<tr>\n<td width=\"20%\">2005<\/td>\n<td width=\"60%\">Chevrolet Vectra*<\/td>\n<td width=\"20%\">11,2%<\/td>\n<\/tr>\n<tr>\n<td width=\"20%\">2004<\/td>\n<td width=\"60%\">Fiat Stilo<\/td>\n<td width=\"20%\">11,2%<\/td>\n<\/tr>\n<tr>\n<td width=\"20%\">2003<\/td>\n<td width=\"60%\">Fiat Stilo<\/td>\n<td width=\"20%\">14,9%<\/td>\n<\/tr>\n<tr>\n<td width=\"20%\">2002<\/td>\n<td width=\"60%\">Ford Focus<\/td>\n<td width=\"20%\">21,6%<\/td>\n<\/tr>\n<tr>\n<td width=\"20%\">2001<\/td>\n<td width=\"60%\">Ford Focus<\/td>\n<td width=\"20%\">26,4%<\/td>\n<\/tr>\n<tr>\n<td width=\"20%\">2000<\/td>\n<td width=\"60%\">Audi A3*<\/td>\n<td width=\"20%\">25,9%<\/td>\n<\/tr>\n<tr>\n<td colspan=\"3\">N\u00e3o havia a categoria em 1999; * deixou a categoria<\/td>\n<\/tr>\n<\/tbody>\n<\/table><\/div><\/div>\n<table style=\"width: 100%;\">\n<tbody>\n<tr>\n<td><a href='https:\/\/autolivraria.com.br\/bc\/participe\/eleicoes\/20a-eleicao-dos-melhores-carros\/melhor-hatch-medio-de-luxo-2018\/' class='small-button smallsilver'>Pr\u00f3xima categoria<\/a><\/td>\n<td style=\"width: 10%;\"><\/td>\n<td><a href='https:\/\/autolivraria.com.br\/bc\/20a-eleicao-dos-melhores-carros\/' class='small-button smallsilver'>20\u00aa. Elei\u00e7\u00e3o dos Melhores Carros<\/a><\/td>\n<\/tr>\n<\/tbody>\n<\/table>\n<p>&nbsp;<\/p>\n","protected":false},"excerpt":{"rendered":"<p>Volkswagen Golf<\/p>\n","protected":false},"author":6,"featured_media":91627,"comment_status":"open","ping_status":"closed","sticky":false,"template":"","format":"standard","meta":{"_joinchat":[],"footnotes":""},"categories":[4451],"tags":[4452,501,60],"class_list":["post-91357","post","type-post","status-publish","format-standard","has-post-thumbnail","hentry","category-20a-eleicao-dos-melhores-carros","tag-20a-eleicao-dos-melhores-carros","tag-golf","tag-volkswagen"],"amp_enabled":true,"_links":{"self":[{"href":"https:\/\/autolivraria.com.br\/bc\/wp-json\/wp\/v2\/posts\/91357","targetHints":{"allow":["GET"]}}],"collection":[{"href":"https:\/\/autolivraria.com.br\/bc\/wp-json\/wp\/v2\/posts"}],"about":[{"href":"https:\/\/autolivraria.com.br\/bc\/wp-json\/wp\/v2\/types\/post"}],"author":[{"embeddable":true,"href":"https:\/\/autolivraria.com.br\/bc\/wp-json\/wp\/v2\/users\/6"}],"replies":[{"embeddable":true,"href":"https:\/\/autolivraria.com.br\/bc\/wp-json\/wp\/v2\/comments?post=91357"}],"version-history":[{"count":0,"href":"https:\/\/autolivraria.com.br\/bc\/wp-json\/wp\/v2\/posts\/91357\/revisions"}],"wp:featuredmedia":[{"embeddable":true,"href":"https:\/\/autolivraria.com.br\/bc\/wp-json\/wp\/v2\/media\/91627"}],"wp:attachment":[{"href":"https:\/\/autolivraria.com.br\/bc\/wp-json\/wp\/v2\/media?parent=91357"}],"wp:term":[{"taxonomy":"category","embeddable":true,"href":"https:\/\/autolivraria.com.br\/bc\/wp-json\/wp\/v2\/categories?post=91357"},{"taxonomy":"post_tag","embeddable":true,"href":"https:\/\/autolivraria.com.br\/bc\/wp-json\/wp\/v2\/tags?post=91357"}],"curies":[{"name":"wp","href":"https:\/\/api.w.org\/{rel}","templated":true}]}}