{"id":91360,"date":"2018-01-19T11:38:05","date_gmt":"2018-01-19T14:38:05","guid":{"rendered":"http:\/\/bestcars.uol.com.br\/bc\/?p=91360"},"modified":"2018-01-19T12:53:04","modified_gmt":"2018-01-19T15:53:04","slug":"melhor-seda-medio-de-luxo-2018","status":"publish","type":"post","link":"https:\/\/autolivraria.com.br\/bc\/participe\/eleicoes\/20a-eleicao-dos-melhores-carros\/melhor-seda-medio-de-luxo-2018\/","title":{"rendered":"Melhor Sed\u00e3 M\u00e9dio de Luxo"},"content":{"rendered":"<div id='gallery-1' class='gallery galleryid-91360 gallery-columns-1 gallery-size-large'><figure class='gallery-item'>\n\t\t\t<div class='gallery-icon landscape'>\n\t\t\t\t<a href='https:\/\/autolivraria.com.br\/bc\/wp-content\/uploads\/2018\/01\/Eleicao-A5.jpg'><img fetchpriority=\"high\" decoding=\"async\" width=\"696\" height=\"464\" src=\"https:\/\/autolivraria.com.br\/bc\/wp-content\/uploads\/2018\/01\/Eleicao-A5-696x464.jpg\" class=\"attachment-large size-large\" alt=\"\" \/><\/a>\n\t\t\t<\/div><\/figure>\n\t\t<\/div>\n\n<p>&nbsp;<\/p>\n\n<h2>Audi A5 Sportback<\/h2>\n<p>A nova gera\u00e7\u00e3o fez bem ao A5 Sportback: o hatch com charme de cup\u00ea passou do 5\u00b0. para o 1\u00b0. lugar e deu \u00e0 marca seu quarto t\u00edtulo na classe (os anteriores foram conquistados pelo A4). Pouco, \u00e9 verdade, diante das 10 vit\u00f3rias do BMW S\u00e9rie 3 no hist\u00f3rico de 20 edi\u00e7\u00f5es. Vencedor no ano passado, o Jaguar XE foi apenas 4\u00b0. dessa vez, atr\u00e1s do mesmo S\u00e9rie 3 e do Mercedes Classe C. Pode ter ajudado o BMW o fato de n\u00e3o estar mais dispon\u00edvel o S\u00e9rie 4 Gran Coupe, com o qual ele antes dividia votos dos apreciadores da marca. De resto,\u00a0apenas algumas mudan\u00e7as de posi\u00e7\u00e3o entre competidores conhecidos.<\/p>\n<ul>\n<li><a href=\"https:\/\/autolivraria.com.br\/bc\/tag\/a5-sportback\" target=\"_blank\">Leia mais sobre o A5 Sportback<\/a><\/li>\n<\/ul>\n<p>&nbsp;<\/p>\n<div class='code-block code-block-7' style='margin: 28px auto; text-align: center; display: block; clear: both;'>\n<br>\n<div align=\"center\">\n<a target=\"_blank\" href=\"https:\/\/bestcars.com.br\/bc\/\">\n<img decoding=\"async\" data-src=\"https:\/\/bestcars.com.br\/bc\/wp-content\/uploads\/2021\/07\/Auto-Livraria-450x300-quadros.jpg\" alt=\"Auto Livraria\" src=\"data:image\/svg+xml;base64,PHN2ZyB3aWR0aD0iMSIgaGVpZ2h0PSIxIiB4bWxucz0iaHR0cDovL3d3dy53My5vcmcvMjAwMC9zdmciPjwvc3ZnPg==\" class=\"lazyload\"><\/a>\n<\/div>\n<br><\/div>\n\n<p>&nbsp;<\/p>\n<div id='gallery-2' class='gallery galleryid-91360 gallery-columns-2 gallery-size-medium'><figure class='gallery-item'>\n\t\t\t<div class='gallery-icon landscape'>\n\t\t\t\t<a href='https:\/\/autolivraria.com.br\/bc\/wp-content\/uploads\/2017\/07\/Audi-A5-Sportback-06.jpg'><img decoding=\"async\" width=\"340\" height=\"227\" data-src=\"https:\/\/autolivraria.com.br\/bc\/wp-content\/uploads\/2017\/07\/Audi-A5-Sportback-06-340x227.jpg\" class=\"attachment-medium size-medium lazyload\" alt=\"\" src=\"data:image\/svg+xml;base64,PHN2ZyB3aWR0aD0iMSIgaGVpZ2h0PSIxIiB4bWxucz0iaHR0cDovL3d3dy53My5vcmcvMjAwMC9zdmciPjwvc3ZnPg==\" style=\"--smush-placeholder-width: 340px; --smush-placeholder-aspect-ratio: 340\/227;\" \/><\/a>\n\t\t\t<\/div><\/figure><figure class='gallery-item'>\n\t\t\t<div class='gallery-icon landscape'>\n\t\t\t\t<a href='https:\/\/autolivraria.com.br\/bc\/wp-content\/uploads\/2017\/07\/Audi-A5-Sportback-11-1.jpg'><img decoding=\"async\" width=\"340\" height=\"227\" data-src=\"https:\/\/autolivraria.com.br\/bc\/wp-content\/uploads\/2017\/07\/Audi-A5-Sportback-11-1-340x227.jpg\" class=\"attachment-medium size-medium lazyload\" alt=\"\" src=\"data:image\/svg+xml;base64,PHN2ZyB3aWR0aD0iMSIgaGVpZ2h0PSIxIiB4bWxucz0iaHR0cDovL3d3dy53My5vcmcvMjAwMC9zdmciPjwvc3ZnPg==\" style=\"--smush-placeholder-width: 340px; --smush-placeholder-aspect-ratio: 340\/227;\" \/><\/a>\n\t\t\t<\/div><\/figure><figure class='gallery-item'>\n\t\t\t<div class='gallery-icon landscape'>\n\t\t\t\t<a href='https:\/\/autolivraria.com.br\/bc\/wp-content\/uploads\/2017\/07\/Audi-A5-Sportback-2.jpg'><img decoding=\"async\" width=\"340\" height=\"227\" data-src=\"https:\/\/autolivraria.com.br\/bc\/wp-content\/uploads\/2017\/07\/Audi-A5-Sportback-2-340x227.jpg\" class=\"attachment-medium size-medium lazyload\" alt=\"\" src=\"data:image\/svg+xml;base64,PHN2ZyB3aWR0aD0iMSIgaGVpZ2h0PSIxIiB4bWxucz0iaHR0cDovL3d3dy53My5vcmcvMjAwMC9zdmciPjwvc3ZnPg==\" style=\"--smush-placeholder-width: 340px; --smush-placeholder-aspect-ratio: 340\/227;\" \/><\/a>\n\t\t\t<\/div><\/figure><figure class='gallery-item'>\n\t\t\t<div class='gallery-icon landscape'>\n\t\t\t\t<a href='https:\/\/autolivraria.com.br\/bc\/wp-content\/uploads\/2017\/07\/Audi-A5-Sportback-tecnica-01.jpg'><img decoding=\"async\" width=\"340\" height=\"227\" data-src=\"https:\/\/autolivraria.com.br\/bc\/wp-content\/uploads\/2017\/07\/Audi-A5-Sportback-tecnica-01-340x227.jpg\" class=\"attachment-medium size-medium lazyload\" alt=\"\" src=\"data:image\/svg+xml;base64,PHN2ZyB3aWR0aD0iMSIgaGVpZ2h0PSIxIiB4bWxucz0iaHR0cDovL3d3dy53My5vcmcvMjAwMC9zdmciPjwvc3ZnPg==\" style=\"--smush-placeholder-width: 340px; --smush-placeholder-aspect-ratio: 340\/227;\" \/><\/a>\n\t\t\t<\/div><\/figure>\n\t\t<\/div>\n\n<p>&nbsp;<\/p>\n<div class='et-box et-shadow'>\n\t\t\t\t\t<div class='et-box-content'><h2>Resultados<\/h2>\n<table id=\"table15\" border=\"0\" width=\"100%\" cellspacing=\"0\" cellpadding=\"4\">\n<tbody>\n<tr>\n<td width=\"20%\"><strong>Posi\u00e7\u00e3o<\/strong><\/td>\n<td width=\"40%\"><strong>Modelo<\/strong><\/td>\n<td width=\"20%\"><strong>Percentual<\/strong><\/td>\n<td width=\"20%\"><strong>Anterior<\/strong><\/td>\n<\/tr>\n<tr>\n<td width=\"20%\">1\u00b0.<\/td>\n<td width=\"40%\">Audi A5 Sportback<\/td>\n<td width=\"20%\">21,4%<\/td>\n<td width=\"20%\">6\u00b0.<\/td>\n<\/tr>\n<tr>\n<td width=\"20%\">2\u00b0.<\/td>\n<td width=\"40%\">BMW S\u00e9rie 3<\/td>\n<td width=\"20%\">14,8%<\/td>\n<td width=\"20%\">3\u00b0.<\/td>\n<\/tr>\n<tr>\n<td width=\"20%\">3\u00b0.<\/td>\n<td width=\"40%\">Mercedes-Benz Classe C<\/td>\n<td width=\"20%\">13,5%<\/td>\n<td width=\"20%\">2\u00b0.<\/td>\n<\/tr>\n<tr>\n<td width=\"20%\">4\u00b0.<\/td>\n<td width=\"40%\">Jaguar XE<\/td>\n<td width=\"20%\">12,3%<\/td>\n<td width=\"20%\">1\u00b0.<\/td>\n<\/tr>\n<tr>\n<td width=\"20%\">5\u00b0.<\/td>\n<td width=\"40%\">Subaru WRX e WRX STI<\/td>\n<td width=\"20%\">10,5%<\/td>\n<td width=\"20%\">5\u00b0.<\/td>\n<\/tr>\n<tr>\n<td width=\"20%\">6\u00b0.<\/td>\n<td width=\"40%\">Audi A4<\/td>\n<td width=\"20%\">6,9%<\/td>\n<td width=\"20%\">4\u00b0.<\/td>\n<\/tr>\n<tr>\n<td width=\"20%\">7\u00b0.<\/td>\n<td width=\"40%\">Volvo S60<\/td>\n<td width=\"20%\">6,5%<\/td>\n<td width=\"20%\">9\u00b0.<\/td>\n<\/tr>\n<tr>\n<td width=\"20%\">8\u00b0.<\/td>\n<td width=\"40%\">Mercedes-Benz CLA<\/td>\n<td width=\"20%\">6,4%<\/td>\n<td width=\"20%\">8\u00b0.<\/td>\n<\/tr>\n<tr>\n<td width=\"20%\">9\u00b0.<\/td>\n<td width=\"40%\">Audi A3 Sedan<\/td>\n<td width=\"20%\">4,0%<\/td>\n<td width=\"20%\">10\u00b0.<\/td>\n<\/tr>\n<tr>\n<td width=\"20%\">10\u00b0.<\/td>\n<td width=\"40%\">BMW S\u00e9rie 2<\/td>\n<td width=\"20%\">3,7%<\/td>\n<td width=\"20%\">11\u00b0.<\/td>\n<\/tr>\n<tr>\n<td colspan=\"4\">NC = n\u00e3o concorreu<\/td>\n<\/tr>\n<\/tbody>\n<\/table><\/div><\/div>\n<p>&nbsp;<\/p>\n<div class='et-box et-shadow'>\n\t\t\t\t\t<div class='et-box-content'><h2>Elei\u00e7\u00f5es anteriores<\/h2>\n<table id=\"table16\" border=\"0\" width=\"100%\" cellspacing=\"0\" cellpadding=\"3\">\n<tbody>\n<tr>\n<td width=\"20%\">2017<\/td>\n<td width=\"40%\">Jaguar XE<\/td>\n<td width=\"20%\">14,2%<\/td>\n<\/tr>\n<tr>\n<td width=\"20%\">2016<\/td>\n<td width=\"40%\">Mercedes-Benz Classe C<\/td>\n<td width=\"20%\">16,1%<\/td>\n<\/tr>\n<tr>\n<td width=\"20%\">2015<\/td>\n<td width=\"40%\">Mercedes-Benz Classe C<\/td>\n<td width=\"20%\">17,5%<\/td>\n<\/tr>\n<tr>\n<td width=\"20%\">2014<\/td>\n<td width=\"40%\">BMW S\u00e9rie 3<\/td>\n<td width=\"20%\">33,8%<\/td>\n<\/tr>\n<tr>\n<td width=\"20%\">2013<\/td>\n<td width=\"40%\">BMW S\u00e9rie 3<\/td>\n<td width=\"20%\">19,0%<\/td>\n<\/tr>\n<tr>\n<td width=\"20%\">2012<\/td>\n<td width=\"60%\">BMW S\u00e9rie 3<\/td>\n<td width=\"20%\">22,2%<\/td>\n<\/tr>\n<tr>\n<td width=\"20%\">2011<\/td>\n<td width=\"60%\">BMW S\u00e9rie 3<\/td>\n<td width=\"20%\">25,0%<\/td>\n<\/tr>\n<tr>\n<td width=\"20%\">2010<\/td>\n<td width=\"60%\">BMW S\u00e9rie 3<\/td>\n<td width=\"20%\">23,6%<\/td>\n<\/tr>\n<tr>\n<td width=\"20%\">2009<\/td>\n<td width=\"60%\">Audi A4<\/td>\n<td width=\"20%\">27,7%<\/td>\n<\/tr>\n<tr>\n<td width=\"20%\">2008<\/td>\n<td width=\"60%\">BMW S\u00e9rie 3<\/td>\n<td width=\"20%\">23,8%<\/td>\n<\/tr>\n<tr>\n<td width=\"20%\">2007<\/td>\n<td width=\"60%\">BMW S\u00e9rie 3<\/td>\n<td width=\"20%\">28,2%<\/td>\n<\/tr>\n<tr>\n<td width=\"20%\">2006<\/td>\n<td width=\"60%\">BMW S\u00e9rie 3<\/td>\n<td width=\"20%\">19,1%<\/td>\n<\/tr>\n<tr>\n<td width=\"20%\">2005<\/td>\n<td width=\"60%\">BMW S\u00e9rie 3<\/td>\n<td width=\"20%\">17,7%<\/td>\n<\/tr>\n<tr>\n<td width=\"20%\">2004<\/td>\n<td width=\"60%\">BMW S\u00e9rie 3<\/td>\n<td width=\"20%\">16,1%<\/td>\n<\/tr>\n<tr>\n<td width=\"20%\">2003<\/td>\n<td width=\"60%\">Audi A4<\/td>\n<td width=\"20%\">13,6%<\/td>\n<\/tr>\n<tr>\n<td width=\"20%\">2002<\/td>\n<td width=\"60%\">Audi A4<\/td>\n<td width=\"20%\">15,8%<\/td>\n<\/tr>\n<tr>\n<td width=\"20%\">2001<\/td>\n<td width=\"60%\">Chevrolet Vectra*<\/td>\n<td width=\"20%\">18,4%<\/td>\n<\/tr>\n<tr>\n<td width=\"20%\">2000<\/td>\n<td width=\"60%\">BMW S\u00e9rie 3<\/td>\n<td width=\"20%\">16,2%<\/td>\n<\/tr>\n<tr>\n<td width=\"20%\">1999<\/td>\n<td width=\"60%\">Chevrolet Vectra*<\/td>\n<td width=\"20%\">34,2%<\/td>\n<\/tr>\n<tr>\n<td colspan=\"3\">* Deixou de concorrer na categoria<\/td>\n<\/tr>\n<\/tbody>\n<\/table><\/div><\/div>\n<table style=\"width: 100%;\">\n<tbody>\n<tr>\n<td><a href='https:\/\/autolivraria.com.br\/bc\/participe\/eleicoes\/20a-eleicao-dos-melhores-carros\/melhor-seda-grande-2018\/' class='small-button smallsilver'>Pr\u00f3xima categoria<\/a><\/td>\n<td style=\"width: 10%;\"><\/td>\n<td><a href='https:\/\/autolivraria.com.br\/bc\/20a-eleicao-dos-melhores-carros\/' class='small-button smallsilver'>20\u00aa. Elei\u00e7\u00e3o dos Melhores Carros<\/a><\/td>\n<\/tr>\n<\/tbody>\n<\/table>\n<p>&nbsp;<\/p>\n","protected":false},"excerpt":{"rendered":"<p>Audi A5 Sporback<\/p>\n","protected":false},"author":6,"featured_media":91709,"comment_status":"open","ping_status":"closed","sticky":false,"template":"","format":"standard","meta":{"_joinchat":[],"footnotes":""},"categories":[4451],"tags":[4452,871,870,61],"class_list":["post-91360","post","type-post","status-publish","format-standard","has-post-thumbnail","hentry","category-20a-eleicao-dos-melhores-carros","tag-20a-eleicao-dos-melhores-carros","tag-a5","tag-a5-sportback","tag-audi"],"amp_enabled":true,"_links":{"self":[{"href":"https:\/\/autolivraria.com.br\/bc\/wp-json\/wp\/v2\/posts\/91360","targetHints":{"allow":["GET"]}}],"collection":[{"href":"https:\/\/autolivraria.com.br\/bc\/wp-json\/wp\/v2\/posts"}],"about":[{"href":"https:\/\/autolivraria.com.br\/bc\/wp-json\/wp\/v2\/types\/post"}],"author":[{"embeddable":true,"href":"https:\/\/autolivraria.com.br\/bc\/wp-json\/wp\/v2\/users\/6"}],"replies":[{"embeddable":true,"href":"https:\/\/autolivraria.com.br\/bc\/wp-json\/wp\/v2\/comments?post=91360"}],"version-history":[{"count":0,"href":"https:\/\/autolivraria.com.br\/bc\/wp-json\/wp\/v2\/posts\/91360\/revisions"}],"wp:featuredmedia":[{"embeddable":true,"href":"https:\/\/autolivraria.com.br\/bc\/wp-json\/wp\/v2\/media\/91709"}],"wp:attachment":[{"href":"https:\/\/autolivraria.com.br\/bc\/wp-json\/wp\/v2\/media?parent=91360"}],"wp:term":[{"taxonomy":"category","embeddable":true,"href":"https:\/\/autolivraria.com.br\/bc\/wp-json\/wp\/v2\/categories?post=91360"},{"taxonomy":"post_tag","embeddable":true,"href":"https:\/\/autolivraria.com.br\/bc\/wp-json\/wp\/v2\/tags?post=91360"}],"curies":[{"name":"wp","href":"https:\/\/api.w.org\/{rel}","templated":true}]}}