{"id":91362,"date":"2018-01-19T11:34:07","date_gmt":"2018-01-19T14:34:07","guid":{"rendered":"http:\/\/bestcars.uol.com.br\/bc\/?p=91362"},"modified":"2018-01-19T17:10:57","modified_gmt":"2018-01-19T20:10:57","slug":"melhor-seda-grande-de-luxo-2018","status":"publish","type":"post","link":"https:\/\/autolivraria.com.br\/bc\/participe\/eleicoes\/20a-eleicao-dos-melhores-carros\/melhor-seda-grande-de-luxo-2018\/","title":{"rendered":"Melhor Sed\u00e3 Grande de Luxo"},"content":{"rendered":"<div id='gallery-1' class='gallery galleryid-91362 gallery-columns-1 gallery-size-large'><figure class='gallery-item'>\n\t\t\t<div class='gallery-icon landscape'>\n\t\t\t\t<a href='https:\/\/autolivraria.com.br\/bc\/wp-content\/uploads\/2018\/01\/Eleicao-BMW5.jpg'><img fetchpriority=\"high\" decoding=\"async\" width=\"696\" height=\"464\" src=\"https:\/\/autolivraria.com.br\/bc\/wp-content\/uploads\/2018\/01\/Eleicao-BMW5-696x464.jpg\" class=\"attachment-large size-large\" alt=\"\" \/><\/a>\n\t\t\t<\/div><\/figure>\n\t\t<\/div>\n\n<p>&nbsp;<\/p>\n\n<h2>BMW S\u00e9rie 5<\/h2>\n<p>O rei retoma seu trono: vencedor de oito Elei\u00e7\u00f5es anteriores, o S\u00e9rie 5 estreia nova gera\u00e7\u00e3o e assume o t\u00edtulo que esteve nas m\u00e3os do Audi A7 por dois anos e nas do Jaguar XF por tr\u00eas. No ano passado o BMW era apenas 5\u00b0. colocado. Houve poucas altera\u00e7\u00f5es entre os outros, caso do Mercedes CLS (agora \u00e0 frente do XF) e da sa\u00edda do Volkswagen CC.<\/p>\n<ul>\n<li><a href=\"https:\/\/autolivraria.com.br\/bc\/tag\/serie-5\" target=\"_blank\">Leia mais sobre o S\u00e9rie 5<\/a><\/li>\n<\/ul>\n<p>&nbsp;<\/p>\n<div class='code-block code-block-7' style='margin: 28px auto; text-align: center; display: block; clear: both;'>\n<script async src=\"https:\/\/pagead2.googlesyndication.com\/pagead\/js\/adsbygoogle.js\"><\/script>\n<!-- AL-quadrado -->\n<ins class=\"adsbygoogle\"\n     style=\"display:block\"\n     data-ad-client=\"ca-pub-1914799802606213\"\n     data-ad-slot=\"5683066082\"\n     data-ad-format=\"auto\"\n     data-full-width-responsive=\"true\"><\/ins>\n<script>\n     (adsbygoogle = window.adsbygoogle || []).push({});\n<\/script><\/div>\n\n<p>&nbsp;<\/p>\n<div id='gallery-2' class='gallery galleryid-91362 gallery-columns-2 gallery-size-medium'><figure class='gallery-item'>\n\t\t\t<div class='gallery-icon landscape'>\n\t\t\t\t<a href='https:\/\/autolivraria.com.br\/bc\/wp-content\/uploads\/2017\/04\/BMW-540i-62.jpg'><img decoding=\"async\" width=\"340\" height=\"227\" data-src=\"https:\/\/autolivraria.com.br\/bc\/wp-content\/uploads\/2017\/04\/BMW-540i-62-340x227.jpg\" class=\"attachment-medium size-medium lazyload\" alt=\"\" src=\"data:image\/svg+xml;base64,PHN2ZyB3aWR0aD0iMSIgaGVpZ2h0PSIxIiB4bWxucz0iaHR0cDovL3d3dy53My5vcmcvMjAwMC9zdmciPjwvc3ZnPg==\" style=\"--smush-placeholder-width: 340px; --smush-placeholder-aspect-ratio: 340\/227;\" \/><\/a>\n\t\t\t<\/div><\/figure><figure class='gallery-item'>\n\t\t\t<div class='gallery-icon landscape'>\n\t\t\t\t<a href='https:\/\/autolivraria.com.br\/bc\/wp-content\/uploads\/2017\/04\/BMW-540i-17.jpg'><img decoding=\"async\" width=\"340\" height=\"227\" data-src=\"https:\/\/autolivraria.com.br\/bc\/wp-content\/uploads\/2017\/04\/BMW-540i-17-340x227.jpg\" class=\"attachment-medium size-medium lazyload\" alt=\"\" src=\"data:image\/svg+xml;base64,PHN2ZyB3aWR0aD0iMSIgaGVpZ2h0PSIxIiB4bWxucz0iaHR0cDovL3d3dy53My5vcmcvMjAwMC9zdmciPjwvc3ZnPg==\" style=\"--smush-placeholder-width: 340px; --smush-placeholder-aspect-ratio: 340\/227;\" \/><\/a>\n\t\t\t<\/div><\/figure><figure class='gallery-item'>\n\t\t\t<div class='gallery-icon landscape'>\n\t\t\t\t<a href='https:\/\/autolivraria.com.br\/bc\/wp-content\/uploads\/2017\/04\/BMW-540i-38.jpg'><img decoding=\"async\" width=\"340\" height=\"227\" data-src=\"https:\/\/autolivraria.com.br\/bc\/wp-content\/uploads\/2017\/04\/BMW-540i-38-340x227.jpg\" class=\"attachment-medium size-medium lazyload\" alt=\"\" src=\"data:image\/svg+xml;base64,PHN2ZyB3aWR0aD0iMSIgaGVpZ2h0PSIxIiB4bWxucz0iaHR0cDovL3d3dy53My5vcmcvMjAwMC9zdmciPjwvc3ZnPg==\" style=\"--smush-placeholder-width: 340px; --smush-placeholder-aspect-ratio: 340\/227;\" \/><\/a>\n\t\t\t<\/div><\/figure><figure class='gallery-item'>\n\t\t\t<div class='gallery-icon landscape'>\n\t\t\t\t<a href='https:\/\/autolivraria.com.br\/bc\/wp-content\/uploads\/2017\/04\/BMW-540i-39.jpg'><img decoding=\"async\" width=\"340\" height=\"227\" data-src=\"https:\/\/autolivraria.com.br\/bc\/wp-content\/uploads\/2017\/04\/BMW-540i-39-340x227.jpg\" class=\"attachment-medium size-medium lazyload\" alt=\"\" src=\"data:image\/svg+xml;base64,PHN2ZyB3aWR0aD0iMSIgaGVpZ2h0PSIxIiB4bWxucz0iaHR0cDovL3d3dy53My5vcmcvMjAwMC9zdmciPjwvc3ZnPg==\" style=\"--smush-placeholder-width: 340px; --smush-placeholder-aspect-ratio: 340\/227;\" \/><\/a>\n\t\t\t<\/div><\/figure>\n\t\t<\/div>\n\n<p>&nbsp;<\/p>\n<div class='et-box et-shadow'>\n\t\t\t\t\t<div class='et-box-content'><h2>Resultados<\/h2>\n<table id=\"table19\" border=\"0\" width=\"100%\" cellspacing=\"0\" cellpadding=\"4\">\n<tbody>\n<tr>\n<td width=\"20%\"><strong>Posi\u00e7\u00e3o<\/strong><\/td>\n<td width=\"40%\"><strong>Modelo<\/strong><\/td>\n<td width=\"20%\"><strong>Percentual<\/strong><\/td>\n<td width=\"20%\"><strong>Anterior<\/strong><\/td>\n<\/tr>\n<tr>\n<td width=\"20%\">1\u00b0.<\/td>\n<td width=\"40%\">BMW S\u00e9rie 5<\/td>\n<td width=\"20%\">24,0%<\/td>\n<td width=\"20%\">5\u00b0.<\/td>\n<\/tr>\n<tr>\n<td width=\"20%\">2\u00b0.<\/td>\n<td width=\"40%\">Audi A7 Sportback<\/td>\n<td width=\"20%\">19,1%<\/td>\n<td width=\"20%\">1\u00b0.<\/td>\n<\/tr>\n<tr>\n<td width=\"20%\">3\u00b0.<\/td>\n<td width=\"40%\">Mercedes-Benz Classe E<\/td>\n<td width=\"20%\">15,8%<\/td>\n<td width=\"20%\">2\u00b0.<\/td>\n<\/tr>\n<tr>\n<td width=\"20%\">4\u00b0.<\/td>\n<td width=\"40%\">Mercedes-Benz CLS<\/td>\n<td width=\"20%\">15,0%<\/td>\n<td width=\"20%\">4\u00b0.<\/td>\n<\/tr>\n<tr>\n<td width=\"20%\">5\u00b0.<\/td>\n<td width=\"40%\">Jaguar XF<\/td>\n<td width=\"20%\">14,7%<\/td>\n<td width=\"20%\">3\u00b0.<\/td>\n<\/tr>\n<tr>\n<td width=\"20%\">6\u00b0.<\/td>\n<td width=\"40%\">Audi A6<\/td>\n<td width=\"20%\">5,8%<\/td>\n<td width=\"20%\">7\u00b0.<\/td>\n<\/tr>\n<tr>\n<td width=\"20%\">7\u00b0.<\/td>\n<td width=\"40%\">Lexus ES<\/td>\n<td width=\"20%\">3,6%<\/td>\n<td width=\"20%\">8\u00b0.<\/td>\n<\/tr>\n<tr>\n<td width=\"20%\">8\u00b0.<\/td>\n<td width=\"40%\">Kia Quoris<\/td>\n<td width=\"20%\">2,0%<\/td>\n<td width=\"20%\">9\u00b0.<\/td>\n<\/tr>\n<\/tbody>\n<\/table><\/div><\/div>\n<p>&nbsp;<\/p>\n<div class='et-box et-shadow'>\n\t\t\t\t\t<div class='et-box-content'><h2>Elei\u00e7\u00f5es anteriores<\/h2>\n<table id=\"table20\" border=\"0\" width=\"100%\" cellspacing=\"0\" cellpadding=\"3\">\n<tbody>\n<tr>\n<td width=\"20%\">2017<\/td>\n<td width=\"40%\">Audi A7<\/td>\n<td width=\"20%\">19,3%<\/td>\n<\/tr>\n<tr>\n<td width=\"20%\">2016<\/td>\n<td width=\"40%\">Audi A7<\/td>\n<td width=\"20%\">21,4%<\/td>\n<\/tr>\n<tr>\n<td width=\"20%\">2015<\/td>\n<td width=\"40%\">Jaguar XF<\/td>\n<td width=\"20%\">21,2%<\/td>\n<\/tr>\n<tr>\n<td width=\"20%\">2014<\/td>\n<td width=\"40%\">Jaguar XF<\/td>\n<td width=\"20%\">21,8%<\/td>\n<\/tr>\n<tr>\n<td width=\"20%\">2013<\/td>\n<td width=\"40%\">Jaguar XF<\/td>\n<td width=\"20%\">19,7%<\/td>\n<\/tr>\n<tr>\n<td width=\"20%\">2012<\/td>\n<td width=\"60%\">BMW S\u00e9rie 5<\/td>\n<td width=\"20%\">18,4%<\/td>\n<\/tr>\n<tr>\n<td width=\"20%\">2011<\/td>\n<td width=\"60%\">BMW S\u00e9rie 5<\/td>\n<td width=\"20%\">16,5%<\/td>\n<\/tr>\n<tr>\n<td width=\"20%\">2010<\/td>\n<td width=\"60%\">Chrysler 300C*<\/td>\n<td width=\"20%\">17,6%<\/td>\n<\/tr>\n<tr>\n<td width=\"20%\">2009<\/td>\n<td width=\"60%\">Chrysler 300C*<\/td>\n<td width=\"20%\">20,1%<\/td>\n<\/tr>\n<tr>\n<td width=\"20%\">2008<\/td>\n<td width=\"60%\">BMW S\u00e9rie 5<\/td>\n<td width=\"20%\">17,6%<\/td>\n<\/tr>\n<tr>\n<td width=\"20%\">2007<\/td>\n<td width=\"60%\">BMW S\u00e9rie 5<\/td>\n<td width=\"20%\">19,7%<\/td>\n<\/tr>\n<tr>\n<td width=\"20%\">2006<\/td>\n<td width=\"60%\">BMW S\u00e9rie 5<\/td>\n<td width=\"20%\">21,7%<\/td>\n<\/tr>\n<tr>\n<td width=\"20%\">2005<\/td>\n<td width=\"60%\">BMW S\u00e9rie 5<\/td>\n<td width=\"20%\">20,6%<\/td>\n<\/tr>\n<tr>\n<td width=\"20%\">2004<\/td>\n<td width=\"60%\">Mercedes-Benz Classe E<\/td>\n<td width=\"20%\">21,9%<\/td>\n<\/tr>\n<tr>\n<td width=\"20%\">2003<\/td>\n<td width=\"60%\">Mercedes-Benz Classe E<\/td>\n<td width=\"20%\">20,0%<\/td>\n<\/tr>\n<tr>\n<td width=\"20%\">2002<\/td>\n<td width=\"60%\">BMW S\u00e9rie 5<\/td>\n<td width=\"20%\">15,9%<\/td>\n<\/tr>\n<tr>\n<td width=\"20%\">2001<\/td>\n<td width=\"60%\">Mercedes-Benz Classe E<\/td>\n<td width=\"20%\">18,4%<\/td>\n<\/tr>\n<tr>\n<td width=\"20%\">2000<\/td>\n<td width=\"60%\">Mercedes-Benz Classe S*<\/td>\n<td width=\"20%\">18,7%<\/td>\n<\/tr>\n<tr>\n<td width=\"20%\">1999<\/td>\n<td width=\"60%\">Mercedes-Benz Classe E<\/td>\n<td width=\"20%\">26,3%<\/td>\n<\/tr>\n<tr>\n<td colspan=\"3\">* Deixou de concorrer na categoria<\/td>\n<\/tr>\n<\/tbody>\n<\/table><\/div><\/div>\n<table style=\"width: 100%;\">\n<tbody>\n<tr>\n<td><a href='https:\/\/autolivraria.com.br\/bc\/participe\/eleicoes\/20a-eleicao-dos-melhores-carros\/melhor-seda-de-alto-luxo-2018\/' class='small-button smallsilver'>Pr\u00f3xima categoria<\/a><\/td>\n<td style=\"width: 10%;\"><\/td>\n<td><a href='https:\/\/autolivraria.com.br\/bc\/20a-eleicao-dos-melhores-carros\/' class='small-button smallsilver'>20\u00aa. Elei\u00e7\u00e3o dos Melhores Carros<\/a><\/td>\n<\/tr>\n<\/tbody>\n<\/table>\n<p>&nbsp;<\/p>\n","protected":false},"excerpt":{"rendered":"<p>BMW S\u00e9rie 5<\/p>\n","protected":false},"author":6,"featured_media":91713,"comment_status":"open","ping_status":"closed","sticky":false,"template":"","format":"standard","meta":{"_joinchat":[],"footnotes":""},"categories":[4451],"tags":[4452,62,278],"class_list":["post-91362","post","type-post","status-publish","format-standard","has-post-thumbnail","hentry","category-20a-eleicao-dos-melhores-carros","tag-20a-eleicao-dos-melhores-carros","tag-bmw","tag-serie-5"],"amp_enabled":true,"_links":{"self":[{"href":"https:\/\/autolivraria.com.br\/bc\/wp-json\/wp\/v2\/posts\/91362","targetHints":{"allow":["GET"]}}],"collection":[{"href":"https:\/\/autolivraria.com.br\/bc\/wp-json\/wp\/v2\/posts"}],"about":[{"href":"https:\/\/autolivraria.com.br\/bc\/wp-json\/wp\/v2\/types\/post"}],"author":[{"embeddable":true,"href":"https:\/\/autolivraria.com.br\/bc\/wp-json\/wp\/v2\/users\/6"}],"replies":[{"embeddable":true,"href":"https:\/\/autolivraria.com.br\/bc\/wp-json\/wp\/v2\/comments?post=91362"}],"version-history":[{"count":0,"href":"https:\/\/autolivraria.com.br\/bc\/wp-json\/wp\/v2\/posts\/91362\/revisions"}],"wp:featuredmedia":[{"embeddable":true,"href":"https:\/\/autolivraria.com.br\/bc\/wp-json\/wp\/v2\/media\/91713"}],"wp:attachment":[{"href":"https:\/\/autolivraria.com.br\/bc\/wp-json\/wp\/v2\/media?parent=91362"}],"wp:term":[{"taxonomy":"category","embeddable":true,"href":"https:\/\/autolivraria.com.br\/bc\/wp-json\/wp\/v2\/categories?post=91362"},{"taxonomy":"post_tag","embeddable":true,"href":"https:\/\/autolivraria.com.br\/bc\/wp-json\/wp\/v2\/tags?post=91362"}],"curies":[{"name":"wp","href":"https:\/\/api.w.org\/{rel}","templated":true}]}}