{"id":91363,"date":"2018-01-19T11:32:11","date_gmt":"2018-01-19T14:32:11","guid":{"rendered":"http:\/\/bestcars.uol.com.br\/bc\/?p=91363"},"modified":"2018-01-19T12:53:38","modified_gmt":"2018-01-19T15:53:38","slug":"melhor-seda-de-alto-luxo-2018","status":"publish","type":"post","link":"https:\/\/autolivraria.com.br\/bc\/participe\/eleicoes\/20a-eleicao-dos-melhores-carros\/melhor-seda-de-alto-luxo-2018\/","title":{"rendered":"Melhor Sed\u00e3 de Alto Luxo"},"content":{"rendered":"<div id='gallery-1' class='gallery galleryid-91363 gallery-columns-1 gallery-size-large'><figure class='gallery-item'>\n\t\t\t<div class='gallery-icon landscape'>\n\t\t\t\t<a href='https:\/\/autolivraria.com.br\/bc\/wp-content\/uploads\/2018\/01\/Eleicao-Panamera.jpg'><img fetchpriority=\"high\" decoding=\"async\" width=\"696\" height=\"464\" src=\"https:\/\/autolivraria.com.br\/bc\/wp-content\/uploads\/2018\/01\/Eleicao-Panamera-696x464.jpg\" class=\"attachment-large size-large\" alt=\"\" \/><\/a>\n\t\t\t<\/div><\/figure>\n\t\t<\/div>\n\n<p>&nbsp;<\/p>\n\n<h2>Porsche Panamera<\/h2>\n<p>Apesar do desenho controverso da traseira, o Porsche Panamera de primeira gera\u00e7\u00e3o foi um sucesso tamb\u00e9m na Elei\u00e7\u00e3o: venceu nesta categoria por sete anos consecutivos. Mas \u00e9 ineg\u00e1vel que o novo modelo lhe acrescentou eleg\u00e2ncia e tecnologia, o que culminou em\u00a0outra vit\u00f3ria com mais de 10 pontos percentuais de vantagem sobre o 2\u00b0., o Mercedes Classe S. Vencedor do ano passado, o BMW S\u00e9rie 7 caiu para 3\u00b0. e ambos os Maseratis perderam posi\u00e7\u00f5es; j\u00e1 o Rolls-Royce Ghost subiu de 10\u00b0. para 6\u00b0. Sa\u00edram da categoria o Bentley Continental Flying Spur e o Lexus LS.<\/p>\n<ul>\n<li><a href=\"https:\/\/autolivraria.com.br\/bc\/tag\/panamera\" target=\"_blank\">Leia mais sobre o Panamera<\/a><\/li>\n<\/ul>\n<p>&nbsp;<\/p>\n<div class='code-block code-block-7' style='margin: 28px auto; text-align: center; display: block; clear: both;'>\n<script async src=\"https:\/\/pagead2.googlesyndication.com\/pagead\/js\/adsbygoogle.js\"><\/script>\n<!-- AL-quadrado -->\n<ins class=\"adsbygoogle\"\n     style=\"display:block\"\n     data-ad-client=\"ca-pub-1914799802606213\"\n     data-ad-slot=\"5683066082\"\n     data-ad-format=\"auto\"\n     data-full-width-responsive=\"true\"><\/ins>\n<script>\n     (adsbygoogle = window.adsbygoogle || []).push({});\n<\/script><\/div>\n\n<p>&nbsp;<\/p>\n\n<p>&nbsp;<\/p>\n<div class='et-box et-shadow'>\n\t\t\t\t\t<div class='et-box-content'><h2>Resultados<\/h2>\n<table id=\"table21\" border=\"0\" width=\"100%\" cellspacing=\"0\" cellpadding=\"3\">\n<tbody>\n<tr>\n<td width=\"20%\"><strong>Posi\u00e7\u00e3o<\/strong><\/td>\n<td width=\"40%\"><strong>Modelo<\/strong><\/td>\n<td width=\"20%\"><strong>Percentual<\/strong><\/td>\n<td width=\"20%\"><strong>Anterior<\/strong><\/td>\n<\/tr>\n<tr>\n<td width=\"20%\">1\u00b0.<\/td>\n<td width=\"40%\">Porsche Panamera<\/td>\n<td width=\"20%\">23,7%<\/td>\n<td width=\"20%\">3\u00b0.<\/td>\n<\/tr>\n<tr>\n<td width=\"20%\">2\u00b0.<\/td>\n<td width=\"40%\">Mercedes-Benz Classe S<\/td>\n<td width=\"20%\">13,6%<\/td>\n<td width=\"20%\">2\u00b0.<\/td>\n<\/tr>\n<tr>\n<td width=\"20%\">3\u00b0.<\/td>\n<td width=\"40%\">BMW S\u00e9rie 7<\/td>\n<td width=\"20%\">11,9%<\/td>\n<td width=\"20%\">1\u00b0.<\/td>\n<\/tr>\n<tr>\n<td width=\"20%\">4\u00b0.<\/td>\n<td width=\"40%\">Aston Martin Rapide<\/td>\n<td width=\"20%\">10,4%<\/td>\n<td width=\"20%\">4\u00b0.<\/td>\n<\/tr>\n<tr>\n<td width=\"20%\">5\u00b0.<\/td>\n<td width=\"40%\">Rolls-Royce Phantom<\/td>\n<td width=\"20%\">10,2%<\/td>\n<td width=\"20%\">5\u00b0.<\/td>\n<\/tr>\n<tr>\n<td width=\"20%\">6\u00b0.<\/td>\n<td width=\"40%\">Rolls-Royce Ghost<\/td>\n<td width=\"20%\">7,4%<\/td>\n<td width=\"20%\">10\u00b0.<\/td>\n<\/tr>\n<tr>\n<td width=\"20%\">7\u00b0.<\/td>\n<td width=\"40%\">Audi A8<\/td>\n<td width=\"20%\">7,2%<\/td>\n<td width=\"20%\">9\u00b0.<\/td>\n<\/tr>\n<tr>\n<td width=\"20%\">8\u00b0.<\/td>\n<td width=\"40%\">Maserati Quattroporte<\/td>\n<td width=\"20%\">6,5%<\/td>\n<td width=\"20%\">6\u00b0.<\/td>\n<\/tr>\n<tr>\n<td width=\"20%\">9\u00b0.<\/td>\n<td width=\"40%\">Maserati Ghibli<\/td>\n<td width=\"20%\">5,5%<\/td>\n<td width=\"20%\">7\u00b0.<\/td>\n<\/tr>\n<tr>\n<td width=\"20%\">10\u00b0.<\/td>\n<td width=\"40%\">Jaguar XJ<\/td>\n<td width=\"20%\">3,6%<\/td>\n<td width=\"20%\">11\u00b0.<\/td>\n<\/tr>\n<\/tbody>\n<\/table><\/div><\/div>\n<p>&nbsp;<\/p>\n<div class='et-box et-shadow'>\n\t\t\t\t\t<div class='et-box-content'><h2>Elei\u00e7\u00f5es anteriores<\/h2>\n<table id=\"table22\" border=\"0\" width=\"100%\" cellspacing=\"0\" cellpadding=\"3\">\n<tbody>\n<tr>\n<td width=\"20%\">2017<\/td>\n<td width=\"60%\">BMW S\u00e9rie 7<\/td>\n<td width=\"20%\">12,9%<\/td>\n<\/tr>\n<tr>\n<td width=\"20%\">2016<\/td>\n<td width=\"60%\">Porsche Panamera<\/td>\n<td width=\"20%\">19,7%<\/td>\n<\/tr>\n<tr>\n<td width=\"20%\">2015<\/td>\n<td width=\"60%\">Porsche Panamera<\/td>\n<td width=\"20%\">22,2%<\/td>\n<\/tr>\n<tr>\n<td width=\"20%\">2014<\/td>\n<td width=\"60%\">Porsche Panamera<\/td>\n<td width=\"20%\">28,4%<\/td>\n<\/tr>\n<tr>\n<td width=\"20%\">2013<\/td>\n<td width=\"60%\">Porsche Panamera<\/td>\n<td width=\"20%\">30,9%<\/td>\n<\/tr>\n<tr>\n<td width=\"20%\">2012<\/td>\n<td width=\"60%\">Porsche Panamera<\/td>\n<td width=\"20%\">31,8%<\/td>\n<\/tr>\n<tr>\n<td width=\"20%\">2011<\/td>\n<td width=\"60%\">Porsche Panamera<\/td>\n<td width=\"20%\">31,3%<\/td>\n<\/tr>\n<tr>\n<td width=\"20%\">2010<\/td>\n<td width=\"60%\">Porsche Panamera<\/td>\n<td width=\"20%\">32,7%<\/td>\n<\/tr>\n<tr>\n<td width=\"20%\">2009<\/td>\n<td width=\"60%\">Maserati Quattroporte<\/td>\n<td width=\"20%\">24,6%<\/td>\n<\/tr>\n<tr>\n<td width=\"20%\">2008<\/td>\n<td width=\"60%\">Maserati Quattroporte<\/td>\n<td width=\"20%\">23,4%<\/td>\n<\/tr>\n<tr>\n<td width=\"20%\">2007<\/td>\n<td width=\"60%\">Audi A8<\/td>\n<td width=\"20%\">24,6%<\/td>\n<\/tr>\n<tr>\n<td width=\"20%\">2006<\/td>\n<td width=\"60%\">Audi A8<\/td>\n<td width=\"20%\">26,3%<\/td>\n<\/tr>\n<tr>\n<td width=\"20%\">2005<\/td>\n<td width=\"60%\">Audi A8<\/td>\n<td width=\"20%\">28,2%<\/td>\n<\/tr>\n<tr>\n<td width=\"20%\">2004<\/td>\n<td width=\"60%\">Audi A8<\/td>\n<td width=\"20%\">33,9%<\/td>\n<\/tr>\n<tr>\n<td width=\"20%\">2003<\/td>\n<td width=\"60%\">Mercedes-Benz Classe S<\/td>\n<td width=\"20%\">28,5%<\/td>\n<\/tr>\n<tr>\n<td width=\"20%\">2002<\/td>\n<td width=\"60%\">Mercedes-Benz Classe S<\/td>\n<td width=\"20%\">37,6%<\/td>\n<\/tr>\n<tr>\n<td width=\"20%\">2001<\/td>\n<td width=\"60%\">Mercedes-Benz Classe S<\/td>\n<td width=\"20%\">34,6%<\/td>\n<\/tr>\n<tr>\n<td colspan=\"3\" width=\"49%\">N\u00e3o havia a categoria em 1999 e 2000<\/td>\n<\/tr>\n<\/tbody>\n<\/table><\/div><\/div>\n<table style=\"width: 100%;\">\n<tbody>\n<tr>\n<td><a href='https:\/\/autolivraria.com.br\/bc\/participe\/eleicoes\/20a-eleicao-dos-melhores-carros\/melhor-utilitario-esporte-compacto-classe-1-2018\/' class='small-button smallsilver'>Pr\u00f3xima categoria<\/a><\/td>\n<td style=\"width: 10%;\"><\/td>\n<td><a href='https:\/\/autolivraria.com.br\/bc\/20a-eleicao-dos-melhores-carros\/' class='small-button smallsilver'>20\u00aa. Elei\u00e7\u00e3o dos Melhores Carros<\/a><\/td>\n<\/tr>\n<\/tbody>\n<\/table>\n<p>&nbsp;<\/p>\n","protected":false},"excerpt":{"rendered":"<p>Porsche Panamera<\/p>\n","protected":false},"author":6,"featured_media":91553,"comment_status":"open","ping_status":"closed","sticky":false,"template":"","format":"standard","meta":{"_joinchat":[],"footnotes":""},"categories":[4451],"tags":[4452,628,76],"class_list":["post-91363","post","type-post","status-publish","format-standard","has-post-thumbnail","hentry","category-20a-eleicao-dos-melhores-carros","tag-20a-eleicao-dos-melhores-carros","tag-panamera","tag-porsche"],"amp_enabled":true,"_links":{"self":[{"href":"https:\/\/autolivraria.com.br\/bc\/wp-json\/wp\/v2\/posts\/91363","targetHints":{"allow":["GET"]}}],"collection":[{"href":"https:\/\/autolivraria.com.br\/bc\/wp-json\/wp\/v2\/posts"}],"about":[{"href":"https:\/\/autolivraria.com.br\/bc\/wp-json\/wp\/v2\/types\/post"}],"author":[{"embeddable":true,"href":"https:\/\/autolivraria.com.br\/bc\/wp-json\/wp\/v2\/users\/6"}],"replies":[{"embeddable":true,"href":"https:\/\/autolivraria.com.br\/bc\/wp-json\/wp\/v2\/comments?post=91363"}],"version-history":[{"count":0,"href":"https:\/\/autolivraria.com.br\/bc\/wp-json\/wp\/v2\/posts\/91363\/revisions"}],"wp:featuredmedia":[{"embeddable":true,"href":"https:\/\/autolivraria.com.br\/bc\/wp-json\/wp\/v2\/media\/91553"}],"wp:attachment":[{"href":"https:\/\/autolivraria.com.br\/bc\/wp-json\/wp\/v2\/media?parent=91363"}],"wp:term":[{"taxonomy":"category","embeddable":true,"href":"https:\/\/autolivraria.com.br\/bc\/wp-json\/wp\/v2\/categories?post=91363"},{"taxonomy":"post_tag","embeddable":true,"href":"https:\/\/autolivraria.com.br\/bc\/wp-json\/wp\/v2\/tags?post=91363"}],"curies":[{"name":"wp","href":"https:\/\/api.w.org\/{rel}","templated":true}]}}