{"id":91364,"date":"2018-01-19T11:28:20","date_gmt":"2018-01-19T14:28:20","guid":{"rendered":"http:\/\/bestcars.uol.com.br\/bc\/?p=91364"},"modified":"2018-01-19T12:55:05","modified_gmt":"2018-01-19T15:55:05","slug":"melhor-utilitario-esporte-compacto-classe-1-2018","status":"publish","type":"post","link":"https:\/\/autolivraria.com.br\/bc\/participe\/eleicoes\/20a-eleicao-dos-melhores-carros\/melhor-utilitario-esporte-compacto-classe-1-2018\/","title":{"rendered":"Melhor Utilit\u00e1rio Esporte Compacto \u2013 Classe 1"},"content":{"rendered":"<div id='gallery-1' class='gallery galleryid-91364 gallery-columns-1 gallery-size-large'><figure class='gallery-item'>\n\t\t\t<div class='gallery-icon landscape'>\n\t\t\t\t<a href='https:\/\/autolivraria.com.br\/bc\/wp-content\/uploads\/2018\/01\/Eleicao-HRV.jpg'><img fetchpriority=\"high\" decoding=\"async\" width=\"696\" height=\"464\" src=\"https:\/\/autolivraria.com.br\/bc\/wp-content\/uploads\/2018\/01\/Eleicao-HRV-696x464.jpg\" class=\"attachment-large size-large\" alt=\"\" \/><\/a>\n\t\t\t<\/div><\/figure>\n\t\t<\/div>\n\n<p>&nbsp;<\/p>\n\n<h2>Honda HR-V<\/h2>\n<p>Reviravolta: depois de duas vit\u00f3rias do Renegade, a Jeep entrega o t\u00edtulo para a Honda com seu HR-V, lan\u00e7ado no mesmo ano do concorrente (2015). Como indica\u00e7\u00e3o de que o segmento est\u00e1 cada vez mais disputado e repleto de competidores, a participa\u00e7\u00e3o do vencedor nos votos foi a mais baixa nas nove edi\u00e7\u00f5es da categoria.<\/p>\n<p>&nbsp;<\/p>\n<div class='code-block code-block-7' style='margin: 28px auto; text-align: center; display: block; clear: both;'>\n<script async src=\"https:\/\/pagead2.googlesyndication.com\/pagead\/js\/adsbygoogle.js\"><\/script>\n<!-- AL-quadrado -->\n<ins class=\"adsbygoogle\"\n     style=\"display:block\"\n     data-ad-client=\"ca-pub-1914799802606213\"\n     data-ad-slot=\"5683066082\"\n     data-ad-format=\"auto\"\n     data-full-width-responsive=\"true\"><\/ins>\n<script>\n     (adsbygoogle = window.adsbygoogle || []).push({});\n<\/script><\/div>\n\n<p>&nbsp;<\/p>\n<p>A reformula\u00e7\u00e3o do Chevrolet Tracker (lan\u00e7ada tarde demais para a Elei\u00e7\u00e3o anterior) levou-o de 9\u00b0. para 3\u00b0. lugar, acima do estreante Hyundai Creta. Outro novato do segmento, o Renault Captur n\u00e3o teve a mesma aceita\u00e7\u00e3o e foi apenas 9\u00b0. colocado. Esperava-se mais tamb\u00e9m do renovado Ford Ecosport, que s\u00f3 manteve a 5\u00aa posi\u00e7\u00e3o. Mesmo assim, foi melhor que o Nissan Kicks e o Peugeot 2008 (cada um caiu tr\u00eas posi\u00e7\u00f5es) ou que o Renault Duster (caiu quatro). O Chery Tiggo, que era 13\u00b0.,\u00a0deixou\u00a0o mercado.<\/p>\n<ul>\n<li><a href=\"https:\/\/autolivraria.com.br\/bc\/tag\/hr-v\" target=\"_blank\">Leia mais sobre o HR-V<\/a><\/li>\n<\/ul>\n<p>&nbsp;<\/p>\n<div id='gallery-2' class='gallery galleryid-91364 gallery-columns-2 gallery-size-medium'><figure class='gallery-item'>\n\t\t\t<div class='gallery-icon landscape'>\n\t\t\t\t<a href='https:\/\/autolivraria.com.br\/bc\/wp-content\/uploads\/2015\/03\/Honda-HR-V-EXL-02.jpg'><img decoding=\"async\" width=\"370\" height=\"246\" data-src=\"https:\/\/autolivraria.com.br\/bc\/wp-content\/uploads\/2015\/03\/Honda-HR-V-EXL-02-560x373.jpg\" class=\"attachment-medium size-medium lazyload\" alt=\"\" src=\"data:image\/svg+xml;base64,PHN2ZyB3aWR0aD0iMSIgaGVpZ2h0PSIxIiB4bWxucz0iaHR0cDovL3d3dy53My5vcmcvMjAwMC9zdmciPjwvc3ZnPg==\" style=\"--smush-placeholder-width: 370px; --smush-placeholder-aspect-ratio: 370\/246;\" \/><\/a>\n\t\t\t<\/div><\/figure><figure class='gallery-item'>\n\t\t\t<div class='gallery-icon landscape'>\n\t\t\t\t<a href='https:\/\/autolivraria.com.br\/bc\/wp-content\/uploads\/2015\/03\/Honda-HR-V-EXL-03.jpg'><img decoding=\"async\" width=\"370\" height=\"246\" data-src=\"https:\/\/autolivraria.com.br\/bc\/wp-content\/uploads\/2015\/03\/Honda-HR-V-EXL-03-560x373.jpg\" class=\"attachment-medium size-medium lazyload\" alt=\"\" src=\"data:image\/svg+xml;base64,PHN2ZyB3aWR0aD0iMSIgaGVpZ2h0PSIxIiB4bWxucz0iaHR0cDovL3d3dy53My5vcmcvMjAwMC9zdmciPjwvc3ZnPg==\" style=\"--smush-placeholder-width: 370px; --smush-placeholder-aspect-ratio: 370\/246;\" \/><\/a>\n\t\t\t<\/div><\/figure><figure class='gallery-item'>\n\t\t\t<div class='gallery-icon landscape'>\n\t\t\t\t<a href='https:\/\/autolivraria.com.br\/bc\/wp-content\/uploads\/2015\/03\/Honda-HR-V-EXL-31.jpg'><img decoding=\"async\" width=\"370\" height=\"246\" data-src=\"https:\/\/autolivraria.com.br\/bc\/wp-content\/uploads\/2015\/03\/Honda-HR-V-EXL-31-560x373.jpg\" class=\"attachment-medium size-medium lazyload\" alt=\"\" src=\"data:image\/svg+xml;base64,PHN2ZyB3aWR0aD0iMSIgaGVpZ2h0PSIxIiB4bWxucz0iaHR0cDovL3d3dy53My5vcmcvMjAwMC9zdmciPjwvc3ZnPg==\" style=\"--smush-placeholder-width: 370px; --smush-placeholder-aspect-ratio: 370\/246;\" \/><\/a>\n\t\t\t<\/div><\/figure><figure class='gallery-item'>\n\t\t\t<div class='gallery-icon landscape'>\n\t\t\t\t<a href='https:\/\/autolivraria.com.br\/bc\/wp-content\/uploads\/2015\/03\/Honda-HR-V-EXL-33.jpg'><img decoding=\"async\" width=\"370\" height=\"246\" data-src=\"https:\/\/autolivraria.com.br\/bc\/wp-content\/uploads\/2015\/03\/Honda-HR-V-EXL-33-560x373.jpg\" class=\"attachment-medium size-medium lazyload\" alt=\"\" src=\"data:image\/svg+xml;base64,PHN2ZyB3aWR0aD0iMSIgaGVpZ2h0PSIxIiB4bWxucz0iaHR0cDovL3d3dy53My5vcmcvMjAwMC9zdmciPjwvc3ZnPg==\" style=\"--smush-placeholder-width: 370px; --smush-placeholder-aspect-ratio: 370\/246;\" \/><\/a>\n\t\t\t<\/div><\/figure>\n\t\t<\/div>\n\n<p>&nbsp;<\/p>\n<div class='et-box et-shadow'>\n\t\t\t\t\t<div class='et-box-content'><h2>Resultados<\/h2>\n<table id=\"table58\" border=\"0\" width=\"100%\" cellspacing=\"0\" cellpadding=\"3\">\n<tbody>\n<tr>\n<td width=\"20%\"><strong>Posi\u00e7\u00e3o<\/strong><\/td>\n<td width=\"40%\"><strong>Modelo<\/strong><\/td>\n<td width=\"20%\"><strong>Percentual<\/strong><\/td>\n<td width=\"20%\"><strong>Anterior<\/strong><\/td>\n<\/tr>\n<tr>\n<td width=\"20%\">1\u00b0.<\/td>\n<td width=\"40%\">Honda HR-V<\/td>\n<td width=\"20%\">20,8%<\/td>\n<td width=\"20%\">2\u00b0.<\/td>\n<\/tr>\n<tr>\n<td width=\"20%\">2\u00b0.<\/td>\n<td width=\"40%\">Jeep Renegade<\/td>\n<td width=\"20%\">15,1%<\/td>\n<td width=\"20%\">1\u00b0.<\/td>\n<\/tr>\n<tr>\n<td width=\"20%\">3\u00b0.<\/td>\n<td width=\"40%\">Chevrolet Tracker<\/td>\n<td width=\"20%\">12,0%<\/td>\n<td width=\"20%\">9\u00b0.<\/td>\n<\/tr>\n<tr>\n<td width=\"20%\">4\u00b0.<\/td>\n<td width=\"40%\">Hyundai Creta<\/td>\n<td width=\"20%\">10,9%<\/td>\n<td width=\"20%\">NC<\/td>\n<\/tr>\n<tr>\n<td width=\"20%\">5\u00b0.<\/td>\n<td width=\"40%\">Ford Ecosport<\/td>\n<td width=\"20%\">9,9%<\/td>\n<td width=\"20%\">5\u00b0.<\/td>\n<\/tr>\n<tr>\n<td width=\"20%\">6\u00b0.<\/td>\n<td width=\"40%\">Nissan Kicks<\/td>\n<td width=\"20%\">9,0%<\/td>\n<td width=\"20%\">3\u00b0.<\/td>\n<\/tr>\n<tr>\n<td width=\"20%\">7\u00b0.<\/td>\n<td width=\"40%\">Peugeot 2008<\/td>\n<td width=\"20%\">7,2%<\/td>\n<td width=\"20%\">4\u00b0.<\/td>\n<\/tr>\n<tr>\n<td width=\"20%\">8\u00b0.<\/td>\n<td width=\"40%\">Suzuki Vitara<\/td>\n<td width=\"20%\">7,0%<\/td>\n<td width=\"20%\">6\u00b0.<\/td>\n<\/tr>\n<tr>\n<td width=\"20%\">9\u00b0.<\/td>\n<td width=\"40%\">Renault Captur<\/td>\n<td width=\"20%\">3,4%<\/td>\n<td width=\"20%\">NC<\/td>\n<\/tr>\n<tr>\n<td width=\"20%\">10\u00b0.<\/td>\n<td width=\"40%\">Suzuki S-Cross<\/td>\n<td width=\"20%\">1,8%<\/td>\n<td width=\"20%\">8\u00b0.<\/td>\n<\/tr>\n<tr>\n<td width=\"20%\">11\u00b0.<\/td>\n<td width=\"40%\">Renault Duster<\/td>\n<td width=\"20%\">1,3%<\/td>\n<td width=\"20%\">7\u00b0.<\/td>\n<\/tr>\n<tr>\n<td width=\"20%\">12\u00b0.<\/td>\n<td width=\"40%\">Hyundai Tucson<\/td>\n<td width=\"20%\">0,5%<\/td>\n<td width=\"20%\">10\u00b0.<\/td>\n<\/tr>\n<tr>\n<td width=\"20%\">13\u00b0.<\/td>\n<td width=\"40%\">JAC T5<\/td>\n<td width=\"20%\">0,4%<\/td>\n<td width=\"20%\">14\u00b0.<\/td>\n<\/tr>\n<tr>\n<td width=\"20%\"><\/td>\n<td width=\"40%\">JAC T6<\/td>\n<td width=\"20%\">0,4%<\/td>\n<td width=\"20%\">11\u00b0.<\/td>\n<\/tr>\n<tr>\n<td width=\"20%\">15\u00b0.<\/td>\n<td width=\"40%\">Lifan X60<\/td>\n<td width=\"20%\">0,3%<\/td>\n<td width=\"20%\">12\u00b0.<\/td>\n<\/tr>\n<tr>\n<td colspan=\"4\">NC = n\u00e3o concorreu<\/td>\n<\/tr>\n<\/tbody>\n<\/table><\/div><\/div>\n<p>&nbsp;<\/p>\n<div class='et-box et-shadow'>\n\t\t\t\t\t<div class='et-box-content'><h2>Elei\u00e7\u00f5es anteriores<\/h2>\n<table id=\"table59\" border=\"0\" width=\"100%\" cellspacing=\"0\" cellpadding=\"3\">\n<tbody>\n<tr>\n<td width=\"20%\">2017<\/td>\n<td width=\"40%\">Jeep Renegade<\/td>\n<td width=\"20%\">28,6%<\/td>\n<\/tr>\n<tr>\n<td width=\"20%\">2016<\/td>\n<td width=\"40%\">Jeep Renegade<\/td>\n<td width=\"20%\">40,1%<\/td>\n<\/tr>\n<tr>\n<td width=\"20%\">2015<\/td>\n<td width=\"40%\">Ford Ecosport<\/td>\n<td width=\"20%\">36,6%<\/td>\n<\/tr>\n<tr>\n<td width=\"20%\">2014<\/td>\n<td width=\"40%\">Ford Ecosport<\/td>\n<td width=\"20%\">45,7%<\/td>\n<\/tr>\n<tr>\n<td width=\"20%\">2013<\/td>\n<td width=\"40%\">Kia Sportage*<\/td>\n<td width=\"20%\">27,9%<\/td>\n<\/tr>\n<tr>\n<td width=\"20%\">2012<\/td>\n<td width=\"60%\">Kia Sportage*<\/td>\n<td width=\"20%\">30,7%<\/td>\n<\/tr>\n<tr>\n<td width=\"20%\">2011<\/td>\n<td width=\"60%\">Hyundai Tucson<\/td>\n<td width=\"20%\">26,9%<\/td>\n<\/tr>\n<tr>\n<td width=\"20%\">2010<\/td>\n<td width=\"60%\">Honda CR-V*<\/td>\n<td width=\"20%\">26,5%<\/td>\n<\/tr>\n<tr>\n<td colspan=\"3\">N\u00e3o havia a categoria at\u00e9 2009; * deixou de concorrer na categoria<\/td>\n<\/tr>\n<\/tbody>\n<\/table><\/div><\/div>\n<table style=\"width: 100%;\">\n<tbody>\n<tr>\n<td><a href='https:\/\/autolivraria.com.br\/bc\/participe\/eleicoes\/20a-eleicao-dos-melhores-carros\/melhor-utilitario-esporte-compacto-classe-2-2018\/' class='small-button smallsilver'>Pr\u00f3xima categoria<\/a><\/td>\n<td style=\"width: 10%;\"><\/td>\n<td><a href='https:\/\/autolivraria.com.br\/bc\/20a-eleicao-dos-melhores-carros\/' class='small-button smallsilver'>20\u00aa. Elei\u00e7\u00e3o dos Melhores Carros<\/a><\/td>\n<\/tr>\n<\/tbody>\n<\/table>\n<p>&nbsp;<\/p>\n","protected":false},"excerpt":{"rendered":"<p>Honda HR-V<\/p>\n","protected":false},"author":6,"featured_media":91542,"comment_status":"open","ping_status":"closed","sticky":false,"template":"","format":"standard","meta":{"_joinchat":[],"footnotes":""},"categories":[4451],"tags":[4452,82,3273,349],"class_list":["post-91364","post","type-post","status-publish","format-standard","has-post-thumbnail","hentry","category-20a-eleicao-dos-melhores-carros","tag-20a-eleicao-dos-melhores-carros","tag-honda","tag-hr-v","tag-utilitario-esporte"],"amp_enabled":true,"_links":{"self":[{"href":"https:\/\/autolivraria.com.br\/bc\/wp-json\/wp\/v2\/posts\/91364","targetHints":{"allow":["GET"]}}],"collection":[{"href":"https:\/\/autolivraria.com.br\/bc\/wp-json\/wp\/v2\/posts"}],"about":[{"href":"https:\/\/autolivraria.com.br\/bc\/wp-json\/wp\/v2\/types\/post"}],"author":[{"embeddable":true,"href":"https:\/\/autolivraria.com.br\/bc\/wp-json\/wp\/v2\/users\/6"}],"replies":[{"embeddable":true,"href":"https:\/\/autolivraria.com.br\/bc\/wp-json\/wp\/v2\/comments?post=91364"}],"version-history":[{"count":0,"href":"https:\/\/autolivraria.com.br\/bc\/wp-json\/wp\/v2\/posts\/91364\/revisions"}],"wp:featuredmedia":[{"embeddable":true,"href":"https:\/\/autolivraria.com.br\/bc\/wp-json\/wp\/v2\/media\/91542"}],"wp:attachment":[{"href":"https:\/\/autolivraria.com.br\/bc\/wp-json\/wp\/v2\/media?parent=91364"}],"wp:term":[{"taxonomy":"category","embeddable":true,"href":"https:\/\/autolivraria.com.br\/bc\/wp-json\/wp\/v2\/categories?post=91364"},{"taxonomy":"post_tag","embeddable":true,"href":"https:\/\/autolivraria.com.br\/bc\/wp-json\/wp\/v2\/tags?post=91364"}],"curies":[{"name":"wp","href":"https:\/\/api.w.org\/{rel}","templated":true}]}}