{"id":91368,"date":"2018-01-19T11:20:26","date_gmt":"2018-01-19T14:20:26","guid":{"rendered":"http:\/\/bestcars.uol.com.br\/bc\/?p=91368"},"modified":"2018-01-19T12:55:46","modified_gmt":"2018-01-19T15:55:46","slug":"melhor-utilitario-esporte-grande-classe-1-2018","status":"publish","type":"post","link":"https:\/\/autolivraria.com.br\/bc\/participe\/eleicoes\/20a-eleicao-dos-melhores-carros\/melhor-utilitario-esporte-grande-classe-1-2018\/","title":{"rendered":"Melhor Utilit\u00e1rio Esporte Grande \u2013 Classe 1"},"content":{"rendered":"<div id='gallery-1' class='gallery galleryid-91368 gallery-columns-1 gallery-size-large'><figure class='gallery-item'>\n\t\t\t<div class='gallery-icon landscape'>\n\t\t\t\t<a href='https:\/\/autolivraria.com.br\/bc\/wp-content\/uploads\/2018\/01\/Eleicao-Touareg.jpg'><img fetchpriority=\"high\" decoding=\"async\" width=\"696\" height=\"464\" src=\"https:\/\/autolivraria.com.br\/bc\/wp-content\/uploads\/2018\/01\/Eleicao-Touareg-696x464.jpg\" class=\"attachment-large size-large\" alt=\"\" \/><\/a>\n\t\t\t<\/div><\/figure>\n\t\t<\/div>\n\n<p>&nbsp;<\/p>\n\n<h2>Volkswagen Touareg<\/h2>\n<p>Depois da competi\u00e7\u00e3o mais acirrada da Elei\u00e7\u00e3o, o VW Touareg conquistou o quinto t\u00edtulo e se manteve invicto na categoria com apenas 0,3 ponto a mais que o Jeep Grand Cherokee. A classe n\u00e3o teve lan\u00e7amentos de monta no ano, o que preservou a ordem\u00a0da maioria dos competidores. Dois se ausentaram: Fiat Freemont e Ssangyong Rexton.<\/p>\n<ul>\n<li><a href=\"https:\/\/autolivraria.com.br\/bc\/tag\/touareg\" target=\"_blank\">Leia mais sobre o Touareg<\/a><\/li>\n<\/ul>\n<p>&nbsp;<\/p>\n<div class='code-block code-block-7' style='margin: 28px auto; text-align: center; display: block; clear: both;'>\n<br>\n<div align=\"center\">\n<a target=\"_blank\" href=\"https:\/\/bestcars.com.br\/bc\/\">\n<img decoding=\"async\" data-src=\"https:\/\/bestcars.com.br\/bc\/wp-content\/uploads\/2021\/07\/Auto-Livraria-450x300-quadros.jpg\" alt=\"Auto Livraria\" src=\"data:image\/svg+xml;base64,PHN2ZyB3aWR0aD0iMSIgaGVpZ2h0PSIxIiB4bWxucz0iaHR0cDovL3d3dy53My5vcmcvMjAwMC9zdmciPjwvc3ZnPg==\" class=\"lazyload\"><\/a>\n<\/div>\n<br><\/div>\n\n<p>&nbsp;<\/p>\n<div id='gallery-2' class='gallery galleryid-91368 gallery-columns-2 gallery-size-medium'><figure class='gallery-item'>\n\t\t\t<div class='gallery-icon landscape'>\n\t\t\t\t<a href='https:\/\/autolivraria.com.br\/bc\/wp-content\/uploads\/2015\/02\/VW-Touareg-V8-R-Line-02.jpg'><img decoding=\"async\" width=\"370\" height=\"246\" data-src=\"https:\/\/autolivraria.com.br\/bc\/wp-content\/uploads\/2015\/02\/VW-Touareg-V8-R-Line-02-560x373.jpg\" class=\"attachment-medium size-medium lazyload\" alt=\"\" src=\"data:image\/svg+xml;base64,PHN2ZyB3aWR0aD0iMSIgaGVpZ2h0PSIxIiB4bWxucz0iaHR0cDovL3d3dy53My5vcmcvMjAwMC9zdmciPjwvc3ZnPg==\" style=\"--smush-placeholder-width: 370px; --smush-placeholder-aspect-ratio: 370\/246;\" \/><\/a>\n\t\t\t<\/div><\/figure><figure class='gallery-item'>\n\t\t\t<div class='gallery-icon landscape'>\n\t\t\t\t<a href='https:\/\/autolivraria.com.br\/bc\/wp-content\/uploads\/2015\/02\/VW-Touareg-V6-01.jpg'><img decoding=\"async\" width=\"370\" height=\"246\" data-src=\"https:\/\/autolivraria.com.br\/bc\/wp-content\/uploads\/2015\/02\/VW-Touareg-V6-01-560x373.jpg\" class=\"attachment-medium size-medium lazyload\" alt=\"\" src=\"data:image\/svg+xml;base64,PHN2ZyB3aWR0aD0iMSIgaGVpZ2h0PSIxIiB4bWxucz0iaHR0cDovL3d3dy53My5vcmcvMjAwMC9zdmciPjwvc3ZnPg==\" style=\"--smush-placeholder-width: 370px; --smush-placeholder-aspect-ratio: 370\/246;\" \/><\/a>\n\t\t\t<\/div><\/figure>\n\t\t<\/div>\n\n<p>&nbsp;<\/p>\n<div class='et-box et-shadow'>\n\t\t\t\t\t<div class='et-box-content'><h2>Resultados<\/h2>\n<table id=\"table62\" border=\"0\" width=\"100%\" cellspacing=\"0\" cellpadding=\"3\">\n<tbody>\n<tr>\n<td width=\"20%\"><strong>Posi\u00e7\u00e3o<\/strong><\/td>\n<td width=\"40%\"><strong>Modelo<\/strong><\/td>\n<td width=\"20%\"><strong>Percentual<\/strong><\/td>\n<td width=\"20%\"><strong>Anterior<\/strong><\/td>\n<\/tr>\n<tr>\n<td width=\"20%\">1\u00b0.<\/td>\n<td width=\"40%\">Volkswagen Touareg<\/td>\n<td width=\"20%\">24,5%<\/td>\n<td width=\"20%\">1\u00b0.<\/td>\n<\/tr>\n<tr>\n<td width=\"20%\">2\u00b0.<\/td>\n<td width=\"40%\">Jeep Grand Cherokee<\/td>\n<td width=\"20%\">24,2%<\/td>\n<td width=\"20%\">2\u00b0.<\/td>\n<\/tr>\n<tr>\n<td width=\"20%\">3\u00b0.<\/td>\n<td width=\"40%\">Toyota SW4<\/td>\n<td width=\"20%\">18,9%<\/td>\n<td width=\"20%\">3\u00b0.<\/td>\n<\/tr>\n<tr>\n<td width=\"20%\">4\u00b0.<\/td>\n<td width=\"40%\">Chevrolet Trailblazer<\/td>\n<td width=\"20%\">12,7%<\/td>\n<td width=\"20%\">4\u00b0.<\/td>\n<\/tr>\n<tr>\n<td width=\"20%\">5\u00b0.<\/td>\n<td width=\"40%\">Dodge Durango<\/td>\n<td width=\"20%\">9,8%<\/td>\n<td width=\"20%\">5\u00b0.<\/td>\n<\/tr>\n<tr>\n<td width=\"20%\">6\u00b0.<\/td>\n<td width=\"40%\">Mitsubishi Pajero Full<\/td>\n<td width=\"20%\">5,8%<\/td>\n<td width=\"20%\">6\u00b0.<\/td>\n<\/tr>\n<tr>\n<td width=\"20%\">7\u00b0.<\/td>\n<td width=\"40%\">Dodge Journey<\/td>\n<td width=\"20%\">3,0%<\/td>\n<td width=\"20%\">7\u00b0.<\/td>\n<\/tr>\n<tr>\n<td width=\"20%\">8\u00b0.<\/td>\n<td width=\"40%\">Kia Mohave<\/td>\n<td width=\"20%\">1,1%<\/td>\n<td width=\"20%\">10\u00b0.<\/td>\n<\/tr>\n<\/tbody>\n<\/table><\/div><\/div>\n<p>&nbsp;<\/p>\n<div class='et-box et-shadow'>\n\t\t\t\t\t<div class='et-box-content'><h2>Elei\u00e7\u00f5es anteriores<\/h2>\n<table id=\"table66\" border=\"0\" width=\"100%\" cellspacing=\"0\" cellpadding=\"3\">\n<tbody>\n<tr>\n<td width=\"20%\">2017<\/td>\n<td width=\"60%\">Volkswagen Touareg<\/td>\n<td width=\"20%\">26,1%<\/td>\n<\/tr>\n<tr>\n<td width=\"20%\">2016<\/td>\n<td width=\"60%\">Volkswagen Touareg<\/td>\n<td width=\"20%\">29,8%<\/td>\n<\/tr>\n<tr>\n<td width=\"20%\">2015<\/td>\n<td width=\"60%\">Volkswagen Touareg<\/td>\n<td width=\"20%\">32,3%<\/td>\n<\/tr>\n<tr>\n<td width=\"20%\">2014<\/td>\n<td width=\"60%\">Volkswagen Touareg<\/td>\n<td width=\"20%\">35,3%<\/td>\n<\/tr>\n<tr>\n<td colspan=\"3\">N\u00e3o havia a categoria at\u00e9 2013<\/td>\n<\/tr>\n<\/tbody>\n<\/table><\/div><\/div>\n<table style=\"width: 100%;\">\n<tbody>\n<tr>\n<td><a href='https:\/\/autolivraria.com.br\/bc\/participe\/eleicoes\/20a-eleicao-dos-melhores-carros\/melhor-utilitario-esporte-grande-classe-2-2018\/' class='small-button smallsilver'>Pr\u00f3xima categoria<\/a><\/td>\n<td style=\"width: 10%;\"><\/td>\n<td><a href='https:\/\/autolivraria.com.br\/bc\/20a-eleicao-dos-melhores-carros\/' class='small-button smallsilver'>20\u00aa. Elei\u00e7\u00e3o dos Melhores Carros<\/a><\/td>\n<\/tr>\n<\/tbody>\n<\/table>\n<p>&nbsp;<\/p>\n","protected":false},"excerpt":{"rendered":"<p>Volkswagen Touareg<\/p>\n","protected":false},"author":6,"featured_media":91547,"comment_status":"open","ping_status":"closed","sticky":false,"template":"","format":"standard","meta":{"_joinchat":[],"footnotes":""},"categories":[4451],"tags":[4452,979,349,60],"class_list":["post-91368","post","type-post","status-publish","format-standard","has-post-thumbnail","hentry","category-20a-eleicao-dos-melhores-carros","tag-20a-eleicao-dos-melhores-carros","tag-touareg","tag-utilitario-esporte","tag-volkswagen"],"amp_enabled":true,"_links":{"self":[{"href":"https:\/\/autolivraria.com.br\/bc\/wp-json\/wp\/v2\/posts\/91368","targetHints":{"allow":["GET"]}}],"collection":[{"href":"https:\/\/autolivraria.com.br\/bc\/wp-json\/wp\/v2\/posts"}],"about":[{"href":"https:\/\/autolivraria.com.br\/bc\/wp-json\/wp\/v2\/types\/post"}],"author":[{"embeddable":true,"href":"https:\/\/autolivraria.com.br\/bc\/wp-json\/wp\/v2\/users\/6"}],"replies":[{"embeddable":true,"href":"https:\/\/autolivraria.com.br\/bc\/wp-json\/wp\/v2\/comments?post=91368"}],"version-history":[{"count":0,"href":"https:\/\/autolivraria.com.br\/bc\/wp-json\/wp\/v2\/posts\/91368\/revisions"}],"wp:featuredmedia":[{"embeddable":true,"href":"https:\/\/autolivraria.com.br\/bc\/wp-json\/wp\/v2\/media\/91547"}],"wp:attachment":[{"href":"https:\/\/autolivraria.com.br\/bc\/wp-json\/wp\/v2\/media?parent=91368"}],"wp:term":[{"taxonomy":"category","embeddable":true,"href":"https:\/\/autolivraria.com.br\/bc\/wp-json\/wp\/v2\/categories?post=91368"},{"taxonomy":"post_tag","embeddable":true,"href":"https:\/\/autolivraria.com.br\/bc\/wp-json\/wp\/v2\/tags?post=91368"}],"curies":[{"name":"wp","href":"https:\/\/api.w.org\/{rel}","templated":true}]}}