{"id":91525,"date":"2018-01-12T14:12:35","date_gmt":"2018-01-12T17:12:35","guid":{"rendered":"http:\/\/bestcars.uol.com.br\/bc\/?p=91525"},"modified":"2018-01-15T15:48:56","modified_gmt":"2018-01-15T18:48:56","slug":"obsolescencia-programada-o-carro-novo-logo-fica-velho","status":"publish","type":"post","link":"https:\/\/autolivraria.com.br\/bc\/informe-se\/obsolescencia-programada-o-carro-novo-logo-fica-velho\/","title":{"rendered":"Obsolesc\u00eancia programada: o carro novo logo fica velho"},"content":{"rendered":"<p><iframe title=\"O carro novo que logo fica velho | Curiosidades | Best Cars\" width=\"960\" height=\"540\" data-src=\"https:\/\/www.youtube.com\/embed\/OWiN-pq5JDE?feature=oembed\" frameborder=\"0\" allow=\"accelerometer; autoplay; clipboard-write; encrypted-media; gyroscope; picture-in-picture; web-share\" referrerpolicy=\"strict-origin-when-cross-origin\" allowfullscreen src=\"data:image\/svg+xml;base64,PHN2ZyB3aWR0aD0iMSIgaGVpZ2h0PSIxIiB4bWxucz0iaHR0cDovL3d3dy53My5vcmcvMjAwMC9zdmciPjwvc3ZnPg==\" class=\"lazyload\" data-load-mode=\"1\"><\/iframe><\/p>\n<p>&nbsp;<\/p>\n<p>Um carro \u00e9 lan\u00e7ado ou modificado e, um ano depois ou at\u00e9 menos, passa por outra mudan\u00e7a t\u00e9cnica ou de estilo. O objetivo dessa medida \u00e9 estimular o p\u00fablico a trocar de autom\u00f3vel, pelo desejo de estar atualizado, e j\u00e1 aconteceu v\u00e1rias vezes no Brasil.<\/p>\n<p>Este v\u00eddeo mostra casos como o Chevrolet Monza S\/R 1,8, que durou s\u00f3 um ano; o Ford Fiesta espanhol, trazido por apenas 18 meses; as altera\u00e7\u00f5es semestrais da linha Fiat Palio e o Volkswagen Fox 2010, que mudou antes mesmo de 2009 terminar.<\/p>\n<p>&nbsp;<\/p>\n<div class='code-block code-block-7' style='margin: 28px auto; text-align: center; display: block; clear: both;'>\n<br>\n<div align=\"center\">\n<a target=\"_blank\" href=\"https:\/\/bestcars.com.br\/bc\/\">\n<img decoding=\"async\" data-src=\"https:\/\/bestcars.com.br\/bc\/wp-content\/uploads\/2021\/07\/Auto-Livraria-450x300-quadros.jpg\" alt=\"Auto Livraria\" src=\"data:image\/svg+xml;base64,PHN2ZyB3aWR0aD0iMSIgaGVpZ2h0PSIxIiB4bWxucz0iaHR0cDovL3d3dy53My5vcmcvMjAwMC9zdmciPjwvc3ZnPg==\" class=\"lazyload\"><\/a>\n<\/div>\n<br><\/div>\n\n<p>&nbsp;<\/p>\n<p>Quer saber de onde v\u00eam os nomes e apelidos dos autom\u00f3veis, ver modelos e vers\u00f5es que fracassaram ou conhecer os que j\u00e1 passaram de 40 anos? Confira mais\u00a0<a href=\"https:\/\/autolivraria.com.br\/bc\/category\/divirta-se\/curiosidades\/\" target=\"_blank\">v\u00eddeos de curiosidades<\/a>\u00a0do\u00a0<strong>Best Cars<\/strong>. Nosso canal traz tamb\u00e9m avalia\u00e7\u00f5es, carros do passado, guias de compra e muito mais.\u00a0<a href=\"http:\/\/youtube.com\/bestcarscombr?sub_confirmation=1\" target=\"_blank\">Inscreva-se!<\/a><\/p>\n<p><em>Texto: Fabr\u00edcio Samah\u00e1 &#8211;\u00a0Imagens: divulga\u00e7\u00e3o &#8211; Edi\u00e7\u00e3o: Est\u00fadio Best Cars<\/em><\/p>\n<p>&nbsp;<\/p>\n","protected":false},"excerpt":{"rendered":"<p>Um carro \u00e9 lan\u00e7ado ou modificado e, um ano depois ou at\u00e9 menos, passa por outra mudan\u00e7a t\u00e9cnica ou de estilo<\/p>\n","protected":false},"author":6,"featured_media":91527,"comment_status":"open","ping_status":"closed","sticky":false,"template":"","format":"standard","meta":{"_joinchat":[],"footnotes":""},"categories":[3596,145,623,4237],"tags":[156,19,591,624],"class_list":["post-91525","post","type-post","status-publish","format-standard","has-post-thumbnail","hentry","category-curiosidades","category-informe-se","category-videos","category-videos-destaques","tag-carros-do-passado","tag-curiosidades","tag-mercado","tag-video"],"amp_enabled":true,"_links":{"self":[{"href":"https:\/\/autolivraria.com.br\/bc\/wp-json\/wp\/v2\/posts\/91525","targetHints":{"allow":["GET"]}}],"collection":[{"href":"https:\/\/autolivraria.com.br\/bc\/wp-json\/wp\/v2\/posts"}],"about":[{"href":"https:\/\/autolivraria.com.br\/bc\/wp-json\/wp\/v2\/types\/post"}],"author":[{"embeddable":true,"href":"https:\/\/autolivraria.com.br\/bc\/wp-json\/wp\/v2\/users\/6"}],"replies":[{"embeddable":true,"href":"https:\/\/autolivraria.com.br\/bc\/wp-json\/wp\/v2\/comments?post=91525"}],"version-history":[{"count":0,"href":"https:\/\/autolivraria.com.br\/bc\/wp-json\/wp\/v2\/posts\/91525\/revisions"}],"wp:featuredmedia":[{"embeddable":true,"href":"https:\/\/autolivraria.com.br\/bc\/wp-json\/wp\/v2\/media\/91527"}],"wp:attachment":[{"href":"https:\/\/autolivraria.com.br\/bc\/wp-json\/wp\/v2\/media?parent=91525"}],"wp:term":[{"taxonomy":"category","embeddable":true,"href":"https:\/\/autolivraria.com.br\/bc\/wp-json\/wp\/v2\/categories?post=91525"},{"taxonomy":"post_tag","embeddable":true,"href":"https:\/\/autolivraria.com.br\/bc\/wp-json\/wp\/v2\/tags?post=91525"}],"curies":[{"name":"wp","href":"https:\/\/api.w.org\/{rel}","templated":true}]}}