{"id":92103,"date":"2018-01-26T00:02:51","date_gmt":"2018-01-26T03:02:51","guid":{"rendered":"http:\/\/bestcars.uol.com.br\/bc\/?p=92103"},"modified":"2018-01-26T13:06:32","modified_gmt":"2018-01-26T16:06:32","slug":"dafra-horizon-150","status":"publish","type":"post","link":"https:\/\/autolivraria.com.br\/bc\/participe\/opinioes-proprietarios-motos\/teste-do-leitor-motos-dafra\/dafra-horizon-150\/","title":{"rendered":"Dafra Horizon 150"},"content":{"rendered":"<p><img fetchpriority=\"high\" decoding=\"async\" class=\"aligncenter size-full wp-image-92104\" src=\"https:\/\/autolivraria.com.br\/bc\/wp-content\/uploads\/2018\/01\/Dafra-Horizon-150.jpg\" alt=\"Dafra Horizon 150\" width=\"500\" height=\"330\" srcset=\"https:\/\/autolivraria.com.br\/bc\/wp-content\/uploads\/2018\/01\/Dafra-Horizon-150.jpg 500w, https:\/\/autolivraria.com.br\/bc\/wp-content\/uploads\/2018\/01\/Dafra-Horizon-150-340x224.jpg 340w, https:\/\/autolivraria.com.br\/bc\/wp-content\/uploads\/2018\/01\/Dafra-Horizon-150-222x147.jpg 222w\" sizes=\"(max-width: 500px) 100vw, 500px\" \/><\/p>\n<p>&nbsp;<\/p>\n<p>&nbsp;<\/p>\n<p>[Nome] Varley Sabatini<br \/>\n[Cidade] Hortol\u00e2ndia<br \/>\n[Estado] SP<\/p>\n<p>[Vers\u00e3o] Horizon<br \/>\n[Motor] 150<br \/>\n[Ano-modelo] 2017<br \/>\n[Quilometragem atual] 15.000 km<br \/>\n[Combust\u00edvel] Gasolina<br \/>\n[Tempo h\u00e1 que possui] At\u00e9 1 ano<\/p>\n<p>[Grau de satisfa\u00e7\u00e3o com a moto] Parcialmente satisfeito(a)<br \/>\n[Grau de satisfa\u00e7\u00e3o com a rede de concession\u00e1rias] Insatisfeito(a)<\/p>\n<p>[Estilo] 4<br \/>\n[Acabamento] 4<br \/>\n[Posi\u00e7\u00e3o de pilotar] 4<br \/>\n[Instrumentos] 4<br \/>\n[Conforto] 4<br \/>\n[Motor] 2<br \/>\n[Desempenho] 4<br \/>\n[Consumo] 4<br \/>\n[C\u00e2mbio]<br \/>\n[Freios] 2<br \/>\n[Suspens\u00e3o] 5<br \/>\n[Estabilidade]<br \/>\n[Custo-benef\u00edcio] 3<\/p>\n<p>[Principais aspectos positivos] Positivo \u00e9 o tamanho (presen\u00e7a) e o consumo, itens esperados para uma moto 150cc, bem diferente da concorrente. Pneus com boa largura, o que ajuda absorver melhor os impactos nos buracos. Painel oferece o b\u00e1sico.<\/p>\n<p>[Principais aspectos negativos] Essa \u00e9 minha 26\u00ba moto e apresentou v\u00e1rios problemas: Falta de ader\u00eancia na chuva, posi\u00e7\u00e3o de pilotagem cansativa para os bra\u00e7os e coluna, extremamente desconfort\u00e1vel e pesada no guid\u00e3o quando com carona, cambio duro, freios desregulam facilmente, travando componentes, componentes do motor em alum\u00ednio aparentemente apresentam dilata\u00e7\u00e3o nas juntas e retentores quando em alta rota\u00e7\u00e3o, causando pequenos vazamentos de \u00f3leo ou carboniza\u00e7\u00e3o, Gicl\u00eas desregulam facilmente. H\u00e1 trepida\u00e7\u00e3o descabida acima dos 100Km\/h interferindo at\u00e9 nos retrovisores (literalmente perde-se a vis\u00e3o). Motor n\u00e3o aguentou 1\/10 da outra 125 que possui (concorrente).<\/p>\n<p>[Defeitos apresentados] Al\u00e9m dos descritos acima, o motor ap\u00f3s uma viagem de 700Km com parada em um dia (Campinas X Aparecida), apresentou vazamento de \u00f3leo (pingos) ap\u00f3s os 350Kms (na estacionamento do Santu\u00e1rio), quando no regresso, foi perdendo pot\u00eancia. Resultado: Houve vazamento de \u00f3leo pelo filtro de ar e ao abrir o motor constatei quebra do anel superior, danificando a camisa do pist\u00e3o. Troca de motor pois n\u00e3o d\u00e1 ret\u00edfica (\u00e9 de alum\u00ednio) com m\u00e3o de obra R$ 2.000,00 fora da concession\u00e1ria por\u00e9m com pe\u00e7as originais. Percebi tamb\u00e9m um impercept\u00edvel empenamento das bases (junta) provavelmente de f\u00e1brica. Queima de l\u00e2mpada dianteira com 8.000Km; Quebra do rel\u00ea de luz de frei traseiro com 7.000km.<\/p>\n<p>[Concession\u00e1rias] A \u00fanica concession\u00e1ria em Campinas \u00e9 Multi Marcas e aparentemente est\u00e1 mais interessada em vender motos do que em oficina. Possui um \u00fanico mec\u00e2nico que que que vc agende at\u00e9 pra trocar o \u00f3leo. Compramos o rel\u00ea do freio na revis\u00e3o dos 9.000 e at\u00e9 agora n\u00e3o nos foi entregue nem instalado (3 meses). Uma l\u00e2mpada que custa R$ 35,00, original, queriam me cobrar R$ 120,00. P\u00e9ssimo atendimento. Acho que a Dafra deveria avaliar seus parceiros.<\/p>\n<p>[Coment\u00e1rios adicionais] Esta moto chegou em minhas m\u00e3os atrav\u00e9s de meu filho, que a adquiriu para viajar a trabalho, mas por motivos familiares troquei por um carro. Tenho certa experi\u00eancia com motos a mais de 35 anos e v\u00e1rios cursos. Sempre entortei o nariz para motores FYM ou outros estrangeiros (Piratas), mas estava interessado numa Citycom 300i, o que, devido as concession\u00e1rias, n\u00e3o vou pegar nunca. Tenho uma Suzuki Intruder 125cc a 5 anos com quase 50.000.Km. J\u00e1 fiz o diabo com essa moto e est\u00e1 l\u00e1, no ralo. Ao chegar da oficina, j\u00e1 porei a Horizon a venda. Lembre-se meu amigo, n\u00e3o sou novato em motos, essa \u00e9 a minha 26\u00aa moto. Lembrete: N\u00e3o confiem em v\u00eddeos de mec\u00e2nicos caseiros. Um engenheiro leva muito tempo pra projetar um ve\u00edculo com c\u00e1lculos e testes, a\u00ed vem um Z\u00e9 Man\u00e9 falando pra por mais \u00f3leo, modificar tal coisa, etc. Sai fora.<\/p>\n<p>[Best Cars] H\u00e1 muito tempo leio as publica\u00e7\u00f5es da Best e recomendo. D\u00e1 pra confiar. Parab\u00e9ns aos desenvolvedores<\/p>\n<p>[Data de publica\u00e7\u00e3o] 26\/1\/18<\/p>\n<p>\u2014<\/p>\n<p>&nbsp;<\/p>\n<div class='code-block code-block-6' style='margin: 28px auto; text-align: center; display: block; clear: both;'>\n<script async src=\"https:\/\/pagead2.googlesyndication.com\/pagead\/js\/adsbygoogle.js\"><\/script>\n<!-- AL-quadrado -->\n<ins class=\"adsbygoogle\"\n     style=\"display:block\"\n     data-ad-client=\"ca-pub-1914799802606213\"\n     data-ad-slot=\"5683066082\"\n     data-ad-format=\"auto\"\n     data-full-width-responsive=\"true\"><\/ins>\n<script>\n     (adsbygoogle = window.adsbygoogle || []).push({});\n<\/script><\/div>\n\n<p>&nbsp;<\/p>\n","protected":false},"excerpt":{"rendered":"<p>Leia opini\u00f5es de propriet\u00e1rios e envie a sua<\/p>\n","protected":false},"author":6,"featured_media":92104,"comment_status":"open","ping_status":"closed","sticky":false,"template":"","format":"standard","meta":{"_joinchat":[],"footnotes":""},"categories":[4075],"tags":[1187,4462,81,1275,1274],"class_list":["post-92103","post","type-post","status-publish","format-standard","has-post-thumbnail","hentry","category-teste-do-leitor-motos-dafra","tag-dafra","tag-horizon-150","tag-motos-2","tag-opiniao-de-proprietarios","tag-teste-do-leitor"],"amp_enabled":true,"_links":{"self":[{"href":"https:\/\/autolivraria.com.br\/bc\/wp-json\/wp\/v2\/posts\/92103","targetHints":{"allow":["GET"]}}],"collection":[{"href":"https:\/\/autolivraria.com.br\/bc\/wp-json\/wp\/v2\/posts"}],"about":[{"href":"https:\/\/autolivraria.com.br\/bc\/wp-json\/wp\/v2\/types\/post"}],"author":[{"embeddable":true,"href":"https:\/\/autolivraria.com.br\/bc\/wp-json\/wp\/v2\/users\/6"}],"replies":[{"embeddable":true,"href":"https:\/\/autolivraria.com.br\/bc\/wp-json\/wp\/v2\/comments?post=92103"}],"version-history":[{"count":0,"href":"https:\/\/autolivraria.com.br\/bc\/wp-json\/wp\/v2\/posts\/92103\/revisions"}],"wp:featuredmedia":[{"embeddable":true,"href":"https:\/\/autolivraria.com.br\/bc\/wp-json\/wp\/v2\/media\/92104"}],"wp:attachment":[{"href":"https:\/\/autolivraria.com.br\/bc\/wp-json\/wp\/v2\/media?parent=92103"}],"wp:term":[{"taxonomy":"category","embeddable":true,"href":"https:\/\/autolivraria.com.br\/bc\/wp-json\/wp\/v2\/categories?post=92103"},{"taxonomy":"post_tag","embeddable":true,"href":"https:\/\/autolivraria.com.br\/bc\/wp-json\/wp\/v2\/tags?post=92103"}],"curies":[{"name":"wp","href":"https:\/\/api.w.org\/{rel}","templated":true}]}}