{"id":92807,"date":"2018-02-23T00:08:05","date_gmt":"2018-02-23T03:08:05","guid":{"rendered":"http:\/\/bestcars.uol.com.br\/bc\/?p=92807"},"modified":"2018-02-23T13:32:10","modified_gmt":"2018-02-23T16:32:10","slug":"audi-tt-todas-as-geracoes","status":"publish","type":"post","link":"https:\/\/autolivraria.com.br\/bc\/participe\/opinioes-proprietarios\/teste-do-leitor-audi\/audi-tt-todas-as-geracoes\/","title":{"rendered":"Audi TT (todas as gera\u00e7\u00f5es)"},"content":{"rendered":"<p><img fetchpriority=\"high\" decoding=\"async\" width=\"696\" height=\"464\" class=\"aligncenter size-large wp-image-71111\" src=\"https:\/\/autolivraria.com.br\/bc\/wp-content\/uploads\/2016\/03\/Audi-TTS-34-696x464.jpg\" alt=\"Audi TTS\" srcset=\"https:\/\/autolivraria.com.br\/bc\/wp-content\/uploads\/2016\/03\/Audi-TTS-34-696x464.jpg 696w, https:\/\/autolivraria.com.br\/bc\/wp-content\/uploads\/2016\/03\/Audi-TTS-34-340x227.jpg 340w, https:\/\/autolivraria.com.br\/bc\/wp-content\/uploads\/2016\/03\/Audi-TTS-34-1068x712.jpg 1068w, https:\/\/autolivraria.com.br\/bc\/wp-content\/uploads\/2016\/03\/Audi-TTS-34-630x420.jpg 630w, https:\/\/autolivraria.com.br\/bc\/wp-content\/uploads\/2016\/03\/Audi-TTS-34-222x148.jpg 222w, https:\/\/autolivraria.com.br\/bc\/wp-content\/uploads\/2016\/03\/Audi-TTS-34.jpg 1280w\" sizes=\"(max-width: 696px) 100vw, 696px\" \/><\/p>\n<p>&nbsp;<\/p>\n<p>&nbsp;<\/p>\n<p>[Nome] Helton Hugo De Carvalho Junior<br \/>\n[Cidade] Campos do Jord\u00e3o<br \/>\n[Estado] SP<\/p>\n<p>[Vers\u00e3o] Coupe Ambition<br \/>\n[Motor] 2.0 TURBO 230 CV<br \/>\n[Ano-modelo] 2015<br \/>\n[Quilometragem atual] 50.000 km<br \/>\n[Combust\u00edvel] Gasolina<br \/>\n[Tempo h\u00e1 que possui] At\u00e9 1 ano<\/p>\n<p>[Grau de satisfa\u00e7\u00e3o com o carro] Muito satisfeito(a)<br \/>\n[Grau de satisfa\u00e7\u00e3o com a rede de concession\u00e1rias] Muito satisfeito(a)<\/p>\n<p>[Estilo] 5<br \/>\n[Acabamento] 5<br \/>\n[Posi\u00e7\u00e3o de dirigir] 5<br \/>\n[Instrumentos] 5<br \/>\n[Itens de conveni\u00eancia] 5<br \/>\n[Espa\u00e7o interno] 4<br \/>\n[Capacidade de bagagem] 3<br \/>\n[Motor] 5<br \/>\n[Desempenho] 5<br \/>\n[Consumo] 5<br \/>\n[C\u00e2mbio] 5<br \/>\n[Freios] 5<br \/>\n[Suspens\u00e3o] 3<br \/>\n[Estabilidade] 5<br \/>\n[Seguran\u00e7a passiva] 5<br \/>\n[Custo-benef\u00edcio] 5<\/p>\n<p>[Principais aspectos positivos] Carro show&#8230; por onde passa&#8230; n\u00e3o tem jeito&#8230; o pessoal olha mesmo&#8230; o meu \u00e9 um vermelho&#8230; pense&#8230; O carro \u00e9 tudo de bom&#8230; incrivelmente forte e economico.. andando tranquilo faz na casa de 15KM\/L&#8230; impressionante&#8230; andando mais forte cai para 8 a 9 KM\/L, o que n\u00e3o \u00e9 t\u00e3o ruim! O motor \u00e9 top, a direcao, o cambio&#8230; TUDO top! o virtual cockpit \u00e9 fant\u00e1stico!<\/p>\n<p>[Principais aspectos negativos] como \u00e9 um esportivo depois de algum tempo fica meio cansativo&#8230; afinal n\u00e3o \u00e9 um carro para o dia a dia&#8230;<\/p>\n<p>[Defeitos apresentados] na portinhola que abre o combustivel.. trocado na AUDI por R$ 400,00<\/p>\n<p>[Concession\u00e1rias] TOP.. utilizao a AUDI center S\u00c3O JOSE DOS CAMPOS<\/p>\n<p>[Coment\u00e1rios adicionais] Recomendo demais.. experiencia UNICA dirigir um AUDI TT!<\/p>\n<p>[Best Cars] sempre utilizo, recomendo demais!<\/p>\n<p>[Data de publica\u00e7\u00e3o] 23\/2\/18<\/p>\n<p>\u2014<\/p>\n<p>&nbsp;<\/p>\n<div class='code-block code-block-3' style='margin: 8px 0; clear: both;'>\n<script async src=\"https:\/\/pagead2.googlesyndication.com\/pagead\/js\/adsbygoogle.js\"><\/script>\n<!-- AL-quadrado -->\n<ins class=\"adsbygoogle\"\n     style=\"display:block\"\n     data-ad-client=\"ca-pub-1914799802606213\"\n     data-ad-slot=\"5683066082\"\n     data-ad-format=\"auto\"\n     data-full-width-responsive=\"true\"><\/ins>\n<script>\n     (adsbygoogle = window.adsbygoogle || []).push({});\n<\/script><\/div>\n\n<p>&nbsp;<\/p>\n","protected":false},"excerpt":{"rendered":"<p>Leia opini\u00f5es de propriet\u00e1rios e envie a sua<\/p>\n","protected":false},"author":6,"featured_media":71111,"comment_status":"open","ping_status":"closed","sticky":false,"template":"","format":"standard","meta":{"_joinchat":[],"footnotes":""},"categories":[1278],"tags":[61,874,1275,1274,2532],"class_list":["post-92807","post","type-post","status-publish","format-standard","has-post-thumbnail","hentry","category-teste-do-leitor-audi","tag-audi","tag-audi-tt","tag-opiniao-de-proprietarios","tag-teste-do-leitor","tag-tts"],"amp_enabled":true,"_links":{"self":[{"href":"https:\/\/autolivraria.com.br\/bc\/wp-json\/wp\/v2\/posts\/92807","targetHints":{"allow":["GET"]}}],"collection":[{"href":"https:\/\/autolivraria.com.br\/bc\/wp-json\/wp\/v2\/posts"}],"about":[{"href":"https:\/\/autolivraria.com.br\/bc\/wp-json\/wp\/v2\/types\/post"}],"author":[{"embeddable":true,"href":"https:\/\/autolivraria.com.br\/bc\/wp-json\/wp\/v2\/users\/6"}],"replies":[{"embeddable":true,"href":"https:\/\/autolivraria.com.br\/bc\/wp-json\/wp\/v2\/comments?post=92807"}],"version-history":[{"count":0,"href":"https:\/\/autolivraria.com.br\/bc\/wp-json\/wp\/v2\/posts\/92807\/revisions"}],"wp:featuredmedia":[{"embeddable":true,"href":"https:\/\/autolivraria.com.br\/bc\/wp-json\/wp\/v2\/media\/71111"}],"wp:attachment":[{"href":"https:\/\/autolivraria.com.br\/bc\/wp-json\/wp\/v2\/media?parent=92807"}],"wp:term":[{"taxonomy":"category","embeddable":true,"href":"https:\/\/autolivraria.com.br\/bc\/wp-json\/wp\/v2\/categories?post=92807"},{"taxonomy":"post_tag","embeddable":true,"href":"https:\/\/autolivraria.com.br\/bc\/wp-json\/wp\/v2\/tags?post=92807"}],"curies":[{"name":"wp","href":"https:\/\/api.w.org\/{rel}","templated":true}]}}