{"id":93270,"date":"2018-06-01T00:04:23","date_gmt":"2018-06-01T03:04:23","guid":{"rendered":"http:\/\/bestcars.uol.com.br\/bc\/?p=93270"},"modified":"2018-06-01T16:10:31","modified_gmt":"2018-06-01T19:10:31","slug":"dafra-maxsym-400i","status":"publish","type":"post","link":"https:\/\/autolivraria.com.br\/bc\/participe\/opinioes-proprietarios-motos\/teste-do-leitor-motos-dafra\/dafra-maxsym-400i\/","title":{"rendered":"Dafra Maxsym 400i"},"content":{"rendered":"<p><img fetchpriority=\"high\" decoding=\"async\" class=\"aligncenter size-full wp-image-93271\" src=\"https:\/\/autolivraria.com.br\/bc\/wp-content\/uploads\/2018\/03\/Dafra-Maxsym-400i.jpg\" alt=\"Dafra Maxsym 400i\" width=\"500\" height=\"330\" srcset=\"https:\/\/autolivraria.com.br\/bc\/wp-content\/uploads\/2018\/03\/Dafra-Maxsym-400i.jpg 500w, https:\/\/autolivraria.com.br\/bc\/wp-content\/uploads\/2018\/03\/Dafra-Maxsym-400i-340x224.jpg 340w, https:\/\/autolivraria.com.br\/bc\/wp-content\/uploads\/2018\/03\/Dafra-Maxsym-400i-222x147.jpg 222w\" sizes=\"(max-width: 500px) 100vw, 500px\" \/><\/p>\n<p>&nbsp;<\/p>\n<p>&nbsp;<\/p>\n<p>[Nome] Filipe Venancio<br \/>\n[Cidade] Itapevi<br \/>\n[Estado] SP<\/p>\n<p>[Motor] 400<br \/>\n[Ano-modelo] 2017<br \/>\n[Quilometragem atual] 15.000 km<br \/>\n[Combust\u00edvel] Gasolina<br \/>\n[Tempo h\u00e1 que possui] At\u00e9 1 ano<\/p>\n<p>[Grau de satisfa\u00e7\u00e3o com a moto] Muito satisfeito(a)<br \/>\n[Grau de satisfa\u00e7\u00e3o com a rede de concession\u00e1rias] Parcialmente satisfeito(a)<\/p>\n<p>[Estilo] 5<br \/>\n[Acabamento] 4<br \/>\n[Posi\u00e7\u00e3o de pilotar] 5<br \/>\n[Instrumentos] 5<br \/>\n[Conforto] 5<br \/>\n[Motor] 5<br \/>\n[Desempenho] 4<br \/>\n[Consumo] 5<br \/>\n[C\u00e2mbio] 5<br \/>\n[Freios] 5<br \/>\n[Suspens\u00e3o] 5<br \/>\n[Estabilidade] 5<br \/>\n[Custo-benef\u00edcio] 5<\/p>\n<p>[Principais aspectos positivos] FREIOS EXCELENTES (Abs com 3 discos). Economia: 29km\/l (400cc). Conforto para garupa e piloto. Design. Capacidade do Ba\u00fa (2 capacetes). Painel lindo. N\u00e3o quebra. Pega corredor em SP. Estou na minha segunda Maxsym.<\/p>\n<p>[Principais aspectos negativos] Queima do farol com uma certa frequencia.<\/p>\n<p>[Defeitos apresentados] Nenhum<\/p>\n<p>[Concession\u00e1rias] Meu mecanico desmontou o CVT e descobriu que a fabrica esqueceu de lubrificar, sendo que a \u00faltima revis\u00e3o eu havia feito pela concession\u00e1ria.<\/p>\n<p>[Coment\u00e1rios adicionais] Voc\u00ea que tem Citycom, mude para max.<\/p>\n<p>[Data de publica\u00e7\u00e3o] 1\/6\/18<\/p>\n<p>\u2014<\/p>\n<p>&nbsp;<\/p>\n<div class='code-block code-block-7' style='margin: 28px auto; text-align: center; display: block; clear: both;'>\n<br>\n<div align=\"center\">\n<a target=\"_blank\" href=\"https:\/\/bestcars.com.br\/bc\/\">\n<img decoding=\"async\" data-src=\"https:\/\/bestcars.com.br\/bc\/wp-content\/uploads\/2021\/07\/Auto-Livraria-450x300-quadros.jpg\" alt=\"Auto Livraria\" src=\"data:image\/svg+xml;base64,PHN2ZyB3aWR0aD0iMSIgaGVpZ2h0PSIxIiB4bWxucz0iaHR0cDovL3d3dy53My5vcmcvMjAwMC9zdmciPjwvc3ZnPg==\" class=\"lazyload\"><\/a>\n<\/div>\n<br><\/div>\n\n<p>&nbsp;<\/p>\n<p>[Nome] Sergio Araki Yassuda<br \/>\n[Cidade] S\u00e3o Paulo<br \/>\n[Estado] SP<\/p>\n<p>[Modelo] Dafra Maxsym 400<br \/>\n[Vers\u00e3o] 400i<br \/>\n[Motor] 400<br \/>\n[Ano-modelo] 2016<br \/>\n[Quilometragem atual] 5.000 km<br \/>\n[Combust\u00edvel] Gasolina<br \/>\n[Tempo h\u00e1 que possui] De 1 a 3 anos<\/p>\n<p>[Grau de satisfa\u00e7\u00e3o com a moto] Muito satisfeito(a)<br \/>\n[Grau de satisfa\u00e7\u00e3o com a rede de concession\u00e1rias] Muito satisfeito(a)<\/p>\n<p>[Estilo] 5<br \/>\n[Acabamento] 5<br \/>\n[Posi\u00e7\u00e3o de pilotar] 5<br \/>\n[Instrumentos] 5<br \/>\n[Conforto] 4<br \/>\n[Motor] 4<br \/>\n[Desempenho] 5<br \/>\n[Consumo] 3<br \/>\n[C\u00e2mbio] 5<br \/>\n[Freios] 5<br \/>\n[Suspens\u00e3o] 3<br \/>\n[Estabilidade] 4<br \/>\n[Custo-benef\u00edcio] 5<\/p>\n<p>[Principais aspectos positivos] Design, qualidade e acabamento. Quantidade e qualidade de itens s\u00e3o inacredit\u00e1veis em fun\u00e7\u00e3o do pre\u00e7o, valeu cada real pago. Freio de estacionamento \u00e9 muito \u00fatil. J\u00e1 tive Citycom 300 e essa Maxsym n\u00e3o \u00e9 t\u00e3o pior para pilotar no tr\u00e2nsito da cidade. N\u00e3o se sente o peso de 240 kgf. Engra\u00e7ado \u00e9 que os demais motoristas e taxistas parecem respeit\u00e1-la mais em compara\u00e7\u00e3o com outras motos e scooters.<\/p>\n<p>[Principais aspectos negativos] O pior s\u00e3o as vibra\u00e7\u00f5es do motor, principalmente no in\u00edcio das acelera\u00e7\u00f5es e retomadas. \u00c9 dif\u00edcil se acostumar, a Citycom era bem melhor nesse aspecto. A suspens\u00e3o dianteira bate no fim de curso em depress\u00f5es maiores e a suspens\u00e3o traseira \u00e9 um pouco dura. Em velocidade e em vias expressas, por\u00e9m, \u00e9 fant\u00e1stica: macia, confort\u00e1vel e silenciosa. A carenagem e a bolha protegem menos da chuva e do vento do que a da Citycom.<\/p>\n<p>[Defeitos apresentados] Nenhum. \u00c9 impressionante a qualidade das SYM \/ Dafra.<\/p>\n<p>[Concession\u00e1rias] S\u00f3 utilizei servi\u00e7os da Dafra da Rua Cl\u00e9lia e estou muito satisfeito, apenas acho o local um pouco apertado.<\/p>\n<p>[Coment\u00e1rios adicionais] Mais do que outras scooters, parece ser muito dif\u00edcil voc\u00ea mesmo fazer manuten\u00e7\u00e3o na Maxsym, por exemplo checar vela de igni\u00e7\u00e3o: tem que saber como retirar as carenagens. \u00c9 a primeira moto minha com ABS: gostei !<\/p>\n<p>[Best Cars] Est\u00e1 no nome: the best . . . . Tem seriedade e confiabilidade, mas falta talvez mais regularidade de atualiza\u00e7\u00f5es: quem l\u00ea sempre quer mais !<\/p>\n<p>[Data de publica\u00e7\u00e3o] 9\/3\/18<\/p>\n<p>\u2014<\/p>\n<p>&nbsp;<\/p>\n<div class='code-block code-block-6' style='margin: 28px auto; text-align: center; display: block; clear: both;'>\n<script async src=\"https:\/\/pagead2.googlesyndication.com\/pagead\/js\/adsbygoogle.js\"><\/script>\n<!-- AL-quadrado -->\n<ins class=\"adsbygoogle\"\n     style=\"display:block\"\n     data-ad-client=\"ca-pub-1914799802606213\"\n     data-ad-slot=\"5683066082\"\n     data-ad-format=\"auto\"\n     data-full-width-responsive=\"true\"><\/ins>\n<script>\n     (adsbygoogle = window.adsbygoogle || []).push({});\n<\/script><\/div>\n\n<p>&nbsp;<\/p>\n","protected":false},"excerpt":{"rendered":"<p>Leia opini\u00f5es de propriet\u00e1rios e envie a sua<\/p>\n","protected":false},"author":6,"featured_media":93271,"comment_status":"open","ping_status":"closed","sticky":false,"template":"","format":"standard","meta":{"_joinchat":[],"footnotes":""},"categories":[4075],"tags":[1187,81,1275,1274],"class_list":["post-93270","post","type-post","status-publish","format-standard","has-post-thumbnail","hentry","category-teste-do-leitor-motos-dafra","tag-dafra","tag-motos-2","tag-opiniao-de-proprietarios","tag-teste-do-leitor"],"amp_enabled":true,"_links":{"self":[{"href":"https:\/\/autolivraria.com.br\/bc\/wp-json\/wp\/v2\/posts\/93270","targetHints":{"allow":["GET"]}}],"collection":[{"href":"https:\/\/autolivraria.com.br\/bc\/wp-json\/wp\/v2\/posts"}],"about":[{"href":"https:\/\/autolivraria.com.br\/bc\/wp-json\/wp\/v2\/types\/post"}],"author":[{"embeddable":true,"href":"https:\/\/autolivraria.com.br\/bc\/wp-json\/wp\/v2\/users\/6"}],"replies":[{"embeddable":true,"href":"https:\/\/autolivraria.com.br\/bc\/wp-json\/wp\/v2\/comments?post=93270"}],"version-history":[{"count":0,"href":"https:\/\/autolivraria.com.br\/bc\/wp-json\/wp\/v2\/posts\/93270\/revisions"}],"wp:featuredmedia":[{"embeddable":true,"href":"https:\/\/autolivraria.com.br\/bc\/wp-json\/wp\/v2\/media\/93271"}],"wp:attachment":[{"href":"https:\/\/autolivraria.com.br\/bc\/wp-json\/wp\/v2\/media?parent=93270"}],"wp:term":[{"taxonomy":"category","embeddable":true,"href":"https:\/\/autolivraria.com.br\/bc\/wp-json\/wp\/v2\/categories?post=93270"},{"taxonomy":"post_tag","embeddable":true,"href":"https:\/\/autolivraria.com.br\/bc\/wp-json\/wp\/v2\/tags?post=93270"}],"curies":[{"name":"wp","href":"https:\/\/api.w.org\/{rel}","templated":true}]}}