{"id":95152,"date":"2018-05-18T08:00:58","date_gmt":"2018-05-18T11:00:58","guid":{"rendered":"http:\/\/bestcars.uol.com.br\/bc\/?p=95152"},"modified":"2018-05-25T10:59:00","modified_gmt":"2018-05-25T13:59:00","slug":"rolls-royce-cullinan-o-impossivel-acontece","status":"publish","type":"post","link":"https:\/\/autolivraria.com.br\/bc\/informe-se\/colunas\/de-carro-por-ai\/rolls-royce-cullinan-o-impossivel-acontece\/","title":{"rendered":"Rolls-Royce Cullinan: o imposs\u00edvel acontece"},"content":{"rendered":"<p><img fetchpriority=\"high\" decoding=\"async\" class=\"aligncenter size-full wp-image-75021\" src=\"https:\/\/autolivraria.com.br\/bc\/wp-content\/uploads\/2016\/07\/De-Carro-por-Ai-2016.jpg\" alt=\"De Carro por A\u00ed - Nasser\" width=\"696\" height=\"107\" srcset=\"https:\/\/autolivraria.com.br\/bc\/wp-content\/uploads\/2016\/07\/De-Carro-por-Ai-2016.jpg 696w, https:\/\/autolivraria.com.br\/bc\/wp-content\/uploads\/2016\/07\/De-Carro-por-Ai-2016-340x52.jpg 340w, https:\/\/autolivraria.com.br\/bc\/wp-content\/uploads\/2016\/07\/De-Carro-por-Ai-2016-222x34.jpg 222w\" sizes=\"(max-width: 696px) 100vw, 696px\" \/><\/p>\n<h2>Marca majest\u00e1tica, identificada com nobreza e finura, caiu na vala comum e cometeu um utilit\u00e1rio esporte<\/h2>\n<p>&nbsp;<\/p>\n<p>\u00c9 o fim do mundo em diversidade automobil\u00edstica ou apenas a clareza do fato da voz do mercado falar mais alto que imagem e tradi\u00e7\u00e3o?<\/p>\n<p>Majest\u00e1tica Rolls-Royce, fabricante do m\u00edtico autom\u00f3vel, identificado com nobreza e finura, gerador da no\u00e7\u00e3o de inquestionada qualidade, caiu na vala comum da moda atual. Fez \u2013 ou cometeu \u2013 um utilit\u00e1rio esporte.<\/p>\n\n<p><a href=\"https:\/\/autolivraria.com.br\/bc\/wp-content\/uploads\/2018\/05\/Rolls-Royce-Cullinan-01.jpg\" rel=\"attachment wp-att-94958\"><img decoding=\"async\" class=\"alignright size-medium wp-image-94958 lazyload\" data-src=\"https:\/\/autolivraria.com.br\/bc\/wp-content\/uploads\/2018\/05\/Rolls-Royce-Cullinan-01-340x227.jpg\" alt=\"Rolls-Royce Cullinan 01\" width=\"340\" height=\"227\" data-srcset=\"https:\/\/autolivraria.com.br\/bc\/wp-content\/uploads\/2018\/05\/Rolls-Royce-Cullinan-01-340x227.jpg 340w, https:\/\/autolivraria.com.br\/bc\/wp-content\/uploads\/2018\/05\/Rolls-Royce-Cullinan-01-696x464.jpg 696w, https:\/\/autolivraria.com.br\/bc\/wp-content\/uploads\/2018\/05\/Rolls-Royce-Cullinan-01-630x420.jpg 630w, https:\/\/autolivraria.com.br\/bc\/wp-content\/uploads\/2018\/05\/Rolls-Royce-Cullinan-01-222x148.jpg 222w, https:\/\/autolivraria.com.br\/bc\/wp-content\/uploads\/2018\/05\/Rolls-Royce-Cullinan-01.jpg 1280w\" data-sizes=\"(max-width: 340px) 100vw, 340px\" src=\"data:image\/svg+xml;base64,PHN2ZyB3aWR0aD0iMSIgaGVpZ2h0PSIxIiB4bWxucz0iaHR0cDovL3d3dy53My5vcmcvMjAwMC9zdmciPjwvc3ZnPg==\" style=\"--smush-placeholder-width: 340px; --smush-placeholder-aspect-ratio: 340\/227;\" \/><\/a>Deixou de ser exce\u00e7\u00e3o, pois a ex-irm\u00e3 Bentley, hoje empresa Volkswagen, havia apresentado seu Bentayga h\u00e1 algum tempo. Quer entrar no segmento com o Cullinan, cujo nome nada tem com a tradi\u00e7\u00e3o da Rolls em batizar seus carros como fantasmas e assemelhados \u2014 sendo sobrenome do dono da mina na \u00c1frica do Sul, onde encontrado o maior diamante j\u00e1 visto, 3.106 quilates.<\/p>\n<p>Nos tr\u00eas anos entre projeto e conclus\u00e3o, partiu da nova plataforma em alum\u00ednio empregada no Phantom VII. Na pr\u00e1tica recebeu sistema de tra\u00e7\u00e3o nas quatro rodas, suspens\u00e3o frontal McPherson, traseira por quatro barras de liga\u00e7\u00e3o. Quatro ou cinco lugares. N\u00e3o houve cuidado para aliviar a sensa\u00e7\u00e3o provocada pelas pesadas linhas frontais, o mau acabamento est\u00e9tico entre cap\u00f4 e a grade em forma de frontal de Pante\u00e3o, a visualmente densa coluna D.<\/p>\n<p>Infodivers\u00e3o mandat\u00f3ria, couro e madeira da melhor qualidade, pensada habilidade para montagem e motoriza\u00e7\u00e3o para permitir irresponsabilidades ao volante. O Cullinan tem obriga\u00e7\u00e3o de superar o novo Range Rover nos quesitos habilidades e seguran\u00e7a. A base mec\u00e2nica BMW inclui motor V12, 6,75 litros, dois turbos, produzindo em torno de 520 cv. Transmiss\u00e3o autom\u00e1tica ZF 9 marchas, habilidade de baixar a carroceria para uso em piso liso. Mede 5,341 m de comprimento, 2,16 de largura e 1,83 de altura, pesando nada leves 2.660 kg. Usa rodas de 22 pol. Custa US$ 685 mil \u2013 uns R$ 2,5 milh\u00f5es na Europa.<\/p>\n<p>&nbsp;<\/p>\n<div class='code-block code-block-7' style='margin: 28px auto; text-align: center; display: block; clear: both;'>\n<br>\n<div align=\"center\">\n<a target=\"_blank\" href=\"https:\/\/bestcars.com.br\/bc\/\">\n<img decoding=\"async\" data-src=\"https:\/\/bestcars.com.br\/bc\/wp-content\/uploads\/2021\/07\/Auto-Livraria-450x300-quadros.jpg\" alt=\"Auto Livraria\" src=\"data:image\/svg+xml;base64,PHN2ZyB3aWR0aD0iMSIgaGVpZ2h0PSIxIiB4bWxucz0iaHR0cDovL3d3dy53My5vcmcvMjAwMC9zdmciPjwvc3ZnPg==\" class=\"lazyload\"><\/a>\n<\/div>\n<br><\/div>\n\n<p>&nbsp;<\/p>\n<h2>Os antigos no Detran<\/h2>\n<figure id=\"attachment_95153\" aria-describedby=\"caption-attachment-95153\" style=\"width: 340px\" class=\"wp-caption alignleft\"><a href=\"https:\/\/autolivraria.com.br\/bc\/wp-content\/uploads\/2018\/05\/Fusca-Horacio.jpg\" rel=\"attachment wp-att-95153\"><img decoding=\"async\" class=\"size-medium wp-image-95153 lazyload\" data-src=\"https:\/\/autolivraria.com.br\/bc\/wp-content\/uploads\/2018\/05\/Fusca-Horacio-340x226.jpg\" alt=\"Fusca, um em cada 5 antigos; aqui o famoso Hor\u00e1cio e seu dono Erwin Moretti\" width=\"340\" height=\"226\" data-srcset=\"https:\/\/autolivraria.com.br\/bc\/wp-content\/uploads\/2018\/05\/Fusca-Horacio-340x226.jpg 340w, https:\/\/autolivraria.com.br\/bc\/wp-content\/uploads\/2018\/05\/Fusca-Horacio-631x420.jpg 631w, https:\/\/autolivraria.com.br\/bc\/wp-content\/uploads\/2018\/05\/Fusca-Horacio-222x148.jpg 222w, https:\/\/autolivraria.com.br\/bc\/wp-content\/uploads\/2018\/05\/Fusca-Horacio.jpg 640w\" data-sizes=\"(max-width: 340px) 100vw, 340px\" src=\"data:image\/svg+xml;base64,PHN2ZyB3aWR0aD0iMSIgaGVpZ2h0PSIxIiB4bWxucz0iaHR0cDovL3d3dy53My5vcmcvMjAwMC9zdmciPjwvc3ZnPg==\" style=\"--smush-placeholder-width: 340px; --smush-placeholder-aspect-ratio: 340\/226;\" \/><\/a><figcaption id=\"caption-attachment-95153\" class=\"wp-caption-text\">Fusca, um em cada 5 antigos; aqui o famoso Hor\u00e1cio e seu dono Erwin Moretti<\/figcaption><\/figure>\n<p>Detran paulista, ousado em informa\u00e7\u00f5es, divulga levantamento sobre as 10 marcas com mais representantes dentre os ve\u00edculos licenciados como De Cole\u00e7\u00e3o. S\u00e3o os popularmente denominados &#8220;Placa Preta&#8221;, identifica\u00e7\u00e3o visual da classifica\u00e7\u00e3o onde se exige ter mais de 30 anos de produ\u00e7\u00e3o e, em tese, originalidade total em apar\u00eancia e opera\u00e7\u00e3o.<\/p>\n<p>N\u00fameros s\u00e3o curiosos, em especial quanto ao ve\u00edculo em menor quantitativo, o Karmann-Ghia convers\u00edvel. O estado de S\u00e3o Paulo, com a maior frota nacional, registra apenas 14 unidades. A do DF, percentualmente muito inferior, cadastra 4 unidades. Fusca, naturalmente, como ve\u00edculo mais vendido no pa\u00eds por largo prazo, lidera a listagem com 6.420 registros. Dentre as marcas importadas, a norte-americana Cadillac se destaca com 355 unidades.<\/p>\n<p><strong>Os 10 modelos com mais registros e as 3 vers\u00f5es preferidas<\/strong><\/p>\n<p>1. Fusca &#8211; 6.420 unidades &#8211; 1300 (3.241 Un), 1500 (1.200 Un), 1200 (996 Un)<br \/>\n2. Opala &#8211; 1.316\u00a0unidades &#8211;\u00a0Opala (502 Un), Comodoro (217 Un), Luxo (198 Un)<br \/>\n3. Dodge &#8211; 1.047 unidades &#8211;\u00a0Charger R\/T (201 Un), Coupe Luxo (122 Un), Dart (112 Un)<br \/>\n4. Puma &#8211; 695\u00a0unidades &#8211; GTS (323 Un), GTB (173 Un), GTE (52 Un)<br \/>\n5. Bras\u00edlia -544\u00a0unidades &#8211; Brasilia (531 Un), Brasilia LS (13 Un)<br \/>\n6. Maverick &#8211; 486\u00a0unidades &#8211; GT (143 Un), Maverick (121 Un), SL (109 Un)<br \/>\n7. Kombi &#8211; 486\u00a0unidades &#8211; Kombi (468 Un), Pick Up (8 Un), Furg\u00e3o (3 Un)<br \/>\n8. Corcel &#8211; 457\u00a0unidades &#8211; Luxo (160 Un), Corcel (118 Un), II L (70 Un)<br \/>\n9. Karmann Ghia &#8211; 413\u00a0unidades &#8211;\u00a0 Karmann Ghia (346 Un), TC (42 Un), Convers\u00edvel (16 Un)<br \/>\n10. Cadillac &#8211; 355\u00a0unidades &#8211; Cadillac (105 Un), Eldorado Conv. (38 Un), Deville Conv. (28 Un)<\/p>\n<p>&nbsp;<\/p>\n<div class='code-block code-block-6' style='margin: 28px auto; text-align: center; display: block; clear: both;'>\n<script async src=\"https:\/\/pagead2.googlesyndication.com\/pagead\/js\/adsbygoogle.js\"><\/script>\n<!-- AL-quadrado -->\n<ins class=\"adsbygoogle\"\n     style=\"display:block\"\n     data-ad-client=\"ca-pub-1914799802606213\"\n     data-ad-slot=\"5683066082\"\n     data-ad-format=\"auto\"\n     data-full-width-responsive=\"true\"><\/ins>\n<script>\n     (adsbygoogle = window.adsbygoogle || []).push({});\n<\/script><\/div>\n\n<p>&nbsp;<\/p>\n<h2>Roda a Roda<\/h2>\n<p><strong><a href=\"https:\/\/autolivraria.com.br\/bc\/wp-content\/uploads\/2017\/08\/Dacia-Duster-03.jpg\" rel=\"attachment wp-att-88307\"><img decoding=\"async\" class=\"alignright size-medium wp-image-88307 lazyload\" data-src=\"https:\/\/autolivraria.com.br\/bc\/wp-content\/uploads\/2017\/08\/Dacia-Duster-03-340x227.jpg\" alt=\"Dacia Duster 03\" width=\"340\" height=\"227\" src=\"data:image\/svg+xml;base64,PHN2ZyB3aWR0aD0iMSIgaGVpZ2h0PSIxIiB4bWxucz0iaHR0cDovL3d3dy53My5vcmcvMjAwMC9zdmciPjwvc3ZnPg==\" style=\"--smush-placeholder-width: 340px; --smush-placeholder-aspect-ratio: 340\/227;\" \/><\/a>Sem chances<\/strong> \u2013 Informa\u00e7\u00e3o publicada na \u00faltima Coluna sobre o lan\u00e7amento do novo Duster foi aclarada por fonte Renault: coisa para longo horizonte. Sequer estar\u00e1 no Sal\u00e3o do Autom\u00f3vel, outubro\/novembro deste ano. Novidade maior n\u00e3o est\u00e1 em ser mais comprido, mas na motoriza\u00e7\u00e3o, 1,3 litro, turbo e 150 cv, substituindo o atual 2,0 de 148 cv. Sobre este, quest\u00e3o paralela: para faz\u00ea-los com tal configura\u00e7\u00e3o, somente com sinal na regra do setor, a ainda in\u00e9dita Rota 2030.<\/p>\n<p><strong>Renova\u00e7\u00e3o<\/strong> \u2013 Chevrolet anunciou medida corajosa: 20 lan\u00e7amentos at\u00e9 2022, entre atualiza\u00e7\u00e3o de produtos e lan\u00e7amentos. Em face marqueteira, Carlos Zarlenga, presidente GM Mercosul, promete surpresas e tecnologias in\u00e9ditas. An\u00fancio parece resposta ao feito pela Volkswagen na Argentina, em dezembro, detalhando seu Plano-Produto.<\/p>\n<p><strong>Quem chega<\/strong> \u2013 Revis\u00e3o no Spin; atualiza\u00e7\u00e3o do Cruze. Novidade maior, o Projeto AVA, sigla de Alto Valor Agregado, ve\u00edculo projetado para ser entrada de mercado. Um Kwid da GM.<\/p>\n<p><strong>Quem sai<\/strong> \u2013 Haver\u00e1 corporifica\u00e7\u00e3o do Projeto GEM, dito para mercados emergentes. Substituir\u00e1 Onix, Prisma, Cobalt, Spin e a inexplic\u00e1vel &#8220;Monstrana&#8221;.<\/p>\n<p><strong>A\u00e7\u00e3o<\/strong> \u2013 Presidente novo, vers\u00e3o nova. Aparentemente fatos podem estar ligados, com o lan\u00e7amento de vers\u00e3o a pre\u00e7o menor, de entrada, da premiada linha Fiat Argo. Comemora 1 ano de vida e 50 mil unidades vendidas. Chama-se apenas Argo 1.0 e mant\u00e9m principal conte\u00fado. Pre\u00e7o inicial, R$ 45.000, inflado se agregados pacotes opcionais. Pr\u00f3ximo degrau em conte\u00fado e pre\u00e7o, Drive 1,0 a R$ 47.800.<\/p>\n<p><strong>Atrativo<\/strong> \u2013 Para vender, fabricantes fazem contorcionismos no atrair clientes \u2013 de entrada em 6x; presta\u00e7\u00f5es de R$ 99 no primeiro ano; juros contidos; descontos; valoriza\u00e7\u00e3o de usados. No balc\u00e3o \u00e9 a hora da pesquisa e da barganha.<\/p>\n<p><strong>Mercado<\/strong> \u2013 Fabricante de turbos Borgwarner pesquisou remanufaturados \u00e0 venda, e constatou o impens\u00e1vel: 40% dos equipamentos apresentados como refazimento pela empresa s\u00e3o servi\u00e7o de fundo de quintal, e pe\u00e7as sem qualidade.<\/p>\n<p><strong>Mercado, 2<\/strong> \u2013 Como o pa\u00eds n\u00e3o disp\u00f5e de estrutura de san\u00e7\u00e3o para punir quem infringe a lei, a \u00e1rea de pe\u00e7as remanufaturadas \u00e9 um salve-se quem puder. Pe\u00e7a refeita \u2013 motores, caixas de c\u00e2mbio, turbos, sistemas de dire\u00e7\u00e3o, amortecedores, etc. -, apenas no balc\u00e3o do revendedor a marca e com certificado de garantia de amplitude nacional. Fora disto \u00e9 risco.<\/p>\n<p><strong><a href=\"https:\/\/autolivraria.com.br\/bc\/wp-content\/uploads\/2018\/05\/Placa-Mercosul.jpg\" rel=\"attachment wp-att-95154\"><img decoding=\"async\" class=\"alignleft size-medium wp-image-95154 lazyload\" data-src=\"https:\/\/autolivraria.com.br\/bc\/wp-content\/uploads\/2018\/05\/Placa-Mercosul-340x226.jpg\" alt=\"Placa Mercosul\" width=\"340\" height=\"226\" data-srcset=\"https:\/\/autolivraria.com.br\/bc\/wp-content\/uploads\/2018\/05\/Placa-Mercosul-340x226.jpg 340w, https:\/\/autolivraria.com.br\/bc\/wp-content\/uploads\/2018\/05\/Placa-Mercosul-631x420.jpg 631w, https:\/\/autolivraria.com.br\/bc\/wp-content\/uploads\/2018\/05\/Placa-Mercosul-222x148.jpg 222w, https:\/\/autolivraria.com.br\/bc\/wp-content\/uploads\/2018\/05\/Placa-Mercosul.jpg 640w\" data-sizes=\"(max-width: 340px) 100vw, 340px\" src=\"data:image\/svg+xml;base64,PHN2ZyB3aWR0aD0iMSIgaGVpZ2h0PSIxIiB4bWxucz0iaHR0cDovL3d3dy53My5vcmcvMjAwMC9zdmciPjwvc3ZnPg==\" style=\"--smush-placeholder-width: 340px; --smush-placeholder-aspect-ratio: 340\/226;\" \/><\/a>Placas<\/strong> \u2013 Contran adiou pela terceira vez in\u00edcio da vig\u00eancia de placas no modelo Mercosul a novos emplacamentos e transfer\u00eancias. Teve o bom senso de explicitar n\u00e3o ser obrigat\u00f3ria a substitui\u00e7\u00e3o em ve\u00edculos j\u00e1 licenciados. Novo in\u00edcio em 1\u00ba de dezembro de 2018. Ser\u00e1 tecnologicamente atualizada, com chip eletr\u00f4nico e QR Code, dispensando lacre, facilitando forma\u00e7\u00e3o de um banco de dados Mercosul.<\/p>\n<p><strong>Como \u00e9<\/strong> \u2013 4 letras e 3 n\u00fameros, permitindo maior n\u00famero de combina\u00e7\u00f5es. Fundo sempre branco e d\u00edgitos coloridos: passeio, preta; comerciais, vermelha; oficiais, azul; em testes, verde; diplom\u00e1ticos, dourado. De cole\u00e7\u00e3o, hoje ditos Placa Preta, ter\u00e3o letras e n\u00fameros prateados. Nome do pa\u00eds na parte superior, cidade, estado e bras\u00e3o na lateral direita. Dimens\u00f5es mantidas.<\/p>\n<p><strong>Fora<\/strong> \u2013 Volkswagen n\u00e3o estar\u00e1 no Sal\u00e3o de Paris, setembro, referencial evento do setor: custos impostos pelos franceses. Suas marcas Seat, Audi e Skoda ir\u00e3o.<\/p>\n<p><strong>Uni\u00e3o<\/strong> \u2013 Norte-americana de motores diesel Cummins e chinesa de motores diesel JAC fizeram uni\u00e3o sobre casamento antigo. A JAC tinha participa\u00e7\u00e3o da Navistar, concorrente mundial da Cummins.<\/p>\n<p><strong>Testemunha<\/strong> \u2013 Quem for a Arax\u00e1 ao final do m\u00eas para o Brazil Renault Classics, o mais elegante dos encontros de autom\u00f3veis antigos no pa\u00eds, ver\u00e1 r\u00e9plica da Voiturette, pequeno autom\u00f3vel, origem da marca. Ser\u00e1 uma das atra\u00e7\u00f5es. No evento, palestra de Alain Tissier, at\u00e9 pouco tempo Vice Presidente, sabido na marca e integrante da hist\u00f3ria da Renault Brasil desde a instala\u00e7\u00e3o, h\u00e1 20 anos.<\/p>\n<p>&nbsp;<\/p>\n<div class='et-box et-shadow'>\n\t\t\t\t\t<div class='et-box-content'><p style=\"text-align: center;\"><em>Espa\u00e7o patrocinado<\/em><\/p>\n<p><strong>Testar testando<\/strong><\/p>\n<p><img decoding=\"async\" class=\"alignright size-medium wp-image-95155 lazyload\" data-src=\"https:\/\/autolivraria.com.br\/bc\/wp-content\/uploads\/2018\/05\/Pista-Mercedes-Iracemapolis-340x226.jpg\" alt=\"Pista Mercedes Iracemapolis\" width=\"340\" height=\"226\" data-srcset=\"https:\/\/autolivraria.com.br\/bc\/wp-content\/uploads\/2018\/05\/Pista-Mercedes-Iracemapolis-340x226.jpg 340w, https:\/\/autolivraria.com.br\/bc\/wp-content\/uploads\/2018\/05\/Pista-Mercedes-Iracemapolis-631x420.jpg 631w, https:\/\/autolivraria.com.br\/bc\/wp-content\/uploads\/2018\/05\/Pista-Mercedes-Iracemapolis-222x148.jpg 222w, https:\/\/autolivraria.com.br\/bc\/wp-content\/uploads\/2018\/05\/Pista-Mercedes-Iracemapolis.jpg 640w\" data-sizes=\"(max-width: 340px) 100vw, 340px\" src=\"data:image\/svg+xml;base64,PHN2ZyB3aWR0aD0iMSIgaGVpZ2h0PSIxIiB4bWxucz0iaHR0cDovL3d3dy53My5vcmcvMjAwMC9zdmciPjwvc3ZnPg==\" style=\"--smush-placeholder-width: 340px; --smush-placeholder-aspect-ratio: 340\/226;\" \/>Mercedes-Benz deu passo importante ao aplicar R$ 90 milh\u00f5es nos servi\u00e7os de implantar 12 quil\u00f4metros para pista exclusiva a seus caminh\u00f5es novos. Fica na fazenda comprada pela empresa, em Iracem\u00e1polis, SP, onde desbastou um canavial e implantou sua f\u00e1brica de autom\u00f3veis. Curiosamente a pista de teste n\u00e3o servir\u00e1 a estes, mas exclusivamente aos ve\u00edculos pesados. Eventual desdobramento depender\u00e1 do regramento para a atividade de fazer ve\u00edculos, a ser expresso no programa do setor, o Rota 2030.<\/p>\n<p>Constru\u00e7\u00e3o da pista trar\u00e1 economia a longo prazo. Atualmente a Mercedes aluga circuitos para testar caminh\u00f5es, em opera\u00e7\u00e3o extremamente cuidada para evitar o vazamento de informa\u00e7\u00f5es quanto \u00e0s novidades contidas e resultados aferidos. De acordo com Philipp Schiemer, presidente da pioneira fabricante, \u201cas exig\u00eancias de qualidade para caminh\u00f5es est\u00e3o cada vez maiores\u201d. A escolha por Iracem\u00e1polis foi de ordem econ\u00f4mica, pois n\u00e3o exigiu investir na aquisi\u00e7\u00e3o da \u00e1rea. A nova estrutura permitir\u00e1, tamb\u00e9m, oferecer tais servi\u00e7os a outras marcas e at\u00e9 \u00e0 matriz e \u00e0s filiais da Mercedes, pois segundo lembra, as estradas brasileiras s\u00e3o severas e o desenvolvido para nossas condi\u00e7\u00f5es pode ser replicado para demais pa\u00edses.<\/p><\/div><\/div>\n<a href='https:\/\/autolivraria.com.br\/bc\/informe-se\/colunas\/de-carro-por-ai\/em-setembro-o-citroen-c4-cactus\/' class='small-button smallsilver'>Coluna anterior<\/a>\n<p><em>A coluna expressa as opini\u00f5es do colunista e n\u00e3o as do Best Cars<\/em><\/p>\n<p>&nbsp;<\/p>\n","protected":false},"excerpt":{"rendered":"<p>Marca majest\u00e1tica, identificada com nobreza e finura, caiu na vala comum e cometeu um utilit\u00e1rio esporte<\/p>\n","protected":false},"author":6,"featured_media":75031,"comment_status":"open","ping_status":"closed","sticky":false,"template":"","format":"standard","meta":{"_joinchat":[],"footnotes":""},"categories":[3337],"tags":[153,4238,3338,124],"class_list":["post-95152","post","type-post","status-publish","format-standard","has-post-thumbnail","hentry","category-de-carro-por-ai","tag-colunas-2","tag-cullinan","tag-de-carro-por-ai-2","tag-rolls-royce"],"amp_enabled":true,"_links":{"self":[{"href":"https:\/\/autolivraria.com.br\/bc\/wp-json\/wp\/v2\/posts\/95152","targetHints":{"allow":["GET"]}}],"collection":[{"href":"https:\/\/autolivraria.com.br\/bc\/wp-json\/wp\/v2\/posts"}],"about":[{"href":"https:\/\/autolivraria.com.br\/bc\/wp-json\/wp\/v2\/types\/post"}],"author":[{"embeddable":true,"href":"https:\/\/autolivraria.com.br\/bc\/wp-json\/wp\/v2\/users\/6"}],"replies":[{"embeddable":true,"href":"https:\/\/autolivraria.com.br\/bc\/wp-json\/wp\/v2\/comments?post=95152"}],"version-history":[{"count":0,"href":"https:\/\/autolivraria.com.br\/bc\/wp-json\/wp\/v2\/posts\/95152\/revisions"}],"wp:featuredmedia":[{"embeddable":true,"href":"https:\/\/autolivraria.com.br\/bc\/wp-json\/wp\/v2\/media\/75031"}],"wp:attachment":[{"href":"https:\/\/autolivraria.com.br\/bc\/wp-json\/wp\/v2\/media?parent=95152"}],"wp:term":[{"taxonomy":"category","embeddable":true,"href":"https:\/\/autolivraria.com.br\/bc\/wp-json\/wp\/v2\/categories?post=95152"},{"taxonomy":"post_tag","embeddable":true,"href":"https:\/\/autolivraria.com.br\/bc\/wp-json\/wp\/v2\/tags?post=95152"}],"curies":[{"name":"wp","href":"https:\/\/api.w.org\/{rel}","templated":true}]}}