{"id":95681,"date":"2018-06-15T08:00:19","date_gmt":"2018-06-15T11:00:19","guid":{"rendered":"http:\/\/bestcars.uol.com.br\/bc\/?p=95681"},"modified":"2018-06-22T10:12:32","modified_gmt":"2018-06-22T13:12:32","slug":"bem-acertado-o-toyota-yaris","status":"publish","type":"post","link":"https:\/\/autolivraria.com.br\/bc\/informe-se\/colunas\/de-carro-por-ai\/bem-acertado-o-toyota-yaris\/","title":{"rendered":"Bem-acertado, o Toyota Yaris"},"content":{"rendered":"<p><img fetchpriority=\"high\" decoding=\"async\" class=\"aligncenter size-full wp-image-75021\" src=\"https:\/\/autolivraria.com.br\/bc\/wp-content\/uploads\/2016\/07\/De-Carro-por-Ai-2016.jpg\" alt=\"De Carro por A\u00ed - Nasser\" width=\"696\" height=\"107\" srcset=\"https:\/\/autolivraria.com.br\/bc\/wp-content\/uploads\/2016\/07\/De-Carro-por-Ai-2016.jpg 696w, https:\/\/autolivraria.com.br\/bc\/wp-content\/uploads\/2016\/07\/De-Carro-por-Ai-2016-340x52.jpg 340w, https:\/\/autolivraria.com.br\/bc\/wp-content\/uploads\/2016\/07\/De-Carro-por-Ai-2016-222x34.jpg 222w\" sizes=\"(max-width: 696px) 100vw, 696px\" \/><\/p>\n<h2>Pacote, pre\u00e7o e posicionamento mercadol\u00f3gico s\u00e3o trabalho de mestre; acerto de suspens\u00f5es surpreende<\/h2>\n<p>&nbsp;<\/p>\n<p>Toyota inicia vender o Yaris, situado entre o finalmente estabilizado Etios e o sempre bem-sucedido Corolla. Pode parecer curioso, em tempos de utilit\u00e1rios esporte e que-tais, que a segunda maior fabricante do mundo se fixe em autom\u00f3veis, como o hatch ora apresentado e o sed\u00e3 a ser vendido em julho. Mas \u00e9 quest\u00e3o simples: maioria das vendas nos segmentos A e B \u00e9 de autom\u00f3veis. E o Yaris, o mais simples a fazer, a empregar modificada plataforma do Etios sed\u00e3, e sua mec\u00e2nica com motores 1,3 e 1,5 litro, 101 e 110 cv de pot\u00eancia, transmiss\u00f5es manual de 6 marchas e CVT com virtuais sete.<\/p>\n<p><a href=\"https:\/\/autolivraria.com.br\/bc\/wp-content\/uploads\/2018\/06\/Toyota-Yaris-01.jpg\" rel=\"attachment wp-att-95560\"><img decoding=\"async\" class=\"alignright size-medium wp-image-95560 lazyload\" data-src=\"https:\/\/autolivraria.com.br\/bc\/wp-content\/uploads\/2018\/06\/Toyota-Yaris-01-340x227.jpg\" alt=\"Toyota Yaris 01\" width=\"340\" height=\"227\" data-srcset=\"https:\/\/autolivraria.com.br\/bc\/wp-content\/uploads\/2018\/06\/Toyota-Yaris-01-340x227.jpg 340w, https:\/\/autolivraria.com.br\/bc\/wp-content\/uploads\/2018\/06\/Toyota-Yaris-01-696x464.jpg 696w, https:\/\/autolivraria.com.br\/bc\/wp-content\/uploads\/2018\/06\/Toyota-Yaris-01-630x420.jpg 630w, https:\/\/autolivraria.com.br\/bc\/wp-content\/uploads\/2018\/06\/Toyota-Yaris-01-222x148.jpg 222w, https:\/\/autolivraria.com.br\/bc\/wp-content\/uploads\/2018\/06\/Toyota-Yaris-01.jpg 1280w\" data-sizes=\"(max-width: 340px) 100vw, 340px\" src=\"data:image\/svg+xml;base64,PHN2ZyB3aWR0aD0iMSIgaGVpZ2h0PSIxIiB4bWxucz0iaHR0cDovL3d3dy53My5vcmcvMjAwMC9zdmciPjwvc3ZnPg==\" style=\"--smush-placeholder-width: 340px; --smush-placeholder-aspect-ratio: 340\/227;\" \/><\/a>Fazer carro bom e bem equipado, \u00e9 f\u00e1cil: basta n\u00e3o inibir o respons\u00e1vel pela defini\u00e7\u00e3o do produto, o sujeito para escolher a espessura do tapete, a qualidade da pintura, e outros componentes. No Yaris avulta a compet\u00eancia do autor: seu conte\u00fado o transforma em categoria superior relativamente aos concorrentes. Design \u00e0 parte, o pacote, seu pre\u00e7o e posicionamento mercadol\u00f3gico s\u00e3o trabalho de mestre. Outro item surpreendente \u00e9 o acerto de suspens\u00f5es, dire\u00e7\u00e3o e freios. Acerto fino \u2013 parece coisa do Robson Cotta, o hiper-ultra-engenheiro da Fiat.<\/p>\n<p>Quem o dirigir, vistos conte\u00fado relativamente \u00e0 concorr\u00eancia, diferencial como teto solar, a excelente insonoriza\u00e7\u00e3o, saber\u00e1 t\u00ea-lo inclu\u00eddo na rela\u00e7\u00e3o de prefer\u00eancias entre VW Polo\/Virtus e Fiat Argo\/Cronos, que n\u00e3o s\u00e3o os mais vendidos, mas os de maior atratividade no segmento. Poderia melhorar caso aplicasse sa\u00eddas de ar condicionado para o banco traseiro, ou se o porta-malas abrisse com molas a g\u00e1s em vez de prim\u00e1rios arcos met\u00e1licos.<\/p>\n<p>&nbsp;<\/p>\n\n<div class='code-block code-block-7' style='margin: 28px auto; text-align: center; display: block; clear: both;'>\n<script async src=\"https:\/\/pagead2.googlesyndication.com\/pagead\/js\/adsbygoogle.js\"><\/script>\n<!-- AL-quadrado -->\n<ins class=\"adsbygoogle\"\n     style=\"display:block\"\n     data-ad-client=\"ca-pub-1914799802606213\"\n     data-ad-slot=\"5683066082\"\n     data-ad-format=\"auto\"\n     data-full-width-responsive=\"true\"><\/ins>\n<script>\n     (adsbygoogle = window.adsbygoogle || []).push({});\n<\/script><\/div>\n\n<p>&nbsp;<\/p>\n<p><strong>Li\u00e7\u00e3o<\/strong><br \/>\n<a href=\"https:\/\/autolivraria.com.br\/bc\/wp-content\/uploads\/2018\/06\/Toyota-Yaris-08.jpg\" rel=\"attachment wp-att-95563\"><img decoding=\"async\" class=\"alignleft size-medium wp-image-95563 lazyload\" data-src=\"https:\/\/autolivraria.com.br\/bc\/wp-content\/uploads\/2018\/06\/Toyota-Yaris-08-340x227.jpg\" alt=\"Toyota Yaris 08\" width=\"340\" height=\"227\" data-srcset=\"https:\/\/autolivraria.com.br\/bc\/wp-content\/uploads\/2018\/06\/Toyota-Yaris-08-340x227.jpg 340w, https:\/\/autolivraria.com.br\/bc\/wp-content\/uploads\/2018\/06\/Toyota-Yaris-08-696x464.jpg 696w, https:\/\/autolivraria.com.br\/bc\/wp-content\/uploads\/2018\/06\/Toyota-Yaris-08-630x420.jpg 630w, https:\/\/autolivraria.com.br\/bc\/wp-content\/uploads\/2018\/06\/Toyota-Yaris-08-222x148.jpg 222w, https:\/\/autolivraria.com.br\/bc\/wp-content\/uploads\/2018\/06\/Toyota-Yaris-08.jpg 1280w\" data-sizes=\"(max-width: 340px) 100vw, 340px\" src=\"data:image\/svg+xml;base64,PHN2ZyB3aWR0aD0iMSIgaGVpZ2h0PSIxIiB4bWxucz0iaHR0cDovL3d3dy53My5vcmcvMjAwMC9zdmciPjwvc3ZnPg==\" style=\"--smush-placeholder-width: 340px; --smush-placeholder-aspect-ratio: 340\/227;\" \/><\/a>Toyota registra marca pr\u00f3pria em processos de qualidade, montagem, materiais, e o Yaris \u00e9 novo exemplo. As folgas entre as pe\u00e7as do motor s\u00e3o anunciadas como inferiores ao mecanismo de um rel\u00f3gio su\u00ed\u00e7o \u2013 ou um quarto das medidas em motores dos concorrentes. Esta conquista, respons\u00e1vel por menor consumo e maior durabilidade, permear\u00e1 a produtos de outras marcas, induzindo melhorar padr\u00e3o construtivo.<\/p>\n<p>Dado pr\u00e1tico com a preocupa\u00e7\u00e3o por qualidade, \u00e0 apresenta\u00e7\u00e3o do Yaris o jornalista Ant\u00f4nio Fraga, presidente da Abiauto, associa\u00e7\u00e3o de jornalistas especializados, achou incoerente a pouca espessura e a falta de fixa\u00e7\u00e3o do tapete do porta-malas do hatch. Vi e chamei o Miguel Fonseca, vice-presidente para Am\u00e9rica Latina. Ouviu a pondera\u00e7\u00e3o, convocou um engenheiro e encerrou a queixa, determinando incluir como equipamento de s\u00e9rie o tapete melhorado oferecido como opcional.<\/p>\n<p><strong>Mercado<\/strong><br \/>\nPre\u00e7os foram ajeitados dentro da larga margem obtida pela empresa e fazendo composi\u00e7\u00f5es de equipamentos. As vers\u00f5es mais caras do Etios desapareceram para n\u00e3o se atritar com as inferiores do Yaris e, caso inverso, as deste, em patamar superior, foram definidas antes de abras\u00f5es com os valores do Corolla de entrada. Para hatch, leque abre em R$ 60 mil na vers\u00e3o 1,3 manual e vai aos R$ 77.590 para 1,5 CVT equipado. Nos sed\u00e3s, de R$ 64 mil a 80 mil. Empresa projeta vender 6.000 unidades mensais, com 55% em hatches. Transmiss\u00e3o autom\u00e1tica dever\u00e1 representar 95% das vendas.<\/p>\n<ul>\n<li><a href=\"https:\/\/autolivraria.com.br\/bc\/informe-se\/noticias\/chega-o-toyota-yaris-nacional-veja-precos-e-equipamentos\/\" target=\"_blank\">Mais sobre o Yaris<\/a><\/li>\n<\/ul>\n<p>&nbsp;<\/p>\n<h2>Um novo aut\u00f3dromo para o Rio<\/h2>\n<figure id=\"attachment_95682\" aria-describedby=\"caption-attachment-95682\" style=\"width: 340px\" class=\"wp-caption alignright\"><a href=\"https:\/\/autolivraria.com.br\/bc\/wp-content\/uploads\/2018\/06\/Autodromo.jpg\" rel=\"attachment wp-att-95682\"><img decoding=\"async\" class=\"size-medium wp-image-95682 lazyload\" data-src=\"https:\/\/autolivraria.com.br\/bc\/wp-content\/uploads\/2018\/06\/Autodromo-340x226.jpg\" alt=\"Projeto do novo aut\u00f3dromo carioca\" width=\"340\" height=\"226\" data-srcset=\"https:\/\/autolivraria.com.br\/bc\/wp-content\/uploads\/2018\/06\/Autodromo-340x226.jpg 340w, https:\/\/autolivraria.com.br\/bc\/wp-content\/uploads\/2018\/06\/Autodromo-631x420.jpg 631w, https:\/\/autolivraria.com.br\/bc\/wp-content\/uploads\/2018\/06\/Autodromo-222x148.jpg 222w, https:\/\/autolivraria.com.br\/bc\/wp-content\/uploads\/2018\/06\/Autodromo.jpg 640w\" data-sizes=\"(max-width: 340px) 100vw, 340px\" src=\"data:image\/svg+xml;base64,PHN2ZyB3aWR0aD0iMSIgaGVpZ2h0PSIxIiB4bWxucz0iaHR0cDovL3d3dy53My5vcmcvMjAwMC9zdmciPjwvc3ZnPg==\" style=\"--smush-placeholder-width: 340px; --smush-placeholder-aspect-ratio: 340\/226;\" \/><\/a><figcaption id=\"caption-attachment-95682\" class=\"wp-caption-text\">Projeto do novo aut\u00f3dromo carioca<\/figcaption><\/figure>\n<p>Prefeitura carioca recebeu projeto para o novo aut\u00f3dromo da cidade. Nada a ver com o circuito por ela depauperado, mas nova \u00e1rea de antigo campo de exerc\u00edcios de tiro do Ex\u00e9rcito, no sub\u00farbio de Deodoro. Terreno doado, limpo de pe\u00e7as de artilharia e restos de explosivos.<\/p>\n<p>Desenho pelo especializado arquiteto alem\u00e3o Hermann Tilke para aprova\u00e7\u00e3o n\u00edvel 1 FIA, permitindo provas de F\u00f3rmula 1 e de Moto GP, pista tem 5,3 km de extens\u00e3o e, novidade, \u00e9 para captar investidores para os previstos R$ 850 milh\u00f5es sem verba p\u00fablica. C\u00e1lculo dos alem\u00e3es, obra para 16 meses de trabalho. Formid\u00e1vel alavanca tur\u00edstica, desprezada e perdida pelas administra\u00e7\u00f5es estaduais a partir do governo Brizola, depende de provid\u00eancias administrativas e legais da Prefeitura para captar interessados em construir e gerir o circuito.<\/p>\n<p><strong>Hist\u00f3ria antiga, \u00eaxito improv\u00e1vel<\/strong><br \/>\nO Rio j\u00e1 teve uma das pistas de corridas de autom\u00f3veis mais charmosas do mundo, uma esp\u00e9cie de M\u00f4naco subequatorial. Era o Circuito da G\u00e1vea, dito Trampolim do Diabo. Mesclava Leblon, G\u00e1vea, morro da Rocinha, Av. Niemeyer. O s\u00f3lido envolvimento da cidade permitiu planejar um aut\u00f3dromo no sub\u00farbio de Adrian\u00f3polis, pioneiro mix de casas de final de semana e pista de corridas. Firmou-se como loteamento, e a pista desapareceu. Depois, metade da d\u00e9cada de \u201960, criou-se o aut\u00f3dromo da Barra, tamb\u00e9m loteado, e nova pista doada pela empreendedora Caled\u00f4nia com finalidade expl\u00edcita. Foi o Aut\u00f3dromo de Jacarepagu\u00e1.<\/p>\n<p>Irresponsabilidade de prefeitos e governadores cariocas, aus\u00eancia de autoridades do automobilismo esportivo, clubes, federa\u00e7\u00e3o, Confedera\u00e7\u00e3o, permitiram ser retalhado, inviabilizado, para dar lugar a obras superfaturadas, e constru\u00e7\u00f5es hoje ociosas. O aut\u00f3dromo de Deodoro, planejado para n\u00e3o utilizar verbas p\u00fablicas \u2013 exceto a \u00e1rea doada pelo Ex\u00e9rcito -, \u00e9 nova tentativa numa cidade de pol\u00edticos corruptos, mil\u00edcias, desorganiza\u00e7\u00e3o social, tudo contr\u00e1rio \u00e0 aus\u00eancia de dinheiro p\u00fablico.<\/p>\n<p>&nbsp;<\/p>\n<div class='code-block code-block-6' style='margin: 28px auto; text-align: center; display: block; clear: both;'>\n<script async src=\"https:\/\/pagead2.googlesyndication.com\/pagead\/js\/adsbygoogle.js\"><\/script>\n<!-- AL-quadrado -->\n<ins class=\"adsbygoogle\"\n     style=\"display:block\"\n     data-ad-client=\"ca-pub-1914799802606213\"\n     data-ad-slot=\"5683066082\"\n     data-ad-format=\"auto\"\n     data-full-width-responsive=\"true\"><\/ins>\n<script>\n     (adsbygoogle = window.adsbygoogle || []).push({});\n<\/script><\/div>\n\n<p>&nbsp;<\/p>\n<h2>Kim Jong-un e seu Mercedes-privada<\/h2>\n<figure id=\"attachment_95683\" aria-describedby=\"caption-attachment-95683\" style=\"width: 340px\" class=\"wp-caption alignleft\"><a href=\"https:\/\/autolivraria.com.br\/bc\/wp-content\/uploads\/2018\/06\/Mercedes-S.jpg\" rel=\"attachment wp-att-95683\"><img decoding=\"async\" class=\"size-medium wp-image-95683 lazyload\" data-src=\"https:\/\/autolivraria.com.br\/bc\/wp-content\/uploads\/2018\/06\/Mercedes-S-340x226.jpg\" alt=\"Foto AFP \/ Korea Summit Press Pool\" width=\"340\" height=\"226\" data-srcset=\"https:\/\/autolivraria.com.br\/bc\/wp-content\/uploads\/2018\/06\/Mercedes-S-340x226.jpg 340w, https:\/\/autolivraria.com.br\/bc\/wp-content\/uploads\/2018\/06\/Mercedes-S-631x420.jpg 631w, https:\/\/autolivraria.com.br\/bc\/wp-content\/uploads\/2018\/06\/Mercedes-S-222x148.jpg 222w, https:\/\/autolivraria.com.br\/bc\/wp-content\/uploads\/2018\/06\/Mercedes-S.jpg 640w\" data-sizes=\"(max-width: 340px) 100vw, 340px\" src=\"data:image\/svg+xml;base64,PHN2ZyB3aWR0aD0iMSIgaGVpZ2h0PSIxIiB4bWxucz0iaHR0cDovL3d3dy53My5vcmcvMjAwMC9zdmciPjwvc3ZnPg==\" style=\"--smush-placeholder-width: 340px; --smush-placeholder-aspect-ratio: 340\/226;\" \/><\/a><figcaption id=\"caption-attachment-95683\" class=\"wp-caption-text\">Foto AFP \/ Korea Summit Press Pool<\/figcaption><\/figure>\n<p>Voc\u00ea leu certo. N\u00e3o \u00e9 Mercedes privado. Ditadores t\u00eam tra\u00e7os peculiares, e seu comportar e excentricidades, frutos da incontida liberdade pessoal, geram not\u00edcias. O gordinho deselegante, mand\u00e3o da Coreia do Norte, \u00e9 destes. Atual \u00eddolo pop por seu encontro de vantagens sobre Donald Trump, um de seus recentes diferenciais de comportamento \u00e9 a conforma\u00e7\u00e3o de seu autom\u00f3vel: Mercedes-Benz Classe S \u2013 o sed\u00e3 superior -, blindado, apto a resistir a s\u00e9rios impactos bal\u00edsticos, explos\u00f5es e inc\u00eandios. Carro de mandat\u00e1rio. Entretanto porta equipamento \u00fanico, t\u00e3o ins\u00f3lito quanto seu eventual usu\u00e1rio: um vaso sanit\u00e1rio, elegante penico m\u00f3vel, privada, relata o jornal norte-americano Washington Post.<\/p>\n<p>Mercedes-Benz, consultada pela Coluna, informou desconhecer o produto e seu especial equipamento, pois atendendo a determina\u00e7\u00f5es da ONU h\u00e1 mais de 15 anos nada vende \u00e0 Coreia do Norte. Deve ter sido adquirido por triangula\u00e7\u00e3o, e o fabricante garante n\u00e3o ter inclu\u00eddo tal equipamento em nenhum de seus S blindados. O jornal ouviu Lee Yun-keol, um ex-seguran\u00e7a do ditador, confirmando a informa\u00e7\u00e3o, explicando, citado adjut\u00f3rio \u00e9 exig\u00eancia de seu esquema de seguran\u00e7a pessoal, pois em caso de necessidade de uso durante deslocamento, permite recolher os excrementos ditatoriais, impedindo caiam em m\u00e3os de espi\u00f5es teoricamente interessados em analis\u00e1-los para descobrir o estado de sa\u00fade do l\u00edder&#8230;<\/p>\n<p><em>(Cinquenta anos de Coluna, e nunca imaginei nela tratar de coc\u00f4. Da\u00ed pedir ao leitor releve a escatologia, mas ins\u00f3lito Mercedes com privada \u00e9 not\u00edcia \u2014 RN)<\/em><\/p>\n<p>&nbsp;<\/p>\n<h2>Roda a Roda<\/h2>\n<figure id=\"attachment_95684\" aria-describedby=\"caption-attachment-95684\" style=\"width: 340px\" class=\"wp-caption alignright\"><a href=\"https:\/\/autolivraria.com.br\/bc\/wp-content\/uploads\/2018\/06\/Spin-QR.jpg\" rel=\"attachment wp-att-95684\"><img decoding=\"async\" class=\"size-medium wp-image-95684 lazyload\" data-src=\"https:\/\/autolivraria.com.br\/bc\/wp-content\/uploads\/2018\/06\/Spin-QR-340x226.jpg\" alt=\"Proje\u00e7\u00e3o: Quatro Rodas\" width=\"340\" height=\"226\" data-srcset=\"https:\/\/autolivraria.com.br\/bc\/wp-content\/uploads\/2018\/06\/Spin-QR-340x226.jpg 340w, https:\/\/autolivraria.com.br\/bc\/wp-content\/uploads\/2018\/06\/Spin-QR-631x420.jpg 631w, https:\/\/autolivraria.com.br\/bc\/wp-content\/uploads\/2018\/06\/Spin-QR-222x148.jpg 222w, https:\/\/autolivraria.com.br\/bc\/wp-content\/uploads\/2018\/06\/Spin-QR.jpg 640w\" data-sizes=\"(max-width: 340px) 100vw, 340px\" src=\"data:image\/svg+xml;base64,PHN2ZyB3aWR0aD0iMSIgaGVpZ2h0PSIxIiB4bWxucz0iaHR0cDovL3d3dy53My5vcmcvMjAwMC9zdmciPjwvc3ZnPg==\" style=\"--smush-placeholder-width: 340px; --smush-placeholder-aspect-ratio: 340\/226;\" \/><\/a><figcaption id=\"caption-attachment-95684\" class=\"wp-caption-text\">Proje\u00e7\u00e3o: Quatro Rodas<\/figcaption><\/figure>\n<p><strong>Spin<\/strong> \u2013 Chevrolet far\u00e1 na Spin mudan\u00e7a da harmonia frontal, retoques internos, pontos de ancoragem para cadeirinhas. Derradeiro retoque no produto \u2013 toda a fam\u00edlia ser\u00e1 substitu\u00edda. No mercado em agosto.<\/p>\n<p><strong>In\u00edcio<\/strong> \u2013 BMW iniciou montar o X3 M40i em sua f\u00e1brica catarinense de Araquari. \u00c9 uma das bandeiras de tecnologia da marca, com montagem paralela a X1, X3 e X4, al\u00e9m do sed\u00e3 S\u00e9rie 3.<\/p>\n<p><strong>Futuro<\/strong> \u2013 Gleide Souza, diretora de Assuntos Governamentais da BMW, \u00e9 outra a torcer pela assinatura do projeto Rota 2030, definindo marcos para o futuro e compensa\u00e7\u00e3o de investimentos por impostos. Ind\u00fastria e importadores est\u00e3o sem balizamento para o futuro. E governo n\u00e3o est\u00e1 a fim de novos incentivos para o setor. Di\u00e1logo foi perdido no meio do caminho e parece dif\u00edcil de ser reatado neste per\u00edodo final de governo.<\/p>\n<p><strong><a href=\"https:\/\/autolivraria.com.br\/bc\/wp-content\/uploads\/2018\/02\/Nissan-Terra-01.jpg\" rel=\"attachment wp-att-92871\"><img decoding=\"async\" class=\"alignleft size-medium wp-image-92871 lazyload\" data-src=\"https:\/\/autolivraria.com.br\/bc\/wp-content\/uploads\/2018\/02\/Nissan-Terra-01-340x227.jpg\" alt=\"Nissan Terra 01\" width=\"340\" height=\"227\" data-srcset=\"https:\/\/autolivraria.com.br\/bc\/wp-content\/uploads\/2018\/02\/Nissan-Terra-01-340x227.jpg 340w, https:\/\/autolivraria.com.br\/bc\/wp-content\/uploads\/2018\/02\/Nissan-Terra-01-696x464.jpg 696w, https:\/\/autolivraria.com.br\/bc\/wp-content\/uploads\/2018\/02\/Nissan-Terra-01-630x420.jpg 630w, https:\/\/autolivraria.com.br\/bc\/wp-content\/uploads\/2018\/02\/Nissan-Terra-01-222x148.jpg 222w, https:\/\/autolivraria.com.br\/bc\/wp-content\/uploads\/2018\/02\/Nissan-Terra-01.jpg 1280w\" data-sizes=\"(max-width: 340px) 100vw, 340px\" src=\"data:image\/svg+xml;base64,PHN2ZyB3aWR0aD0iMSIgaGVpZ2h0PSIxIiB4bWxucz0iaHR0cDovL3d3dy53My5vcmcvMjAwMC9zdmciPjwvc3ZnPg==\" style=\"--smush-placeholder-width: 340px; --smush-placeholder-aspect-ratio: 340\/227;\" \/><\/a>De novo<\/strong> \u2013 Nissan registrou o nome Terra no INPI, Instituto Nacional de Propriedade Industrial. \u00c9 a vers\u00e3o SUV da picape Frontier. J\u00e1 existiu no Brasil o XTerra, em tr\u00eafega passagem no mercado. Como a Frontier argentina \u00e9 hoje vendida como Nissan e Renault, e ano pr\u00f3ximo o ser\u00e1 como Mercedes Classe X, parece cr\u00edvel imaginar concorrentes para o Toyota SW4.<\/p>\n<p><strong>Mercado<\/strong> \u2013 Em maio produ\u00e7\u00e3o e vendas de ve\u00edculos ca\u00edram 10% ante n\u00fameros de abril: greve do transporte impediu chegada de pe\u00e7as, sa\u00edda de ve\u00edculos. Perfil da atividade deve repetir voos de galinha: muito esfor\u00e7o, pouco resultado. Per\u00edodo bom a compradores, pois a op\u00e7\u00e3o ser\u00e1 criar pontes para os 0-km entre p\u00e1tios dos revendedores e garagem dos interessados.<\/p>\n<p><strong>Pre\u00e7os<\/strong> &#8211; Desvaloriza\u00e7\u00e3o do Real, for\u00e7ar\u00e1 aumentar pre\u00e7os dos ve\u00edculos novos: boa parte dos eletr\u00f4nicos \u00e9 importada. E h\u00e1 casos onde tudo prov\u00e9m do exterior, fazendo localmente prim\u00e1rio processo de montagem. Nestes casos, \u00edndices de nacionaliza\u00e7\u00e3o dos tempos de Get\u00falio Vargas&#8230;<\/p>\n<p><strong>Racionalidade<\/strong> \u2013 Contran, Conselho Nacional de Tr\u00e2nsito, mudou medidas para os caminh\u00f5es aplicados em transporte de ve\u00edculos ou cargas paletizadas. Resolu\u00e7\u00e3o 735 permite comprimento total de 23 m, altura de 4,95 m. Com a medida, poder\u00e3o ser utilizados caminh\u00f5es tratores 6&#215;4 com dois eixos traseiros.<\/p>\n<p><strong><a href=\"https:\/\/autolivraria.com.br\/bc\/wp-content\/uploads\/2018\/06\/Bicicleta-Mini.jpg\" rel=\"attachment wp-att-95685\"><img decoding=\"async\" class=\"alignright size-medium wp-image-95685 lazyload\" data-src=\"https:\/\/autolivraria.com.br\/bc\/wp-content\/uploads\/2018\/06\/Bicicleta-Mini-340x226.jpg\" alt=\"Bicicleta Mini\" width=\"340\" height=\"226\" data-srcset=\"https:\/\/autolivraria.com.br\/bc\/wp-content\/uploads\/2018\/06\/Bicicleta-Mini-340x226.jpg 340w, https:\/\/autolivraria.com.br\/bc\/wp-content\/uploads\/2018\/06\/Bicicleta-Mini-631x420.jpg 631w, https:\/\/autolivraria.com.br\/bc\/wp-content\/uploads\/2018\/06\/Bicicleta-Mini-222x148.jpg 222w, https:\/\/autolivraria.com.br\/bc\/wp-content\/uploads\/2018\/06\/Bicicleta-Mini.jpg 640w\" data-sizes=\"(max-width: 340px) 100vw, 340px\" src=\"data:image\/svg+xml;base64,PHN2ZyB3aWR0aD0iMSIgaGVpZ2h0PSIxIiB4bWxucz0iaHR0cDovL3d3dy53My5vcmcvMjAwMC9zdmciPjwvc3ZnPg==\" style=\"--smush-placeholder-width: 340px; --smush-placeholder-aspect-ratio: 340\/226;\" \/><\/a>Paralelo<\/strong> \u2013 Brit\u00e2nica Mini, dos carrinhos charmosos, amplia leque de neg\u00f3cios. Iniciou vender bicicletas. Quadro em alum\u00ednio, c\u00e2mbio de oito marchas, selim e empunhadura em couro, 11 kg, dobr\u00e1vel. E cara: R$ 5.900.<\/p>\n<p><strong>Cr\u00edtica<\/strong> \u2013 Newsletter inglesa <em>Car Buyer,<\/em> focada no consumidor, testou o Ford Ecosport e carimbou: pequeno para uso familiar, e com consumo elevado.<\/p>\n<p><strong>Seguran\u00e7a<\/strong> \u2013 Latin NCap, entidade testadora de seguran\u00e7a em ve\u00edculos importados ou produzidos nos mercados da Am\u00e9rica Latina e Caribe, em sua \u00faltima rodada de testes, deplorou defici\u00eancias de Renaults Sandero e Logan. Pelos testes de impacto, conseguiram apenas uma estrela \u2013 numa tabela de 5 &#8211; para prote\u00e7\u00e3o do motorista; n\u00e3o oferecem cinto de tr\u00eas pontos para todos os passageiros, nem fixadores Isofix para cadeirinhas. Ante a divulga\u00e7\u00e3o Renault informou que melhorar\u00e1 o rendimento de seguran\u00e7a.<\/p>\n<p><strong>Governo<\/strong> \u2013 Queixa do Instituto, governos deveriam utilizar os resultados dos testes para balizar exig\u00eancias nos ve\u00edculos novos. Lobby dos fabricantes \u00e9 forte, e demora em tornar obrigat\u00f3rio o controle eletr\u00f4nico de estabilidade \u00e9 bom exemplo.<\/p>\n<p><strong>Gente<\/strong> \u2013 Maur\u00edcio Sartori, brasileiro, administrador com boa base acad\u00eamica e experi\u00eancia internacional, mudan\u00e7a. Deixou dire\u00e7\u00e3o da Honeywell Homes and Technology para ser presidente da Gilbarco Veeder-Root. Objetivo, otimizar as for\u00e7as e equipes sul-americanas. Empresa \u00e9 maior do mundo em tecnologia de bombas de combust\u00edveis, medi\u00e7\u00e3o e monitoramento de tanques em postos de servi\u00e7o. \/ Ricardo Carreira, engenheiro, progress\u00e3o: novo Diretor de Vendas da Fiat Chrysler Automobiles. Quer retomar a lideran\u00e7a perdida, mas sugere firula aritm\u00e9tica, como somar vendas de Fiat e Jeep. Na pr\u00e1tica espere propostas fen\u00edcias de facilidades para comprar os carros da marca.<\/p>\n<p>&nbsp;<\/p>\n<div class='et-box et-shadow'>\n\t\t\t\t\t<div class='et-box-content'><p style=\"text-align: center;\"><em>Espa\u00e7o patrocinado<\/em><\/p>\n<p><strong>Fiat refor\u00e7a a\u00e7\u00e3o em Mobi e Uno<\/strong><\/p>\n<p><a href=\"https:\/\/autolivraria.com.br\/bc\/wp-content\/uploads\/2018\/06\/Uno-2019.jpg\" rel=\"attachment wp-att-95686\"><img decoding=\"async\" class=\"alignleft size-medium wp-image-95686 lazyload\" data-src=\"https:\/\/autolivraria.com.br\/bc\/wp-content\/uploads\/2018\/06\/Uno-2019-340x226.jpg\" alt=\"Uno 2019\" width=\"340\" height=\"226\" data-srcset=\"https:\/\/autolivraria.com.br\/bc\/wp-content\/uploads\/2018\/06\/Uno-2019-340x226.jpg 340w, https:\/\/autolivraria.com.br\/bc\/wp-content\/uploads\/2018\/06\/Uno-2019-631x420.jpg 631w, https:\/\/autolivraria.com.br\/bc\/wp-content\/uploads\/2018\/06\/Uno-2019-222x148.jpg 222w, https:\/\/autolivraria.com.br\/bc\/wp-content\/uploads\/2018\/06\/Uno-2019.jpg 640w\" data-sizes=\"(max-width: 340px) 100vw, 340px\" src=\"data:image\/svg+xml;base64,PHN2ZyB3aWR0aD0iMSIgaGVpZ2h0PSIxIiB4bWxucz0iaHR0cDovL3d3dy53My5vcmcvMjAwMC9zdmciPjwvc3ZnPg==\" style=\"--smush-placeholder-width: 340px; --smush-placeholder-aspect-ratio: 340\/226;\" \/><\/a>Aproveitando conhecimento e aceita\u00e7\u00e3o entre compactos e subcompactos, Fiat reformulou conte\u00fado e vers\u00f5es para incrementar vendas, focando redistribui\u00e7\u00e3o de itens e acess\u00f3rios para melhor atender ao perfil do usu\u00e1rio, como por exemplo ter o ar-condicionado como equipamento, sem estar agregado a outros, e incrementar pre\u00e7os. \u00c9 o chamado reposicionamento.<\/p>\n<p>No Mobi, nova vers\u00e3o Easy Comfort, e a base da tabela com vers\u00f5es Attractive 1,0, de entrada, e Drive 1,0. Uno, reposicionamento se inicia com a vers\u00e3o Attractive 1,0, numeral identificando o motor Fire 1,0, equipado com ar-condicionado, dire\u00e7\u00e3o hidr\u00e1ulica, sinalizador de frenagem de emerg\u00eancia, freios ABS com EBD, e cuidados de decora\u00e7\u00e3o.<\/p>\n<p>Vers\u00e3o superior Drive 1,0 \u00e9 n\u00edvel superior de tecnologia, marcando-se pelo motor de tr\u00eas cilindros, 6 v\u00e1lvulas, dire\u00e7\u00e3o el\u00e9trica com fun\u00e7\u00e3o City para manobras. H\u00e1 tr\u00eas pacotes de opcionais, incluindo detalhes como os espelhos retrovisores externos com Tilt Down, vidros el\u00e9tricos antiesmagamento, e outros cuidados com os usu\u00e1rios. O kit Connect Plus foca o conforto eletr\u00f4nico, como a chave canivete com telecomando, alarme, r\u00e1dio integrado ao painel, volante com comandos de r\u00e1dio, e o sistema Fiat Live On de entretenimento a bordo. Pre\u00e7os: Mobi de R$ 31.990 a R$ 46.990; Uno de R$ 39.990 a R$ 42.990, sem opcionais.<\/p><\/div><\/div>\n<a href='https:\/\/autolivraria.com.br\/bc\/informe-se\/colunas\/de-carro-por-ai\/calma-pessoal-que-o-subsidio-e-nosso\/' class='small-button smallsilver'>Coluna anterior<\/a>\n<p><em>A coluna expressa as opini\u00f5es do colunista e n\u00e3o as do Best Cars<\/em><\/p>\n<p>&nbsp;<\/p>\n","protected":false},"excerpt":{"rendered":"<p>Pacote, pre\u00e7o e posicionamento mercadol\u00f3gico s\u00e3o trabalho de mestre; acerto de suspens\u00f5es surpreende<\/p>\n","protected":false},"author":6,"featured_media":75031,"comment_status":"open","ping_status":"closed","sticky":false,"template":"","format":"standard","meta":{"_joinchat":[],"footnotes":""},"categories":[3337],"tags":[153,3338,83,1645],"class_list":["post-95681","post","type-post","status-publish","format-standard","has-post-thumbnail","hentry","category-de-carro-por-ai","tag-colunas-2","tag-de-carro-por-ai-2","tag-toyota","tag-yaris"],"amp_enabled":true,"_links":{"self":[{"href":"https:\/\/autolivraria.com.br\/bc\/wp-json\/wp\/v2\/posts\/95681","targetHints":{"allow":["GET"]}}],"collection":[{"href":"https:\/\/autolivraria.com.br\/bc\/wp-json\/wp\/v2\/posts"}],"about":[{"href":"https:\/\/autolivraria.com.br\/bc\/wp-json\/wp\/v2\/types\/post"}],"author":[{"embeddable":true,"href":"https:\/\/autolivraria.com.br\/bc\/wp-json\/wp\/v2\/users\/6"}],"replies":[{"embeddable":true,"href":"https:\/\/autolivraria.com.br\/bc\/wp-json\/wp\/v2\/comments?post=95681"}],"version-history":[{"count":0,"href":"https:\/\/autolivraria.com.br\/bc\/wp-json\/wp\/v2\/posts\/95681\/revisions"}],"wp:featuredmedia":[{"embeddable":true,"href":"https:\/\/autolivraria.com.br\/bc\/wp-json\/wp\/v2\/media\/75031"}],"wp:attachment":[{"href":"https:\/\/autolivraria.com.br\/bc\/wp-json\/wp\/v2\/media?parent=95681"}],"wp:term":[{"taxonomy":"category","embeddable":true,"href":"https:\/\/autolivraria.com.br\/bc\/wp-json\/wp\/v2\/categories?post=95681"},{"taxonomy":"post_tag","embeddable":true,"href":"https:\/\/autolivraria.com.br\/bc\/wp-json\/wp\/v2\/tags?post=95681"}],"curies":[{"name":"wp","href":"https:\/\/api.w.org\/{rel}","templated":true}]}}