{"id":95861,"date":"2018-06-20T12:00:22","date_gmt":"2018-06-20T15:00:22","guid":{"rendered":"http:\/\/bestcars.uol.com.br\/bc\/?p=95861"},"modified":"2018-07-04T12:31:15","modified_gmt":"2018-07-04T15:31:15","slug":"vai-pedir-o-divorcio","status":"publish","type":"post","link":"https:\/\/autolivraria.com.br\/bc\/informe-se\/colunas\/eu-um-carro-e-a-cidade\/vai-pedir-o-divorcio\/","title":{"rendered":"Vai pedir o div\u00f3rcio?"},"content":{"rendered":"<p><img fetchpriority=\"high\" decoding=\"async\" class=\"aligncenter size-full wp-image-93693\" src=\"https:\/\/autolivraria.com.br\/bc\/wp-content\/uploads\/2018\/03\/Eu-um-Carro-e-a-Cidade.jpg\" alt=\"Eu-um-Carro-e-a-Cidade\" width=\"696\" height=\"100\" srcset=\"https:\/\/autolivraria.com.br\/bc\/wp-content\/uploads\/2018\/03\/Eu-um-Carro-e-a-Cidade.jpg 696w, https:\/\/autolivraria.com.br\/bc\/wp-content\/uploads\/2018\/03\/Eu-um-Carro-e-a-Cidade-340x49.jpg 340w, https:\/\/autolivraria.com.br\/bc\/wp-content\/uploads\/2018\/03\/Eu-um-Carro-e-a-Cidade-222x32.jpg 222w\" sizes=\"(max-width: 696px) 100vw, 696px\" \/><\/p>\n<h2>Quem vive todos os dias no carro sabe: a rela\u00e7\u00e3o come\u00e7a no amor e pode terminar em \u00f3dio<\/h2>\n<p>&nbsp;<\/p>\n<p>Carro \u00e9 casamento. Vai muito al\u00e9m da amizade, especialmente se voc\u00ea vive todos os dias com ele, para cima e para baixo. E o jeito que nos aproximamos de um autom\u00f3vel \u00e9 at\u00e9 parecido com o jeito que escolhemos uma parceira ou um parceiro. Pode ser uma escolha consciente, quando se privilegiam atributos com base na raz\u00e3o, ponderadamente pesando os pr\u00f3s e contras, ou inconsciente, quando algo nos arrebata sem sabermos o por qu\u00ea.<\/p>\n<p>Como todo casamento \u2014 saber\u00e3o com mais intensidade aqueles que s\u00e3o casados \u2014, os defeitos e sen\u00f5es v\u00e3o ficando mais e mais evidentes com o passar do tempo. As qualidades consolidam-se, tamb\u00e9m. Esses defeitos podem ser das categorias leves ou irrelevantes, como podem ser insuport\u00e1veis e for\u00e7arem uma separa\u00e7\u00e3o, por vezes litigiosa.<\/p>\n<p>&nbsp;<\/p>\n<blockquote><p>Na linha da conviv\u00eancia, tive m\u00e1s experi\u00eancias que terminaram em separa\u00e7\u00e3o, como numa rela\u00e7\u00e3o que n\u00e3o d\u00e1 certo: tristeza, raiva, decep\u00e7\u00e3o<\/p><\/blockquote>\n<p>&nbsp;<\/p>\n<figure id=\"attachment_95863\" aria-describedby=\"caption-attachment-95863\" style=\"width: 340px\" class=\"wp-caption alignleft\"><a href=\"https:\/\/autolivraria.com.br\/bc\/wp-content\/uploads\/2018\/06\/Nervoso-Palio.jpg\" rel=\"attachment wp-att-95863\"><img decoding=\"async\" class=\"size-medium wp-image-95863 lazyload\" data-src=\"https:\/\/autolivraria.com.br\/bc\/wp-content\/uploads\/2018\/06\/Nervoso-Palio-340x226.jpg\" alt=\"Tudo batia, rangia, estalava... N\u00e3o suportei: pedi div\u00f3rcio com seis meses\" width=\"340\" height=\"226\" data-srcset=\"https:\/\/autolivraria.com.br\/bc\/wp-content\/uploads\/2018\/06\/Nervoso-Palio-340x226.jpg 340w, https:\/\/autolivraria.com.br\/bc\/wp-content\/uploads\/2018\/06\/Nervoso-Palio-631x420.jpg 631w, https:\/\/autolivraria.com.br\/bc\/wp-content\/uploads\/2018\/06\/Nervoso-Palio-222x148.jpg 222w, https:\/\/autolivraria.com.br\/bc\/wp-content\/uploads\/2018\/06\/Nervoso-Palio.jpg 640w\" data-sizes=\"(max-width: 340px) 100vw, 340px\" src=\"data:image\/svg+xml;base64,PHN2ZyB3aWR0aD0iMSIgaGVpZ2h0PSIxIiB4bWxucz0iaHR0cDovL3d3dy53My5vcmcvMjAwMC9zdmciPjwvc3ZnPg==\" style=\"--smush-placeholder-width: 340px; --smush-placeholder-aspect-ratio: 340\/226;\" \/><\/a><figcaption id=\"caption-attachment-95863\" class=\"wp-caption-text\">Tudo batia, rangia, estalava&#8230; N\u00e3o suportei: pedi div\u00f3rcio com seis meses<\/figcaption><\/figure>\n<p>Neste ano completo 20 anos de habilita\u00e7\u00e3o e como a maioria de voc\u00eas, leitores adoradores das latinhas motorizadas, tamb\u00e9m amanheci na autoescola no dia de completar os 18 anos. At\u00e9 hoje, passaram pela minha vida nada menos que 13 carros. Anualmente ou a cada dois anos, dava aquela irresist\u00edvel vontade de mudar de carro para testar novos mundos e novos padr\u00f5es de conviv\u00eancia. Juntava um dinheirinho e inteirava na compra de outro usado.<\/p>\n<p>Sinceramente, todas as trocas foram desnecess\u00e1rias do ponto de vista racional, j\u00e1 que todos os carros estavam inteiros \u2014 aqueles que n\u00e3o estivessem, eu os deixava. Sortudos eram aqueles que compravam de mim, isso sim! Na linha da conviv\u00eancia, por\u00e9m, tive m\u00e1s experi\u00eancias que terminaram em separa\u00e7\u00e3o, como numa rela\u00e7\u00e3o que n\u00e3o d\u00e1 certo. Tristeza, raiva, decep\u00e7\u00e3o&#8230; Esses carros me magoaram e depois de um tempo n\u00e3o suportei. Pedi o div\u00f3rcio. Vejamos os motivos.<\/p>\n<p>Meu primeiro carro foi um saudoso Fiat Uno Mille EP 1997, tr\u00eas-portas. Ah, tudo o que \u00e9 \u201cprimeiro\u201d deixa um gosto especial, um afeto que n\u00e3o passa. Tive que repass\u00e1-lo um ano depois, pena. Descuidei da manuten\u00e7\u00e3o por desconhecimento e, com 60 mil quil\u00f4metros, ocorreu o \u00f3bvio do motor Fiasa: partiu-se a correia dentada do comando de v\u00e1lvulas. Quase perco o cabe\u00e7ote e as v\u00e1lvulas ficaram crepitando, naquele <em>tec-tec-tec<\/em>. Decidi n\u00e3o gastar e repassar, com tristeza. Amava o carro. Era lento, a suspens\u00e3o traseira com feixe de molas transversal cantava como uma cu\u00edca, mas tinha incr\u00edvel dirigibilidade e o interior era um vag\u00e3o da Rede Ferrovi\u00e1ria Federal.<\/p>\n<p>&nbsp;<\/p>\n\n<div class='code-block code-block-7' style='margin: 28px auto; text-align: center; display: block; clear: both;'>\n<br>\n<div align=\"center\">\n<a target=\"_blank\" href=\"https:\/\/bestcars.com.br\/bc\/\">\n<img decoding=\"async\" data-src=\"https:\/\/bestcars.com.br\/bc\/wp-content\/uploads\/2021\/07\/Auto-Livraria-450x300-quadros.jpg\" alt=\"Auto Livraria\" src=\"data:image\/svg+xml;base64,PHN2ZyB3aWR0aD0iMSIgaGVpZ2h0PSIxIiB4bWxucz0iaHR0cDovL3d3dy53My5vcmcvMjAwMC9zdmciPjwvc3ZnPg==\" class=\"lazyload\"><\/a>\n<\/div>\n<br><\/div>\n\n<p>&nbsp;<\/p>\n<h2>Pontos inegoci\u00e1veis<\/h2>\n<p>Quem veio depois n\u00e3o me agradou e pedi separa\u00e7\u00e3o: um Fiat Palio EL 1997, tamb\u00e9m equipado com um Fiasa, mas de 1,5 litro. A dire\u00e7\u00e3o assistida hidr\u00e1ulica era a estrela. O motor era fraco e n\u00e3o passava dos 8 km\/l com gasolina. Como usava o carro no caminho do trabalho, isso era um problema. Mas o que causou a separa\u00e7\u00e3o foi mesmo a barulheira do interior. Todos os pl\u00e1sticos batiam, rangiam, estalavam, tamborilavam. Aquilo me torturava e n\u00e3o suportei: pedi div\u00f3rcio com seis meses. Repassei para meu pai, que adorou\u2014 afinal, o carro tinha incr\u00edveis 12 mil km com quatro anos de uso.<\/p>\n<p>As rela\u00e7\u00f5es seguintes foram mais amistosas, amorosas at\u00e9. Ve\u00edculos que me serviram mec\u00e2nica e afetuosamente. Fui descobrindo no ramerrame da rotina aquilo de que gostava e o que detestava. Barulhos internos: \u00f3dio, inegoci\u00e1vel. Carros com isso eram logo cortados do relacionamento. Suspens\u00e3o dura demais: \u00f3dio. Numa cidade como S\u00e3o Paulo, ter um ve\u00edculo com suspens\u00e3o dura \u00e9 insalubre, piora a h\u00e9rnia de disco, causa irrita\u00e7\u00e3o e descadeiramento.<\/p>\n<p>&nbsp;<\/p>\n<blockquote><p>Com ve\u00edculos que me serviram mec\u00e2nica e afetuosamente, fui descobrindo no ramerrame da rotina aquilo de que gostava e o que detestava em cada um<\/p><\/blockquote>\n<p>&nbsp;<\/p>\n<p>Motor fraco: toler\u00e1vel. Quem precisa de for\u00e7a para andar, se muito, a 50 km\/h na metr\u00f3pole? Gasto excessivo de combust\u00edvel: toler\u00e1vel. Andava pouco. A diferen\u00e7a no bolso ao fim do m\u00eas n\u00e3o seria relevante. Ergonomia: depende&#8230; avalia\u00e7\u00e3o caso a caso. Numa conviv\u00eancia pr\u00f3xima, corpo a corpo, s\u00f3 Deus sabe o quanto irrita procurar bot\u00e3o do vidro no lugar errado, se contorcer para apanhar a fivela do cinto ou buzinar na alavanca da seta.<\/p>\n<p>Meu \u00faltimo div\u00f3rcio foi com outro Fiat Uno, um Way 1,0-litro desse modelo novo, comprado zero-km em 2010. Aprendi na pr\u00e1tica que n\u00e3o se deve comprar carro rec\u00e9m-lan\u00e7ado, arrebatado pela paix\u00e3o na bela cor verde box. O motor era manco, falhava demais, n\u00e3o dava partida com \u00e1lcool nem que eu colocasse um cobertor para o nen\u00e9m n\u00e3o resfriar \u00e0 noite. O limite da rela\u00e7\u00e3o chegou quando pegamos juntos a primeira chuva. Meu bra\u00e7o esquerdo encharcou, tamanha quantidade de pingos que escorreram pela porta. Repassei com seis meses de rela\u00e7\u00e3o.<\/p>\n<p>Importante foi aprender que n\u00e3o existe parceria perfeita, claro. Todos t\u00eam seus defeitinhos na conviv\u00eancia e, de perto, ningu\u00e9m \u00e9 normal. S\u00f3 que conhecer quais s\u00e3o nossos pontos inegoci\u00e1veis \u2014 que podem variar desde a confiabilidade at\u00e9 coisas aparentemente mais tolas, como os barulhos internos \u2014 vai nos tornando mais assertivos na escolha do par para o casamento automobil\u00edstico. Entre essas e outras, um amigo brinca que eu queria mesmo era casar com um Ford Landau: painel de ferro zero-barulho, suspens\u00e3o padr\u00e3o transatl\u00e2ntico e volante cuidadosamente apoiado nas coxas. Acho que ele tem raz\u00e3o.<\/p>\n<a href='https:\/\/autolivraria.com.br\/bc\/informe-se\/colunas\/destaques-colunas\/parecidos-mas-com-historias-bem-diferentes\/' class='small-button smallsilver'>Coluna anterior<\/a>\n<p><em>Ilustra\u00e7\u00e3o:\u00a0<a href=\"https:\/\/www.freepik.com\/free-vector\/employee-angry-at-the-office_901998.htm\" target=\"_blank\">Designed by Freepik<\/a>\u00a0sobre foto de divulga\u00e7\u00e3o<\/em><\/p>\n<p><em>A coluna expressa as opini\u00f5es do colunista e n\u00e3o as do Best Cars<\/em><\/p>\n<p>&nbsp;<\/p>\n","protected":false},"excerpt":{"rendered":"<p>Quem vive todos os dias no carro sabe: a rela\u00e7\u00e3o come\u00e7a no amor e pode terminar em \u00f3dio<\/p>\n","protected":false},"author":6,"featured_media":93694,"comment_status":"open","ping_status":"closed","sticky":false,"template":"","format":"standard","meta":{"_joinchat":[],"footnotes":""},"categories":[4506],"tags":[153,4507],"class_list":["post-95861","post","type-post","status-publish","format-standard","has-post-thumbnail","hentry","category-eu-um-carro-e-a-cidade","tag-colunas-2","tag-eu-um-carro-e-a-cidade"],"amp_enabled":true,"_links":{"self":[{"href":"https:\/\/autolivraria.com.br\/bc\/wp-json\/wp\/v2\/posts\/95861","targetHints":{"allow":["GET"]}}],"collection":[{"href":"https:\/\/autolivraria.com.br\/bc\/wp-json\/wp\/v2\/posts"}],"about":[{"href":"https:\/\/autolivraria.com.br\/bc\/wp-json\/wp\/v2\/types\/post"}],"author":[{"embeddable":true,"href":"https:\/\/autolivraria.com.br\/bc\/wp-json\/wp\/v2\/users\/6"}],"replies":[{"embeddable":true,"href":"https:\/\/autolivraria.com.br\/bc\/wp-json\/wp\/v2\/comments?post=95861"}],"version-history":[{"count":0,"href":"https:\/\/autolivraria.com.br\/bc\/wp-json\/wp\/v2\/posts\/95861\/revisions"}],"wp:featuredmedia":[{"embeddable":true,"href":"https:\/\/autolivraria.com.br\/bc\/wp-json\/wp\/v2\/media\/93694"}],"wp:attachment":[{"href":"https:\/\/autolivraria.com.br\/bc\/wp-json\/wp\/v2\/media?parent=95861"}],"wp:term":[{"taxonomy":"category","embeddable":true,"href":"https:\/\/autolivraria.com.br\/bc\/wp-json\/wp\/v2\/categories?post=95861"},{"taxonomy":"post_tag","embeddable":true,"href":"https:\/\/autolivraria.com.br\/bc\/wp-json\/wp\/v2\/tags?post=95861"}],"curies":[{"name":"wp","href":"https:\/\/api.w.org\/{rel}","templated":true}]}}