{"id":95910,"date":"2018-06-22T17:15:35","date_gmt":"2018-06-22T20:15:35","guid":{"rendered":"http:\/\/bestcars.uol.com.br\/bc\/?p=95910"},"modified":"2018-08-10T17:20:47","modified_gmt":"2018-08-10T20:20:47","slug":"novas-solucoes-para-os-carros-podem-vir-do-passado","status":"publish","type":"post","link":"https:\/\/autolivraria.com.br\/bc\/informe-se\/colunas\/editorial\/novas-solucoes-para-os-carros-podem-vir-do-passado\/","title":{"rendered":"Novas solu\u00e7\u00f5es para os carros podem vir do passado"},"content":{"rendered":"<p><img fetchpriority=\"high\" decoding=\"async\" class=\"aligncenter size-full wp-image-73751\" src=\"https:\/\/autolivraria.com.br\/bc\/wp-content\/uploads\/2016\/06\/Editorial-696.jpg\" alt=\"Editorial\" width=\"696\" height=\"107\" srcset=\"https:\/\/autolivraria.com.br\/bc\/wp-content\/uploads\/2016\/06\/Editorial-696.jpg 696w, https:\/\/autolivraria.com.br\/bc\/wp-content\/uploads\/2016\/06\/Editorial-696-340x52.jpg 340w, https:\/\/autolivraria.com.br\/bc\/wp-content\/uploads\/2016\/06\/Editorial-696-222x34.jpg 222w\" sizes=\"(max-width: 696px) 100vw, 696px\" \/><\/p>\n<h2>Motor traseiro, instrumentos centrais,\u00a0portas abertas para tr\u00e1s e outras velhas ideias\u00a0voltam a ser usados<\/h2>\n<p>&nbsp;<\/p>\n<p>A ind\u00fastria automobil\u00edstica est\u00e1 sempre em busca de novas solu\u00e7\u00f5es para aumentar a efici\u00eancia, a seguran\u00e7a e a praticidade dos carros, al\u00e9m de reduzir custos de desenvolvimento e produ\u00e7\u00e3o. Embora a regra para isso seja olhar \u00e0 frente, vez ou outra vemos os fabricantes se voltando aos retrovisores da hist\u00f3ria para reinterpretar e aperfei\u00e7oar antigas solu\u00e7\u00f5es.<\/p>\n<p>\u00c0 parte o <a href=\"https:\/\/autolivraria.com.br\/bc\/tag\/911\" target=\"_blank\">Porsche 911<\/a> e a quase imortal <a href=\"https:\/\/autolivraria.com.br\/bc\/tag\/kombi\" target=\"_blank\">Volkswagen Kombi<\/a>, quantos modelos usaram motor traseiro (atr\u00e1s do eixo posterior) nos \u00faltimos 20 anos? At\u00e9 a d\u00e9cada de 1960 essa arquitetura era comum em diferentes pa\u00edses, como no <a href=\"https:\/\/www.autolivraria.com.br\/cpassado3\/fusca-1.htm\" target=\"_blank\">Fusca<\/a> e seus derivados, o <a href=\"https:\/\/www.autolivraria.com.br\/cpassado3\/fiat-500-1.htm\" target=\"_blank\">Fiat 500<\/a> dos anos 50, o <a href=\"https:\/\/www.autolivraria.com.br\/ph2\/170b.htm\" target=\"_blank\">Renault 4CV &#8220;Rabo Quente&#8221;<\/a>, o <a href=\"https:\/\/www.autolivraria.com.br\/cpassado3\/corvair-1.htm\" target=\"_blank\">Chevrolet Corvair<\/a> norte-americano e o <a href=\"https:\/\/www.autolivraria.com.br\/ph2\/241c.htm\" target=\"_blank\">Hino Contessa<\/a> japon\u00eas. Contudo, o tempo levou quase todas as marcas ao motor dianteiro. At\u00e9 a Volkswagen, que construiu sua reputa\u00e7\u00e3o em torno do motor traseiro arrefecido a ar, aderiu \u00e0 coloca\u00e7\u00e3o frontal no <a href=\"https:\/\/autolivraria.com.br\/bc\/informe-se\/passado\/historia-vw-passat-representou-uma-mudanca-do-ar-para-a-agua\/\" target=\"_blank\">Passat<\/a>\u00a0e n\u00e3o mudou mais de ideia. Mesmo o New Beetle, nascido como interpreta\u00e7\u00e3o moderna do Fusca, teve o motor \u00e0 frente.<\/p>\n\n<p>&nbsp;<\/p>\n<blockquote><p>Quando tudo parecia definido em favor do motor dianteiro, at\u00e9 no VW Up, veio a Renault com o\u00a0Twingo\u00a0de plataforma de\u00a0Smart e motor traseiro<\/p><\/blockquote>\n<p>&nbsp;<\/p>\n<figure id=\"attachment_95912\" aria-describedby=\"caption-attachment-95912\" style=\"width: 340px\" class=\"wp-caption alignleft\"><a href=\"https:\/\/autolivraria.com.br\/bc\/wp-content\/uploads\/2018\/06\/VW-Up-2007.jpg\" rel=\"attachment wp-att-95912\"><img decoding=\"async\" class=\"size-medium wp-image-95912 lazyload\" data-src=\"https:\/\/autolivraria.com.br\/bc\/wp-content\/uploads\/2018\/06\/VW-Up-2007-340x226.jpg\" alt=\"A VW previu motor traseiro para o Up, mas desistiu; Renault e Smart seguiram adiante\" width=\"340\" height=\"226\" data-srcset=\"https:\/\/autolivraria.com.br\/bc\/wp-content\/uploads\/2018\/06\/VW-Up-2007-340x226.jpg 340w, https:\/\/autolivraria.com.br\/bc\/wp-content\/uploads\/2018\/06\/VW-Up-2007-631x420.jpg 631w, https:\/\/autolivraria.com.br\/bc\/wp-content\/uploads\/2018\/06\/VW-Up-2007-222x148.jpg 222w, https:\/\/autolivraria.com.br\/bc\/wp-content\/uploads\/2018\/06\/VW-Up-2007.jpg 640w\" data-sizes=\"(max-width: 340px) 100vw, 340px\" src=\"data:image\/svg+xml;base64,PHN2ZyB3aWR0aD0iMSIgaGVpZ2h0PSIxIiB4bWxucz0iaHR0cDovL3d3dy53My5vcmcvMjAwMC9zdmciPjwvc3ZnPg==\" style=\"--smush-placeholder-width: 340px; --smush-placeholder-aspect-ratio: 340\/226;\" \/><\/a><figcaption id=\"caption-attachment-95912\" class=\"wp-caption-text\">A VW previu motor traseiro para o Up, mas desistiu; Renault e Smart seguiram adiante<\/figcaption><\/figure>\n<p>Havia raz\u00f5es t\u00e9cnicas para essa escolha. Motor e tra\u00e7\u00e3o dianteiros facilitam programar o carro para um comportamento <a href=\"https:\/\/autolivraria.com.br\/bc\/glossario-s\/#sube\" target=\"_blank\">subester\u00e7ante<\/a> em curvas, de mais f\u00e1cil corre\u00e7\u00e3o pelo motorista \u2014 o <a href=\"https:\/\/autolivraria.com.br\/bc\/glossario-s\/#sobr\" target=\"_blank\">sobrester\u00e7o<\/a>, mais comum com motor e tra\u00e7\u00e3o atr\u00e1s, deve ser corrigido com contraester\u00e7o. Al\u00e9m disso, &#8220;empacotar&#8221; a mec\u00e2nica na frente permite maior\u00a0compartimento de bagagem e, comparado a motor dianteiro com tra\u00e7\u00e3o traseira, favorece a efici\u00eancia (evita o peso e a perda de energia do card\u00e3) e o espa\u00e7o interno (dispensa o volumoso t\u00fanel central).<\/p>\n<p>De repente, quando tudo parecia definido, veio a Renault em 2014 com o <a href=\"https:\/\/autolivraria.com.br\/bc\/tag\/twingo\" target=\"_blank\">Twingo<\/a> de motor traseiro. Na verdade ela n\u00e3o foi a \u00fanica nem a primeira nos tempos recentes: coube \u00e0 Smart trazer de volta essa disposi\u00e7\u00e3o em 1998 com o <a href=\"https:\/\/autolivraria.com.br\/bc\/tag\/fortwo\" target=\"_blank\">Fortwo<\/a>. Mas era um dois-lugares, sem o compromisso com passageiros e bagagem inerente ao Twingo e a seu &#8220;primo&#8221; da Smart, o <a href=\"https:\/\/autolivraria.com.br\/bc\/tag\/forfour\" target=\"_blank\">Forfour<\/a> de quatro lugares. Coincid\u00eancia ou n\u00e3o, o <a href=\"https:\/\/autolivraria.com.br\/bc\/tag\/nano\/\" target=\"_blank\">Tana Nano<\/a> \u2014 lan\u00e7ado em 2008 na \u00cdndia como carro mais barato do mundo \u2014 seguia a mesma f\u00f3rmula.<\/p>\n<p>A Renault atribu\u00eda boas vantagens a sua solu\u00e7\u00e3o, como facilidade em atender \u00e0s normas europeias de prote\u00e7\u00e3o em atropelamentos (deve haver certo espa\u00e7o entre o cap\u00f4 dianteiro e elementos indeform\u00e1veis) e rodas dianteiras que ester\u00e7am em at\u00e9 45 graus e permitem di\u00e2metro de giro de apenas 8,6 metros. A tend\u00eancia sobrester\u00e7ante n\u00e3o representa mais problema desde que o <a href=\"https:\/\/autolivraria.com.br\/bc\/glossario-c\/#esp\" target=\"_blank\">controle eletr\u00f4nico de estabilidade<\/a> se tornou padr\u00e3o.<\/p>\n<p>Contudo, outros fabricantes entenderam que n\u00e3o valia a pena voltar ao motor traseiro, incluindo a pr\u00f3pria marca do Fusca. Tendo apresentado o Up com essa disposi\u00e7\u00e3o em 2007 como <a href=\"https:\/\/www.autolivraria.com.br\/un12\/260-26.htm\" target=\"_blank\">carro-conceito<\/a>\u00a0(que por isso n\u00e3o tinha grade), os alem\u00e3es mudaram o motor para a frente no carro de produ\u00e7\u00e3o. Acredita-se que, al\u00e9m da praticidade, ela tenha considerado que a\u00a0massa da mec\u00e2nica na traseira representa um problema na prote\u00e7\u00e3o dos ocupantes em colis\u00f5es frontais.<\/p>\n<p>&nbsp;<\/p>\n<div class='code-block code-block-7' style='margin: 28px auto; text-align: center; display: block; clear: both;'>\n<script async src=\"https:\/\/pagead2.googlesyndication.com\/pagead\/js\/adsbygoogle.js\"><\/script>\n<!-- AL-quadrado -->\n<ins class=\"adsbygoogle\"\n     style=\"display:block\"\n     data-ad-client=\"ca-pub-1914799802606213\"\n     data-ad-slot=\"5683066082\"\n     data-ad-format=\"auto\"\n     data-full-width-responsive=\"true\"><\/ins>\n<script>\n     (adsbygoogle = window.adsbygoogle || []).push({});\n<\/script><\/div>\n\n<p>&nbsp;<\/p>\n<h2>Portas e alavancas<\/h2>\n<figure id=\"attachment_95913\" aria-describedby=\"caption-attachment-95913\" style=\"width: 340px\" class=\"wp-caption alignright\"><a href=\"https:\/\/autolivraria.com.br\/bc\/wp-content\/uploads\/2018\/06\/Opel-Meriva.jpg\" rel=\"attachment wp-att-95913\"><img decoding=\"async\" class=\"size-medium wp-image-95913 lazyload\" data-src=\"https:\/\/autolivraria.com.br\/bc\/wp-content\/uploads\/2018\/06\/Opel-Meriva-340x226.jpg\" alt=\"Depois do Rolls-Royce Phantom, a Opel Meriva relan\u00e7ou as portas abertas para tr\u00e1s\" width=\"340\" height=\"226\" data-srcset=\"https:\/\/autolivraria.com.br\/bc\/wp-content\/uploads\/2018\/06\/Opel-Meriva-340x226.jpg 340w, https:\/\/autolivraria.com.br\/bc\/wp-content\/uploads\/2018\/06\/Opel-Meriva-631x420.jpg 631w, https:\/\/autolivraria.com.br\/bc\/wp-content\/uploads\/2018\/06\/Opel-Meriva-222x148.jpg 222w, https:\/\/autolivraria.com.br\/bc\/wp-content\/uploads\/2018\/06\/Opel-Meriva.jpg 640w\" data-sizes=\"(max-width: 340px) 100vw, 340px\" src=\"data:image\/svg+xml;base64,PHN2ZyB3aWR0aD0iMSIgaGVpZ2h0PSIxIiB4bWxucz0iaHR0cDovL3d3dy53My5vcmcvMjAwMC9zdmciPjwvc3ZnPg==\" style=\"--smush-placeholder-width: 340px; --smush-placeholder-aspect-ratio: 340\/226;\" \/><\/a><figcaption id=\"caption-attachment-95913\" class=\"wp-caption-text\">Depois do Rolls-Royce Phantom, a Opel Meriva relan\u00e7ou as portas abertas para tr\u00e1s<\/figcaption><\/figure>\n<p>O motor traseiro n\u00e3o foi a \u00fanica antiga solu\u00e7\u00e3o a ressurgir. Outro exemplo \u00e9 a porta aberta para tr\u00e1s, tipo conhecido como suicida e comum na ind\u00fastria at\u00e9 os anos 50 ou 60, incluindo o <a href=\"https:\/\/autolivraria.com.br\/bc\/tag\/dkw-vemag\/\" target=\"_blank\">DKW-Vemag<\/a> brasileiro. Algumas delas apareceram nos anos 90 como portas traseiras em picapes, caso da <a href=\"https:\/\/autolivraria.com.br\/bc\/tag\/ranger\" target=\"_blank\">Ford Ranger<\/a>\u00a0de cabine estendida (vendida tamb\u00e9m no Brasil) e, ainda hoje, da <a href=\"https:\/\/autolivraria.com.br\/bc\/tag\/strada\" target=\"_blank\">Fiat Strada<\/a> de cabine dupla. Houve cup\u00eas com essa porta de um s\u00f3 lado, como o <a href=\"https:\/\/autolivraria.com.br\/bc\/tag\/saturn-sc\" target=\"_blank\">Saturn SC<\/a>,\u00a0ou em ambos, caso do <a href=\"https:\/\/www.autolivraria.com.br\/un13\/363-mazda-rx8-spirit-r.htm\" target=\"_blank\">Mazda RX-8<\/a>. O objetivo era um v\u00e3o de acesso mais largo ao somar a abertura das portas dianteira e traseira sem coluna central, n\u00e3o sendo poss\u00edvel abrir apenas a de tr\u00e1s.<\/p>\n<p>Ent\u00e3o o grupo BMW lan\u00e7ou o <a href=\"https:\/\/autolivraria.com.br\/bc\/tag\/phantom\" target=\"_blank\">Rolls-Royce Phantom<\/a> de 2003 com portas traseiras abertas para tr\u00e1s, de modo independente e com coluna central, e cinco anos depois aplicou a solu\u00e7\u00e3o \u00e0s duas \u00fanicas portas do Phantom Coupe. A alega\u00e7\u00e3o era de acesso mais confort\u00e1vel e elegante para os passageiros, embora se possa questionar se mo\u00e7as de saia concordariam com esse argumento&#8230; N\u00e3o por outra raz\u00e3o, nos anos 60 no Brasil o DKW (pronunciado &#8220;decav\u00ea&#8221;) foi apelidado de &#8220;dexav\u00ea&#8221; ou &#8220;deixa ver&#8221;. Talvez pensando na coloca\u00e7\u00e3o de crian\u00e7as em cadeirinhas, a alem\u00e3 Opel adotou a ideia em sua <a href=\"https:\/\/autolivraria.com.br\/bc\/tag\/meriva\/\" target=\"_blank\">Meriva de segunda gera\u00e7\u00e3o<\/a>.<\/p>\n<p>Tamb\u00e9m do passado, ou quase isso, veio a alavanca de transmiss\u00e3o na coluna de dire\u00e7\u00e3o. A solu\u00e7\u00e3o, lan\u00e7ada na d\u00e9cada de 1930 pela Pontiac, tornou-se t\u00edpica de carros norte-americanos e chegou aos europeus nos anos 50. Teve emprego tamb\u00e9m aqui, da linha DKW ao \u00faltimo <a href=\"https:\/\/autolivraria.com.br\/bc\/tag\/landau\" target=\"_blank\">Ford Landau<\/a>,\u00a0at\u00e9 cair em desuso em favor da montagem no assoalho ou no console. Nos EUA a alavanca continuou na coluna em muitos carros com caixa autom\u00e1tica e, entre n\u00f3s, retornou nos anos 90 e 2000 em modelos como <a href=\"https:\/\/www.autolivraria.com.br\/testes\/exp-1.htm\" target=\"_blank\">Ford Explorer<\/a> e <a href=\"https:\/\/www.autolivraria.com.br\/testes\/rt-1.htm\" target=\"_blank\">Dodge Dakota R\/T<\/a>.<\/p>\n<p>&nbsp;<\/p>\n<blockquote><p>O\u00a0Rolls-Royce Phantom\u00a0trouxe de volta as portas traseiras abertas para tr\u00e1s,\u00a0para &#8220;acesso mais confort\u00e1vel e elegante&#8221;, embora talvez n\u00e3o para mo\u00e7as de saia<\/p><\/blockquote>\n<p>&nbsp;<\/p>\n<p>\u00c0 medida que a liga\u00e7\u00e3o entre a alavanca e a caixa deixou de ser mec\u00e2nica, alguns fabricantes voltaram a coloc\u00e1-la na coluna como simples seletor eletr\u00f4nico de posi\u00e7\u00f5es. A BMW inovou em 2001 com o <a href=\"https:\/\/autolivraria.com.br\/bc\/informe-se\/passado\/historia-bmw-serie7-e23-e32-e38-e65-e66-f01-f04-g11-g12\/\" target=\"_blank\">S\u00e9rie 7<\/a>\u00a0e sua arquirrival Mercedes-Benz seguiu, anos depois, em boa parte de seus autom\u00f3veis. A Citro\u00ebn adotou solu\u00e7\u00e3o parecida na <a href=\"https:\/\/autolivraria.com.br\/bc\/tag\/c4-picasso\" target=\"_blank\">C4 Picasso<\/a>, com uma pequena alavanca sobre a coluna. Como se trata aqui de\u00a0transmiss\u00e3o autom\u00e1tica com sele\u00e7\u00e3o manual em comandos atr\u00e1s do volante, a alavanca na coluna raramente \u00e9 usada na condu\u00e7\u00e3o normal.<\/p>\n<figure id=\"attachment_95915\" aria-describedby=\"caption-attachment-95915\" style=\"width: 340px\" class=\"wp-caption alignleft\"><a href=\"https:\/\/autolivraria.com.br\/bc\/wp-content\/uploads\/2018\/06\/C4-Picasso-1.jpg\" rel=\"attachment wp-att-95915\"><img decoding=\"async\" class=\"size-medium wp-image-95915 lazyload\" data-src=\"https:\/\/autolivraria.com.br\/bc\/wp-content\/uploads\/2018\/06\/C4-Picasso-1-340x226.jpg\" alt=\"Na Citro\u00ebn C4 Picasso, dois retornos: quadro central e instrumentos digitais\" width=\"340\" height=\"226\" data-srcset=\"https:\/\/autolivraria.com.br\/bc\/wp-content\/uploads\/2018\/06\/C4-Picasso-1-340x226.jpg 340w, https:\/\/autolivraria.com.br\/bc\/wp-content\/uploads\/2018\/06\/C4-Picasso-1-631x420.jpg 631w, https:\/\/autolivraria.com.br\/bc\/wp-content\/uploads\/2018\/06\/C4-Picasso-1-222x148.jpg 222w, https:\/\/autolivraria.com.br\/bc\/wp-content\/uploads\/2018\/06\/C4-Picasso-1.jpg 640w\" data-sizes=\"(max-width: 340px) 100vw, 340px\" src=\"data:image\/svg+xml;base64,PHN2ZyB3aWR0aD0iMSIgaGVpZ2h0PSIxIiB4bWxucz0iaHR0cDovL3d3dy53My5vcmcvMjAwMC9zdmciPjwvc3ZnPg==\" style=\"--smush-placeholder-width: 340px; --smush-placeholder-aspect-ratio: 340\/226;\" \/><\/a><figcaption id=\"caption-attachment-95915\" class=\"wp-caption-text\">Na Citro\u00ebn C4 Picasso, dois retornos: quadro central e instrumentos digitais<\/figcaption><\/figure>\n<p>Outra das interfaces entre homem e autom\u00f3vel, o quadro de instrumentos, tem mostrado que antigas solu\u00e7\u00f5es podem voltar. A posi\u00e7\u00e3o central dos mostradores no painel foi comum na primeira metade do s\u00e9culo passado, at\u00e9 nos primeiros Volkswagens. Reapareceu em carros recentes como duas gera\u00e7\u00f5es do Renault Twingo, a <a href=\"https:\/\/autolivraria.com.br\/bc\/tag\/xsara-picasso\" target=\"_blank\">Citro\u00ebn Xsara Picasso<\/a> e a posterior linha <a href=\"https:\/\/autolivraria.com.br\/bc\/tag\/c4\" target=\"_blank\">C4<\/a>, al\u00e9m de\u00a0diversos Toyotas compactos que incluem o <a href=\"https:\/\/autolivraria.com.br\/bc\/tag\/etios\" target=\"_blank\">Etios<\/a>.<\/p>\n<p>Pode parecer\u00a0mera quest\u00e3o de aproveitar o painel em mercados com volante \u00e0 esquerda e \u00e0 direita, mas n\u00e3o s\u00f3: o quadro central pode ser montado mais alto e distante que aquele diante do motorista, para leitura com menor desvio do olhar em rela\u00e7\u00e3o \u00e0 via (a Peugeot obteve essa vantagem com o quadro elevado do <a href=\"https:\/\/autolivraria.com.br\/bc\/tag\/208\" target=\"_blank\">208<\/a>, mas precisou reduzir o volante).<\/p>\n<p>Tamb\u00e9m ressurgiu com for\u00e7a nos \u00faltimos anos o quadro de instrumentos digital, que foi &#8220;febre&#8221; em carros japoneses e at\u00e9 no <a href=\"https:\/\/autolivraria.com.br\/bc\/informe-se\/passado\/chevrolet\/chevrolet-corvette-60-anos-fazendo-sonhar-os-entusiastas\/\" target=\"_blank\">Chevrolet Corvette<\/a> nos anos 80 e, na d\u00e9cada seguinte, esteve nos\u00a0<a href=\"https:\/\/autolivraria.com.br\/bc\/tag\/kadett\" target=\"_blank\">Chevrolets Kadett<\/a>, <a href=\"https:\/\/autolivraria.com.br\/bc\/tag\/monza\" target=\"_blank\">Monza<\/a> e <a href=\"https:\/\/autolivraria.com.br\/bc\/tag\/omega\" target=\"_blank\">Omega<\/a>\u00a0nacionais. Na \u00e9poca, n\u00e3o era uma solu\u00e7\u00e3o pr\u00e1tica: o mostrador digital precisa ser lido, enquanto ao anal\u00f3gico basta ser interpretado \u2014 voc\u00ea v\u00ea o ponteiro para cima e sabe, por exemplo, que est\u00e1 a 120 km\/h.<\/p>\n<p>S\u00f3 que os digitais ficaram mais elaborados com o tempo. Pelo menos desde o <a href=\"https:\/\/autolivraria.com.br\/bc\/informe-se\/passado\/historia-honda-civic-45-anos-de-carreira-em-grande-desempenho\/\" target=\"_blank\">Honda Civic<\/a> de 2007, os d\u00edgitos trazem tantos detalhes e serifas que a leitura se tornou muito simples e r\u00e1pida, enquanto a informa\u00e7\u00e3o precisa de velocidade vem a calhar em meio a\u00a0tanta fiscaliza\u00e7\u00e3o. N\u00e3o \u00e0 toa, repetidor digital do veloc\u00edmetro est\u00e1 hoje em muitos\u00a0modelos. Com o advento mais recente dos quadros de alta resolu\u00e7\u00e3o e amplamente configur\u00e1veis (j\u00e1 dispon\u00edveis em carros compactos como <a href=\"https:\/\/autolivraria.com.br\/bc\/tag\/polo\" target=\"_blank\">VW Polo<\/a> e <a href=\"https:\/\/autolivraria.com.br\/bc\/tag\/virtus\" target=\"_blank\">Virtus<\/a>), o painel digital parece ter, assim como outras antigas solu\u00e7\u00f5es, seu espa\u00e7o assegurado no futuro.<\/p>\n<a href='https:\/\/autolivraria.com.br\/bc\/informe-se\/colunas\/editorial\/cambio-automatico-automatizado-cvt-dct-como-escolher\/' class='small-button smallsilver'>Editorial anterior<\/a>\n<p>&nbsp;<\/p>\n","protected":false},"excerpt":{"rendered":"<p>Motor traseiro, instrumentos centrais, portas abertas para tr\u00e1s e outras velhas ideias voltam a ser usados<\/p>\n","protected":false},"author":6,"featured_media":69289,"comment_status":"open","ping_status":"closed","sticky":false,"template":"","format":"standard","meta":{"_joinchat":[],"footnotes":""},"categories":[3593],"tags":[156,153,19,31],"class_list":["post-95910","post","type-post","status-publish","format-standard","has-post-thumbnail","hentry","category-editorial","tag-carros-do-passado","tag-colunas-2","tag-curiosidades","tag-editorial"],"amp_enabled":true,"_links":{"self":[{"href":"https:\/\/autolivraria.com.br\/bc\/wp-json\/wp\/v2\/posts\/95910","targetHints":{"allow":["GET"]}}],"collection":[{"href":"https:\/\/autolivraria.com.br\/bc\/wp-json\/wp\/v2\/posts"}],"about":[{"href":"https:\/\/autolivraria.com.br\/bc\/wp-json\/wp\/v2\/types\/post"}],"author":[{"embeddable":true,"href":"https:\/\/autolivraria.com.br\/bc\/wp-json\/wp\/v2\/users\/6"}],"replies":[{"embeddable":true,"href":"https:\/\/autolivraria.com.br\/bc\/wp-json\/wp\/v2\/comments?post=95910"}],"version-history":[{"count":0,"href":"https:\/\/autolivraria.com.br\/bc\/wp-json\/wp\/v2\/posts\/95910\/revisions"}],"wp:featuredmedia":[{"embeddable":true,"href":"https:\/\/autolivraria.com.br\/bc\/wp-json\/wp\/v2\/media\/69289"}],"wp:attachment":[{"href":"https:\/\/autolivraria.com.br\/bc\/wp-json\/wp\/v2\/media?parent=95910"}],"wp:term":[{"taxonomy":"category","embeddable":true,"href":"https:\/\/autolivraria.com.br\/bc\/wp-json\/wp\/v2\/categories?post=95910"},{"taxonomy":"post_tag","embeddable":true,"href":"https:\/\/autolivraria.com.br\/bc\/wp-json\/wp\/v2\/tags?post=95910"}],"curies":[{"name":"wp","href":"https:\/\/api.w.org\/{rel}","templated":true}]}}