{"id":95970,"date":"2018-06-26T08:30:28","date_gmt":"2018-06-26T11:30:28","guid":{"rendered":"http:\/\/bestcars.uol.com.br\/bc\/?p=95970"},"modified":"2018-07-10T15:35:22","modified_gmt":"2018-07-10T18:35:22","slug":"sem-a-china-o-que-seria-da-industria-de-automoveis","status":"publish","type":"post","link":"https:\/\/autolivraria.com.br\/bc\/informe-se\/colunas\/carro-micro-macro\/sem-a-china-o-que-seria-da-industria-de-automoveis\/","title":{"rendered":"Sem a China, o que seria da ind\u00fastria de autom\u00f3veis?"},"content":{"rendered":"<p><img fetchpriority=\"high\" decoding=\"async\" class=\"aligncenter size-full wp-image-78831\" src=\"https:\/\/autolivraria.com.br\/bc\/wp-content\/uploads\/2016\/10\/Carro-Micro-e-Macro-2.jpg\" alt=\"Carro Micro e Macro\" width=\"696\" height=\"107\" srcset=\"https:\/\/autolivraria.com.br\/bc\/wp-content\/uploads\/2016\/10\/Carro-Micro-e-Macro-2.jpg 696w, https:\/\/autolivraria.com.br\/bc\/wp-content\/uploads\/2016\/10\/Carro-Micro-e-Macro-2-340x52.jpg 340w, https:\/\/autolivraria.com.br\/bc\/wp-content\/uploads\/2016\/10\/Carro-Micro-e-Macro-2-222x34.jpg 222w\" sizes=\"(max-width: 696px) 100vw, 696px\" \/><\/p>\n<h2>Descontando-se a produ\u00e7\u00e3o de ve\u00edculos chinesa, a do resto do mundo est\u00e1 estagnada, variando 0,9% ao ano<\/h2>\n<p>&nbsp;<\/p>\n<p>Anos atr\u00e1s, quando o governo Lula pretendia que o pa\u00eds tivesse assento no conselho de seguran\u00e7a da ONU, a fim de seduzir os chineses, o Brasil declarou a China como tendo uma economia de mercado. Por aquele tempo, orientei um trabalho de conclus\u00e3o de curso acerca das consequ\u00eancias disso para a economia brasileira. \u00c9 que n\u00e3o havia um jornal sequer que n\u00e3o discutisse diuturnamente o assunto, em geral com contundentes cr\u00edticas a nossa pol\u00edtica externa. A conclus\u00e3o a que se chegou naquele trabalho era de que a declara\u00e7\u00e3o n\u00e3o fedia nem cheirava \u2014 era totalmente in\u00f3cua. A China n\u00e3o venderia nem mais, nem menos gra\u00e7as \u00e0 declara\u00e7\u00e3o e o Brasil n\u00e3o aumentaria nem diminuiria as importa\u00e7\u00f5es por causa disso.<\/p>\n<p>Passados mais de dez anos, a China continua sendo o centro de discuss\u00f5es em \u00e2mbito cultural e econ\u00f4mico. Embora os jornalistas em geral teimem em n\u00e3o usar a paridade do poder de compra como meio de compara\u00e7\u00e3o entre pa\u00edses, tornou-se evidente que a China tem a maior economia do mundo hoje. As retalia\u00e7\u00f5es do governo Trump n\u00e3o s\u00e3o mais que a admiss\u00e3o t\u00e1cita de que os Estados Unidos j\u00e1 n\u00e3o d\u00e3o as cartas no cen\u00e1rio mundial, por importantes que sejam e continuar\u00e3o sendo.<\/p>\n<p>&nbsp;<\/p>\n<blockquote><p>O crescimento m\u00e9dio da produ\u00e7\u00e3o mundial foi de 3,3% ao ano, enquanto o da produ\u00e7\u00e3o chinesa foi de 23,4% ao ano: em m\u00e9dia, ela cresceu 19,3% acima da mundial<\/p><\/blockquote>\n<p>&nbsp;<\/p>\n<figure id=\"attachment_96047\" aria-describedby=\"caption-attachment-96047\" style=\"width: 340px\" class=\"wp-caption alignleft\"><a href=\"https:\/\/autolivraria.com.br\/bc\/wp-content\/uploads\/2018\/06\/Land-Rover-China.jpg\" rel=\"attachment wp-att-96047\"><img decoding=\"async\" class=\"size-medium wp-image-96047 lazyload\" data-src=\"https:\/\/autolivraria.com.br\/bc\/wp-content\/uploads\/2018\/06\/Land-Rover-China-340x226.jpg\" alt=\"F\u00e1brica da Land Rover na China; o pa\u00eds, que tinha 1,4% da produ\u00e7\u00e3o mundial em 1999, chegou a 34% no ano passado\" width=\"340\" height=\"226\" data-srcset=\"https:\/\/autolivraria.com.br\/bc\/wp-content\/uploads\/2018\/06\/Land-Rover-China-340x226.jpg 340w, https:\/\/autolivraria.com.br\/bc\/wp-content\/uploads\/2018\/06\/Land-Rover-China-631x420.jpg 631w, https:\/\/autolivraria.com.br\/bc\/wp-content\/uploads\/2018\/06\/Land-Rover-China-222x148.jpg 222w, https:\/\/autolivraria.com.br\/bc\/wp-content\/uploads\/2018\/06\/Land-Rover-China.jpg 640w\" data-sizes=\"(max-width: 340px) 100vw, 340px\" src=\"data:image\/svg+xml;base64,PHN2ZyB3aWR0aD0iMSIgaGVpZ2h0PSIxIiB4bWxucz0iaHR0cDovL3d3dy53My5vcmcvMjAwMC9zdmciPjwvc3ZnPg==\" style=\"--smush-placeholder-width: 340px; --smush-placeholder-aspect-ratio: 340\/226;\" \/><\/a><figcaption id=\"caption-attachment-96047\" class=\"wp-caption-text\">F\u00e1brica da Land Rover na China; o pa\u00eds, que tinha 1,4% da produ\u00e7\u00e3o mundial em 1999, chegou a 34% no ano passado<\/figcaption><\/figure>\n<p>Foi pensando nisso que resolvi escrever sobre o papel da China na ind\u00fastria automobil\u00edstica. Minha inten\u00e7\u00e3o inicial era montar um modelo econom\u00e9trico, tendo como vari\u00e1vel dependente a produ\u00e7\u00e3o de ve\u00edculos e como vari\u00e1veis independentes a produ\u00e7\u00e3o chinesa, a do resto do mundo, a exporta\u00e7\u00e3o da China e a crise. Para quem gosta de Estat\u00edstica, o modelo \u00e9 P = A0 + A1X1 + A2X2 + A3X3, onde P \u00e9 produ\u00e7\u00e3o mundial de autom\u00f3veis, X1 \u00e9 a produ\u00e7\u00e3o da China e X2 \u00e9 a produ\u00e7\u00e3o mundial, descontada a China e acrescida das exporta\u00e7\u00f5es dela para o resto do mundo.<\/p>\n<p>A vari\u00e1vel X3, por sua vez, \u00e9 uma <em>dummy,<\/em>\u00a0vari\u00e1vel bin\u00e1ria em que 0 corresponde \u00e0 situa\u00e7\u00e3o normal e 1 identifica o per\u00edodo cr\u00edtico. Assim, na s\u00e9rie, os anos de 2009 a 2013, correspondendo \u00e0 crise, teriam o valor 1 e os restante seriam 0. Os coeficientes A1, A2 e A3 representariam a tend\u00eancia secular em n\u00famero de ve\u00edculos. Se algum deles fosse negativo, apontaria tend\u00eancia ao decl\u00ednio nas vendas, enquanto positivo representaria prov\u00e1vel crescimento.<\/p>\n<p>Depois de levantar os dados, enfrentei dois problemas. O primeiro \u00e9 que carros s\u00e3o comprados por in\u00fameros motivos, haja vista que s\u00e3o bens de consumo sujeitos ao gosto do fregu\u00eas, \u00e0 sua renda e \u00e0s condi\u00e7\u00f5es de financiamento, entre muitas outras vari\u00e1veis. J\u00e1 os ve\u00edculos comerciais s\u00e3o fun\u00e7\u00e3o da atividade econ\u00f4mica prioritariamente, n\u00e3o se podendo misturar \u00e0 categoria de carros de passageiros. Resolvi a primeira quest\u00e3o usando somente carros de passageiros e reservando os comerciais para outra mat\u00e9ria.<\/p>\n<p>&nbsp;<\/p>\n\n<div class='code-block code-block-7' style='margin: 28px auto; text-align: center; display: block; clear: both;'>\n<script async src=\"https:\/\/pagead2.googlesyndication.com\/pagead\/js\/adsbygoogle.js\"><\/script>\n<!-- AL-quadrado -->\n<ins class=\"adsbygoogle\"\n     style=\"display:block\"\n     data-ad-client=\"ca-pub-1914799802606213\"\n     data-ad-slot=\"5683066082\"\n     data-ad-format=\"auto\"\n     data-full-width-responsive=\"true\"><\/ins>\n<script>\n     (adsbygoogle = window.adsbygoogle || []).push({});\n<\/script><\/div>\n\n<p>&nbsp;<\/p>\n<h2>Produ\u00e7\u00e3o estagnada<\/h2>\n<p>O segundo problema \u00e9 que os n\u00fameros s\u00e3o estrondosamente d\u00edspares e qualquer modelo elaborado n\u00e3o faria nada a n\u00e3o ser o \u00f3bvio, sob o ponto de vista dos \u201cprofetas do passado\u201d. De acordo com a tabela a seguir, a China tinha apenas 1,43% da produ\u00e7\u00e3o mundial (565 mil unidades) em 1999, saltando para 34% (mais de 24 milh\u00f5es) em 2017. O crescimento m\u00e9dio da produ\u00e7\u00e3o mundial foi de 3,32% ao ano, enquanto o da produ\u00e7\u00e3o chinesa foi de 23,38% ao ano. Isso significa que, em m\u00e9dia, ela cresceu 19,33% acima da mundial, portanto, a\u00e7ambarcando parcela importante dos investimentos no setor.<\/p>\n<p>&nbsp;<\/p>\n<p><img decoding=\"async\" class=\"aligncenter size-full wp-image-95971 lazyload\" data-src=\"https:\/\/autolivraria.com.br\/bc\/wp-content\/uploads\/2018\/06\/Tabela-China.png\" alt=\"Tabela-China\" width=\"696\" height=\"719\" data-srcset=\"https:\/\/autolivraria.com.br\/bc\/wp-content\/uploads\/2018\/06\/Tabela-China.png 696w, https:\/\/autolivraria.com.br\/bc\/wp-content\/uploads\/2018\/06\/Tabela-China-340x351.png 340w, https:\/\/autolivraria.com.br\/bc\/wp-content\/uploads\/2018\/06\/Tabela-China-407x420.png 407w, https:\/\/autolivraria.com.br\/bc\/wp-content\/uploads\/2018\/06\/Tabela-China-222x229.png 222w\" data-sizes=\"(max-width: 696px) 100vw, 696px\" src=\"data:image\/svg+xml;base64,PHN2ZyB3aWR0aD0iMSIgaGVpZ2h0PSIxIiB4bWxucz0iaHR0cDovL3d3dy53My5vcmcvMjAwMC9zdmciPjwvc3ZnPg==\" style=\"--smush-placeholder-width: 696px; --smush-placeholder-aspect-ratio: 696\/719;\" \/><\/p>\n<p>&nbsp;<\/p>\n<p>Quanto mais significativa fica a China, mais o crescimento da produ\u00e7\u00e3o mundial tende ao crescimento de l\u00e1. Isso ainda n\u00e3o \u00e9 muito percept\u00edvel, mas, na medida em que o n\u00famero de autom\u00f3veis por habitante aproximar-se da m\u00e9dia mundial\u2014 quem sabe, da dos pa\u00edses mais motorizados \u2014, o fen\u00f4meno vai ficando cada vez mais evidente.<\/p>\n<p>Mais impressionante foi constatar que, retirando-se a produ\u00e7\u00e3o chinesa, a do resto do mundo est\u00e1 estagnada, variando 0,9% ao ano no mesmo per\u00edodo. In\u00fameras mat\u00e9rias nacionais e estrangeiras dizem que existe uma migra\u00e7\u00e3o da produ\u00e7\u00e3o para l\u00e1, at\u00e9 mesmo com a terceiriza\u00e7\u00e3o da fabrica\u00e7\u00e3o. Embora o fen\u00f4meno seja indiscut\u00edvel, ainda n\u00e3o \u00e9 significativo porque menos de 800 mil autom\u00f3veis sa\u00edram da China em 2017, ou seja, pouco mais de 3% da produ\u00e7\u00e3o. Na verdade, ainda com dados da China Association of Automobile Manufacturers, entraram no pa\u00eds cerca de 1,1 milh\u00e3o de carros no per\u00edodo, tornando-a importador l\u00edquido.<\/p>\n<p>&nbsp;<\/p>\n<blockquote><p>Tudo indica que o mercado automobil\u00edstico esteja e continuar\u00e1 crescendo mais lentamente que a taxa da expans\u00e3o vegetativa, exceto em alguns mercados<\/p><\/blockquote>\n<p>&nbsp;<\/p>\n<p>De fato, h\u00e1 pa\u00edses como Chile e Austr\u00e1lia em que a produ\u00e7\u00e3o simplesmente se encerrou. Em outros, como os Estados Unidos, as quantidades reduziram-se a n\u00edveis inimagin\u00e1veis. Segundo a mesma fonte da tabela, em 2017, produziram-se em torno de 3 milh\u00f5es de autom\u00f3veis de passeio, contra 8,1 milh\u00f5es de ve\u00edculos comerciais. Em 1999 eram 5,6 milh\u00f5es contra 7,4 milh\u00f5es, na mesma ordem. Mesmo que para os EUA a migra\u00e7\u00e3o do consumo individual de carros para utilit\u00e1rios seja uma distor\u00e7\u00e3o estat\u00edstica, pois eles provavelmente foram inseridos como comerciais, a queda foi significativa. Isso pode n\u00e3o se dever \u00e0 invas\u00e3o chinesa, mas a acordos comerciais como o NAFTA, al\u00e9m de outros bilaterais e da importa\u00e7\u00e3o independente de outros pa\u00edses.<\/p>\n<p>Assim, conquanto o trampolim de exporta\u00e7\u00f5es esteja sendo constru\u00eddo de fato, n\u00e3o se pode afirmar que o que ocorre naquele gigante oriental seja afetado pela propens\u00e3o a consumir autom\u00f3veis no resto do mundo. Em outras palavras, tudo indica que o mercado automobil\u00edstico esteja e continuar\u00e1 crescendo mais lentamente que a taxa da expans\u00e3o vegetativa, exceto em alguns mercados em que a motoriza\u00e7\u00e3o m\u00e9dia da popula\u00e7\u00e3o seja significativamente deficiente, o que parece ser o caso da China e da \u00cdndia \u2014 esta n\u00e3o analisada aqui por n\u00e3o ser o tema da mat\u00e9ria, embora mere\u00e7a estudo \u00e0 parte.<\/p>\n<p>Atingido o n\u00edvel de carros por habitante de um pa\u00eds medianamente desenvolvido, o encanto tende a acabar, assim como tem acontecido para os hardwares em geral, como telefones celulares. O drag\u00e3o tem fogo, mas o combust\u00edvel n\u00e3o \u00e9 eterno.<\/p>\n<a href='https:\/\/autolivraria.com.br\/bc\/informe-se\/colunas\/destaques-colunas\/o-carro-e-meu-posso-desmontar\/' class='small-button smallsilver'>Coluna anterior<\/a>\n<p><em>A coluna expressa as opini\u00f5es do colunista e n\u00e3o as do Best Cars<\/em><\/p>\n<p>&nbsp;<\/p>\n","protected":false},"excerpt":{"rendered":"<p>Descontando-se a produ\u00e7\u00e3o de ve\u00edculos chinesa, a do resto do mundo est\u00e1 estagnada, variando 0,9% ao ano<\/p>\n","protected":false},"author":6,"featured_media":78830,"comment_status":"open","ping_status":"closed","sticky":false,"template":"","format":"standard","meta":{"_joinchat":[],"footnotes":""},"categories":[4195],"tags":[4196,153,2581,591],"class_list":["post-95970","post","type-post","status-publish","format-standard","has-post-thumbnail","hentry","category-carro-micro-macro","tag-carro-micro-e-macro","tag-colunas-2","tag-industria","tag-mercado"],"amp_enabled":true,"_links":{"self":[{"href":"https:\/\/autolivraria.com.br\/bc\/wp-json\/wp\/v2\/posts\/95970","targetHints":{"allow":["GET"]}}],"collection":[{"href":"https:\/\/autolivraria.com.br\/bc\/wp-json\/wp\/v2\/posts"}],"about":[{"href":"https:\/\/autolivraria.com.br\/bc\/wp-json\/wp\/v2\/types\/post"}],"author":[{"embeddable":true,"href":"https:\/\/autolivraria.com.br\/bc\/wp-json\/wp\/v2\/users\/6"}],"replies":[{"embeddable":true,"href":"https:\/\/autolivraria.com.br\/bc\/wp-json\/wp\/v2\/comments?post=95970"}],"version-history":[{"count":0,"href":"https:\/\/autolivraria.com.br\/bc\/wp-json\/wp\/v2\/posts\/95970\/revisions"}],"wp:featuredmedia":[{"embeddable":true,"href":"https:\/\/autolivraria.com.br\/bc\/wp-json\/wp\/v2\/media\/78830"}],"wp:attachment":[{"href":"https:\/\/autolivraria.com.br\/bc\/wp-json\/wp\/v2\/media?parent=95970"}],"wp:term":[{"taxonomy":"category","embeddable":true,"href":"https:\/\/autolivraria.com.br\/bc\/wp-json\/wp\/v2\/categories?post=95970"},{"taxonomy":"post_tag","embeddable":true,"href":"https:\/\/autolivraria.com.br\/bc\/wp-json\/wp\/v2\/tags?post=95970"}],"curies":[{"name":"wp","href":"https:\/\/api.w.org\/{rel}","templated":true}]}}