{"id":96492,"date":"2018-07-17T10:10:16","date_gmt":"2018-07-17T13:10:16","guid":{"rendered":"http:\/\/bestcars.uol.com.br\/bc\/?p=96492"},"modified":"2018-07-31T16:34:39","modified_gmt":"2018-07-31T19:34:39","slug":"o-dia-em-que-furtaram-meu-carro","status":"publish","type":"post","link":"https:\/\/autolivraria.com.br\/bc\/informe-se\/colunas\/eu-um-carro-e-a-cidade\/o-dia-em-que-furtaram-meu-carro\/","title":{"rendered":"O dia em que furtaram meu carro"},"content":{"rendered":"<p><img fetchpriority=\"high\" decoding=\"async\" class=\"aligncenter size-full wp-image-93693\" src=\"https:\/\/autolivraria.com.br\/bc\/wp-content\/uploads\/2018\/03\/Eu-um-Carro-e-a-Cidade.jpg\" alt=\"Eu-um-Carro-e-a-Cidade\" width=\"696\" height=\"100\" srcset=\"https:\/\/autolivraria.com.br\/bc\/wp-content\/uploads\/2018\/03\/Eu-um-Carro-e-a-Cidade.jpg 696w, https:\/\/autolivraria.com.br\/bc\/wp-content\/uploads\/2018\/03\/Eu-um-Carro-e-a-Cidade-340x49.jpg 340w, https:\/\/autolivraria.com.br\/bc\/wp-content\/uploads\/2018\/03\/Eu-um-Carro-e-a-Cidade-222x32.jpg 222w\" sizes=\"(max-width: 696px) 100vw, 696px\" \/><\/p>\n<h2>Aquele momento que todo dono de carro teme, aconteceu\u00a0\u2014 e n\u00e3o foi nada bom<\/h2>\n<p>&nbsp;<\/p>\n<p>Faz 20 anos que sou propriet\u00e1rio de autom\u00f3vel. Sempre com seguro, \u00f3bvio. No entanto, jamais achei que um dia fosse usar a ap\u00f3lice para cobrir furto ou roubo, porque me via ileso \u00e0s mazelas do mundo, acreditando que meu anjo da guarda \u00e9 mais poderoso e que usufruo daquela prote\u00e7\u00e3o sobrenatural de que os demais mortais carecem. Parava o carro apenas em estacionamentos e, quando na rua, em locais meticulosamente escolhidos. At\u00e9 parece que faz diferen\u00e7a.<\/p>\n<p>Um seguro \u00e9 importante muito al\u00e9m do furto ou roubo. Um autom\u00f3vel tem m\u00faltiplas utilidades, como v\u00eam nos demonstrando os terroristas mundo afora. \u00c9 uma verdadeira arma: pode ser usado para matar, volunt\u00e1ria e involuntariamente. Estar na rua todos os dias pilotando uma tonelada de metal a 60 km\/h parece in\u00f3cuo, mas basta saber um pouco de f\u00edsica que logo entender\u00e1 por que \u00e9 importante ter um seguro contra terceiros ou que cubra sua responsabilidade civil ao volante.<\/p>\n<p>&nbsp;<\/p>\n<blockquote><p>Dei uma volta no quarteir\u00e3o, rodei mais uma. E nada. Levaram meu carro! Sobrei com a chave na m\u00e3o, sem pai nem m\u00e3e no meio da rua<\/p><\/blockquote>\n<p>&nbsp;<\/p>\n<figure id=\"attachment_96493\" aria-describedby=\"caption-attachment-96493\" style=\"width: 340px\" class=\"wp-caption alignleft\"><a href=\"https:\/\/autolivraria.com.br\/bc\/wp-content\/uploads\/2018\/07\/Roubo-de-carro.jpg\" rel=\"attachment wp-att-96493\"><img decoding=\"async\" class=\"size-medium wp-image-96493 lazyload\" data-src=\"https:\/\/autolivraria.com.br\/bc\/wp-content\/uploads\/2018\/07\/Roubo-de-carro-340x226.jpg\" alt=\"Autom\u00f3vel \u00e9 algo sujeito a todo tipo de furto que se possa ter not\u00edcia\" width=\"340\" height=\"226\" data-srcset=\"https:\/\/autolivraria.com.br\/bc\/wp-content\/uploads\/2018\/07\/Roubo-de-carro-340x226.jpg 340w, https:\/\/autolivraria.com.br\/bc\/wp-content\/uploads\/2018\/07\/Roubo-de-carro-631x420.jpg 631w, https:\/\/autolivraria.com.br\/bc\/wp-content\/uploads\/2018\/07\/Roubo-de-carro-222x148.jpg 222w, https:\/\/autolivraria.com.br\/bc\/wp-content\/uploads\/2018\/07\/Roubo-de-carro.jpg 640w\" data-sizes=\"(max-width: 340px) 100vw, 340px\" src=\"data:image\/svg+xml;base64,PHN2ZyB3aWR0aD0iMSIgaGVpZ2h0PSIxIiB4bWxucz0iaHR0cDovL3d3dy53My5vcmcvMjAwMC9zdmciPjwvc3ZnPg==\" style=\"--smush-placeholder-width: 340px; --smush-placeholder-aspect-ratio: 340\/226;\" \/><\/a><figcaption id=\"caption-attachment-96493\" class=\"wp-caption-text\">Autom\u00f3vel \u00e9 algo sujeito a todo tipo de furto que se possa ter not\u00edcia<\/figcaption><\/figure>\n<p>At\u00e9 que um dia, meu pior pesadelo tornou-se realidade, do alto de um b\u00f4nus \u201c10\u201d da seguradora. Parei o carro numa rua conhecida, tranquila e bem movimentada do bairro do Ipiranga, na capital paulista, logo pela manh\u00e3, para um compromisso. Pouco antes do almo\u00e7o, me despedi e fui para o local onde o carro fora estacionado. E tinha nada no lugar. Zero. Vazio. Rosca.<\/p>\n<p>N\u00e3o foi imediata a conclus\u00e3o de que havia algo errado. Procurei mais, andei, vi o outro lado da rua, pensei ter confundido o local do estacionamento. Dei uma volta no quarteir\u00e3o, rodei mais uma. E nada. Levaram meu carro! Sobrei com a chave na m\u00e3o. Devo ter ficado paralisado por uns cinco minutos, sem pai nem m\u00e3e no meio da rua.<\/p>\n<p>Antes de odiar o ladravaz que levou meu carro, olhei para minha m\u00e3o, mirei a chave e pensei: \u201cEi, esse carro tem imobilizador eletr\u00f4nico\u201d. Imobilizador que, certa feita, me deixou na m\u00e3o se negando a permitir a partida do autom\u00f3vel por um defeito na leitura do elemento magn\u00e9tico da chave. Ent\u00e3o \u00e9 assim? Ele impede o dono de ligar o carro, mas n\u00e3o o ladr\u00e3o?! Maldita tecnologia in\u00fatil.<\/p>\n<p>&nbsp;<\/p>\n\n<div class='code-block code-block-7' style='margin: 28px auto; text-align: center; display: block; clear: both;'>\n<script async src=\"https:\/\/pagead2.googlesyndication.com\/pagead\/js\/adsbygoogle.js\"><\/script>\n<!-- AL-quadrado -->\n<ins class=\"adsbygoogle\"\n     style=\"display:block\"\n     data-ad-client=\"ca-pub-1914799802606213\"\n     data-ad-slot=\"5683066082\"\n     data-ad-format=\"auto\"\n     data-full-width-responsive=\"true\"><\/ins>\n<script>\n     (adsbygoogle = window.adsbygoogle || []).push({});\n<\/script><\/div>\n\n<p>&nbsp;<\/p>\n<h2>Chaves codificadas<\/h2>\n<p>Nunca ouvi falar que algum carro foi impedido de ser levado pela a\u00e7\u00e3o exemplar do tal imobilizador. Acho mesmo que a grande fun\u00e7\u00e3o do dito cujo \u00e9 encarecer as c\u00f3pias das tais chaves codificadas e deix\u00e1-lo em apuros na revenda, quando o comprador pedir \u201ccad\u00ea o cart\u00e3o do c\u00f3digo?\u201d e voc\u00ea fizer cara de quem sujou a fralda.<\/p>\n<p>Autom\u00f3vel \u00e9 algo sujeito a todo tipo de furto que se possa ter not\u00edcia. \u00c9 um bem que d\u00e1 medo s\u00f3 de ter, primeiramente porque nos custa os olhos da cara. Depois, tudo ali \u00e9 comercializ\u00e1vel, dos parafusos aos sensores mais sofisticados; dos pneus aos bancos, tudo, tudo. Os fabricantes evolu\u00edram em alguns pontos para dificultar a vida dos gatunos, mas outros pontos parecem negligenciados, como o exemplo da partida do motor.<\/p>\n<p>&nbsp;<\/p>\n<blockquote><p>D\u00e9cadas atr\u00e1s, os homens saiam elegantes do autom\u00f3vel levando a tiracolo o palet\u00f3, a capanga e um belo toca-fitas Roadstar, Motoradio ou Blaupunkt pela al\u00e7a<\/p><\/blockquote>\n<p>&nbsp;<\/p>\n<p>Voc\u00ea podia chegar na rua e ver seu carro sobre cavaletes, caso um canalha tenha roubado suas lindas rodas de alum\u00ednio \u2014 aconteceu certa vez at\u00e9 com o Mercedes AMG de Bernie Ecclestone, ent\u00e3o chef\u00e3o da F\u00f3rmula 1. Os parafusos antifurto de hoje, com segredos bem-feitos, parecem ter resolvido. Estepes, item dos mais cobi\u00e7ados ultimamente, podem ser bloqueados com travas ou correntes espec\u00edficas. Os r\u00e1dios, quem n\u00e3o se lembra? Qu\u00e3o comum era chegar e chorar com o vidro estilha\u00e7ado por algum bandidinho que levou embora seu toca-fitas.<\/p>\n<p>D\u00e9cadas atr\u00e1s, quando os r\u00e1dios n\u00e3o eram integrados ao painel, os homens saiam elegantes de seus autom\u00f3veis levando a tiracolo o palet\u00f3, a capanga e um belo Roadstar, Motoradio ou Blaupunkt, pela al\u00e7a. A\u00ed, a ind\u00fastria inventou que bastava destacar a frente do r\u00e1dio que estava tudo resolvido. Ent\u00e3o a bandidagem criou o \u201cmercado de frentes\u201d. A quest\u00e3o parece ter-se resolvido quando os r\u00e1dios passaram a se integrar completamente ao painel, de modo que \u00e9 mais f\u00e1cil rebocar o carro a levar o r\u00e1dio, ao menos que se ande com uma britadeira pneum\u00e1tica para assaltos.<\/p>\n<p>Alarmes e imobilizadores n\u00e3o parecem exercer intimida\u00e7\u00e3o alguma. N\u00e3o \u00e9 poss\u00edvel que ainda n\u00e3o se tenha chegado a uma tecnologia capaz de impedir que um pilantra ande com seu carro sem sua autoriza\u00e7\u00e3o. N\u00e3o importa quantos bot\u00f5es, c\u00f3digos, \u00edm\u00e3s e cart\u00f5es se invente, sempre tem um moleque que enfia as m\u00e3os por baixo do painel, puxa dois fios e pumba \u2014 liga seu motor e cai fora.<\/p>\n<p>Boa mesmo era aquela trava, parecida com uma bengala, que bloqueava volante e pedal do freio, hein? Devia ter comprado uma dessas e economizado uns bons trocados esses anos todos. Ao menos parece que a seguradora me reembolsar\u00e1. Se somar 20 anos de seguro, ter\u00e1 dado o pre\u00e7o do reembolso. Afinal, o que nesse pa\u00eds n\u00e3o custa pelo menos duas vezes o que vale?<\/p>\n<a href='https:\/\/autolivraria.com.br\/bc\/informe-se\/colunas\/destaques-colunas\/sera-o-futuro-do-automovel-algo-triste\/' class='small-button smallsilver'>Coluna anterior<\/a>\n<p><em>A coluna expressa as opini\u00f5es do colunista e n\u00e3o as do Best Cars<\/em><\/p>\n<p>&nbsp;<\/p>\n","protected":false},"excerpt":{"rendered":"<p>Aquele momento que todo dono de carro teme, aconteceu \u2014 e n\u00e3o foi nada bom<\/p>\n","protected":false},"author":6,"featured_media":93694,"comment_status":"open","ping_status":"closed","sticky":false,"template":"","format":"standard","meta":{"_joinchat":[],"footnotes":""},"categories":[4506],"tags":[153,4507],"class_list":["post-96492","post","type-post","status-publish","format-standard","has-post-thumbnail","hentry","category-eu-um-carro-e-a-cidade","tag-colunas-2","tag-eu-um-carro-e-a-cidade"],"amp_enabled":true,"_links":{"self":[{"href":"https:\/\/autolivraria.com.br\/bc\/wp-json\/wp\/v2\/posts\/96492","targetHints":{"allow":["GET"]}}],"collection":[{"href":"https:\/\/autolivraria.com.br\/bc\/wp-json\/wp\/v2\/posts"}],"about":[{"href":"https:\/\/autolivraria.com.br\/bc\/wp-json\/wp\/v2\/types\/post"}],"author":[{"embeddable":true,"href":"https:\/\/autolivraria.com.br\/bc\/wp-json\/wp\/v2\/users\/6"}],"replies":[{"embeddable":true,"href":"https:\/\/autolivraria.com.br\/bc\/wp-json\/wp\/v2\/comments?post=96492"}],"version-history":[{"count":0,"href":"https:\/\/autolivraria.com.br\/bc\/wp-json\/wp\/v2\/posts\/96492\/revisions"}],"wp:featuredmedia":[{"embeddable":true,"href":"https:\/\/autolivraria.com.br\/bc\/wp-json\/wp\/v2\/media\/93694"}],"wp:attachment":[{"href":"https:\/\/autolivraria.com.br\/bc\/wp-json\/wp\/v2\/media?parent=96492"}],"wp:term":[{"taxonomy":"category","embeddable":true,"href":"https:\/\/autolivraria.com.br\/bc\/wp-json\/wp\/v2\/categories?post=96492"},{"taxonomy":"post_tag","embeddable":true,"href":"https:\/\/autolivraria.com.br\/bc\/wp-json\/wp\/v2\/tags?post=96492"}],"curies":[{"name":"wp","href":"https:\/\/api.w.org\/{rel}","templated":true}]}}