{"id":96582,"date":"2018-07-23T10:32:54","date_gmt":"2018-07-23T13:32:54","guid":{"rendered":"http:\/\/bestcars.uol.com.br\/bc\/?p=96582"},"modified":"2018-07-27T16:41:59","modified_gmt":"2018-07-27T19:41:59","slug":"para-novos-clientes-volkswagen-automatiza","status":"publish","type":"post","link":"https:\/\/autolivraria.com.br\/bc\/informe-se\/colunas\/de-carro-por-ai\/para-novos-clientes-volkswagen-automatiza\/","title":{"rendered":"Para novos clientes, Volkswagen automatiza"},"content":{"rendered":"<p><img fetchpriority=\"high\" decoding=\"async\" class=\"aligncenter size-full wp-image-75021\" src=\"https:\/\/autolivraria.com.br\/bc\/wp-content\/uploads\/2016\/07\/De-Carro-por-Ai-2016.jpg\" alt=\"De Carro por A\u00ed - Nasser\" width=\"696\" height=\"107\" srcset=\"https:\/\/autolivraria.com.br\/bc\/wp-content\/uploads\/2016\/07\/De-Carro-por-Ai-2016.jpg 696w, https:\/\/autolivraria.com.br\/bc\/wp-content\/uploads\/2016\/07\/De-Carro-por-Ai-2016-340x52.jpg 340w, https:\/\/autolivraria.com.br\/bc\/wp-content\/uploads\/2016\/07\/De-Carro-por-Ai-2016-222x34.jpg 222w\" sizes=\"(max-width: 696px) 100vw, 696px\" \/><\/p>\n<h2>Transmiss\u00e3o autom\u00e1tica chega \u00e0 vers\u00e3o 1,6 de Polo e Virtus e, em alguns dias, tamb\u00e9m a Gol e Voyage<\/h2>\n<p>&nbsp;<\/p>\n<p>Na arrancada para manter crescimento, fazer lucros e retomar lideran\u00e7a perdida h\u00e1 15 anos, Volkswagen desenvolveu projeto de produtos e R$ 7 bilh\u00f5es em investimentos. Realiza a maior ofensiva de mercado no Brasil, alinhando mostrar 20 lan\u00e7amentos at\u00e9 2020. Num leque de a\u00e7\u00f5es, desde a ado\u00e7\u00e3o do r\u00f3tulo de Nova Volkswagen para assinalar nova postura a p\u00fablicos interno e externo e revendedores, at\u00e9 a consci\u00eancia da bobeada de n\u00e3o possuir utilit\u00e1rios esporte em sua grade de produtos locais.<\/p>\n<p><a href=\"https:\/\/autolivraria.com.br\/bc\/wp-content\/uploads\/2018\/01\/VW-Virtus-MSI-6.jpg\" rel=\"attachment wp-att-91862\"><img decoding=\"async\" class=\"alignleft size-medium wp-image-91862 lazyload\" data-src=\"https:\/\/autolivraria.com.br\/bc\/wp-content\/uploads\/2018\/01\/VW-Virtus-MSI-6-340x227.jpg\" alt=\"VW Virtus MSI (6)\" width=\"340\" height=\"227\" data-srcset=\"https:\/\/autolivraria.com.br\/bc\/wp-content\/uploads\/2018\/01\/VW-Virtus-MSI-6-340x227.jpg 340w, https:\/\/autolivraria.com.br\/bc\/wp-content\/uploads\/2018\/01\/VW-Virtus-MSI-6-696x464.jpg 696w, https:\/\/autolivraria.com.br\/bc\/wp-content\/uploads\/2018\/01\/VW-Virtus-MSI-6-630x420.jpg 630w, https:\/\/autolivraria.com.br\/bc\/wp-content\/uploads\/2018\/01\/VW-Virtus-MSI-6-222x148.jpg 222w, https:\/\/autolivraria.com.br\/bc\/wp-content\/uploads\/2018\/01\/VW-Virtus-MSI-6.jpg 1280w\" data-sizes=\"(max-width: 340px) 100vw, 340px\" src=\"data:image\/svg+xml;base64,PHN2ZyB3aWR0aD0iMSIgaGVpZ2h0PSIxIiB4bWxucz0iaHR0cDovL3d3dy53My5vcmcvMjAwMC9zdmciPjwvc3ZnPg==\" style=\"--smush-placeholder-width: 340px; --smush-placeholder-aspect-ratio: 340\/227;\" \/><\/a>Agora, assumindo a distribui\u00e7\u00e3o de seus produtos para a Am\u00e9rica Latina, inicia passos com cria\u00e7\u00e3o de vers\u00f5es de produtos j\u00e1 existentes. Primeiros deles, Polo e Virtus com op\u00e7\u00e3o de transmiss\u00e3o autom\u00e1tica para o motor de 1,6 litro. Intenta aproveitar a desorganiza\u00e7\u00e3o do tr\u00e2nsito das cidades para oferecer o equipamento pr\u00f3-conforto. Tamb\u00e9m, segmento importante, satisfazer demanda de pessoas com defici\u00eancia \u2013 PCD. Adicionar\u00e1 \u00e0s caracter\u00edsticas o fato de serem projetos modernos, contidos em peso, com o menor custo de reparabilidade, e os mais bem-classificados no item seguran\u00e7a.<\/p>\n<p><strong>Ali\u00e1s<\/strong><br \/>\nPara ampliar vendas da nova fam\u00edlia Polo e Virtus, constru\u00eddos sobre a plataforma modular MQB, VW quer ter novidades no Sal\u00e3o do Autom\u00f3vel, em S\u00e3o Paulo: vers\u00f5es GTS de ambos os modelos. Sigla intenta identificar vers\u00f5es com apar\u00eancia e melhor desempenho. Identificador maior, o motor 1,4 litro com inje\u00e7\u00e3o direta e turbo, 150 cv e 25,5 m.kgf de torque. Pontos decorativos como ser rebaixados em 1 cm, rodas em liga leve de 18 pol, decora\u00e7\u00e3o interna inspirada no Polo europeu.<\/p>\n<p>Empresa apresentar\u00e1 nesta semana Gol e Voyage com transmiss\u00e3o autom\u00e1tica e motor 1,6 EA211. Os arranjos para Polo e Virtus enzimatizaram a decis\u00e3o de fazer. Com isto empresa abre enorme leque de pre\u00e7os e op\u00e7\u00f5es para reter e conquistar clientes.<\/p>\n<p>&nbsp;<\/p>\n\n<div class='code-block code-block-7' style='margin: 28px auto; text-align: center; display: block; clear: both;'>\n<script async src=\"https:\/\/pagead2.googlesyndication.com\/pagead\/js\/adsbygoogle.js\"><\/script>\n<!-- AL-quadrado -->\n<ins class=\"adsbygoogle\"\n     style=\"display:block\"\n     data-ad-client=\"ca-pub-1914799802606213\"\n     data-ad-slot=\"5683066082\"\n     data-ad-format=\"auto\"\n     data-full-width-responsive=\"true\"><\/ins>\n<script>\n     (adsbygoogle = window.adsbygoogle || []).push({});\n<\/script><\/div>\n\n<p>&nbsp;<\/p>\n<h2>Cup\u00ea, \u00e1gil e para poucos, o Civic Si<\/h2>\n<p><a href=\"https:\/\/autolivraria.com.br\/bc\/wp-content\/uploads\/2018\/04\/Honda-Civic-Si-2018-60.jpg\" rel=\"attachment wp-att-94263\"><img decoding=\"async\" class=\"alignright size-medium wp-image-94263 lazyload\" data-src=\"https:\/\/autolivraria.com.br\/bc\/wp-content\/uploads\/2018\/04\/Honda-Civic-Si-2018-60-340x227.jpg\" alt=\"Honda Civic Si 2018 (60)\" width=\"340\" height=\"227\" data-srcset=\"https:\/\/autolivraria.com.br\/bc\/wp-content\/uploads\/2018\/04\/Honda-Civic-Si-2018-60-340x227.jpg 340w, https:\/\/autolivraria.com.br\/bc\/wp-content\/uploads\/2018\/04\/Honda-Civic-Si-2018-60-696x464.jpg 696w, https:\/\/autolivraria.com.br\/bc\/wp-content\/uploads\/2018\/04\/Honda-Civic-Si-2018-60-630x420.jpg 630w, https:\/\/autolivraria.com.br\/bc\/wp-content\/uploads\/2018\/04\/Honda-Civic-Si-2018-60-222x148.jpg 222w, https:\/\/autolivraria.com.br\/bc\/wp-content\/uploads\/2018\/04\/Honda-Civic-Si-2018-60.jpg 1280w\" data-sizes=\"(max-width: 340px) 100vw, 340px\" src=\"data:image\/svg+xml;base64,PHN2ZyB3aWR0aD0iMSIgaGVpZ2h0PSIxIiB4bWxucz0iaHR0cDovL3d3dy53My5vcmcvMjAwMC9zdmciPjwvc3ZnPg==\" style=\"--smush-placeholder-width: 340px; --smush-placeholder-aspect-ratio: 340\/227;\" \/><\/a>Honda mudou o seu modelo l\u00edder de tecnologia na fam\u00edlia Civic, e sinaliza qual o futuro. Modelo 2019 do Si \u00e9 um cup\u00ea com motor que, antes aspirado, representa o novo caminho: 1,5-litro turbo. \u00c9 coerente na proposta quase individualista \u2013 ante a contida quantidade oferecida. Pre\u00e7o equilibrado, R$ 162 mil; \u00e9 muito bem ajustado mecanicamente, permitindo seguran\u00e7a e desempenho ao condutor. Motor tem a mesma base do oferecido no Civic Touring sed\u00e3, mas apresenta alguns ajustes diferentes, produzindo 208 cv e 25,5 m.kgf de torque, entregues \u00e0 caixa manual de seis marchas.<\/p>\n<p>Mant\u00e9m a tradi\u00e7\u00e3o de boa compatibilidade entre os \u00f3rg\u00e3os mec\u00e2nicos \u2013 motor, transmiss\u00e3o, suspens\u00e3o, freios e dire\u00e7\u00e3o com rela\u00e7\u00e3o variada. Suspens\u00e3o adaptativa, modos de regulagem do motor, pneus de alto desempenho integram o projeto. Quest\u00e3o b\u00e1sica \u00e9 a quantidade, apenas 60 unidades neste ano. Honda informa ser dispon\u00edvel em todos os revendedores da marca, mas realidade \u00e9 mais crua: todos podem vend\u00ea-lo, mas v\u00ea-lo no sal\u00e3o de exposi\u00e7\u00f5es ser\u00e1 raridade \u2013 a rede Honda \u00e9 numericamente quase quatro vezes maior ante o volume a ser importado. E das seis dezenas, deduza uma unidade: presidente da Honda no Brasil, Issao Mizoguchi foi a um revendedor paulistano, n\u00e3o aceitou desconto, e adquiriu a primeira unidade liberada. Assim, querendo, quebre o porquinho e corra.<\/p>\n<p>&nbsp;<\/p>\n<div class='code-block code-block-6' style='margin: 28px auto; text-align: center; display: block; clear: both;'>\n<script async src=\"https:\/\/pagead2.googlesyndication.com\/pagead\/js\/adsbygoogle.js\"><\/script>\n<!-- AL-quadrado -->\n<ins class=\"adsbygoogle\"\n     style=\"display:block\"\n     data-ad-client=\"ca-pub-1914799802606213\"\n     data-ad-slot=\"5683066082\"\n     data-ad-format=\"auto\"\n     data-full-width-responsive=\"true\"><\/ins>\n<script>\n     (adsbygoogle = window.adsbygoogle || []).push({});\n<\/script><\/div>\n\n<p>&nbsp;<\/p>\n<h2>Roda a Roda<\/h2>\n<p><strong><a href=\"https:\/\/autolivraria.com.br\/bc\/wp-content\/uploads\/2018\/04\/VW-Tiguan-Allspace-Comfortline-27.jpg\" rel=\"attachment wp-att-94247\"><img decoding=\"async\" class=\"alignleft size-medium wp-image-94247 lazyload\" data-src=\"https:\/\/autolivraria.com.br\/bc\/wp-content\/uploads\/2018\/04\/VW-Tiguan-Allspace-Comfortline-27-340x227.jpg\" alt=\"VW Tiguan Allspace Comfortline (27)\" width=\"340\" height=\"227\" data-srcset=\"https:\/\/autolivraria.com.br\/bc\/wp-content\/uploads\/2018\/04\/VW-Tiguan-Allspace-Comfortline-27-340x227.jpg 340w, https:\/\/autolivraria.com.br\/bc\/wp-content\/uploads\/2018\/04\/VW-Tiguan-Allspace-Comfortline-27-696x464.jpg 696w, https:\/\/autolivraria.com.br\/bc\/wp-content\/uploads\/2018\/04\/VW-Tiguan-Allspace-Comfortline-27-630x420.jpg 630w, https:\/\/autolivraria.com.br\/bc\/wp-content\/uploads\/2018\/04\/VW-Tiguan-Allspace-Comfortline-27-222x148.jpg 222w, https:\/\/autolivraria.com.br\/bc\/wp-content\/uploads\/2018\/04\/VW-Tiguan-Allspace-Comfortline-27.jpg 1280w\" data-sizes=\"(max-width: 340px) 100vw, 340px\" src=\"data:image\/svg+xml;base64,PHN2ZyB3aWR0aD0iMSIgaGVpZ2h0PSIxIiB4bWxucz0iaHR0cDovL3d3dy53My5vcmcvMjAwMC9zdmciPjwvc3ZnPg==\" style=\"--smush-placeholder-width: 340px; --smush-placeholder-aspect-ratio: 340\/227;\" \/><\/a>Tamb\u00e9m<\/strong> \u2013 N\u00e3o se sabe se influ\u00eancia brasileira nos costumes mercosulinos, governo argentino por sua Direcci\u00f3n Nacional de Defensa del Consumidor convocou Volkswagen e FCA a fazer recall no novo Tiguan Allspace e nas picapes Ram 1500 e 2500. \u00c9 a primeira interven\u00e7\u00e3o do \u00f3rg\u00e3o. Antes assunto corria por conta dos importadores.<\/p>\n<p><strong>O qu\u00ea<\/strong> \u2013 No caso do Allspace, nova vers\u00e3o de 7 lugares, problema est\u00e1 no eixo dianteiro, com risco de perda de tra\u00e7\u00e3o, e na bolsa de ar em frente ao motorista \u2013 montada erroneamente pelo fornecedor. Na Ram o problema t\u00e9cnico se localiza na alavanca de c\u00e2mbio, capaz de cair da posi\u00e7\u00e3o Parking (estacionado) para Drive, andar.<\/p>\n<p><strong>Defini\u00e7\u00e3o<\/strong> \u2013 Administrando doses homeop\u00e1ticas \u2013 forma de preparar o mercado e manter aten\u00e7\u00f5es at\u00e9 o lan\u00e7amento \u2013 Volkswagen informou ter definido motoriza\u00e7\u00e3o das primeiras s\u00e9ries do T-Cross: 1,0 e 1,4 com inje\u00e7\u00e3o direta e turbo. Transmiss\u00e3o autom\u00e1tica de seis marchas. Depois, vers\u00e3o 1,6 aspirada e caixa manual. Leitor j\u00e1 percebeu, turbo marca o futuro \u2013 e separa classes.<\/p>\n<p><strong>Vis\u00e3o<\/strong> \u2013 Piloto Lucas Di Grassi ser\u00e1 um dos palestrantes no Global Agrobusiness Forum. Encontro mundial em S\u00e3o Paulo re\u00fane especialistas em neg\u00f3cios para aproveitar vis\u00f5es no segmento. Grassi falar\u00e1 sobre o Futuro da Mobilidade e as tecnologias mutantes do dia a dia do universo motorizado, e o automobilismo como laborat\u00f3rio propagador da nova matriz energ\u00e9tica.<\/p>\n<p><strong>Derrapagem<\/strong> \u2013 <a href=\"https:\/\/autolivraria.com.br\/bc\/informe-se\/colunas\/de-carro-por-ai\/bem-acertado-o-ford-mustang\/\" target=\"_blank\">Nota da coluna passada<\/a>, a respeito de filme incluindo o desenvolvimento do Ford GT 40 como ferramenta mec\u00e2nico-emocional para infringir derrota acachapante \u00e0 Ferrari, suprimiu informa\u00e7\u00e3o importante: a Ford estava comprando a marca italiana e, \u00e0 hora da assinatura, o Comendador Enzo pronunciou algumas palavras em dialeto da Regio Emilia, levantou-se, saiu.<\/p>\n<p><strong>E?<\/strong> &#8211; Toda a entourage, Leo Beebe, negociador da Ford, advogados, aspones, o tradutor oficial, ficou sem entender informa\u00e7\u00e3o e postura, sentados, \u00e0 espera do retorno de Ferrari \u2013 nunca ocorrido. Da\u00ed a rea\u00e7\u00e3o de Henry Ford II, o neto, em franquear or\u00e7amento para criar carro e equipe para derrotar a marca italiana nas 24 Horas de Le Mans, m\u00edtica corrida de resist\u00eancia na Fran\u00e7a.<\/p>\n<p><strong>Leitores<\/strong> \u2013 Luciano Brasil, engenheiro no Senado Federal, cobrou a aus\u00eancia do porqu\u00ea, e Alain Tissier, ex-Vice-Presidente da Renault, \u00e0 \u00e9poca estudante, aduziu ter assistido \u00e0s edi\u00e7\u00f5es onde os Ford GT 40 venceram a Ferrari.<\/p>\n<p><strong>Mercado<\/strong> \u2013 Kawasaki busca nova clientela e investiu na transforma\u00e7\u00e3o de seu modelo Ninja H2 SX SE. Investiu em todos os setores da motocicleta para transform\u00e1-la num ve\u00edculo para dois usu\u00e1rios. Novo chassi em treli\u00e7a, maior dist\u00e2ncia entre-eixos, motor revisado, mudan\u00e7a no rotor do compressor, retrabalho nas c\u00e2maras de combust\u00e3o, angula\u00e7\u00e3o do comando de v\u00e1lvulas. Com isto o motor 1.000 faz 210 cv! Pre\u00e7o proporcional: R$ 130 mil.<\/p>\n<p><strong>Presen\u00e7a<\/strong> \u2013 VW iniciou vender na Argentina seu caminh\u00e3o Constelation 25.360, motor Cummins 8,9 litros, 360 cv, 6&#215;2, adequado \u00e0 nova legisla\u00e7\u00e3o de emiss\u00f5es.<\/p>\n<p><strong>Ainda n\u00e3o<\/strong> \u2013 Bom senso do governo de Maur\u00edcio Macri freou estudos e possibilidades de a Argentina voltar a ser a prova de abertura da temporada de F\u00f3rmula 1. Para reduzir custos, adequariam o circuito de Oscar Galvez para a classifica\u00e7\u00e3o Grau 1 da FIA, permitindo provas do mundial de F-1 e Motos. Mas a recess\u00e3o no vizinho pa\u00eds e a forte desvaloriza\u00e7\u00e3o do d\u00f3lar postergaram o interesse.<\/p>\n<p><strong>Solu\u00e7\u00e3o<\/strong> \u2013 Se querem resolver, adotem a solu\u00e7\u00e3o brasileira testada durante a passada Copa do Mundo de Futebol. Qualquer dos governadores brasileiros, destes empreendedores, construtores de est\u00e1dios car\u00edssimos, ociosos, sabe como gerir contas infladas, n\u00e3o entregar obras nos prazos e se esconder para n\u00e3o honrar o combinado. Tais mandat\u00e1rios, no governo Lulo-dilmo-petista assim o fizeram, sa\u00edram bem na fita e deixando-nos conta para pagar <em>ad aeternam<\/em>.<\/p>\n<a href='https:\/\/autolivraria.com.br\/bc\/informe-se\/colunas\/de-carro-por-ai\/bem-acertado-o-ford-mustang\/' class='small-button smallsilver'>Coluna anterior<\/a>\n<p><em>A coluna expressa as opini\u00f5es do colunista e n\u00e3o as do Best Cars<\/em><\/p>\n<p>&nbsp;<\/p>\n","protected":false},"excerpt":{"rendered":"<p>Transmiss\u00e3o autom\u00e1tica chega \u00e0 vers\u00e3o 1,6 de Polo e Virtus e, em alguns dias, tamb\u00e9m a Gol e Voyage<\/p>\n","protected":false},"author":6,"featured_media":75031,"comment_status":"open","ping_status":"closed","sticky":false,"template":"","format":"standard","meta":{"_joinchat":[],"footnotes":""},"categories":[3337],"tags":[153,3338,60],"class_list":["post-96582","post","type-post","status-publish","format-standard","has-post-thumbnail","hentry","category-de-carro-por-ai","tag-colunas-2","tag-de-carro-por-ai-2","tag-volkswagen"],"amp_enabled":true,"_links":{"self":[{"href":"https:\/\/autolivraria.com.br\/bc\/wp-json\/wp\/v2\/posts\/96582","targetHints":{"allow":["GET"]}}],"collection":[{"href":"https:\/\/autolivraria.com.br\/bc\/wp-json\/wp\/v2\/posts"}],"about":[{"href":"https:\/\/autolivraria.com.br\/bc\/wp-json\/wp\/v2\/types\/post"}],"author":[{"embeddable":true,"href":"https:\/\/autolivraria.com.br\/bc\/wp-json\/wp\/v2\/users\/6"}],"replies":[{"embeddable":true,"href":"https:\/\/autolivraria.com.br\/bc\/wp-json\/wp\/v2\/comments?post=96582"}],"version-history":[{"count":0,"href":"https:\/\/autolivraria.com.br\/bc\/wp-json\/wp\/v2\/posts\/96582\/revisions"}],"wp:featuredmedia":[{"embeddable":true,"href":"https:\/\/autolivraria.com.br\/bc\/wp-json\/wp\/v2\/media\/75031"}],"wp:attachment":[{"href":"https:\/\/autolivraria.com.br\/bc\/wp-json\/wp\/v2\/media?parent=96582"}],"wp:term":[{"taxonomy":"category","embeddable":true,"href":"https:\/\/autolivraria.com.br\/bc\/wp-json\/wp\/v2\/categories?post=96582"},{"taxonomy":"post_tag","embeddable":true,"href":"https:\/\/autolivraria.com.br\/bc\/wp-json\/wp\/v2\/tags?post=96582"}],"curies":[{"name":"wp","href":"https:\/\/api.w.org\/{rel}","templated":true}]}}