{"id":96771,"date":"2018-07-31T09:00:47","date_gmt":"2018-07-31T12:00:47","guid":{"rendered":"http:\/\/bestcars.uol.com.br\/bc\/?p=96771"},"modified":"2018-08-24T16:03:18","modified_gmt":"2018-08-24T19:03:18","slug":"video-historia-volkswagen-curiosidades-de-tl-variant-e-ze-do-caixao","status":"publish","type":"post","link":"https:\/\/autolivraria.com.br\/bc\/informe-se\/video-historia-volkswagen-curiosidades-de-tl-variant-e-ze-do-caixao\/","title":{"rendered":"VW 1600: curiosidades de TL, Variant e &#8220;Z\u00e9 do Caix\u00e3o&#8221;"},"content":{"rendered":"<p><iframe title=\"Volkswagen: 10 curiosidades sobre 1600 TL, Variant e &quot;Z\u00e9 do Caix\u00e3o&quot; | Carros do Passado | Best Cars\" width=\"960\" height=\"540\" data-src=\"https:\/\/www.youtube.com\/embed\/ole0UBZmy8w?feature=oembed\" frameborder=\"0\" allow=\"accelerometer; autoplay; clipboard-write; encrypted-media; gyroscope; picture-in-picture; web-share\" referrerpolicy=\"strict-origin-when-cross-origin\" allowfullscreen src=\"data:image\/svg+xml;base64,PHN2ZyB3aWR0aD0iMSIgaGVpZ2h0PSIxIiB4bWxucz0iaHR0cDovL3d3dy53My5vcmcvMjAwMC9zdmciPjwvc3ZnPg==\" class=\"lazyload\" data-load-mode=\"1\"><\/iframe><\/p>\n<p>&nbsp;<\/p>\n<p>Com sed\u00e3, <em>fastback<\/em> e perua, eles formaram uma fam\u00edlia importante na hist\u00f3ria da Volkswagen brasileira. Inspirados em modelos alem\u00e3es, foram pioneiros no Pa\u00eds em solu\u00e7\u00f5es como dois carburadores e limpador do vidro traseiro. Nosso tema \u00e9 a linha 1600 com o sed\u00e3 L, o <em>fastback<\/em> TL e a perua Variant em duas gera\u00e7\u00f5es, que est\u00e3o no novo v\u00eddeo da s\u00e9rie <em>Carros do Passado<\/em> do <strong>Best Cars<\/strong>. Em nosso canal voc\u00ea tamb\u00e9m encontra avalia\u00e7\u00f5es, comparativos, guias de compra e muito mais. <a href=\"http:\/\/youtube.com\/bestcarscombr?sub_confirmation=1\" target=\"_blank\">Inscreva-se!<\/a><\/p>\n<p><em>Texto: Fabr\u00edcio Samah\u00e1 &#8211;\u00a0 Imagens: divulga\u00e7\u00e3o &#8211;\u00a0Edi\u00e7\u00e3o: Est\u00fadio Best Cars<\/em><\/p>\n<p>&nbsp;<\/p>\n\n<div class='code-block code-block-7' style='margin: 28px auto; text-align: center; display: block; clear: both;'>\n<script async src=\"https:\/\/pagead2.googlesyndication.com\/pagead\/js\/adsbygoogle.js\"><\/script>\n<!-- AL-quadrado -->\n<ins class=\"adsbygoogle\"\n     style=\"display:block\"\n     data-ad-client=\"ca-pub-1914799802606213\"\n     data-ad-slot=\"5683066082\"\n     data-ad-format=\"auto\"\n     data-full-width-responsive=\"true\"><\/ins>\n<script>\n     (adsbygoogle = window.adsbygoogle || []).push({});\n<\/script><\/div>\n\n<p>&nbsp;<\/p>\n","protected":false},"excerpt":{"rendered":"<p>Com sed\u00e3, fastback e perua, eles formaram uma fam\u00edlia importante na hist\u00f3ria da Volkswagen brasileira<\/p>\n","protected":false},"author":6,"featured_media":96772,"comment_status":"open","ping_status":"closed","sticky":false,"template":"","format":"standard","meta":{"_joinchat":[],"footnotes":""},"categories":[145,623,4237,3824],"tags":[156,1066,624,60,4326,1065],"class_list":["post-96771","post","type-post","status-publish","format-standard","has-post-thumbnail","hentry","category-informe-se","category-videos","category-videos-destaques","category-volkswagen","tag-carros-do-passado","tag-variant","tag-video","tag-volkswagen","tag-vw-1600-l","tag-vw-tl"],"amp_enabled":true,"_links":{"self":[{"href":"https:\/\/autolivraria.com.br\/bc\/wp-json\/wp\/v2\/posts\/96771","targetHints":{"allow":["GET"]}}],"collection":[{"href":"https:\/\/autolivraria.com.br\/bc\/wp-json\/wp\/v2\/posts"}],"about":[{"href":"https:\/\/autolivraria.com.br\/bc\/wp-json\/wp\/v2\/types\/post"}],"author":[{"embeddable":true,"href":"https:\/\/autolivraria.com.br\/bc\/wp-json\/wp\/v2\/users\/6"}],"replies":[{"embeddable":true,"href":"https:\/\/autolivraria.com.br\/bc\/wp-json\/wp\/v2\/comments?post=96771"}],"version-history":[{"count":0,"href":"https:\/\/autolivraria.com.br\/bc\/wp-json\/wp\/v2\/posts\/96771\/revisions"}],"wp:featuredmedia":[{"embeddable":true,"href":"https:\/\/autolivraria.com.br\/bc\/wp-json\/wp\/v2\/media\/96772"}],"wp:attachment":[{"href":"https:\/\/autolivraria.com.br\/bc\/wp-json\/wp\/v2\/media?parent=96771"}],"wp:term":[{"taxonomy":"category","embeddable":true,"href":"https:\/\/autolivraria.com.br\/bc\/wp-json\/wp\/v2\/categories?post=96771"},{"taxonomy":"post_tag","embeddable":true,"href":"https:\/\/autolivraria.com.br\/bc\/wp-json\/wp\/v2\/tags?post=96771"}],"curies":[{"name":"wp","href":"https:\/\/api.w.org\/{rel}","templated":true}]}}