{"id":96813,"date":"2018-08-03T11:17:29","date_gmt":"2018-08-03T14:17:29","guid":{"rendered":"http:\/\/bestcars.uol.com.br\/bc\/?p=96813"},"modified":"2018-08-10T15:41:12","modified_gmt":"2018-08-10T18:41:12","slug":"ford-saira-do-brasil-ou-encolhera","status":"publish","type":"post","link":"https:\/\/autolivraria.com.br\/bc\/informe-se\/colunas\/de-carro-por-ai\/ford-saira-do-brasil-ou-encolhera\/","title":{"rendered":"Ford sair\u00e1 do Brasil ou encolher\u00e1?"},"content":{"rendered":"<p><img fetchpriority=\"high\" decoding=\"async\" class=\"aligncenter size-full wp-image-75021\" src=\"https:\/\/autolivraria.com.br\/bc\/wp-content\/uploads\/2016\/07\/De-Carro-por-Ai-2016.jpg\" alt=\"De Carro por A\u00ed - Nasser\" width=\"696\" height=\"107\" srcset=\"https:\/\/autolivraria.com.br\/bc\/wp-content\/uploads\/2016\/07\/De-Carro-por-Ai-2016.jpg 696w, https:\/\/autolivraria.com.br\/bc\/wp-content\/uploads\/2016\/07\/De-Carro-por-Ai-2016-340x52.jpg 340w, https:\/\/autolivraria.com.br\/bc\/wp-content\/uploads\/2016\/07\/De-Carro-por-Ai-2016-222x34.jpg 222w\" sizes=\"(max-width: 696px) 100vw, 696px\" \/><\/p>\n<h2>A meu ver n\u00e3o h\u00e1 d\u00favidas: a Ford decidiu enxugar a opera\u00e7\u00e3o na Am\u00e9rica Latina, de preju\u00edzos di\u00e1rios<\/h2>\n<p>&nbsp;<\/p>\n<p>Desde o ano passado e em especial em 2018, s\u00e3o recorrentes as informa\u00e7\u00f5es quanto \u00e0s decis\u00f5es da Ford para o seu futuro na Am\u00e9rica Latina. Em fevereiro Coluna obteve documentos indicando defini\u00e7\u00e3o de encolher a empresa. Causa est\u00e1 em cinco anos seguidos de preju\u00edzos, somando US$ 4,2 bilh\u00f5es no per\u00edodo \u2014 a grosso modo perder diariamente R$ 10 milh\u00f5es. E na situa\u00e7\u00e3o da matriz, com largos investimentos em mudan\u00e7a de tecnologias em seus produtos, sem margem para desviar recursos e suprir filiais dando preju\u00edzo.<\/p>\n<p><a href=\"https:\/\/autolivraria.com.br\/bc\/wp-content\/uploads\/2018\/08\/Ford.jpg\" rel=\"attachment wp-att-96814\"><img decoding=\"async\" class=\"alignleft size-medium wp-image-96814 lazyload\" data-src=\"https:\/\/autolivraria.com.br\/bc\/wp-content\/uploads\/2018\/08\/Ford-340x340.jpg\" alt=\"Ford\" width=\"340\" height=\"340\" data-srcset=\"https:\/\/autolivraria.com.br\/bc\/wp-content\/uploads\/2018\/08\/Ford-340x340.jpg 340w, https:\/\/autolivraria.com.br\/bc\/wp-content\/uploads\/2018\/08\/Ford-222x222.jpg 222w, https:\/\/autolivraria.com.br\/bc\/wp-content\/uploads\/2018\/08\/Ford-420x420.jpg 420w, https:\/\/autolivraria.com.br\/bc\/wp-content\/uploads\/2018\/08\/Ford.jpg 640w\" data-sizes=\"(max-width: 340px) 100vw, 340px\" src=\"data:image\/svg+xml;base64,PHN2ZyB3aWR0aD0iMSIgaGVpZ2h0PSIxIiB4bWxucz0iaHR0cDovL3d3dy53My5vcmcvMjAwMC9zdmciPjwvc3ZnPg==\" style=\"--smush-placeholder-width: 340px; --smush-placeholder-aspect-ratio: 340\/340;\" \/><\/a>Quarta-feira (1\u00ba), em seguida a reuni\u00e3o para an\u00fancio do balan\u00e7o da empresa, Bob Shanks, diretor de finan\u00e7as, utilizou linguagem florentina para projetar o futuro: \u201cO neg\u00f3cio na regi\u00e3o n\u00e3o possui uma forte posi\u00e7\u00e3o competitiva\u201d. Enfatizou \u201cn\u00e3o ter tido retorno apropriado e de um significativo redesenho no modelo de neg\u00f3cio local, onde jogar e como vencer\u201d. Na pr\u00e1tica repetiu as palavras do CEO Jim Hackett h\u00e1 meses.<\/p>\n<p>A ag\u00eancia econ\u00f4mica Bloomberg divulgou fato e informa\u00e7\u00f5es de a Ford ter contatado FCA e Volkswagen sobre a possibilidade de venda.<\/p>\n<p>Empresa n\u00e3o tem o que dizer; n\u00e3o apresenta dados; projetos; carros novos ou investimento para o futuro, e isto ficou espelhado no comunicado dirigido \u00e0 preocupada rede de revendedores. N\u00e3o assinado pelo presidente, mas por vice e diretor, diz ser incorreta a mat\u00e9ria, contestando-a com a declara\u00e7\u00e3o, onde utiliza a ampla imprecis\u00e3o do termo redesenho, aplicado por Bob Shanks, para dizer da &#8220;necessidade de rever a opera\u00e7\u00e3o na Am\u00e9rica Latina, at\u00e9 onde devem participar e como vencer neste mercado&#8221;.<\/p>\n<p><strong>Na pr\u00e1tica<\/strong><br \/>\nA meu ver n\u00e3o h\u00e1 d\u00favidas: a Ford decidiu enxugar a opera\u00e7\u00e3o na Am\u00e9rica Latina. Nome pomposo, de preju\u00edzos di\u00e1rios. Opera\u00e7\u00f5es fechadas na Venezuela; muito dinheiro a receber do ex-companheiro Maduro; preju\u00edzo nos dois pa\u00edses onde restam opera\u00e7\u00f5es, Argentina e Brasil.<\/p>\n<p>&nbsp;<\/p>\n\n<div class='code-block code-block-7' style='margin: 28px auto; text-align: center; display: block; clear: both;'>\n<br>\n<div align=\"center\">\n<a target=\"_blank\" href=\"https:\/\/bestcars.com.br\/bc\/\">\n<img decoding=\"async\" data-src=\"https:\/\/bestcars.com.br\/bc\/wp-content\/uploads\/2021\/07\/Auto-Livraria-450x300-quadros.jpg\" alt=\"Auto Livraria\" src=\"data:image\/svg+xml;base64,PHN2ZyB3aWR0aD0iMSIgaGVpZ2h0PSIxIiB4bWxucz0iaHR0cDovL3d3dy53My5vcmcvMjAwMC9zdmciPjwvc3ZnPg==\" class=\"lazyload\"><\/a>\n<\/div>\n<br><\/div>\n\n<p>&nbsp;<\/p>\n<p>De muita conversa com fontes, gente especializada em mercado, e medidas adotadas pela empresa, Coluna publicou um resumo e proje\u00e7\u00f5es: na Argentina, n\u00e3o atualizar o Focus e a Ranger \u2014 mudan\u00e7as, apenas as legais e cosm\u00e9ticas. Aqui, em 2019, encerrar a fabrica\u00e7\u00e3o de caminh\u00f5es e do Fiesta na tradicional f\u00e1brica de S\u00e3o Bernardo do Campo, SP, vendendo a grande \u00e1rea \u00e0 especula\u00e7\u00e3o imobili\u00e1ria; ter apenas um produto local, o Ka, encerrando tamb\u00e9m o Ecosport; concentrando produ\u00e7\u00e3o na unidade de Cama\u00e7ari, BA. Prazo desconhecido, pois h\u00e1 legisla\u00e7\u00e3o de incentivos envolvida no processo, e a companhia faz lobby para extens\u00e3o das benesses. Para n\u00e3o deixar sangrar o caixa dos revendedores, promete ampliar a importa\u00e7\u00e3o de ve\u00edculos.<\/p>\n<p>\u00c0 \u00e9poca, consultando o brasileiro mais qualificado na empresa, percebi uma crise em comunica\u00e7\u00e3o social ao n\u00e3o receber respostas s\u00f3lidas.<\/p>\n<p>M\u00eas passado, adensando os cortes, a Ford dispensou quase todos os motoristas e analistas de comportamento de ve\u00edculos em sua pioneira pista de Tatu\u00ed, SP, mostrando falta de produtos em seu futuro. Novamente questionada, empresa saiu-se com uma hip\u00e9rbole pouco explicativa. Aparentemente pouco h\u00e1 a negar.<\/p>\n<p>O texto da Bloomberg mostrou, as defini\u00e7\u00f5es est\u00e3o em curso, e a falta de convencimento na negativa da Ford adensa a teoria do nada haver a ser dito.<\/p>\n<p>Pessoalmente n\u00e3o creio na Companhia deixando Brasil e Am\u00e9rica Latina. \u00c9 enorme e promissor mercado. Considero a possibilidade do encolher atividades, por\u00e9m mantendo o p\u00e9 na regi\u00e3o, esperando a volta do ciclo dos grandes lucros.<\/p>\n<p>No tema, liguei para um dos meus aconselhadores pessoais, homem pr\u00e1tico, idoso, criador de bois no Goi\u00e1s. N\u00e3o entende de firulas da linguagem, mas da vida. Contei o caso didaticamente, empreguei o termo redesenho citado pelo executivo norte-americano e repetido pela Ford no Brasil. Ouviu, falou pausadamente, concluindo com a objetividade do campo goiano: &#8220;Conversa para enganar m\u00e3e de mo\u00e7a. Este povo vai vazar ou minguar&#8221;.<\/p>\n<p>&nbsp;<\/p>\n<h2>Putin e sua Aurus Senat<\/h2>\n<p>O que \u00e9 bom para os EUA, \u00e9 bom para a R\u00fassia. Frase, para arrepiar os pelos dos \u00f3rf\u00e3os do Comunismo, \u00e9 verdade percept\u00edvel a quem pode ver e entender a nova limusine constru\u00edda para Vladimir Putin, presidente da R\u00fassia. Fez presen\u00e7a no Encontro de Superpot\u00eancias na Finl\u00e2ndia, onde Putin e sua limo arrebataram aten\u00e7\u00f5es, emba\u00e7ando o Cadillac One \u2014 autom\u00f3vel baseado em picape grande, desacor\u00e7oado em propor\u00e7\u00f5es, desajeitado em detalhes, e conhecido mundialmente como A Besta \u2014 e seu usu\u00e1rio, o presidente norte-americano Donald Trump.<\/p>\n<p><a href=\"https:\/\/autolivraria.com.br\/bc\/wp-content\/uploads\/2018\/08\/Limusine.jpg\" rel=\"attachment wp-att-96815\"><img decoding=\"async\" class=\"alignright size-medium wp-image-96815 lazyload\" data-src=\"https:\/\/autolivraria.com.br\/bc\/wp-content\/uploads\/2018\/08\/Limusine-340x191.jpg\" alt=\"Limusine\" width=\"340\" height=\"191\" data-srcset=\"https:\/\/autolivraria.com.br\/bc\/wp-content\/uploads\/2018\/08\/Limusine-340x191.jpg 340w, https:\/\/autolivraria.com.br\/bc\/wp-content\/uploads\/2018\/08\/Limusine-222x125.jpg 222w, https:\/\/autolivraria.com.br\/bc\/wp-content\/uploads\/2018\/08\/Limusine.jpg 640w\" data-sizes=\"(max-width: 340px) 100vw, 340px\" src=\"data:image\/svg+xml;base64,PHN2ZyB3aWR0aD0iMSIgaGVpZ2h0PSIxIiB4bWxucz0iaHR0cDovL3d3dy53My5vcmcvMjAwMC9zdmciPjwvc3ZnPg==\" style=\"--smush-placeholder-width: 340px; --smush-placeholder-aspect-ratio: 340\/191;\" \/><\/a>Al\u00e9m de ser produto espec\u00edfico e exclusivo, o Senat ter\u00e1 miss\u00e3o id\u00eantica \u00e0 do parceiro dos EUA: \u00fanico transporte terrestre da autoridade russa. Onde Putin for, seu carro o anteceder\u00e1 \u2014 como faz a Besta One e seu ocupante.<\/p>\n<p>Desenvolvimento tomou seis anos pela empresa Auris, sucessora da f\u00e1brica de limos da antiga marca sovi\u00e9tica ZIL. \u00c9 imponente em seus 6,70 m de comprimento, motoriza\u00e7\u00e3o Porsche V8, 4,4 litros, biturbo, 600 cv de pot\u00eancia, acertada e aplicada pela f\u00e1brica alem\u00e3. Peso desanimador, dito como 6 toneladas.<\/p>\n<p>Equipamento indica blindagem espessa, capaz de resistir a explos\u00f5es por bomba, disparos de armas convencionais e qu\u00edmicas, cabine herm\u00e9tica, dimensionada para manter-se fechada durante horas, com abastecimento de oxig\u00eanio e, extremo do cuidado, como no ve\u00edculo inspirador, conta com dep\u00f3sito do sangue presidencial para emerg\u00eancias. Carros anteriores de Putin eram ZIL e Mercedes-Benz 600 Pullman, o blindado mais seguro do mundo em produ\u00e7\u00e3o seriada.<\/p>\n<p>&nbsp;<\/p>\n<div class='code-block code-block-6' style='margin: 28px auto; text-align: center; display: block; clear: both;'>\n<script async src=\"https:\/\/pagead2.googlesyndication.com\/pagead\/js\/adsbygoogle.js\"><\/script>\n<!-- AL-quadrado -->\n<ins class=\"adsbygoogle\"\n     style=\"display:block\"\n     data-ad-client=\"ca-pub-1914799802606213\"\n     data-ad-slot=\"5683066082\"\n     data-ad-format=\"auto\"\n     data-full-width-responsive=\"true\"><\/ins>\n<script>\n     (adsbygoogle = window.adsbygoogle || []).push({});\n<\/script><\/div>\n\n<p>&nbsp;<\/p>\n<h2>Roda a Roda<\/h2>\n<p><strong><a href=\"https:\/\/autolivraria.com.br\/bc\/wp-content\/uploads\/2018\/08\/Peugeot-Partner-2019-01.jpg\" rel=\"attachment wp-att-96816\"><img decoding=\"async\" class=\"alignright size-medium wp-image-96816 lazyload\" data-src=\"https:\/\/autolivraria.com.br\/bc\/wp-content\/uploads\/2018\/08\/Peugeot-Partner-2019-01-340x226.jpg\" alt=\"Peugeot Partner 2019 01\" width=\"340\" height=\"226\" data-srcset=\"https:\/\/autolivraria.com.br\/bc\/wp-content\/uploads\/2018\/08\/Peugeot-Partner-2019-01-340x226.jpg 340w, https:\/\/autolivraria.com.br\/bc\/wp-content\/uploads\/2018\/08\/Peugeot-Partner-2019-01-631x420.jpg 631w, https:\/\/autolivraria.com.br\/bc\/wp-content\/uploads\/2018\/08\/Peugeot-Partner-2019-01-222x148.jpg 222w, https:\/\/autolivraria.com.br\/bc\/wp-content\/uploads\/2018\/08\/Peugeot-Partner-2019-01.jpg 640w\" data-sizes=\"(max-width: 340px) 100vw, 340px\" src=\"data:image\/svg+xml;base64,PHN2ZyB3aWR0aD0iMSIgaGVpZ2h0PSIxIiB4bWxucz0iaHR0cDovL3d3dy53My5vcmcvMjAwMC9zdmciPjwvc3ZnPg==\" style=\"--smush-placeholder-width: 340px; --smush-placeholder-aspect-ratio: 340\/226;\" \/><\/a>Produto<\/strong> \u2013 Para aumentar op\u00e7\u00f5es a compradores e trabalho com a rede revendedora, Peugeot apresenta vers\u00e3o 2019 de seu utilit\u00e1rio Partner. Vindo da Argentina utiliza motor nacional, 1,6 litro e 122 cv. Diz ser mais potente e econ\u00f4mico. Projeto antigo, teve mudado painel de instrumentos, agora digital, computador de bordo e indicador para troca de marchas e maior economia. No operacional transporta 800 kg; tem plataforma lisa para melhor manuseio da carga; conta com porta lateral.<\/p>\n<p><strong>PSA<\/strong> \u2013 Le Groupe, como ao Grupo PSA se referem atualmente orgulhosos colaboradores de Peugeot, Citro\u00ebn, DS e autopartes, ofereceu resultados surpreendentes: faturamento de \u20ac 38,595 bilh\u00f5es no primeiro semestre de 2018; 40,1% superior ante primeiro semestre de 2017. Faturamento da Divis\u00e3o Automotiva cresceu 29,9%, com rentabilidade recorde de 8,5%.<\/p>\n<p><strong>Mais<\/strong> \u2013 Projetam crescer 4% na Europa; 2% na Am\u00e9rica Latina; 10% na Russia e 2% na China; atingir margem operacional acima de 4,5% entre 2016 e 2018, e ultrapassar 6% at\u00e9 2021.<\/p>\n<p><strong>T\u00e1 maus<\/strong> \u2013 No Brasil o grupo precisa se reinventar. Perdeu o l\u00edder Carlos Gomes, transferido para os neg\u00f3cios da China; dividiu o pa\u00eds em dois, com poucas vendas do Sul at\u00e9 Bras\u00edlia, e quase nulas acima da Capital; vendeu m\u00eas passado circa 3.000 unidades das marcas Peugeot e Citro\u00ebn. Na Argentina est\u00e3o pouco melhor.<\/p>\n<p><strong>E?<\/strong> \u2013 Volume \u00e9 inexplic\u00e1vel a quem tem opera\u00e7\u00e3o completa no Brasil, incluindo fundi\u00e7\u00e3o de motores e, pior, n\u00e3o garante sa\u00fade financeira ou interesse da rede de revendedores. Internamente empresa continua o corte dos postos de trabalho.<\/p>\n<p><strong>Mais uma<\/strong> \u2013 Nissan iniciou produzir a picape Frontier na Argentina. Leitores da Coluna sabem como furo mundial, da cria\u00e7\u00e3o de um espa\u00e7o dentro da f\u00e1brica Renault em Santa Isabel, C\u00f3rdoba, para a opera\u00e7\u00e3o e m\u00e9todos Nissan fazendo mesmo produto para ser vendido com sua marca, Renault e Mercedes-Benz.<\/p>\n<p><strong>Junto<\/strong> \u2013 Vendas Nissan iniciar-se-\u00e3o no trimestre final; Renault Alaskan ao fim do ano; Mercedes Classe X em 2019. Duas primeiras id\u00eanticas, e Mercedes com mudan\u00e7as para torn\u00e1-la mais automobil\u00edstica e menos camional, por bitolas aumentadas, melhor trato termoac\u00fastico, ajuste entre partes \u2014 trocou at\u00e9 o trambulador da caixa de marchas para opera\u00e7\u00e3o mais confort\u00e1vel. Motor Nissan, diesel, 2,3 litros. Mercedes ter\u00e3o op\u00e7\u00e3o superior V6.<\/p>\n<p><strong>Neg\u00f3cio<\/strong> \u2013 H\u00e1 alguns anos expertos automobil\u00edsticos definiram-se pela Argentina como base de produ\u00e7\u00e3o de picapes e SUVs delas derivados, para servir ao mercado latino-americano. L\u00e1 produzem Toyota Hilux; Ford Ranger; VW Amarok, e agora Nissan\/Renault\/Mercedes. No Brasil Chevrolet e Mitsubishi. Capacidade de produ\u00e7\u00e3o ser\u00e1 de 70 mil unidades\/ano. Destas, mercado dom\u00e9stico consumir\u00e1 metade. Brasil ser\u00e1 o maior cliente.<\/p>\n<figure id=\"attachment_96817\" aria-describedby=\"caption-attachment-96817\" style=\"width: 340px\" class=\"wp-caption alignleft\"><a href=\"https:\/\/autolivraria.com.br\/bc\/wp-content\/uploads\/2018\/08\/Nissan-Frontier.jpg\" rel=\"attachment wp-att-96817\"><img decoding=\"async\" class=\"size-medium wp-image-96817 lazyload\" data-src=\"https:\/\/autolivraria.com.br\/bc\/wp-content\/uploads\/2018\/08\/Nissan-Frontier-340x182.jpg\" alt=\"Classe X \u00e9 a segunda na linha de montagem (foto Autoblog.com.ar)\" width=\"340\" height=\"182\" data-srcset=\"https:\/\/autolivraria.com.br\/bc\/wp-content\/uploads\/2018\/08\/Nissan-Frontier-340x182.jpg 340w, https:\/\/autolivraria.com.br\/bc\/wp-content\/uploads\/2018\/08\/Nissan-Frontier-222x119.jpg 222w, https:\/\/autolivraria.com.br\/bc\/wp-content\/uploads\/2018\/08\/Nissan-Frontier.jpg 640w\" data-sizes=\"(max-width: 340px) 100vw, 340px\" src=\"data:image\/svg+xml;base64,PHN2ZyB3aWR0aD0iMSIgaGVpZ2h0PSIxIiB4bWxucz0iaHR0cDovL3d3dy53My5vcmcvMjAwMC9zdmciPjwvc3ZnPg==\" style=\"--smush-placeholder-width: 340px; --smush-placeholder-aspect-ratio: 340\/182;\" \/><\/a><figcaption id=\"caption-attachment-96817\" class=\"wp-caption-text\">Classe X \u00e9 a segunda na linha de montagem (foto Autoblog.com.ar)<\/figcaption><\/figure>\n<p><strong>Auditoria<\/strong> \u2013 N\u00e3o informado pela Nissan, produ\u00e7\u00e3o das Mercedes j\u00e1 come\u00e7ou. Para auditar produtos, primeiras unidades est\u00e3o sendo enviadas \u00e0 matriz alem\u00e3. Na Argentina, informou, ter\u00e1 auditoria ao fim da linha de montagem para garantir a qualidade de partes e m\u00e3o de obra. Alem\u00e3es fiscalizando argentinos e japoneses na casa alheia&#8230;<\/p>\n<p><strong>ONU<\/strong> \u2013 Para entender: Carro japon\u00eas desenvolvido no M\u00e9xico, fabricado na Argentina por f\u00e1brica francesa, e servindo a cliente alem\u00e3o? E como as Aliadas Nissan e Renault vender\u00e3o o mesmo produto?<\/p>\n<p><strong>Perigo<\/strong> \u2013 Latin NCAP, organismo latino-americano para seguran\u00e7a veicular, submeteu a testes de avalia\u00e7\u00e3o o <a href=\"https:\/\/autolivraria.com.br\/bc\/informe-se\/noticias\/latin-ncap-nissan-march-e-rebaixado-a-uma-estrela\/\" target=\"_blank\">Nissan March<\/a> feito no Brasil. Resultado decepcionante: num teto de cinco estrelas, recebeu uma para incolumidade do motorista, e duas para prote\u00e7\u00e3o de crian\u00e7as no banco traseiro. Laudo do instituto rotula a estrutura da carroceria como inst\u00e1vel.<\/p>\n<p><strong>Falhas<\/strong> \u2013 Na rela\u00e7\u00e3o de inconsist\u00eancias, o Latin NCAP apontou falta de aviso para utilizar o cinto de seguran\u00e7a; de ancoragem Isofix para as cadeiras infantis; prote\u00e7\u00e3o limitada pelo emprego de sistema SRI para prote\u00e7\u00e3o infantil. Uma olhada \u00e0s falhas sugere economia na constru\u00e7\u00e3o em detrimento da seguran\u00e7a dos passageiros.<\/p>\n<p><strong>Regra<\/strong> \u2013 Governos deveriam acompanhar os testes, auditar resultados, tornar obrigat\u00f3rio oferecimento de seguran\u00e7a aos usu\u00e1rios. Afinal, sem cinismo, o Secret\u00e1rio da Receita Federal deveria entrar neste circuito para garantir a incolumidade de quem pagou muitos impostos sobre um ve\u00edculo, e este n\u00e3o garante sua sobreviv\u00eancia ou a de seus herdeiros, para a compra do pr\u00f3ximo&#8230;<\/p>\n<p><strong>Tempo passa<\/strong> \u2013 F\u00e1brica GM em Gravata\u00ed, RS, comemorou 18 anos de atividade e produ\u00e7\u00e3o de 3,5 milh\u00f5es de ve\u00edculos. Primeira unidade de autom\u00f3veis das marcas filiadas \u00e0 GM instalar-se fora de SP, \u00e9 hoje sua maior opera\u00e7\u00e3o.<\/p>\n<p><strong>\u00c1guia<\/strong> \u2013 Das maiores operadoras de \u00f4nibus rodovi\u00e1rios no pa\u00eds, a espiritossantense \u00c1guia Branca deu passo de relevo tecnol\u00f3gico: ao comprar novos 50 \u00f4nibus \u2013 dentre os 105 a ser adquiridos como renova\u00e7\u00e3o de frota neste ano -, duas unidades portar\u00e3o sistemas de tecnologia de ponta.<\/p>\n<p><strong>Novidades<\/strong> \u2013 Foram anunciadas pela Mercedes-Benz no Lat.Bus &amp; Transp\u00fablico, maior evento do setor na Am\u00e9rica Latina, e ora em realiza\u00e7\u00e3o em S\u00e3o Paulo. Equipamentos s\u00e3o controlador autom\u00e1tico de dist\u00e2ncia, sistema de frenagem de emerg\u00eancia e aviso de mudan\u00e7a n\u00e3o sinalizada de faixa. Junto foi o pacote de redu\u00e7\u00e3o de consumo e manuten\u00e7\u00e3o, j\u00e1 em uso pela \u00c1guia.<\/p>\n<p><strong>Neg\u00f3cio<\/strong> \u2013 A fim de comprar ve\u00edculo usado, de bom pre\u00e7o e proced\u00eancia garantida? O Festival VIP Direto ter\u00e1 leil\u00e3o presencial e por internet dia 18, com inscri\u00e7\u00f5es j\u00e1 abertas. Menor oferta \u00e9 Gol 2005 com lance de R$ 4.000. No outro extremo, picape Toyota Hilux 2015, R$ 50.000. Mais, (41) 3197- 0597 e www.vipdireto.com.<\/p>\n<p><strong>NGK, 59<\/strong> \u2013 Corajosa, seguindo os passos do cliente Toyota, a f\u00e1brica de sistemas de igni\u00e7\u00e3o NGK h\u00e1 59 anos abriu, em Mogi das Cruzes, beiradas de S\u00e3o Paulo, sua primeira f\u00e1brica fora do Jap\u00e3o. A localiza\u00e7\u00e3o bem mostrava a falta de conhecimento com o pa\u00eds, valendo para tanto curioso dado: o grande n\u00famero de japoneses na cidade, pequena, nitidamente agr\u00edcola. Empresa hoje \u00e9 das maiores na especialidade, com forte presen\u00e7a no mercado local e exporta\u00e7\u00f5es de velas e seus cabos \u00e0 Am\u00e9rica Latina<\/p>\n<p><strong>Mudan\u00e7a<\/strong> \u2013 NAIAS, o conhecido Sal\u00e3o de Detroit, mudar\u00e1 no nome e fei\u00e7\u00e3o. Em lugar do janeiro gelado e l\u00fagubre em Michigan, o sol do ver\u00e3o. Mudan\u00e7a contorna outros pontos, como v\u00f4os de menor pre\u00e7o, pois fora da temporada festiva, e test-drives.<\/p>\n<p><strong>Gente<\/strong> \u2013 Sergio Duarte, jornalista, 70, passou.<\/p>\n<p>&nbsp;<\/p>\n<div class='et-box et-shadow'>\n\t\t\t\t\t<div class='et-box-content'><p style=\"text-align: center;\"><em>Espa\u00e7o patrocinado<\/em><\/p>\n<p><strong>\u00d4nibus Mercedes a caminho na seguran\u00e7a e autonomia<\/strong><\/p>\n<p><img decoding=\"async\" class=\"alignright size-medium wp-image-96818 lazyload\" data-src=\"https:\/\/autolivraria.com.br\/bc\/wp-content\/uploads\/2018\/08\/Onibus-Mercedes-340x226.jpg\" alt=\"Onibus Mercedes\" width=\"340\" height=\"226\" data-srcset=\"https:\/\/autolivraria.com.br\/bc\/wp-content\/uploads\/2018\/08\/Onibus-Mercedes-340x226.jpg 340w, https:\/\/autolivraria.com.br\/bc\/wp-content\/uploads\/2018\/08\/Onibus-Mercedes-631x420.jpg 631w, https:\/\/autolivraria.com.br\/bc\/wp-content\/uploads\/2018\/08\/Onibus-Mercedes-222x148.jpg 222w, https:\/\/autolivraria.com.br\/bc\/wp-content\/uploads\/2018\/08\/Onibus-Mercedes.jpg 640w\" data-sizes=\"(max-width: 340px) 100vw, 340px\" src=\"data:image\/svg+xml;base64,PHN2ZyB3aWR0aD0iMSIgaGVpZ2h0PSIxIiB4bWxucz0iaHR0cDovL3d3dy53My5vcmcvMjAwMC9zdmciPjwvc3ZnPg==\" style=\"--smush-placeholder-width: 340px; --smush-placeholder-aspect-ratio: 340\/226;\" \/>Ato de coragem, a Mercedes-Benz deu um salto tecnol\u00f3gico, agregando aos \u00f4nibus rodovi\u00e1rios da linha O 500 RS e RSD 14 itens de seguran\u00e7a, com vistas a reduzir os riscos de acidente. De maior express\u00e3o, o controlador autom\u00e1tico adaptativo ACC, capaz de acelerar e frear independentemente do controle do motorista, mantendo dist\u00e2ncia segura com rela\u00e7\u00e3o ao ve\u00edculo precendente.<\/p>\n<p>\u00c9 sistema chegado aos carros de luxo e agora aplicado ao transporte rodovi\u00e1rio. Segundo a empresa, \u00e9 importante passo em dire\u00e7\u00e3o ao \u00f4nibus aut\u00f4nomo. O sistema tem sensores na dianteira percebendo, a partir de 200 m, a presen\u00e7a de ve\u00edculos \u00e0 frente, reduzindo a velocidade e, se for o caso por proximidade, inicia frear o coletivo. \u00c9 extremamente \u00fatil em pa\u00edses como os da Am\u00e9rica Latina, com longas retas e descidas, avultando em utilidade se em caso de chuva ou visibilidade reduzida. O ACC acelera e freia automaticamente para evitar impactos, e se desliga a velocidades inferiores a 15 km\/h, mantendo o comando com o motorista. O pacote montado pela Mercedes e aplicado aos \u00f4nibus O500 re\u00fane 14 itens tecnol\u00f3gicos de seguran\u00e7a. Walter Barbosa, diretor de vendas e marketing \u00f4nibus na Mercedes entende, a aplica\u00e7\u00e3o do ACC nos \u00f4nibus aumenta o n\u00edvel de seguran\u00e7a nas estradas, com efeitos sobre motoristas, passageiros, usu\u00e1rios das vias. Para ele, o equipamento supera um controlador convencional, limitado a manter velocidade pr\u00e9-selecionada.<\/p>\n<p>A agrega\u00e7\u00e3o do ACC \u00e9 passo na dire\u00e7\u00e3o do \u00f4nibus aut\u00f4nomo. Seu principal modelo de vanguarda tecnol\u00f3gica, o Future Bus Mercedes-Benz j\u00e1 o emprega na Europa. Sua aplica\u00e7\u00e3o \u00e9 para m\u00e9dias e longas dist\u00e2ncias. No caso, o pacote incluindo o ACC tem14 itens de seguran\u00e7a, conjugando sistema de frenagem de emerg\u00eancia; aviso de mudan\u00e7a de faixa sem sinal; monitoramento da press\u00e3o dos pneus; Retarder, auxiliar de frenagem; Top-Brake, freio-motor auxiliar; suspens\u00e3o com antitombamento; controle de tra\u00e7\u00e3o; suspens\u00e3o pneum\u00e1tica controlada eletronicamente; controle eletr\u00f4nico de estabilidade; eixo direcional, freios a disco.<\/p>\n<p>Aduz o executivo, a fam\u00edlia O 500 \u00e9 a mais moderna e avan\u00e7ada, desenvolvida no conceito modular, permitindo receber todos os tipos de carroceria imaginada pelos clientes.<\/p><\/div><\/div>\n<a href='https:\/\/autolivraria.com.br\/bc\/informe-se\/colunas\/de-carro-por-ai\/marchionne-foi-se-o-homem-resta-a-referencia\/' class='small-button smallsilver'>Coluna anterior<\/a>\n<p><em>A coluna expressa as opini\u00f5es do colunista e n\u00e3o as do Best Cars<\/em><\/p>\n<p>&nbsp;<\/p>\n","protected":false},"excerpt":{"rendered":"<p>A meu ver n\u00e3o h\u00e1 d\u00favidas: a Ford decidiu enxugar a opera\u00e7\u00e3o na Am\u00e9rica Latina, de preju\u00edzos di\u00e1rios<\/p>\n","protected":false},"author":6,"featured_media":75031,"comment_status":"open","ping_status":"closed","sticky":false,"template":"","format":"standard","meta":{"_joinchat":[],"footnotes":""},"categories":[3337],"tags":[153,3338,213,2581],"class_list":["post-96813","post","type-post","status-publish","format-standard","has-post-thumbnail","hentry","category-de-carro-por-ai","tag-colunas-2","tag-de-carro-por-ai-2","tag-ford-3","tag-industria"],"amp_enabled":true,"_links":{"self":[{"href":"https:\/\/autolivraria.com.br\/bc\/wp-json\/wp\/v2\/posts\/96813","targetHints":{"allow":["GET"]}}],"collection":[{"href":"https:\/\/autolivraria.com.br\/bc\/wp-json\/wp\/v2\/posts"}],"about":[{"href":"https:\/\/autolivraria.com.br\/bc\/wp-json\/wp\/v2\/types\/post"}],"author":[{"embeddable":true,"href":"https:\/\/autolivraria.com.br\/bc\/wp-json\/wp\/v2\/users\/6"}],"replies":[{"embeddable":true,"href":"https:\/\/autolivraria.com.br\/bc\/wp-json\/wp\/v2\/comments?post=96813"}],"version-history":[{"count":0,"href":"https:\/\/autolivraria.com.br\/bc\/wp-json\/wp\/v2\/posts\/96813\/revisions"}],"wp:featuredmedia":[{"embeddable":true,"href":"https:\/\/autolivraria.com.br\/bc\/wp-json\/wp\/v2\/media\/75031"}],"wp:attachment":[{"href":"https:\/\/autolivraria.com.br\/bc\/wp-json\/wp\/v2\/media?parent=96813"}],"wp:term":[{"taxonomy":"category","embeddable":true,"href":"https:\/\/autolivraria.com.br\/bc\/wp-json\/wp\/v2\/categories?post=96813"},{"taxonomy":"post_tag","embeddable":true,"href":"https:\/\/autolivraria.com.br\/bc\/wp-json\/wp\/v2\/tags?post=96813"}],"curies":[{"name":"wp","href":"https:\/\/api.w.org\/{rel}","templated":true}]}}