{"id":97149,"date":"2018-08-24T08:10:31","date_gmt":"2018-08-24T11:10:31","guid":{"rendered":"http:\/\/bestcars.uol.com.br\/bc\/?p=97149"},"modified":"2018-08-29T13:30:56","modified_gmt":"2018-08-29T16:30:56","slug":"estilo-um-e-pouco-dois-e-bom-tres-volumes-e-ideal","status":"publish","type":"post","link":"https:\/\/autolivraria.com.br\/bc\/informe-se\/analise-estilo\/estilo-um-e-pouco-dois-e-bom-tres-volumes-e-ideal\/","title":{"rendered":"Estilo: um \u00e9 pouco, dois \u00e9 bom, tr\u00eas (volumes) \u00e9 ideal"},"content":{"rendered":"<p><a href=\"https:\/\/autolivraria.com.br\/bc\/wp-content\/uploads\/2018\/08\/Sedas.jpg\" rel=\"attachment wp-att-97253\"><img fetchpriority=\"high\" decoding=\"async\" width=\"696\" height=\"464\" class=\"aligncenter size-large wp-image-97253\" src=\"https:\/\/autolivraria.com.br\/bc\/wp-content\/uploads\/2018\/08\/Sedas-696x464.jpg\" alt=\"\" srcset=\"https:\/\/autolivraria.com.br\/bc\/wp-content\/uploads\/2018\/08\/Sedas-696x464.jpg 696w, https:\/\/autolivraria.com.br\/bc\/wp-content\/uploads\/2018\/08\/Sedas-340x227.jpg 340w, https:\/\/autolivraria.com.br\/bc\/wp-content\/uploads\/2018\/08\/Sedas-630x420.jpg 630w, https:\/\/autolivraria.com.br\/bc\/wp-content\/uploads\/2018\/08\/Sedas-222x148.jpg 222w, https:\/\/autolivraria.com.br\/bc\/wp-content\/uploads\/2018\/08\/Sedas.jpg 1280w\" sizes=\"(max-width: 696px) 100vw, 696px\" \/><\/a><\/p>\n<h2>Cobalt, Cronos, City, Yaris e Virtus mostram as diversas solu\u00e7\u00f5es para o desenho de um sed\u00e3 compacto<\/h2>\n<p><em>Texto: Danillo Almeida &#8211; Fotos: divulga\u00e7\u00e3o<\/em><\/p>\n<p>&nbsp;<\/p>\n<p>O mercado brasileiro viu a forma\u00e7\u00e3o de um segmento superior entre os compactos no come\u00e7o dos anos 2000. Na \u00e9poca a Volkswagen trouxe o Polo de quarta gera\u00e7\u00e3o, visando substituir o Gol e elevar o padr\u00e3o da linha brasileira. O problema foi que tudo isso teria um pre\u00e7o: como a constru\u00e7\u00e3o mais refinada tornava o novato caro para quem costumava comprar o Gol, a mudan\u00e7a n\u00e3o aconteceu. O que se viu, na verdade, foi o Polo acomodar-se logo acima no que viraria um nicho de mercado, fortalecido pelo segundo Chevrolet Corsa e, mais tarde, por Citro\u00ebn C3 e Fiat Punto. Esses hatches firmaram-se acima dos outros compactos e abaixo dos m\u00e9dios, como Chevrolet Astra e Ford Focus.<\/p>\n<p>Os carros pequenos que formaram uma esp\u00e9cie de segmento <em>premium,<\/em> no Brasil, s\u00e3o populares nos pa\u00edses de origem. Mesmo assim, ca\u00edram como uma luva nas m\u00e3os de quem buscava algo mais elaborado sem chegar a comprar um m\u00e9dio. Ao longo dos \u00faltimos anos, esse segmento se estendeu \u00e0 carroceria sed\u00e3 e alcan\u00e7ou vendas est\u00e1veis. Hoje ele se encontra aquecido por causa dos modelos de Fiat, Honda, Toyota e Volkswagen \u2014 esta, mais uma vez, com o Polo.<\/p>\n<p>&nbsp;<\/p>\n\n<div class='code-block code-block-7' style='margin: 28px auto; text-align: center; display: block; clear: both;'>\n<script async src=\"https:\/\/pagead2.googlesyndication.com\/pagead\/js\/adsbygoogle.js\"><\/script>\n<!-- AL-quadrado -->\n<ins class=\"adsbygoogle\"\n     style=\"display:block\"\n     data-ad-client=\"ca-pub-1914799802606213\"\n     data-ad-slot=\"5683066082\"\n     data-ad-format=\"auto\"\n     data-full-width-responsive=\"true\"><\/ins>\n<script>\n     (adsbygoogle = window.adsbygoogle || []).push({});\n<\/script><\/div>\n\n<p>&nbsp;<\/p>\n<p>Escolhemos os quatro sed\u00e3s desses fabricantes \u2014 Fiat Cronos, Honda City, Toyota Yaris e Volkswagen Virtus \u2014, mais o Chevrolet Cobalt, para nossa primeira an\u00e1lise de estilo comparativa. Entre eles h\u00e1 modelos desenvolvidos sozinhos e outros criados a partir de hatches, de modo que \u00e9 grande a diversidade de solu\u00e7\u00f5es de estilo. O Ford Fiesta Sedan, que seria outra presen\u00e7a relevante anos atr\u00e1s,\u00a0\u00e9 mencionado \u00e0 parte.<\/p>\n<p>Nesta an\u00e1lise conjunta, n\u00e3o \u00e9 inten\u00e7\u00e3o do <strong>Best Cars<\/strong> apontar vencedores \u2014 ou perdedores. Beleza \u00e9 sempre um assunto subjetivo; portanto, um mesmo carro pode parecer lindo para uns e feio para outros. A escolha de solu\u00e7\u00f5es de estilo, contudo, pode ser avaliada de maneira objetiva porque lida com conceitos como a harmonia de linhas e volumes, o equil\u00edbrio de elementos visuais ao longo da carroceria e da cabine e a efic\u00e1cia das solu\u00e7\u00f5es que corroboram as caracter\u00edsticas que o fabricante desejava oferecer.<\/p>\n<p>&nbsp;<\/p>\n<div class='one_half'>\n\t\t\t\t\t<figure id=\"attachment_97192\" aria-describedby=\"caption-attachment-97192\" style=\"width: 340px\" class=\"wp-caption aligncenter\"><a href=\"https:\/\/autolivraria.com.br\/bc\/wp-content\/uploads\/2018\/08\/Sedas-Frente-Cobalt.jpg\" rel=\"attachment wp-att-97192\"><img decoding=\"async\" class=\"size-medium wp-image-97192 lazyload\" data-src=\"https:\/\/autolivraria.com.br\/bc\/wp-content\/uploads\/2018\/08\/Sedas-Frente-Cobalt-340x227.jpg\" alt=\"Cobalt\" width=\"340\" height=\"227\" data-srcset=\"https:\/\/autolivraria.com.br\/bc\/wp-content\/uploads\/2018\/08\/Sedas-Frente-Cobalt-340x227.jpg 340w, https:\/\/autolivraria.com.br\/bc\/wp-content\/uploads\/2018\/08\/Sedas-Frente-Cobalt-696x464.jpg 696w, https:\/\/autolivraria.com.br\/bc\/wp-content\/uploads\/2018\/08\/Sedas-Frente-Cobalt-630x420.jpg 630w, https:\/\/autolivraria.com.br\/bc\/wp-content\/uploads\/2018\/08\/Sedas-Frente-Cobalt-222x148.jpg 222w, https:\/\/autolivraria.com.br\/bc\/wp-content\/uploads\/2018\/08\/Sedas-Frente-Cobalt.jpg 1280w\" data-sizes=\"(max-width: 340px) 100vw, 340px\" src=\"data:image\/svg+xml;base64,PHN2ZyB3aWR0aD0iMSIgaGVpZ2h0PSIxIiB4bWxucz0iaHR0cDovL3d3dy53My5vcmcvMjAwMC9zdmciPjwvc3ZnPg==\" style=\"--smush-placeholder-width: 340px; --smush-placeholder-aspect-ratio: 340\/227;\" \/><\/a><figcaption id=\"caption-attachment-97192\" class=\"wp-caption-text\">Cobalt<\/figcaption><\/figure>\n\t\t\t\t<\/div>\n<div class='one_half last'>\n\t\t\t\t\t<figure id=\"attachment_97193\" aria-describedby=\"caption-attachment-97193\" style=\"width: 340px\" class=\"wp-caption aligncenter\"><a href=\"https:\/\/autolivraria.com.br\/bc\/wp-content\/uploads\/2018\/08\/Sedas-Frente-Cronos.jpg\" rel=\"attachment wp-att-97193\"><img decoding=\"async\" class=\"size-medium wp-image-97193 lazyload\" data-src=\"https:\/\/autolivraria.com.br\/bc\/wp-content\/uploads\/2018\/08\/Sedas-Frente-Cronos-340x227.jpg\" alt=\"Cronos\" width=\"340\" height=\"227\" data-srcset=\"https:\/\/autolivraria.com.br\/bc\/wp-content\/uploads\/2018\/08\/Sedas-Frente-Cronos-340x227.jpg 340w, https:\/\/autolivraria.com.br\/bc\/wp-content\/uploads\/2018\/08\/Sedas-Frente-Cronos-696x464.jpg 696w, https:\/\/autolivraria.com.br\/bc\/wp-content\/uploads\/2018\/08\/Sedas-Frente-Cronos-630x420.jpg 630w, https:\/\/autolivraria.com.br\/bc\/wp-content\/uploads\/2018\/08\/Sedas-Frente-Cronos-222x148.jpg 222w, https:\/\/autolivraria.com.br\/bc\/wp-content\/uploads\/2018\/08\/Sedas-Frente-Cronos.jpg 1280w\" data-sizes=\"(max-width: 340px) 100vw, 340px\" src=\"data:image\/svg+xml;base64,PHN2ZyB3aWR0aD0iMSIgaGVpZ2h0PSIxIiB4bWxucz0iaHR0cDovL3d3dy53My5vcmcvMjAwMC9zdmciPjwvc3ZnPg==\" style=\"--smush-placeholder-width: 340px; --smush-placeholder-aspect-ratio: 340\/227;\" \/><\/a><figcaption id=\"caption-attachment-97193\" class=\"wp-caption-text\">Cronos<\/figcaption><\/figure>\n\t\t\t\t<\/div><div class='clear'><\/div>\n<div class='one_half'>\n\t\t\t\t\t<figure id=\"attachment_97194\" aria-describedby=\"caption-attachment-97194\" style=\"width: 340px\" class=\"wp-caption aligncenter\"><a href=\"https:\/\/autolivraria.com.br\/bc\/wp-content\/uploads\/2018\/08\/Sedas-Frente-City.jpg\" rel=\"attachment wp-att-97194\"><img decoding=\"async\" class=\"size-medium wp-image-97194 lazyload\" data-src=\"https:\/\/autolivraria.com.br\/bc\/wp-content\/uploads\/2018\/08\/Sedas-Frente-City-340x227.jpg\" alt=\"City\" width=\"340\" height=\"227\" data-srcset=\"https:\/\/autolivraria.com.br\/bc\/wp-content\/uploads\/2018\/08\/Sedas-Frente-City-340x227.jpg 340w, https:\/\/autolivraria.com.br\/bc\/wp-content\/uploads\/2018\/08\/Sedas-Frente-City-696x464.jpg 696w, https:\/\/autolivraria.com.br\/bc\/wp-content\/uploads\/2018\/08\/Sedas-Frente-City-630x420.jpg 630w, https:\/\/autolivraria.com.br\/bc\/wp-content\/uploads\/2018\/08\/Sedas-Frente-City-222x148.jpg 222w, https:\/\/autolivraria.com.br\/bc\/wp-content\/uploads\/2018\/08\/Sedas-Frente-City.jpg 1280w\" data-sizes=\"(max-width: 340px) 100vw, 340px\" src=\"data:image\/svg+xml;base64,PHN2ZyB3aWR0aD0iMSIgaGVpZ2h0PSIxIiB4bWxucz0iaHR0cDovL3d3dy53My5vcmcvMjAwMC9zdmciPjwvc3ZnPg==\" style=\"--smush-placeholder-width: 340px; --smush-placeholder-aspect-ratio: 340\/227;\" \/><\/a><figcaption id=\"caption-attachment-97194\" class=\"wp-caption-text\">City<\/figcaption><\/figure>\n\t\t\t\t<\/div>\n<div class='one_half last'>\n\t\t\t\t\t<p><em>Estilo dianteiro \u00e9 marcado por contrastes: City \u00e9 o mais diferenciado do hatch (Fit), Cobalt se inspira nos grandes sed\u00e3s dos EUA, Virtus \u00e9 austero e s\u00f3brio, Yaris \u00e9 fluido a ponto de ser incomum e Cronos mostra equil\u00edbrio na aplica\u00e7\u00e3o de tend\u00eancias<\/em><\/p>\n\t\t\t\t<\/div><div class='clear'><\/div>\n<div class='one_half'>\n\t\t\t\t\t<figure id=\"attachment_97195\" aria-describedby=\"caption-attachment-97195\" style=\"width: 340px\" class=\"wp-caption aligncenter\"><a href=\"https:\/\/autolivraria.com.br\/bc\/wp-content\/uploads\/2018\/08\/Sedas-Frente-Yaris.jpg\" rel=\"attachment wp-att-97195\"><img decoding=\"async\" class=\"size-medium wp-image-97195 lazyload\" data-src=\"https:\/\/autolivraria.com.br\/bc\/wp-content\/uploads\/2018\/08\/Sedas-Frente-Yaris-340x227.jpg\" alt=\"Yaris\" width=\"340\" height=\"227\" data-srcset=\"https:\/\/autolivraria.com.br\/bc\/wp-content\/uploads\/2018\/08\/Sedas-Frente-Yaris-340x227.jpg 340w, https:\/\/autolivraria.com.br\/bc\/wp-content\/uploads\/2018\/08\/Sedas-Frente-Yaris-696x464.jpg 696w, https:\/\/autolivraria.com.br\/bc\/wp-content\/uploads\/2018\/08\/Sedas-Frente-Yaris-630x420.jpg 630w, https:\/\/autolivraria.com.br\/bc\/wp-content\/uploads\/2018\/08\/Sedas-Frente-Yaris-222x148.jpg 222w, https:\/\/autolivraria.com.br\/bc\/wp-content\/uploads\/2018\/08\/Sedas-Frente-Yaris.jpg 1280w\" data-sizes=\"(max-width: 340px) 100vw, 340px\" src=\"data:image\/svg+xml;base64,PHN2ZyB3aWR0aD0iMSIgaGVpZ2h0PSIxIiB4bWxucz0iaHR0cDovL3d3dy53My5vcmcvMjAwMC9zdmciPjwvc3ZnPg==\" style=\"--smush-placeholder-width: 340px; --smush-placeholder-aspect-ratio: 340\/227;\" \/><\/a><figcaption id=\"caption-attachment-97195\" class=\"wp-caption-text\">Yaris<\/figcaption><\/figure>\n\t\t\t\t<\/div>\n<div class='one_half last'>\n\t\t\t\t\t<figure id=\"attachment_97254\" aria-describedby=\"caption-attachment-97254\" style=\"width: 340px\" class=\"wp-caption aligncenter\"><a href=\"https:\/\/autolivraria.com.br\/bc\/wp-content\/uploads\/2018\/08\/Sedas-Frente-Virtus.jpg\" rel=\"attachment wp-att-97254\"><img decoding=\"async\" class=\"size-medium wp-image-97254 lazyload\" data-src=\"https:\/\/autolivraria.com.br\/bc\/wp-content\/uploads\/2018\/08\/Sedas-Frente-Virtus-340x227.jpg\" alt=\"Virtus\" width=\"340\" height=\"227\" data-srcset=\"https:\/\/autolivraria.com.br\/bc\/wp-content\/uploads\/2018\/08\/Sedas-Frente-Virtus-340x227.jpg 340w, https:\/\/autolivraria.com.br\/bc\/wp-content\/uploads\/2018\/08\/Sedas-Frente-Virtus-696x464.jpg 696w, https:\/\/autolivraria.com.br\/bc\/wp-content\/uploads\/2018\/08\/Sedas-Frente-Virtus-630x420.jpg 630w, https:\/\/autolivraria.com.br\/bc\/wp-content\/uploads\/2018\/08\/Sedas-Frente-Virtus-222x148.jpg 222w, https:\/\/autolivraria.com.br\/bc\/wp-content\/uploads\/2018\/08\/Sedas-Frente-Virtus.jpg 1280w\" data-sizes=\"(max-width: 340px) 100vw, 340px\" src=\"data:image\/svg+xml;base64,PHN2ZyB3aWR0aD0iMSIgaGVpZ2h0PSIxIiB4bWxucz0iaHR0cDovL3d3dy53My5vcmcvMjAwMC9zdmciPjwvc3ZnPg==\" style=\"--smush-placeholder-width: 340px; --smush-placeholder-aspect-ratio: 340\/227;\" \/><\/a><figcaption id=\"caption-attachment-97254\" class=\"wp-caption-text\">Virtus<\/figcaption><\/figure>\n\t\t\t\t<\/div><div class='clear'><\/div>\n<p>&nbsp;<\/p>\n<p><img decoding=\"async\" class=\"alignleft size-full wp-image-96439 lazyload\" data-src=\"https:\/\/autolivraria.com.br\/bc\/wp-content\/uploads\/2018\/07\/Estilo-1.png\" alt=\"Estilo-1\" width=\"46\" height=\"46\" src=\"data:image\/svg+xml;base64,PHN2ZyB3aWR0aD0iMSIgaGVpZ2h0PSIxIiB4bWxucz0iaHR0cDovL3d3dy53My5vcmcvMjAwMC9zdmciPjwvc3ZnPg==\" style=\"--smush-placeholder-width: 46px; --smush-placeholder-aspect-ratio: 46\/46;\" \/>O City deriva de um hatch com formato quase de monovolume, o <a href=\"https:\/\/autolivraria.com.br\/bc\/tag\/fit\" target=\"_blank\">Fit<\/a>. Isso se expressa em sua dianteira curta e com grande inclina\u00e7\u00e3o do cap\u00f4. J\u00e1 o Cobalt foi projetado sozinho e precisava manter dist\u00e2ncia do <a href=\"https:\/\/autolivraria.com.br\/bc\/tag\/prisma\" target=\"_blank\">Prisma<\/a>, derivado do <a href=\"https:\/\/autolivraria.com.br\/bc\/tag\/onix\" target=\"_blank\">Onix<\/a>: explica-se a frente mais horizontal, que faz a carroceria parecer mais comprida. Quanto a Cronos, Virtus e Yaris, o \u201cparentesco\u201d com hatches levemente esportivos levou os fabricantes a usar cap\u00f4s mais longos e um pouco mais horizontais. Essa solu\u00e7\u00e3o atrai o olhar para o compartimento do motor, o qual evoca a ideia de desempenho.<\/p>\n<p><img decoding=\"async\" class=\"alignleft size-full wp-image-96440 lazyload\" data-src=\"https:\/\/autolivraria.com.br\/bc\/wp-content\/uploads\/2018\/07\/Estilo-2.png\" alt=\"Estilo-2\" width=\"46\" height=\"46\" src=\"data:image\/svg+xml;base64,PHN2ZyB3aWR0aD0iMSIgaGVpZ2h0PSIxIiB4bWxucz0iaHR0cDovL3d3dy53My5vcmcvMjAwMC9zdmciPjwvc3ZnPg==\" style=\"--smush-placeholder-width: 46px; --smush-placeholder-aspect-ratio: 46\/46;\" \/>Todos os far\u00f3is seguem as tend\u00eancias atuais. A maior diferen\u00e7a \u00e9 como suas formas se estendem rumo \u00e0s laterais da carroceria. Os do Yaris s\u00e3o afilados e elevados. O desenho do Cronos traz propor\u00e7\u00e3o mais convencional entre o tamanho das luzes e das entradas de ar. Esses desenhos, que sugerem influ\u00eancia da passagem do ar, s\u00e3o muito usados para sugerir esportividade. Nos demais, observa-se o contr\u00e1rio: far\u00f3is menores e contornos mais suaves passam imagem de solidez e austeridade. Isso \u00e9 interessante para o Cobalt, porque o op\u00f5e a Prisma e <a href=\"https:\/\/autolivraria.com.br\/bc\/tag\/cruze\" target=\"_blank\">Cruze<\/a>, e para o Virtus, porque segue a \u201ccartilha\u201d alem\u00e3. No City o formato da dianteira torna os far\u00f3is baixos e curtos.<\/p>\n<p>&nbsp;<\/p>\n<div class='code-block code-block-6' style='margin: 28px auto; text-align: center; display: block; clear: both;'>\n<script async src=\"https:\/\/pagead2.googlesyndication.com\/pagead\/js\/adsbygoogle.js\"><\/script>\n<!-- AL-quadrado -->\n<ins class=\"adsbygoogle\"\n     style=\"display:block\"\n     data-ad-client=\"ca-pub-1914799802606213\"\n     data-ad-slot=\"5683066082\"\n     data-ad-format=\"auto\"\n     data-full-width-responsive=\"true\"><\/ins>\n<script>\n     (adsbygoogle = window.adsbygoogle || []).push({});\n<\/script><\/div>\n\n<p>&nbsp;<\/p>\n<p><img decoding=\"async\" class=\"alignleft size-full wp-image-96441 lazyload\" data-src=\"https:\/\/autolivraria.com.br\/bc\/wp-content\/uploads\/2018\/07\/Estilo-3.png\" alt=\"Estilo-3\" width=\"46\" height=\"46\" src=\"data:image\/svg+xml;base64,PHN2ZyB3aWR0aD0iMSIgaGVpZ2h0PSIxIiB4bWxucz0iaHR0cDovL3d3dy53My5vcmcvMjAwMC9zdmciPjwvc3ZnPg==\" style=\"--smush-placeholder-width: 46px; --smush-placeholder-aspect-ratio: 46\/46;\" \/>Como Fiat e Toyota n\u00e3o t\u00eam identidade de estilo \u00fanica, as entradas de ar de Cronos e Yaris s\u00f3 remetem aos hatches da linha. O Cobalt destaca a superior a ponto de dividi-la em duas, enquanto a menor \u00e9 a do Yaris, porque a principal \u00e9 a inferior. O contorno tem acabamento preto no Cronos, na cor da carroceria no Virtus e cromado nos demais. City, Cobalt e Yaris est\u00e3o no redesenho de meia-vida; o desenho da entrada de ar \u00e9 harm\u00f4nico em todos porque mudou pouco no City, cujo redesenho foi sutil, e muito nos demais, porque tiveram a dianteira refeita. A Fiat aproveitou apenas os far\u00f3is do <a href=\"https:\/\/autolivraria.com.br\/bc\/tag\/argo\" target=\"_blank\">Argo<\/a>. J\u00e1 o Virtus repete as pe\u00e7as do Polo nacional.<\/p>\n<p><img decoding=\"async\" class=\"alignleft size-full wp-image-96442 lazyload\" data-src=\"https:\/\/autolivraria.com.br\/bc\/wp-content\/uploads\/2018\/07\/Estilo-4.png\" alt=\"Estilo-4\" width=\"46\" height=\"46\" src=\"data:image\/svg+xml;base64,PHN2ZyB3aWR0aD0iMSIgaGVpZ2h0PSIxIiB4bWxucz0iaHR0cDovL3d3dy53My5vcmcvMjAwMC9zdmciPjwvc3ZnPg==\" style=\"--smush-placeholder-width: 46px; --smush-placeholder-aspect-ratio: 46\/46;\" \/>City e Cobalt t\u00eam a entrada de ar superior destacada, ent\u00e3o \u00e9 natural que a inferior assuma papel secund\u00e1rio no estilo. No Yaris \u00e9 o contr\u00e1rio: a entrada inferior domina a dianteira. Seu formato trapezoidal ajuda os far\u00f3is a tornar o estilo fluido, enquanto os outros dois t\u00eam apar\u00eancia robusta e assentada. A entrada do Cronos \u00e9 larga, mas fina nos extremos: fica destacada e evita a sensa\u00e7\u00e3o de excesso. J\u00e1 a do Virtus tem estilo influenciado por modelos como o <a href=\"https:\/\/autolivraria.com.br\/bc\/tag\/arteon\" target=\"_blank\">Arteon<\/a>. A profus\u00e3o de linhas horizontais e verticais polui seu visual.<\/p>\n<p><img decoding=\"async\" class=\"alignleft size-full wp-image-96443 lazyload\" data-src=\"https:\/\/autolivraria.com.br\/bc\/wp-content\/uploads\/2018\/07\/Estilo-5.png\" alt=\"Estilo-5\" width=\"46\" height=\"46\" src=\"data:image\/svg+xml;base64,PHN2ZyB3aWR0aD0iMSIgaGVpZ2h0PSIxIiB4bWxucz0iaHR0cDovL3d3dy53My5vcmcvMjAwMC9zdmciPjwvc3ZnPg==\" style=\"--smush-placeholder-width: 46px; --smush-placeholder-aspect-ratio: 46\/46;\" \/>O primeiro destaque vai para o Virtus por fugir das luzes circulares. O segundo vai para os suportes das luzes do Yaris, com formato de bumerangue. Em terceiro lugar, as solu\u00e7\u00f5es de Cronos e Virtus: far\u00f3is de neblina em posi\u00e7\u00e3o elevada d\u00e3o apar\u00eancia nova e agrad\u00e1vel. City e Cobalt adotaram solu\u00e7\u00f5es conservadoras. Os do Toyota tornam seu estilo tridimensional, em que dianteira e laterais t\u00eam liga\u00e7\u00e3o forte. Cronos e Virtus obt\u00eam apar\u00eancia inovadora e \u201csaltada\u201d, que chama aten\u00e7\u00e3o. Os de Honda e Chevrolet\u00a0seriam esportivos h\u00e1 10 anos, mas hoje n\u00e3o passam de triviais.<\/p>\n<p>&nbsp;<\/p>\n<div class='one_half'>\n\t\t\t\t\t<figure id=\"attachment_97196\" aria-describedby=\"caption-attachment-97196\" style=\"width: 340px\" class=\"wp-caption aligncenter\"><a href=\"https:\/\/autolivraria.com.br\/bc\/wp-content\/uploads\/2018\/08\/Sedas-Lateral-Cobalt.jpg\" rel=\"attachment wp-att-97196\"><img decoding=\"async\" class=\"size-medium wp-image-97196 lazyload\" data-src=\"https:\/\/autolivraria.com.br\/bc\/wp-content\/uploads\/2018\/08\/Sedas-Lateral-Cobalt-340x186.jpg\" alt=\"Cobalt\" width=\"340\" height=\"186\" data-srcset=\"https:\/\/autolivraria.com.br\/bc\/wp-content\/uploads\/2018\/08\/Sedas-Lateral-Cobalt-340x186.jpg 340w, https:\/\/autolivraria.com.br\/bc\/wp-content\/uploads\/2018\/08\/Sedas-Lateral-Cobalt-696x381.jpg 696w, https:\/\/autolivraria.com.br\/bc\/wp-content\/uploads\/2018\/08\/Sedas-Lateral-Cobalt-768x420.jpg 768w, https:\/\/autolivraria.com.br\/bc\/wp-content\/uploads\/2018\/08\/Sedas-Lateral-Cobalt-222x121.jpg 222w, https:\/\/autolivraria.com.br\/bc\/wp-content\/uploads\/2018\/08\/Sedas-Lateral-Cobalt.jpg 1280w\" data-sizes=\"(max-width: 340px) 100vw, 340px\" src=\"data:image\/svg+xml;base64,PHN2ZyB3aWR0aD0iMSIgaGVpZ2h0PSIxIiB4bWxucz0iaHR0cDovL3d3dy53My5vcmcvMjAwMC9zdmciPjwvc3ZnPg==\" style=\"--smush-placeholder-width: 340px; --smush-placeholder-aspect-ratio: 340\/186;\" \/><\/a><figcaption id=\"caption-attachment-97196\" class=\"wp-caption-text\">Cobalt<\/figcaption><\/figure>\n\t\t\t\t<\/div>\n<div class='one_half last'>\n\t\t\t\t\t<figure id=\"attachment_97197\" aria-describedby=\"caption-attachment-97197\" style=\"width: 340px\" class=\"wp-caption aligncenter\"><a href=\"https:\/\/autolivraria.com.br\/bc\/wp-content\/uploads\/2018\/08\/Sedas-Lateral-Cronos.jpg\" rel=\"attachment wp-att-97197\"><img decoding=\"async\" class=\"size-medium wp-image-97197 lazyload\" data-src=\"https:\/\/autolivraria.com.br\/bc\/wp-content\/uploads\/2018\/08\/Sedas-Lateral-Cronos-340x186.jpg\" alt=\"Cronos\" width=\"340\" height=\"186\" data-srcset=\"https:\/\/autolivraria.com.br\/bc\/wp-content\/uploads\/2018\/08\/Sedas-Lateral-Cronos-340x186.jpg 340w, https:\/\/autolivraria.com.br\/bc\/wp-content\/uploads\/2018\/08\/Sedas-Lateral-Cronos-696x381.jpg 696w, https:\/\/autolivraria.com.br\/bc\/wp-content\/uploads\/2018\/08\/Sedas-Lateral-Cronos-768x420.jpg 768w, https:\/\/autolivraria.com.br\/bc\/wp-content\/uploads\/2018\/08\/Sedas-Lateral-Cronos-222x121.jpg 222w, https:\/\/autolivraria.com.br\/bc\/wp-content\/uploads\/2018\/08\/Sedas-Lateral-Cronos.jpg 1280w\" data-sizes=\"(max-width: 340px) 100vw, 340px\" src=\"data:image\/svg+xml;base64,PHN2ZyB3aWR0aD0iMSIgaGVpZ2h0PSIxIiB4bWxucz0iaHR0cDovL3d3dy53My5vcmcvMjAwMC9zdmciPjwvc3ZnPg==\" style=\"--smush-placeholder-width: 340px; --smush-placeholder-aspect-ratio: 340\/186;\" \/><\/a><figcaption id=\"caption-attachment-97197\" class=\"wp-caption-text\">Cronos<\/figcaption><\/figure>\n\t\t\t\t<\/div><div class='clear'><\/div>\n<div class='one_half'>\n\t\t\t\t\t<figure id=\"attachment_97255\" aria-describedby=\"caption-attachment-97255\" style=\"width: 340px\" class=\"wp-caption aligncenter\"><a href=\"https:\/\/autolivraria.com.br\/bc\/wp-content\/uploads\/2018\/08\/Sedas-Lateral-City.jpg\" rel=\"attachment wp-att-97255\"><img decoding=\"async\" class=\"size-medium wp-image-97255 lazyload\" data-src=\"https:\/\/autolivraria.com.br\/bc\/wp-content\/uploads\/2018\/08\/Sedas-Lateral-City-340x186.jpg\" alt=\"City\" width=\"340\" height=\"186\" data-srcset=\"https:\/\/autolivraria.com.br\/bc\/wp-content\/uploads\/2018\/08\/Sedas-Lateral-City-340x186.jpg 340w, https:\/\/autolivraria.com.br\/bc\/wp-content\/uploads\/2018\/08\/Sedas-Lateral-City-696x381.jpg 696w, https:\/\/autolivraria.com.br\/bc\/wp-content\/uploads\/2018\/08\/Sedas-Lateral-City-768x420.jpg 768w, https:\/\/autolivraria.com.br\/bc\/wp-content\/uploads\/2018\/08\/Sedas-Lateral-City-222x121.jpg 222w, https:\/\/autolivraria.com.br\/bc\/wp-content\/uploads\/2018\/08\/Sedas-Lateral-City.jpg 1280w\" data-sizes=\"(max-width: 340px) 100vw, 340px\" src=\"data:image\/svg+xml;base64,PHN2ZyB3aWR0aD0iMSIgaGVpZ2h0PSIxIiB4bWxucz0iaHR0cDovL3d3dy53My5vcmcvMjAwMC9zdmciPjwvc3ZnPg==\" style=\"--smush-placeholder-width: 340px; --smush-placeholder-aspect-ratio: 340\/186;\" \/><\/a><figcaption id=\"caption-attachment-97255\" class=\"wp-caption-text\">City<\/figcaption><\/figure>\n\t\t\t\t<\/div>\n<div class='one_half last'>\n\t\t\t\t\t<p><em>Nas laterais, o Honda se destaca pelas linhas fortes e esculpidas e o Toyota pelo contr\u00e1rio; o Fiat pelas sugest\u00f5es de esportividade e o VW pelo contr\u00e1rio; os quatro pelas variadas tentativas de parecer sofisticados e o Chevrolet, infelizmente, pelo contr\u00e1rio<\/em><\/p>\n\t\t\t\t<\/div><div class='clear'><\/div>\n<div class='one_half'>\n\t\t\t\t\t<figure id=\"attachment_97198\" aria-describedby=\"caption-attachment-97198\" style=\"width: 340px\" class=\"wp-caption aligncenter\"><a href=\"https:\/\/autolivraria.com.br\/bc\/wp-content\/uploads\/2018\/08\/Sedas-Lateral-Yaris.jpg\" rel=\"attachment wp-att-97198\"><img decoding=\"async\" class=\"size-medium wp-image-97198 lazyload\" data-src=\"https:\/\/autolivraria.com.br\/bc\/wp-content\/uploads\/2018\/08\/Sedas-Lateral-Yaris-340x186.jpg\" alt=\"Yaris\" width=\"340\" height=\"186\" data-srcset=\"https:\/\/autolivraria.com.br\/bc\/wp-content\/uploads\/2018\/08\/Sedas-Lateral-Yaris-340x186.jpg 340w, https:\/\/autolivraria.com.br\/bc\/wp-content\/uploads\/2018\/08\/Sedas-Lateral-Yaris-696x381.jpg 696w, https:\/\/autolivraria.com.br\/bc\/wp-content\/uploads\/2018\/08\/Sedas-Lateral-Yaris-768x420.jpg 768w, https:\/\/autolivraria.com.br\/bc\/wp-content\/uploads\/2018\/08\/Sedas-Lateral-Yaris-222x121.jpg 222w, https:\/\/autolivraria.com.br\/bc\/wp-content\/uploads\/2018\/08\/Sedas-Lateral-Yaris.jpg 1280w\" data-sizes=\"(max-width: 340px) 100vw, 340px\" src=\"data:image\/svg+xml;base64,PHN2ZyB3aWR0aD0iMSIgaGVpZ2h0PSIxIiB4bWxucz0iaHR0cDovL3d3dy53My5vcmcvMjAwMC9zdmciPjwvc3ZnPg==\" style=\"--smush-placeholder-width: 340px; --smush-placeholder-aspect-ratio: 340\/186;\" \/><\/a><figcaption id=\"caption-attachment-97198\" class=\"wp-caption-text\">Yaris<\/figcaption><\/figure>\n\t\t\t\t<\/div>\n<div class='one_half last'>\n\t\t\t\t\t<figure id=\"attachment_97199\" aria-describedby=\"caption-attachment-97199\" style=\"width: 340px\" class=\"wp-caption aligncenter\"><a href=\"https:\/\/autolivraria.com.br\/bc\/wp-content\/uploads\/2018\/08\/Sedas-Lateral-Virtus.jpg\" rel=\"attachment wp-att-97199\"><img decoding=\"async\" class=\"size-medium wp-image-97199 lazyload\" data-src=\"https:\/\/autolivraria.com.br\/bc\/wp-content\/uploads\/2018\/08\/Sedas-Lateral-Virtus-340x186.jpg\" alt=\"Virtus\" width=\"340\" height=\"186\" data-srcset=\"https:\/\/autolivraria.com.br\/bc\/wp-content\/uploads\/2018\/08\/Sedas-Lateral-Virtus-340x186.jpg 340w, https:\/\/autolivraria.com.br\/bc\/wp-content\/uploads\/2018\/08\/Sedas-Lateral-Virtus-696x381.jpg 696w, https:\/\/autolivraria.com.br\/bc\/wp-content\/uploads\/2018\/08\/Sedas-Lateral-Virtus-768x420.jpg 768w, https:\/\/autolivraria.com.br\/bc\/wp-content\/uploads\/2018\/08\/Sedas-Lateral-Virtus-222x121.jpg 222w, https:\/\/autolivraria.com.br\/bc\/wp-content\/uploads\/2018\/08\/Sedas-Lateral-Virtus.jpg 1280w\" data-sizes=\"(max-width: 340px) 100vw, 340px\" src=\"data:image\/svg+xml;base64,PHN2ZyB3aWR0aD0iMSIgaGVpZ2h0PSIxIiB4bWxucz0iaHR0cDovL3d3dy53My5vcmcvMjAwMC9zdmciPjwvc3ZnPg==\" style=\"--smush-placeholder-width: 340px; --smush-placeholder-aspect-ratio: 340\/186;\" \/><\/a><figcaption id=\"caption-attachment-97199\" class=\"wp-caption-text\">Virtus<\/figcaption><\/figure>\n\t\t\t\t<\/div><div class='clear'><\/div>\n<p>&nbsp;<\/p>\n<p><img decoding=\"async\" class=\"alignleft size-full wp-image-96439 lazyload\" data-src=\"https:\/\/autolivraria.com.br\/bc\/wp-content\/uploads\/2018\/07\/Estilo-1.png\" alt=\"Estilo-1\" width=\"46\" height=\"46\" src=\"data:image\/svg+xml;base64,PHN2ZyB3aWR0aD0iMSIgaGVpZ2h0PSIxIiB4bWxucz0iaHR0cDovL3d3dy53My5vcmcvMjAwMC9zdmciPjwvc3ZnPg==\" style=\"--smush-placeholder-width: 46px; --smush-placeholder-aspect-ratio: 46\/46;\" \/>A lateral da dianteira \u00e9 um indicador da proposta do carro. A cunha acentuada de City e Yaris sugere esportividade e fluidez, ao passo que as formas horizontais de Cobalt e Virtus passam sensa\u00e7\u00e3o mais conservadora e imponente; o primeiro se inspira nos sed\u00e3s norte-americanos. J\u00e1 o <a href=\"https:\/\/autolivraria.com.br\/bc\/glossario-b\/#bala\" target=\"_blank\">balan\u00e7o<\/a> longo de Cobalt e Yaris cria uma imagem assentada ao piso, a qual pode se confundir com pesada quando mal executada. O Cronos \u00e9 moderado na inclina\u00e7\u00e3o da dianteira e no comprimento do cap\u00f4 e usa vincos para parecer esportivo. De lado, a dianteira do City \u00e9 equilibrada pela traseira tamb\u00e9m curta. J\u00e1 o Yaris, suave e arredondado, lembra o Corolla de duas gera\u00e7\u00f5es atr\u00e1s.<\/p>\n<p><img decoding=\"async\" class=\"alignleft size-full wp-image-96440 lazyload\" data-src=\"https:\/\/autolivraria.com.br\/bc\/wp-content\/uploads\/2018\/07\/Estilo-2.png\" alt=\"Estilo-2\" width=\"46\" height=\"46\" src=\"data:image\/svg+xml;base64,PHN2ZyB3aWR0aD0iMSIgaGVpZ2h0PSIxIiB4bWxucz0iaHR0cDovL3d3dy53My5vcmcvMjAwMC9zdmciPjwvc3ZnPg==\" style=\"--smush-placeholder-width: 46px; --smush-placeholder-aspect-ratio: 46\/46;\" \/>Vincos permitem diferenciar os carros com facilidade. Em City e Yaris, come\u00e7am na porta dianteira e v\u00e3o \u00e0 traseira subindo. O Cobalt usa dois vincos fortes e horizontais na parte superior, cada um sobre uma roda. Cronos e Virtus t\u00eam vincos longos com uma ascens\u00e3o sutil \u2014 o do Cronos \u00e9 \u00fanico e divide a carroceria usando luz e sombra, enquanto o do Virtus \u00e9 duplo e fino. City e Yaris passam a ideia de movimento, mas o Yaris peca pelas ma\u00e7anetas \u201csoltas\u201d em rela\u00e7\u00e3o aos vincos, em posi\u00e7\u00e3o quase aleat\u00f3ria. Compare com as do Cronos, tamb\u00e9m prateadas, mas alinhadas ao vinco. O Cobalt repete essa falha, mas em menor intensidade.<\/p>\n<p><img decoding=\"async\" class=\"alignleft size-full wp-image-96441 lazyload\" data-src=\"https:\/\/autolivraria.com.br\/bc\/wp-content\/uploads\/2018\/07\/Estilo-3.png\" alt=\"Estilo-3\" width=\"46\" height=\"46\" src=\"data:image\/svg+xml;base64,PHN2ZyB3aWR0aD0iMSIgaGVpZ2h0PSIxIiB4bWxucz0iaHR0cDovL3d3dy53My5vcmcvMjAwMC9zdmciPjwvc3ZnPg==\" style=\"--smush-placeholder-width: 46px; --smush-placeholder-aspect-ratio: 46\/46;\" \/>Janelas s\u00e3o um ponto interessante no estilo de sed\u00e3s. Virtus, Yaris e City as usam com molduras finas. Isso requer processos de montagem mais sofisticados, mas traz melhor resultado visual. \u00c0 exce\u00e7\u00e3o do Cobalt, todos trazem a pe\u00e7a triangular de acabamento \u00e0 frente da porta dianteira: ela causa a impress\u00e3o de \u00e1rea envidra\u00e7ada al\u00e9m do limite das portas, de modo que parece maior e mais harm\u00f4nica. O Chevrolet n\u00e3o s\u00f3 a dispensa como usa janelas de perfil baixo\u00a0\u2014 o visual fica pobre, mais do que imponente, e torna a cabine claustrof\u00f3bica.<\/p>\n<p>Na parte traseira, o Virtus usa vigias porque sua coluna \u00e9 larga demais para ficar vazia. City e Yaris contornam isso com outra pe\u00e7a pl\u00e1stica, a qual custa menos. Cobalt e Cronos n\u00e3o usam nada, mas s\u00f3 o primeiro tem colunas estreitas. Colunas sem janelas dissimulam o comprimento da cabine e colunas largas passam sensa\u00e7\u00e3o de robustez. A Fiat quis usar ambos os recursos para tornar o Cronos mais esportivo, mas sua coluna est\u00e1 no limite de largura para que isso tenha resultado agrad\u00e1vel.<\/p>\n<p><img decoding=\"async\" class=\"alignleft size-full wp-image-96442 lazyload\" data-src=\"https:\/\/autolivraria.com.br\/bc\/wp-content\/uploads\/2018\/07\/Estilo-4.png\" alt=\"Estilo-4\" width=\"46\" height=\"46\" src=\"data:image\/svg+xml;base64,PHN2ZyB3aWR0aD0iMSIgaGVpZ2h0PSIxIiB4bWxucz0iaHR0cDovL3d3dy53My5vcmcvMjAwMC9zdmciPjwvc3ZnPg==\" style=\"--smush-placeholder-width: 46px; --smush-placeholder-aspect-ratio: 46\/46;\" \/>City e Yaris apostaram em uma transi\u00e7\u00e3o suave: a linha do teto desce de forma cont\u00ednua e sem dividir aten\u00e7\u00e3o com outros elementos. No City, isso \u00e9 feito com menor comprimento em rela\u00e7\u00e3o ao restante da carroceria e tampa mais alta, que chega a lembrar sed\u00e3s dos anos 90. Tudo isso o faz parecer mais compacto. No Yaris a transi\u00e7\u00e3o ocupa mais espa\u00e7o e deixa a tampa pouco abaixo das janelas. O carro parece mais comprido e um tanto volumoso, ainda mais por ter uma carroceria de relevo suave. Cobalt e Cronos usam volumes separados, com vincos horizontais para ressaltar a tampa do porta-malas.\u00a0S\u00f3 que o Chevrolet abusa disso almejando ar conservador, t\u00edpico de sed\u00e3s maiores, enquanto o Fiat \u00e9 moderado para n\u00e3o quebrar a apar\u00eancia \u00e1gil. O Virtus destoa pelo caimento de teto mais suave de todos.<\/p>\n<p><img decoding=\"async\" class=\"alignleft size-full wp-image-96443 lazyload\" data-src=\"https:\/\/autolivraria.com.br\/bc\/wp-content\/uploads\/2018\/07\/Estilo-5.png\" alt=\"Estilo-5\" width=\"46\" height=\"46\" src=\"data:image\/svg+xml;base64,PHN2ZyB3aWR0aD0iMSIgaGVpZ2h0PSIxIiB4bWxucz0iaHR0cDovL3d3dy53My5vcmcvMjAwMC9zdmciPjwvc3ZnPg==\" style=\"--smush-placeholder-width: 46px; --smush-placeholder-aspect-ratio: 46\/46;\" \/>Vincos: City, Cronos e Virtus os usam para criar um forte jogo de luz e sombra, que quebra o excesso de \u00e1rea vazia sem precisar de frisos. O Yaris segue o caminho oposto \u2014 \u00e9 arredondado e liso \u2014 e o Cobalt usa um par de vincos horizontais que v\u00e3o da dianteira \u00e0 traseira, para o ar de \u201ccarro grande\u201d. As\u00a0traseiras s\u00e3o claramente curtas e altas. No Virtus e no Yaris, menos: o VW para se inspirar em cup\u00eas e o Toyota pelo relevo que faz sua traseira parecer baixa. O problema do Virtus est\u00e1 nas propor\u00e7\u00f5es: o entre-eixos foi aumentado em rela\u00e7\u00e3o ao do Polo e o balan\u00e7o \u00e9 grande, o que torna sua traseira mais comprida do que deveria ser.<\/p>\n<a href='https:\/\/autolivraria.com.br\/bc\/informe-se\/analise-estilo\/estilo-um-e-pouco-dois-e-bom-tres-volumes-e-ideal\/2\/' class='small-button smallsilver'>Pr\u00f3xima parte<\/a>\n<p>&nbsp;<\/p>\n<p><!--nextpage--><\/p>\n<div class='one_half'>\n\t\t\t\t\t<figure id=\"attachment_97200\" aria-describedby=\"caption-attachment-97200\" style=\"width: 340px\" class=\"wp-caption aligncenter\"><a href=\"https:\/\/autolivraria.com.br\/bc\/wp-content\/uploads\/2018\/08\/Sedas-Traseira-Cobalt.jpg\" rel=\"attachment wp-att-97200\"><img decoding=\"async\" class=\"size-medium wp-image-97200 lazyload\" data-src=\"https:\/\/autolivraria.com.br\/bc\/wp-content\/uploads\/2018\/08\/Sedas-Traseira-Cobalt-340x227.jpg\" alt=\"Cobalt\" width=\"340\" height=\"227\" data-srcset=\"https:\/\/autolivraria.com.br\/bc\/wp-content\/uploads\/2018\/08\/Sedas-Traseira-Cobalt-340x227.jpg 340w, https:\/\/autolivraria.com.br\/bc\/wp-content\/uploads\/2018\/08\/Sedas-Traseira-Cobalt-696x464.jpg 696w, https:\/\/autolivraria.com.br\/bc\/wp-content\/uploads\/2018\/08\/Sedas-Traseira-Cobalt-630x420.jpg 630w, https:\/\/autolivraria.com.br\/bc\/wp-content\/uploads\/2018\/08\/Sedas-Traseira-Cobalt-222x148.jpg 222w, https:\/\/autolivraria.com.br\/bc\/wp-content\/uploads\/2018\/08\/Sedas-Traseira-Cobalt.jpg 1280w\" data-sizes=\"(max-width: 340px) 100vw, 340px\" src=\"data:image\/svg+xml;base64,PHN2ZyB3aWR0aD0iMSIgaGVpZ2h0PSIxIiB4bWxucz0iaHR0cDovL3d3dy53My5vcmcvMjAwMC9zdmciPjwvc3ZnPg==\" style=\"--smush-placeholder-width: 340px; --smush-placeholder-aspect-ratio: 340\/227;\" \/><\/a><figcaption id=\"caption-attachment-97200\" class=\"wp-caption-text\">Cobalt<\/figcaption><\/figure>\n\t\t\t\t<\/div>\n<div class='one_half last'>\n\t\t\t\t\t<figure id=\"attachment_97201\" aria-describedby=\"caption-attachment-97201\" style=\"width: 340px\" class=\"wp-caption aligncenter\"><a href=\"https:\/\/autolivraria.com.br\/bc\/wp-content\/uploads\/2018\/08\/Sedas-Traseira-Cronos.jpg\" rel=\"attachment wp-att-97201\"><img decoding=\"async\" class=\"size-medium wp-image-97201 lazyload\" data-src=\"https:\/\/autolivraria.com.br\/bc\/wp-content\/uploads\/2018\/08\/Sedas-Traseira-Cronos-340x227.jpg\" alt=\"Cronos\" width=\"340\" height=\"227\" data-srcset=\"https:\/\/autolivraria.com.br\/bc\/wp-content\/uploads\/2018\/08\/Sedas-Traseira-Cronos-340x227.jpg 340w, https:\/\/autolivraria.com.br\/bc\/wp-content\/uploads\/2018\/08\/Sedas-Traseira-Cronos-696x464.jpg 696w, https:\/\/autolivraria.com.br\/bc\/wp-content\/uploads\/2018\/08\/Sedas-Traseira-Cronos-630x420.jpg 630w, https:\/\/autolivraria.com.br\/bc\/wp-content\/uploads\/2018\/08\/Sedas-Traseira-Cronos-222x148.jpg 222w, https:\/\/autolivraria.com.br\/bc\/wp-content\/uploads\/2018\/08\/Sedas-Traseira-Cronos.jpg 1280w\" data-sizes=\"(max-width: 340px) 100vw, 340px\" src=\"data:image\/svg+xml;base64,PHN2ZyB3aWR0aD0iMSIgaGVpZ2h0PSIxIiB4bWxucz0iaHR0cDovL3d3dy53My5vcmcvMjAwMC9zdmciPjwvc3ZnPg==\" style=\"--smush-placeholder-width: 340px; --smush-placeholder-aspect-ratio: 340\/227;\" \/><\/a><figcaption id=\"caption-attachment-97201\" class=\"wp-caption-text\">Cronos<\/figcaption><\/figure>\n\t\t\t\t<\/div><div class='clear'><\/div>\n<div class='one_half'>\n\t\t\t\t\t<figure id=\"attachment_97202\" aria-describedby=\"caption-attachment-97202\" style=\"width: 340px\" class=\"wp-caption aligncenter\"><a href=\"https:\/\/autolivraria.com.br\/bc\/wp-content\/uploads\/2018\/08\/Sedas-Traseira-City.jpg\" rel=\"attachment wp-att-97202\"><img decoding=\"async\" class=\"size-medium wp-image-97202 lazyload\" data-src=\"https:\/\/autolivraria.com.br\/bc\/wp-content\/uploads\/2018\/08\/Sedas-Traseira-City-340x227.jpg\" alt=\"City\" width=\"340\" height=\"227\" data-srcset=\"https:\/\/autolivraria.com.br\/bc\/wp-content\/uploads\/2018\/08\/Sedas-Traseira-City-340x227.jpg 340w, https:\/\/autolivraria.com.br\/bc\/wp-content\/uploads\/2018\/08\/Sedas-Traseira-City-696x464.jpg 696w, https:\/\/autolivraria.com.br\/bc\/wp-content\/uploads\/2018\/08\/Sedas-Traseira-City-630x420.jpg 630w, https:\/\/autolivraria.com.br\/bc\/wp-content\/uploads\/2018\/08\/Sedas-Traseira-City-222x148.jpg 222w, https:\/\/autolivraria.com.br\/bc\/wp-content\/uploads\/2018\/08\/Sedas-Traseira-City.jpg 1280w\" data-sizes=\"(max-width: 340px) 100vw, 340px\" src=\"data:image\/svg+xml;base64,PHN2ZyB3aWR0aD0iMSIgaGVpZ2h0PSIxIiB4bWxucz0iaHR0cDovL3d3dy53My5vcmcvMjAwMC9zdmciPjwvc3ZnPg==\" style=\"--smush-placeholder-width: 340px; --smush-placeholder-aspect-ratio: 340\/227;\" \/><\/a><figcaption id=\"caption-attachment-97202\" class=\"wp-caption-text\">City<\/figcaption><\/figure>\n\t\t\t\t<\/div>\n<div class='one_half last'>\n\t\t\t\t\t<p><em>Traseira bem-resolvida em todos: escola oriental com presen\u00e7a forte em City e Yaris, com elementos do presente e do passado; solu\u00e7\u00f5es atuais em Cronos e Virtus, reflexo dos projetos mais novos; bom esfor\u00e7o em fazer o Cobalt parecer diferente sem mexer muito<\/em><\/p>\n\t\t\t\t<\/div><div class='clear'><\/div>\n<div class='one_half'>\n\t\t\t\t\t<figure id=\"attachment_97203\" aria-describedby=\"caption-attachment-97203\" style=\"width: 340px\" class=\"wp-caption aligncenter\"><a href=\"https:\/\/autolivraria.com.br\/bc\/wp-content\/uploads\/2018\/08\/Sedas-Traseira-Yaris.jpg\" rel=\"attachment wp-att-97203\"><img decoding=\"async\" class=\"size-medium wp-image-97203 lazyload\" data-src=\"https:\/\/autolivraria.com.br\/bc\/wp-content\/uploads\/2018\/08\/Sedas-Traseira-Yaris-340x227.jpg\" alt=\"Yaris\" width=\"340\" height=\"227\" data-srcset=\"https:\/\/autolivraria.com.br\/bc\/wp-content\/uploads\/2018\/08\/Sedas-Traseira-Yaris-340x227.jpg 340w, https:\/\/autolivraria.com.br\/bc\/wp-content\/uploads\/2018\/08\/Sedas-Traseira-Yaris-696x464.jpg 696w, https:\/\/autolivraria.com.br\/bc\/wp-content\/uploads\/2018\/08\/Sedas-Traseira-Yaris-630x420.jpg 630w, https:\/\/autolivraria.com.br\/bc\/wp-content\/uploads\/2018\/08\/Sedas-Traseira-Yaris-222x148.jpg 222w, https:\/\/autolivraria.com.br\/bc\/wp-content\/uploads\/2018\/08\/Sedas-Traseira-Yaris.jpg 1280w\" data-sizes=\"(max-width: 340px) 100vw, 340px\" src=\"data:image\/svg+xml;base64,PHN2ZyB3aWR0aD0iMSIgaGVpZ2h0PSIxIiB4bWxucz0iaHR0cDovL3d3dy53My5vcmcvMjAwMC9zdmciPjwvc3ZnPg==\" style=\"--smush-placeholder-width: 340px; --smush-placeholder-aspect-ratio: 340\/227;\" \/><\/a><figcaption id=\"caption-attachment-97203\" class=\"wp-caption-text\">Yaris<\/figcaption><\/figure>\n\t\t\t\t<\/div>\n<div class='one_half last'>\n\t\t\t\t\t<figure id=\"attachment_97256\" aria-describedby=\"caption-attachment-97256\" style=\"width: 340px\" class=\"wp-caption aligncenter\"><a href=\"https:\/\/autolivraria.com.br\/bc\/wp-content\/uploads\/2018\/08\/Sedas-Traseira-Virtus-1.jpg\" rel=\"attachment wp-att-97256\"><img decoding=\"async\" class=\"size-medium wp-image-97256 lazyload\" data-src=\"https:\/\/autolivraria.com.br\/bc\/wp-content\/uploads\/2018\/08\/Sedas-Traseira-Virtus-1-340x227.jpg\" alt=\"Virtus\" width=\"340\" height=\"227\" data-srcset=\"https:\/\/autolivraria.com.br\/bc\/wp-content\/uploads\/2018\/08\/Sedas-Traseira-Virtus-1-340x227.jpg 340w, https:\/\/autolivraria.com.br\/bc\/wp-content\/uploads\/2018\/08\/Sedas-Traseira-Virtus-1-696x464.jpg 696w, https:\/\/autolivraria.com.br\/bc\/wp-content\/uploads\/2018\/08\/Sedas-Traseira-Virtus-1-630x420.jpg 630w, https:\/\/autolivraria.com.br\/bc\/wp-content\/uploads\/2018\/08\/Sedas-Traseira-Virtus-1-222x148.jpg 222w, https:\/\/autolivraria.com.br\/bc\/wp-content\/uploads\/2018\/08\/Sedas-Traseira-Virtus-1.jpg 1280w\" data-sizes=\"(max-width: 340px) 100vw, 340px\" src=\"data:image\/svg+xml;base64,PHN2ZyB3aWR0aD0iMSIgaGVpZ2h0PSIxIiB4bWxucz0iaHR0cDovL3d3dy53My5vcmcvMjAwMC9zdmciPjwvc3ZnPg==\" style=\"--smush-placeholder-width: 340px; --smush-placeholder-aspect-ratio: 340\/227;\" \/><\/a><figcaption id=\"caption-attachment-97256\" class=\"wp-caption-text\">Virtus<\/figcaption><\/figure>\n\t\t\t\t<\/div><div class='clear'><\/div>\n<p>&nbsp;<\/p>\n<p><img decoding=\"async\" class=\"alignleft size-full wp-image-96439 lazyload\" data-src=\"https:\/\/autolivraria.com.br\/bc\/wp-content\/uploads\/2018\/07\/Estilo-1.png\" alt=\"Estilo-1\" width=\"46\" height=\"46\" src=\"data:image\/svg+xml;base64,PHN2ZyB3aWR0aD0iMSIgaGVpZ2h0PSIxIiB4bWxucz0iaHR0cDovL3d3dy53My5vcmcvMjAwMC9zdmciPjwvc3ZnPg==\" style=\"--smush-placeholder-width: 46px; --smush-placeholder-aspect-ratio: 46\/46;\" \/>Essa quina bem marcada aparece em todos porque confere dinamismo ao estilo e ajuda na aerodin\u00e2mica. Em quatro deles, a faixa espessa sugere um defletor. Em City, Virtus e Yaris esses vincos abrangem toda a largura do carro e t\u00eam formato parecido. O vinco do Cobalt, por sua vez, est\u00e1 restrito \u00e0 tampa do porta-malas: foi criado no redesenho de meia-vida como mudan\u00e7a de custo baixo. J\u00e1 a quina do Cronos \u00e9 a mais discreta. Como seu estilo traseiro \u00e9 carregado na parte central, ressalt\u00e1-la causaria polui\u00e7\u00e3o visual e roubaria espa\u00e7o do emblema.<\/p>\n<p><img decoding=\"async\" class=\"alignleft size-full wp-image-96440 lazyload\" data-src=\"https:\/\/autolivraria.com.br\/bc\/wp-content\/uploads\/2018\/07\/Estilo-2.png\" alt=\"Estilo-2\" width=\"46\" height=\"46\" src=\"data:image\/svg+xml;base64,PHN2ZyB3aWR0aD0iMSIgaGVpZ2h0PSIxIiB4bWxucz0iaHR0cDovL3d3dy53My5vcmcvMjAwMC9zdmciPjwvc3ZnPg==\" style=\"--smush-placeholder-width: 46px; --smush-placeholder-aspect-ratio: 46\/46;\" \/>Lanternas horizontais t\u00eam aplica\u00e7\u00e3o cara porque \u00e9 preciso dividi-las entre carroceria e tampa do porta-malas. No entanto, combinam t\u00e3o bem com um sed\u00e3 que est\u00e3o virando regra.\u00a0O Cobalt as ganhou no redesenho: o formato original, vertical, foi mantido s\u00f3 na regi\u00e3o onde invade a carroceria, porque seria mais cara de mudar; a parte que invade o para-choque foi trocada por uma extens\u00e3o na tampa. N\u00e3o \u00e9 a solu\u00e7\u00e3o mais elegante, mas causou grande mudan\u00e7a.<\/p>\n<p>O Cronos adota lanternas esguias como manda a tend\u00eancia italiana. As de Virtus e Yaris, mais chamativas, usam contornos retos no primeiro e arredondados no segundo para combinar com suas propostas de estilo. As do City, em vez de serem o destaque da traseira, adaptam-se ao estilo do resto. A por\u00e7\u00e3o branca foi delineada de modo a continuar o filete cromado que une as lanternas.<\/p>\n<p>&nbsp;<\/p>\n\n<div class='code-block code-block-7' style='margin: 28px auto; text-align: center; display: block; clear: both;'>\n<br>\n<div align=\"center\">\n<a target=\"_blank\" href=\"https:\/\/bestcars.com.br\/bc\/\">\n<img decoding=\"async\" data-src=\"https:\/\/bestcars.com.br\/bc\/wp-content\/uploads\/2021\/07\/Auto-Livraria-450x300-quadros.jpg\" alt=\"Auto Livraria\" src=\"data:image\/svg+xml;base64,PHN2ZyB3aWR0aD0iMSIgaGVpZ2h0PSIxIiB4bWxucz0iaHR0cDovL3d3dy53My5vcmcvMjAwMC9zdmciPjwvc3ZnPg==\" class=\"lazyload\"><\/a>\n<\/div>\n<br><\/div>\n\n<p>&nbsp;<\/p>\n<p><img decoding=\"async\" class=\"alignleft size-full wp-image-96441 lazyload\" data-src=\"https:\/\/autolivraria.com.br\/bc\/wp-content\/uploads\/2018\/07\/Estilo-3.png\" alt=\"Estilo-3\" width=\"46\" height=\"46\" src=\"data:image\/svg+xml;base64,PHN2ZyB3aWR0aD0iMSIgaGVpZ2h0PSIxIiB4bWxucz0iaHR0cDovL3d3dy53My5vcmcvMjAwMC9zdmciPjwvc3ZnPg==\" style=\"--smush-placeholder-width: 46px; --smush-placeholder-aspect-ratio: 46\/46;\" \/>O suporte da placa atua como coringa. No Cobalt ele est\u00e1 no para-choque para baratear a produ\u00e7\u00e3o da tampa. City e Yaris o t\u00eam na tampa e em baixo relevo para integr\u00e1-lo \u00e0s pe\u00e7as vizinhas, mas isso causa sobrecarga visual. Cronos e Virtus, por fim, usam as placas na tampa e distribuem bem os elementos.<\/p>\n<p>As solu\u00e7\u00f5es de Honda e Toyota s\u00e3o boas, mas criam desequil\u00edbrio ao ter o suporte muito pr\u00f3ximo da linha de base da tampa \u2014 rebaixar esta \u00faltima evitaria o problema e facilitaria o uso do porta-malas, mas existe a quest\u00e3o de rigidez estrutural. No Chevrolet reestilizado o suporte da placa ficou perdido, sem ser seguido por nada, e a tampa ganhou vincos que a fazem parecer vinda de outro modelo. H\u00e1 ainda um vinco logo abaixo de cada lanterna que dissimula muito mal a \u201ccirurgia\u201d comentada no item 2.<\/p>\n<p><img decoding=\"async\" class=\"alignleft size-full wp-image-96442 lazyload\" data-src=\"https:\/\/autolivraria.com.br\/bc\/wp-content\/uploads\/2018\/07\/Estilo-4.png\" alt=\"Estilo-4\" width=\"46\" height=\"46\" src=\"data:image\/svg+xml;base64,PHN2ZyB3aWR0aD0iMSIgaGVpZ2h0PSIxIiB4bWxucz0iaHR0cDovL3d3dy53My5vcmcvMjAwMC9zdmciPjwvc3ZnPg==\" style=\"--smush-placeholder-width: 46px; --smush-placeholder-aspect-ratio: 46\/46;\" \/>Cobalt, Cronos e Virtus usaram a solu\u00e7\u00e3o gen\u00e9rica de conectar laterais e traseira com vincos. O Cronos usa s\u00f3 um, porque tem uma parte grande em pl\u00e1stico preto logo abaixo. Os dois vincos fortes do Virtus refor\u00e7am seu car\u00e1ter s\u00f3brio, mas tornam a apar\u00eancia pesada. Como os vincos do Cobalt s\u00e3o mais leves e altos, ele n\u00e3o deveria ter problemas, mas a Chevrolet queria fazer o modelo reestilizado parecer o mais diferente poss\u00edvel.<\/p>\n<p>Em City e Yaris, a regi\u00e3o tem um vinco muito leve. No primeiro isso \u00e9 bom: h\u00e1 muitos elementos de estilo logo acima e a parte debaixo tem desenho forte, incluindo falsas sa\u00eddas de ar e um vinco espesso. No segundo, essa suavidade repete o que se v\u00ea em toda a carroceria, mas isso nem sempre \u00e9 bom: conforme o \u00e2ngulo e a ilumina\u00e7\u00e3o, n\u00e3o se v\u00ea relevo nessa regi\u00e3o do Yaris. Isso lhe d\u00e1 um aspecto pobre.<\/p>\n<p><img decoding=\"async\" class=\"alignleft size-full wp-image-96443 lazyload\" data-src=\"https:\/\/autolivraria.com.br\/bc\/wp-content\/uploads\/2018\/07\/Estilo-5.png\" alt=\"Estilo-5\" width=\"46\" height=\"46\" src=\"data:image\/svg+xml;base64,PHN2ZyB3aWR0aD0iMSIgaGVpZ2h0PSIxIiB4bWxucz0iaHR0cDovL3d3dy53My5vcmcvMjAwMC9zdmciPjwvc3ZnPg==\" style=\"--smush-placeholder-width: 46px; --smush-placeholder-aspect-ratio: 46\/46;\" \/>Diversidade tamb\u00e9m na se\u00e7\u00e3o inferior do para-choque. City e Cronos a destacam bastante, um com vincos e outro com a diferen\u00e7a de material e cor, ao passo que Virtus e Yaris apostam em elementos horizontais. Ela assume um visual discreto no Cobalt, por ser o \u00fanico a usar a placa ali: evita polui\u00e7\u00e3o visual. City e Cronos combinam pl\u00e1stico preto, refletores, vincos e at\u00e9 falsas sa\u00eddas de ar; o primeiro chama aten\u00e7\u00e3o pelo jogo de luz de sombra e o segundo pelo contraste de cores. No Virtus, a linha cromada tem ressaltos baixos e largos demais para sugerir sa\u00eddas de escapamento, ent\u00e3o este elemento acaba parecendo perdido. O Yaris causa sensa\u00e7\u00e3o parecida: falta conex\u00e3o visual com as laterais.<\/p>\n<p>&nbsp;<\/p>\n<div class='one_half'>\n\t\t\t\t\t<figure id=\"attachment_97205\" aria-describedby=\"caption-attachment-97205\" style=\"width: 340px\" class=\"wp-caption aligncenter\"><a href=\"https:\/\/autolivraria.com.br\/bc\/wp-content\/uploads\/2018\/08\/Sedas-interior-Cobalt.jpg\" rel=\"attachment wp-att-97205\"><img decoding=\"async\" class=\"size-medium wp-image-97205 lazyload\" data-src=\"https:\/\/autolivraria.com.br\/bc\/wp-content\/uploads\/2018\/08\/Sedas-interior-Cobalt-340x186.jpg\" alt=\"Cobalt\" width=\"340\" height=\"186\" data-srcset=\"https:\/\/autolivraria.com.br\/bc\/wp-content\/uploads\/2018\/08\/Sedas-interior-Cobalt-340x186.jpg 340w, https:\/\/autolivraria.com.br\/bc\/wp-content\/uploads\/2018\/08\/Sedas-interior-Cobalt-696x381.jpg 696w, https:\/\/autolivraria.com.br\/bc\/wp-content\/uploads\/2018\/08\/Sedas-interior-Cobalt-768x420.jpg 768w, https:\/\/autolivraria.com.br\/bc\/wp-content\/uploads\/2018\/08\/Sedas-interior-Cobalt-222x121.jpg 222w, https:\/\/autolivraria.com.br\/bc\/wp-content\/uploads\/2018\/08\/Sedas-interior-Cobalt.jpg 1280w\" data-sizes=\"(max-width: 340px) 100vw, 340px\" src=\"data:image\/svg+xml;base64,PHN2ZyB3aWR0aD0iMSIgaGVpZ2h0PSIxIiB4bWxucz0iaHR0cDovL3d3dy53My5vcmcvMjAwMC9zdmciPjwvc3ZnPg==\" style=\"--smush-placeholder-width: 340px; --smush-placeholder-aspect-ratio: 340\/186;\" \/><\/a><figcaption id=\"caption-attachment-97205\" class=\"wp-caption-text\">Cobalt<\/figcaption><\/figure>\n\t\t\t\t<\/div>\n<div class='one_half last'>\n\t\t\t\t\t<figure id=\"attachment_97206\" aria-describedby=\"caption-attachment-97206\" style=\"width: 340px\" class=\"wp-caption aligncenter\"><a href=\"https:\/\/autolivraria.com.br\/bc\/wp-content\/uploads\/2018\/08\/Sedas-interior-Cronos.jpg\" rel=\"attachment wp-att-97206\"><img decoding=\"async\" class=\"size-medium wp-image-97206 lazyload\" data-src=\"https:\/\/autolivraria.com.br\/bc\/wp-content\/uploads\/2018\/08\/Sedas-interior-Cronos-340x186.jpg\" alt=\"Cronos\" width=\"340\" height=\"186\" data-srcset=\"https:\/\/autolivraria.com.br\/bc\/wp-content\/uploads\/2018\/08\/Sedas-interior-Cronos-340x186.jpg 340w, https:\/\/autolivraria.com.br\/bc\/wp-content\/uploads\/2018\/08\/Sedas-interior-Cronos-696x381.jpg 696w, https:\/\/autolivraria.com.br\/bc\/wp-content\/uploads\/2018\/08\/Sedas-interior-Cronos-768x420.jpg 768w, https:\/\/autolivraria.com.br\/bc\/wp-content\/uploads\/2018\/08\/Sedas-interior-Cronos-222x121.jpg 222w, https:\/\/autolivraria.com.br\/bc\/wp-content\/uploads\/2018\/08\/Sedas-interior-Cronos.jpg 1280w\" data-sizes=\"(max-width: 340px) 100vw, 340px\" src=\"data:image\/svg+xml;base64,PHN2ZyB3aWR0aD0iMSIgaGVpZ2h0PSIxIiB4bWxucz0iaHR0cDovL3d3dy53My5vcmcvMjAwMC9zdmciPjwvc3ZnPg==\" style=\"--smush-placeholder-width: 340px; --smush-placeholder-aspect-ratio: 340\/186;\" \/><\/a><figcaption id=\"caption-attachment-97206\" class=\"wp-caption-text\">Cronos<\/figcaption><\/figure>\n\t\t\t\t<\/div><div class='clear'><\/div>\n<div class='one_half'>\n\t\t\t\t\t<figure id=\"attachment_97207\" aria-describedby=\"caption-attachment-97207\" style=\"width: 340px\" class=\"wp-caption aligncenter\"><a href=\"https:\/\/autolivraria.com.br\/bc\/wp-content\/uploads\/2018\/08\/Sedas-interior-City.jpg\" rel=\"attachment wp-att-97207\"><img decoding=\"async\" class=\"size-medium wp-image-97207 lazyload\" data-src=\"https:\/\/autolivraria.com.br\/bc\/wp-content\/uploads\/2018\/08\/Sedas-interior-City-340x186.jpg\" alt=\"City\" width=\"340\" height=\"186\" data-srcset=\"https:\/\/autolivraria.com.br\/bc\/wp-content\/uploads\/2018\/08\/Sedas-interior-City-340x186.jpg 340w, https:\/\/autolivraria.com.br\/bc\/wp-content\/uploads\/2018\/08\/Sedas-interior-City-696x381.jpg 696w, https:\/\/autolivraria.com.br\/bc\/wp-content\/uploads\/2018\/08\/Sedas-interior-City-768x420.jpg 768w, https:\/\/autolivraria.com.br\/bc\/wp-content\/uploads\/2018\/08\/Sedas-interior-City-222x121.jpg 222w, https:\/\/autolivraria.com.br\/bc\/wp-content\/uploads\/2018\/08\/Sedas-interior-City.jpg 1280w\" data-sizes=\"(max-width: 340px) 100vw, 340px\" src=\"data:image\/svg+xml;base64,PHN2ZyB3aWR0aD0iMSIgaGVpZ2h0PSIxIiB4bWxucz0iaHR0cDovL3d3dy53My5vcmcvMjAwMC9zdmciPjwvc3ZnPg==\" style=\"--smush-placeholder-width: 340px; --smush-placeholder-aspect-ratio: 340\/186;\" \/><\/a><figcaption id=\"caption-attachment-97207\" class=\"wp-caption-text\">City<\/figcaption><\/figure>\n\t\t\t\t<\/div>\n<div class='one_half last'>\n\t\t\t\t\t<p><em>Pain\u00e9is de conservador a arrojado, de objetivo a carregado, de monocrom\u00e1tico a colorido; consoles de antiquado a moderno, de estreito a largo e at\u00e9 de vertical a quase horizontal<\/em><\/p>\n\t\t\t\t<\/div><div class='clear'><\/div>\n<div class='one_half'>\n\t\t\t\t\t<figure id=\"attachment_97208\" aria-describedby=\"caption-attachment-97208\" style=\"width: 340px\" class=\"wp-caption aligncenter\"><a href=\"https:\/\/autolivraria.com.br\/bc\/wp-content\/uploads\/2018\/08\/Sedas-interior-Yaris.jpg\" rel=\"attachment wp-att-97208\"><img decoding=\"async\" class=\"size-medium wp-image-97208 lazyload\" data-src=\"https:\/\/autolivraria.com.br\/bc\/wp-content\/uploads\/2018\/08\/Sedas-interior-Yaris-340x186.jpg\" alt=\"Yaris\" width=\"340\" height=\"186\" data-srcset=\"https:\/\/autolivraria.com.br\/bc\/wp-content\/uploads\/2018\/08\/Sedas-interior-Yaris-340x186.jpg 340w, https:\/\/autolivraria.com.br\/bc\/wp-content\/uploads\/2018\/08\/Sedas-interior-Yaris-696x381.jpg 696w, https:\/\/autolivraria.com.br\/bc\/wp-content\/uploads\/2018\/08\/Sedas-interior-Yaris-768x420.jpg 768w, https:\/\/autolivraria.com.br\/bc\/wp-content\/uploads\/2018\/08\/Sedas-interior-Yaris-222x121.jpg 222w, https:\/\/autolivraria.com.br\/bc\/wp-content\/uploads\/2018\/08\/Sedas-interior-Yaris.jpg 1280w\" data-sizes=\"(max-width: 340px) 100vw, 340px\" src=\"data:image\/svg+xml;base64,PHN2ZyB3aWR0aD0iMSIgaGVpZ2h0PSIxIiB4bWxucz0iaHR0cDovL3d3dy53My5vcmcvMjAwMC9zdmciPjwvc3ZnPg==\" style=\"--smush-placeholder-width: 340px; --smush-placeholder-aspect-ratio: 340\/186;\" \/><\/a><figcaption id=\"caption-attachment-97208\" class=\"wp-caption-text\">Yaris<\/figcaption><\/figure>\n\t\t\t\t<\/div>\n<div class='one_half last'>\n\t\t\t\t\t<figure id=\"attachment_97209\" aria-describedby=\"caption-attachment-97209\" style=\"width: 340px\" class=\"wp-caption aligncenter\"><a href=\"https:\/\/autolivraria.com.br\/bc\/wp-content\/uploads\/2018\/08\/Sedas-interior-Virtus.jpg\" rel=\"attachment wp-att-97209\"><img decoding=\"async\" class=\"size-medium wp-image-97209 lazyload\" data-src=\"https:\/\/autolivraria.com.br\/bc\/wp-content\/uploads\/2018\/08\/Sedas-interior-Virtus-340x186.jpg\" alt=\"Virtus\" width=\"340\" height=\"186\" data-srcset=\"https:\/\/autolivraria.com.br\/bc\/wp-content\/uploads\/2018\/08\/Sedas-interior-Virtus-340x186.jpg 340w, https:\/\/autolivraria.com.br\/bc\/wp-content\/uploads\/2018\/08\/Sedas-interior-Virtus-696x381.jpg 696w, https:\/\/autolivraria.com.br\/bc\/wp-content\/uploads\/2018\/08\/Sedas-interior-Virtus-768x420.jpg 768w, https:\/\/autolivraria.com.br\/bc\/wp-content\/uploads\/2018\/08\/Sedas-interior-Virtus-222x121.jpg 222w, https:\/\/autolivraria.com.br\/bc\/wp-content\/uploads\/2018\/08\/Sedas-interior-Virtus.jpg 1280w\" data-sizes=\"(max-width: 340px) 100vw, 340px\" src=\"data:image\/svg+xml;base64,PHN2ZyB3aWR0aD0iMSIgaGVpZ2h0PSIxIiB4bWxucz0iaHR0cDovL3d3dy53My5vcmcvMjAwMC9zdmciPjwvc3ZnPg==\" style=\"--smush-placeholder-width: 340px; --smush-placeholder-aspect-ratio: 340\/186;\" \/><\/a><figcaption id=\"caption-attachment-97209\" class=\"wp-caption-text\">Virtus<\/figcaption><\/figure>\n\t\t\t\t<\/div><div class='clear'><\/div>\n<p>&nbsp;<\/p>\n<p><img decoding=\"async\" class=\"alignleft size-full wp-image-96439 lazyload\" data-src=\"https:\/\/autolivraria.com.br\/bc\/wp-content\/uploads\/2018\/07\/Estilo-1.png\" alt=\"Estilo-1\" width=\"46\" height=\"46\" src=\"data:image\/svg+xml;base64,PHN2ZyB3aWR0aD0iMSIgaGVpZ2h0PSIxIiB4bWxucz0iaHR0cDovL3d3dy53My5vcmcvMjAwMC9zdmciPjwvc3ZnPg==\" style=\"--smush-placeholder-width: 46px; --smush-placeholder-aspect-ratio: 46\/46;\" \/>A ind\u00fastria tem preferido volantes de tr\u00eas raios e detalhes em preto brilhante ou prata fosco, com raio inferior maci\u00e7o ou vazado. \u00c9 comum que o fabricante use o mesmo volante em v\u00e1rios modelos, embora seja a pe\u00e7a que o motorista mais v\u00ea e toca. Cobalt, Virtus e Yaris desagradam por causa disso \u2014 ser\u00e1 que essa economia compensa o preju\u00edzo \u00e0 imagem? City e Cronos, por sua vez, compartilham seus volantes somente com os irm\u00e3os de projeto.<\/p>\n<p><img decoding=\"async\" class=\"alignleft size-full wp-image-96440 lazyload\" data-src=\"https:\/\/autolivraria.com.br\/bc\/wp-content\/uploads\/2018\/07\/Estilo-2.png\" alt=\"Estilo-2\" width=\"46\" height=\"46\" src=\"data:image\/svg+xml;base64,PHN2ZyB3aWR0aD0iMSIgaGVpZ2h0PSIxIiB4bWxucz0iaHR0cDovL3d3dy53My5vcmcvMjAwMC9zdmciPjwvc3ZnPg==\" style=\"--smush-placeholder-width: 46px; --smush-placeholder-aspect-ratio: 46\/46;\" \/>A tela da central de \u00e1udio costuma ocupar tr\u00eas posi\u00e7\u00f5es e aqui temos todas. A tradicional \u00e9 a de City e Cobalt, abaixo dos difusores de ar, como nos r\u00e1dios antigos: traz sensa\u00e7\u00e3o de familiaridade, mas limita o tamanho da tela. Em Virtus e Yaris ela fica no topo do console. Pode ser vista baixando menos o olhar, mas obriga o console central a ser largo e alto na parte superior. Aqui, o Cronos \u00e9 a exce\u00e7\u00e3o. Isolar a tela acima do console permite usar v\u00e1rios tamanhos e permite manter o resto do painel baixo, o que favorece a visibilidade. Por outro lado, um elemento saltado pode quebrar a harmonia.<\/p>\n<p>&nbsp;<\/p>\n<div class='code-block code-block-6' style='margin: 28px auto; text-align: center; display: block; clear: both;'>\n<script async src=\"https:\/\/pagead2.googlesyndication.com\/pagead\/js\/adsbygoogle.js\"><\/script>\n<!-- AL-quadrado -->\n<ins class=\"adsbygoogle\"\n     style=\"display:block\"\n     data-ad-client=\"ca-pub-1914799802606213\"\n     data-ad-slot=\"5683066082\"\n     data-ad-format=\"auto\"\n     data-full-width-responsive=\"true\"><\/ins>\n<script>\n     (adsbygoogle = window.adsbygoogle || []).push({});\n<\/script><\/div>\n\n<p>&nbsp;<\/p>\n<p><img decoding=\"async\" class=\"alignleft size-full wp-image-96441 lazyload\" data-src=\"https:\/\/autolivraria.com.br\/bc\/wp-content\/uploads\/2018\/07\/Estilo-3.png\" alt=\"Estilo-3\" width=\"46\" height=\"46\" src=\"data:image\/svg+xml;base64,PHN2ZyB3aWR0aD0iMSIgaGVpZ2h0PSIxIiB4bWxucz0iaHR0cDovL3d3dy53My5vcmcvMjAwMC9zdmciPjwvc3ZnPg==\" style=\"--smush-placeholder-width: 46px; --smush-placeholder-aspect-ratio: 46\/46;\" \/>A discuss\u00e3o do console central se aprofunda aqui. O mais convencional \u00e9 o do Yaris, estreito e alto, com componentes discretos que remetem aos anos 90. O do City \u00e9 mais largo e tem formas internas horizontais, de modo que perde a apar\u00eancia de coluna; no Cobalt ele \u00e9 protuberante e baixo, o que faz os lados do painel parecerem mais recuados e d\u00e1 sensa\u00e7\u00e3o de espa\u00e7o.<\/p>\n<p>Cronos e Virtus fazem valer a modernidade dos projetos. Pain\u00e9is com formas horizontais evitam a sensa\u00e7\u00e3o de que a cabine \u00e9 dividida ao meio, de modo que ela parece mais espa\u00e7osa. O perfil baixo implica \u201cespalhar\u201d os componentes no console, o qual os deixa mais pr\u00f3ximos das m\u00e3os. A Fiat usou formas arredondadas e uma faixa horizontal cinza ou bord\u00f4, dependendo da vers\u00e3o. J\u00e1 a Volkswagen permaneceu fiel \u00e0s formas retas, criticadas por muitos pela simplicidade, e usou o branco como op\u00e7\u00e3o contrastante.<\/p>\n<p><img decoding=\"async\" class=\"alignleft size-full wp-image-96442 lazyload\" data-src=\"https:\/\/autolivraria.com.br\/bc\/wp-content\/uploads\/2018\/07\/Estilo-4.png\" alt=\"Estilo-4\" width=\"46\" height=\"46\" src=\"data:image\/svg+xml;base64,PHN2ZyB3aWR0aD0iMSIgaGVpZ2h0PSIxIiB4bWxucz0iaHR0cDovL3d3dy53My5vcmcvMjAwMC9zdmciPjwvc3ZnPg==\" style=\"--smush-placeholder-width: 46px; --smush-placeholder-aspect-ratio: 46\/46;\" \/>Como o painel fica vazio no lado do passageiro, preench\u00ea-lo de maneira que combine com o restante \u00e9 um desafio. O Cobalt recorre a uma simples superf\u00edcie inclinada e baixa. O Cronos traz uma varia\u00e7\u00e3o mais adornada, em que a sa\u00edda de ar chama mais aten\u00e7\u00e3o e a superf\u00edcie \u00e9 quebrada pela faixa contrastante. Em ambos procura-se evitar que o painel \u201cavance\u201d sobre o passageiro, mas o Cronos denota mais capricho e aten\u00e7\u00e3o aos detalhes. City, Virtus e Yaris usam superf\u00edcies horizontal e vertical bem delineadas. O painel do City \u00e9 o que mais passa impress\u00e3o de altura, portanto \u00e9 bom que use elementos fortes para dissimul\u00e1-la. J\u00e1 o Virtus ameniza essa impress\u00e3o com as formas horizontais. O caso do Yaris \u00e9 intermedi\u00e1rio.<\/p>\n<p><img decoding=\"async\" class=\"alignleft size-full wp-image-96443 lazyload\" data-src=\"https:\/\/autolivraria.com.br\/bc\/wp-content\/uploads\/2018\/07\/Estilo-5.png\" alt=\"Estilo-5\" width=\"46\" height=\"46\" src=\"data:image\/svg+xml;base64,PHN2ZyB3aWR0aD0iMSIgaGVpZ2h0PSIxIiB4bWxucz0iaHR0cDovL3d3dy53My5vcmcvMjAwMC9zdmciPjwvc3ZnPg==\" style=\"--smush-placeholder-width: 46px; --smush-placeholder-aspect-ratio: 46\/46;\" \/>Por mais bonitos que sejam o painel e as portas, v\u00e3o deixar o conjunto feio se forem desconexos. Essa integra\u00e7\u00e3o \u00e9 fraca em City e Cobalt: as portas t\u00eam estilo independente, que segue o do painel. Por outro lado, o Virtus repete a faixa branca nas portas de um modo que parece papel dobrado. O Yaris faz uma transi\u00e7\u00e3o nos relevos e, no Cronos, o painel n\u00e3o tem formas que pudessem ser prolongadas \u00e0s portas. Elas ent\u00e3o s\u00e3o cheias de formas arredondadas, com puxadores de porta saltados, em alus\u00e3o ao desenho geral do carro.<\/p>\n<p>&nbsp;<\/p>\n<hr \/>\n<p>&nbsp;<\/p>\n<p>O segmento dos sed\u00e3s compactos superiores se encontra acima da esfera popular, mas ainda abaixo da dos m\u00e9dios, e isso \u00e9 f\u00e1cil de perceber: h\u00e1 modelos projetados no Brasil, outros vindos do exterior e outros que s\u00e3o adapta\u00e7\u00f5es locais de projetos estrangeiros. Al\u00e9m disso, eles t\u00eam uma diferen\u00e7a de idade que, nos tempos atuais, implica seguir tend\u00eancias de estilo muito diversas. Some tudo isso \u00e0s caracter\u00edsticas particulares de cada fabricante \u2014 conservadorismo, esportividade, inova\u00e7\u00e3o \u2014 e se entende que, embora pequeno, esse segmento j\u00e1 se tornou uma bela representa\u00e7\u00e3o do mercado automobil\u00edstico brasileiro de hoje.<\/p>\n<a href='https:\/\/autolivraria.com.br\/bc\/category\/informe-se\/analise-estilo\/' class='small-button smallsilver'>Mais An\u00e1lise de Estilo<\/a>\n<p>&nbsp;<\/p>\n<div class='et-box et-shadow'>\n\t\t\t\t\t<div class='et-box-content'><h2>E o Fiesta Sedan?<\/h2>\n<p><a href=\"https:\/\/autolivraria.com.br\/bc\/wp-content\/uploads\/2018\/08\/Sedas-Fiesta.jpg\" rel=\"attachment wp-att-97210\"><img decoding=\"async\" class=\"alignright size-medium wp-image-97210 lazyload\" data-src=\"https:\/\/autolivraria.com.br\/bc\/wp-content\/uploads\/2018\/08\/Sedas-Fiesta-340x266.jpg\" alt=\"Fiesta\" width=\"340\" height=\"266\" data-srcset=\"https:\/\/autolivraria.com.br\/bc\/wp-content\/uploads\/2018\/08\/Sedas-Fiesta-340x266.jpg 340w, https:\/\/autolivraria.com.br\/bc\/wp-content\/uploads\/2018\/08\/Sedas-Fiesta-696x544.jpg 696w, https:\/\/autolivraria.com.br\/bc\/wp-content\/uploads\/2018\/08\/Sedas-Fiesta-538x420.jpg 538w, https:\/\/autolivraria.com.br\/bc\/wp-content\/uploads\/2018\/08\/Sedas-Fiesta-222x173.jpg 222w, https:\/\/autolivraria.com.br\/bc\/wp-content\/uploads\/2018\/08\/Sedas-Fiesta.jpg 1280w\" data-sizes=\"(max-width: 340px) 100vw, 340px\" src=\"data:image\/svg+xml;base64,PHN2ZyB3aWR0aD0iMSIgaGVpZ2h0PSIxIiB4bWxucz0iaHR0cDovL3d3dy53My5vcmcvMjAwMC9zdmciPjwvc3ZnPg==\" style=\"--smush-placeholder-width: 340px; --smush-placeholder-aspect-ratio: 340\/266;\" \/><\/a>Se a an\u00e1lise tivesse sido feita alguns anos atr\u00e1s, o Ford Fiesta Sedan teria participa\u00e7\u00e3o garantida, mas sua situa\u00e7\u00e3o come\u00e7ou a desandar em 2014: s\u00f3 o hatch foi nacionalizado e o sed\u00e3, vindo do M\u00e9xico e sujeito \u00e0 varia\u00e7\u00e3o cambial, passou a vender cada vez menos.<\/p>\n<p>Embora seu estilo esteja datado em rela\u00e7\u00e3o aos outros sed\u00e3s, a carroceria mostra contornos angulares e vincos fortes e muito equilibrados. A \u00e1rea envidra\u00e7ada reduzida cria um problema: a lateral traseira tem uma \u00e1rea met\u00e1lica enorme, o que confere a sensa\u00e7\u00e3o de rodas pequenas. Por dentro, o painel exibe formas agrad\u00e1veis, mas a tela da central de \u00e1udio atesta sua idade.<\/p>\n<p>Infelizmente, n\u00e3o se pode esperar muito do futuro desse carro: a <a href=\"https:\/\/autolivraria.com.br\/bc\/informe-se\/noticias\/novo-ford-fiesta-maior-e-com-novos-auxilios-a-direcao\/\" target=\"_blank\">nova gera\u00e7\u00e3o europeia<\/a> n\u00e3o est\u00e1 prevista para o Brasil e, mesmo no exterior, ainda nem se fala em uma vers\u00e3o sed\u00e3.<\/p><\/div><\/div>\n<p>&nbsp;<\/p>\n","protected":false},"excerpt":{"rendered":"<p>Cobalt, Cronos, City, Yaris e Virtus mostram as diversas solu\u00e7\u00f5es para o desenho de um sed\u00e3 compacto<\/p>\n","protected":false},"author":6,"featured_media":97253,"comment_status":"open","ping_status":"closed","sticky":false,"template":"","format":"standard","meta":{"_joinchat":[],"footnotes":""},"categories":[5],"tags":[93,100,362,643,4422,57,82,83,4292,60,1645],"class_list":["post-97149","post","type-post","status-publish","format-standard","has-post-thumbnail","hentry","category-analise-estilo","tag-analise-de-estilo","tag-chevrolet","tag-city","tag-cobalt","tag-cronos","tag-fiat","tag-honda","tag-toyota","tag-virtus","tag-volkswagen","tag-yaris"],"amp_enabled":true,"_links":{"self":[{"href":"https:\/\/autolivraria.com.br\/bc\/wp-json\/wp\/v2\/posts\/97149","targetHints":{"allow":["GET"]}}],"collection":[{"href":"https:\/\/autolivraria.com.br\/bc\/wp-json\/wp\/v2\/posts"}],"about":[{"href":"https:\/\/autolivraria.com.br\/bc\/wp-json\/wp\/v2\/types\/post"}],"author":[{"embeddable":true,"href":"https:\/\/autolivraria.com.br\/bc\/wp-json\/wp\/v2\/users\/6"}],"replies":[{"embeddable":true,"href":"https:\/\/autolivraria.com.br\/bc\/wp-json\/wp\/v2\/comments?post=97149"}],"version-history":[{"count":0,"href":"https:\/\/autolivraria.com.br\/bc\/wp-json\/wp\/v2\/posts\/97149\/revisions"}],"wp:featuredmedia":[{"embeddable":true,"href":"https:\/\/autolivraria.com.br\/bc\/wp-json\/wp\/v2\/media\/97253"}],"wp:attachment":[{"href":"https:\/\/autolivraria.com.br\/bc\/wp-json\/wp\/v2\/media?parent=97149"}],"wp:term":[{"taxonomy":"category","embeddable":true,"href":"https:\/\/autolivraria.com.br\/bc\/wp-json\/wp\/v2\/categories?post=97149"},{"taxonomy":"post_tag","embeddable":true,"href":"https:\/\/autolivraria.com.br\/bc\/wp-json\/wp\/v2\/tags?post=97149"}],"curies":[{"name":"wp","href":"https:\/\/api.w.org\/{rel}","templated":true}]}}