{"id":97347,"date":"2018-08-28T08:00:11","date_gmt":"2018-08-28T11:00:11","guid":{"rendered":"http:\/\/bestcars.uol.com.br\/bc\/?p=97347"},"modified":"2018-09-12T11:14:16","modified_gmt":"2018-09-12T14:14:16","slug":"e-la-se-foram-20-anos-de-fiat-strada","status":"publish","type":"post","link":"https:\/\/autolivraria.com.br\/bc\/informe-se\/colunas\/eu-um-carro-e-a-cidade\/e-la-se-foram-20-anos-de-fiat-strada\/","title":{"rendered":"E l\u00e1 se foram 20 anos de Fiat Strada"},"content":{"rendered":"<p><img fetchpriority=\"high\" decoding=\"async\" class=\"aligncenter size-full wp-image-93693\" src=\"https:\/\/autolivraria.com.br\/bc\/wp-content\/uploads\/2018\/03\/Eu-um-Carro-e-a-Cidade.jpg\" alt=\"Eu-um-Carro-e-a-Cidade\" width=\"696\" height=\"100\" srcset=\"https:\/\/autolivraria.com.br\/bc\/wp-content\/uploads\/2018\/03\/Eu-um-Carro-e-a-Cidade.jpg 696w, https:\/\/autolivraria.com.br\/bc\/wp-content\/uploads\/2018\/03\/Eu-um-Carro-e-a-Cidade-340x49.jpg 340w, https:\/\/autolivraria.com.br\/bc\/wp-content\/uploads\/2018\/03\/Eu-um-Carro-e-a-Cidade-222x32.jpg 222w\" sizes=\"(max-width: 696px) 100vw, 696px\" \/><\/p>\n<h2>Apesar da idade, a pequena picape de Betim permanece imbat\u00edvel em um ambiente paup\u00e9rrimo de concorr\u00eancia<\/h2>\n<p>&nbsp;<\/p>\n<p>Onde voc\u00ea estava 20 anos atr\u00e1s? Quanto mudou sua vida nessas duas d\u00e9cadas? Se fosse poss\u00edvel direcionar essa pergunta a um carro \u2014 no caso, uma picape pequena \u2014, a Fiat Strada teria muita hist\u00f3ria de sucesso para contar, mas nem tanta evolu\u00e7\u00e3o para lembrar. E l\u00e1 se v\u00e3o 20 anos desde que a fam\u00edlia Palio ganhou seu utilit\u00e1rio.<\/p>\n<p>At\u00e9 que a Strada n\u00e3o ficou t\u00e3o antiquada assim ao longo de tanto tempo. Em parte, m\u00e9rito do projeto moderno na ocasi\u00e3o do lan\u00e7amento. Fruto de uma fam\u00edlia de autom\u00f3veis totalmente nova, com desenho de tend\u00eancias atuais, ela reinterpretou a utilidade da picape urbana, ditou novas modas jovens e aventureiras e demonstrou uma habilidade na qual a Fiat ent\u00e3o sobressa\u00eda: a ousadia. Que falta faz aquela Fiat de outrora!<\/p>\n<p>&nbsp;<\/p>\n<blockquote><p>A Strada reinterpretou a utilidade da picape urbana, ditou novas modas jovens e aventureiras e demonstrou uma habilidade da Fiat de ent\u00e3o: a ousadia<\/p><\/blockquote>\n<p>&nbsp;<\/p>\n<figure id=\"attachment_97348\" aria-describedby=\"caption-attachment-97348\" style=\"width: 340px\" class=\"wp-caption alignright\"><a href=\"https:\/\/autolivraria.com.br\/bc\/wp-content\/uploads\/2018\/08\/Fiat-Strada-1999.jpg\" rel=\"attachment wp-att-97348\"><img decoding=\"async\" class=\"size-medium wp-image-97348 lazyload\" data-src=\"https:\/\/autolivraria.com.br\/bc\/wp-content\/uploads\/2018\/08\/Fiat-Strada-1999-340x228.jpg\" alt=\"A Strada lan\u00e7ada em 1998: projeto moderno \u00e0 \u00e9poca permitiu boa resist\u00eancia ao tempo\" width=\"340\" height=\"228\" data-srcset=\"https:\/\/autolivraria.com.br\/bc\/wp-content\/uploads\/2018\/08\/Fiat-Strada-1999-340x228.jpg 340w, https:\/\/autolivraria.com.br\/bc\/wp-content\/uploads\/2018\/08\/Fiat-Strada-1999.jpg 696w, https:\/\/autolivraria.com.br\/bc\/wp-content\/uploads\/2018\/08\/Fiat-Strada-1999-627x420.jpg 627w, https:\/\/autolivraria.com.br\/bc\/wp-content\/uploads\/2018\/08\/Fiat-Strada-1999-222x149.jpg 222w\" data-sizes=\"(max-width: 340px) 100vw, 340px\" src=\"data:image\/svg+xml;base64,PHN2ZyB3aWR0aD0iMSIgaGVpZ2h0PSIxIiB4bWxucz0iaHR0cDovL3d3dy53My5vcmcvMjAwMC9zdmciPjwvc3ZnPg==\" style=\"--smush-placeholder-width: 340px; --smush-placeholder-aspect-ratio: 340\/228;\" \/><\/a><figcaption id=\"caption-attachment-97348\" class=\"wp-caption-text\">A Strada lan\u00e7ada em 1998: projeto moderno \u00e0 \u00e9poca permitiu boa resist\u00eancia ao tempo<\/figcaption><\/figure>\n<p>Por outro lado, a concorr\u00eancia foi p\u00edfia. S\u00f3 a competi\u00e7\u00e3o atroz \u00e9 capaz de pressionar um mercado para n\u00edveis mais avan\u00e7ados. Cada <a href=\"https:\/\/autolivraria.com.br\/bc\/tag\/montana\" target=\"_blank\">Chevrolet Montana<\/a> que sai da f\u00e1brica hoje nasce de materiais reciclados com 24 anos de idade. Lembra do velho <a href=\"https:\/\/autolivraria.com.br\/bc\/tag\/corsa\" target=\"_blank\">Corsa<\/a> de 1994? Foi ele que cedeu a plataforma e a mec\u00e2nica ao <a href=\"https:\/\/autolivraria.com.br\/bc\/tag\/agile\" target=\"_blank\">Agile<\/a>, o extinto hatch de cuja costela a Montana nasceu. A <a href=\"https:\/\/autolivraria.com.br\/bc\/tag\/saveiro\" target=\"_blank\">Volkswagen Saveiro<\/a> atual \u00e9 relativamente mais nova \u2014 deriva do <a href=\"https:\/\/autolivraria.com.br\/bc\/tag\/gol\" target=\"_blank\">Gol<\/a> de 2008, que em termos t\u00e9cnicos \u00e9 um Polo 2002 tosqueado. L\u00e1 se v\u00e3o 16 anos. E quem reclama? Ambas seguem \u00e0 venda e nenhuma abala a hegemonia da Strada no segmento. No passado ficaram a <a href=\"https:\/\/autolivraria.com.br\/bc\/tag\/courier\" target=\"_blank\">Ford Courier<\/a>, derivada do Fiesta de 1996, e a <a href=\"https:\/\/autolivraria.com.br\/bc\/tag\/hoggar\" target=\"_blank\">Peugeot Hoggar<\/a>, nascida do 207, que nada mais era que o 206 de 1999 reestilizado.<\/p>\n<p>Os projetos mais recentes parecem demorar mais para envelhecer, em raz\u00e3o do alto grau de tecnologia da atual ind\u00fastria, a estandardiza\u00e7\u00e3o \u2014 que deixa processos cada vez mais iguais \u2014, uma ind\u00fastria de autope\u00e7as mais concentrada em gigantes globais e a proximidade cada vez mais gritante do fim do grande ciclo dessa ind\u00fastria no mundo. J\u00e1 fizemos quase tudo o que pod\u00edamos fazer: os carros atuais apenas apresentam mudan\u00e7as visuais \u2014 como a moda das roupas que muda todo ano \u2014, novos recursos de conectividade, algumas novas assist\u00eancias para eliminar tarefas em que o motorista pode cometer falhas. Grandes revolu\u00e7\u00f5es, como vimos em d\u00e9cadas passadas, v\u00e3o rareando. Est\u00e1 dif\u00edcil reinventar a camiseta e a cal\u00e7a.<\/p>\n<p>&nbsp;<\/p>\n\n<div class='code-block code-block-7' style='margin: 28px auto; text-align: center; display: block; clear: both;'>\n<script async src=\"https:\/\/pagead2.googlesyndication.com\/pagead\/js\/adsbygoogle.js\"><\/script>\n<!-- AL-quadrado -->\n<ins class=\"adsbygoogle\"\n     style=\"display:block\"\n     data-ad-client=\"ca-pub-1914799802606213\"\n     data-ad-slot=\"5683066082\"\n     data-ad-format=\"auto\"\n     data-full-width-responsive=\"true\"><\/ins>\n<script>\n     (adsbygoogle = window.adsbygoogle || []).push({});\n<\/script><\/div>\n\n<p>&nbsp;<\/p>\n<h2>Desenhistas de calotas<\/h2>\n<p>Voltamos \u00e0 Strada, exemplo do dia. D\u00e1 para melhorar? Sempre d\u00e1. Uma dire\u00e7\u00e3o com assist\u00eancia el\u00e9trica aqui, um motor mais moderno acol\u00e1, uma reforma no painel que fizesse os difusores de ar-condicionado esfriarem o ambiente em vez dos joelhos dos ocupantes. Mas o que mais se acrescenta em um carro desse tipo? Parece que a Fiat prepara uma reestiliza\u00e7\u00e3o pesada para o utilit\u00e1rio, mas basicamente trar\u00e1 um grande reajuste de estilo para recobrar a atratividade e o cheiro de novidade. Ali\u00e1s, se h\u00e1 profissionais que trabalharam arduamente nos \u00faltimos 20 anos em Betim, foram os que desenham calotas, frisos, grades e para-choques. Enquanto isso, os engenheiros de plataforma estavam (e ainda devem estar) no bilhar aguardando a melhora do mercado&#8230;<\/p>\n<p>O mercado brasileiro parece n\u00e3o se livrar de uma sina, a de reciclar carros muito mais vezes que no Hemisf\u00e9rio Norte. Os projetos t\u00eam ciclos de vida duas, tr\u00eas, quatro vezes maiores por aqui: pagam-se, pagam filhos, netos, bisnetos, parentes consangu\u00edneos e afins. Nascem como inteiramente novos. Da\u00ed ganham novas vers\u00f5es, chapas novas com novos nomes de mercado, uma esticada na dist\u00e2ncia entre eixos aqui, uma apertada dali, novos far\u00f3is, outros motores e transmiss\u00f5es \u2014 e l\u00e1 se passam duas d\u00e9cadas. Nasce como Palio, ganha melhorias e vira \u201cnovo\u201d Uno, que \u00e9 reinterpretado e vira Mobi. Assim, os defeitos heredit\u00e1rios passam de gera\u00e7\u00e3o em gera\u00e7\u00e3o.<\/p>\n<p>&nbsp;<\/p>\n<blockquote><p>Parece que a Fiat prepara uma reestiliza\u00e7\u00e3o, mas basicamente trar\u00e1 um grande reajuste de estilo para recobrar o cheiro de novidade<\/p><\/blockquote>\n<p>&nbsp;<\/p>\n<figure id=\"attachment_97349\" aria-describedby=\"caption-attachment-97349\" style=\"width: 340px\" class=\"wp-caption alignleft\"><a href=\"https:\/\/autolivraria.com.br\/bc\/wp-content\/uploads\/2018\/08\/Montana.jpg\" rel=\"attachment wp-att-97349\"><img decoding=\"async\" class=\"size-medium wp-image-97349 lazyload\" data-src=\"https:\/\/autolivraria.com.br\/bc\/wp-content\/uploads\/2018\/08\/Montana-340x228.jpg\" alt=\"A Montana \u00e9 exemplo de nossa sina de reciclar projetos e plataformas muito al\u00e9m do padr\u00e3o mundial\" width=\"340\" height=\"228\" data-srcset=\"https:\/\/autolivraria.com.br\/bc\/wp-content\/uploads\/2018\/08\/Montana-340x228.jpg 340w, https:\/\/autolivraria.com.br\/bc\/wp-content\/uploads\/2018\/08\/Montana.jpg 696w, https:\/\/autolivraria.com.br\/bc\/wp-content\/uploads\/2018\/08\/Montana-627x420.jpg 627w, https:\/\/autolivraria.com.br\/bc\/wp-content\/uploads\/2018\/08\/Montana-222x149.jpg 222w\" data-sizes=\"(max-width: 340px) 100vw, 340px\" src=\"data:image\/svg+xml;base64,PHN2ZyB3aWR0aD0iMSIgaGVpZ2h0PSIxIiB4bWxucz0iaHR0cDovL3d3dy53My5vcmcvMjAwMC9zdmciPjwvc3ZnPg==\" style=\"--smush-placeholder-width: 340px; --smush-placeholder-aspect-ratio: 340\/228;\" \/><\/a><figcaption id=\"caption-attachment-97349\" class=\"wp-caption-text\">A Montana \u00e9 exemplo de nossa sina de reciclar projetos e plataformas muito al\u00e9m do padr\u00e3o mundial<\/figcaption><\/figure>\n<p>N\u00e3o \u00e9 s\u00f3 na Fiat, justi\u00e7a seja feita. Pegue a Montana, dirija e sinta voc\u00ea mesmo que h\u00e1 muito o que evoluir ali. Todos os conceitos de ergonomia, cabine e din\u00e2mica pertencem a uma escola dos anos 80. Volante torto, pedais idem, para-brisa reto e chapado, painel alto e estreito. Todas as doen\u00e7as gen\u00e9ticas continuam a assolar o DNA, como nos tempos em que havia Fusca zero-quil\u00f4metro nas concession\u00e1rias.<\/p>\n<p>Comparada \u00e0 Strada, a Saveiro se assemelha mais a um carro de passeio, o que lhe rende vantagens como o conforto de rodagem, mas a faz menos atraente para o trabalho pesado. Apesar da idade da plataforma, est\u00e1 contempor\u00e2nea e como carro de batalha ainda tem bons anos \u00e0 frente. E n\u00e3o pense voc\u00ea que a vida da picape VW \u00e9 mais dif\u00edcil por ser mais cara. A equa\u00e7\u00e3o projeto-pre\u00e7o coloca duas vari\u00e1veis em lados opostos; logo, projetos mais modernos custar\u00e3o mais, o que talvez seja um dos ingredientes desse jogo. Mas uma visita ao configurador do fabricante italiano nos coloca por dentro da dura realidade: a Strada \u00e9 velha e igualmente cara.<\/p>\n<p>A utilidade desse tipo de ve\u00edculo e sua suposta rela\u00e7\u00e3o com a lucratividade acrescentam muito tempero ao pre\u00e7o, recheado de intang\u00edveis como robustez e capacidade para o trabalho duro. N\u00e3o adianta reclamar: s\u00f3 mesmo a concorr\u00eancia seria capaz de dificultar a vida da decana, que ainda coleciona uma legi\u00e3o de compradores que n\u00e3o se importam com sua velhice.<\/p>\n<a href='https:\/\/autolivraria.com.br\/bc\/informe-se\/colunas\/destaques-colunas\/nao-da-para-um-carro-ser-bom-em-tudo\/' class='small-button smallsilver'>Coluna anterior<\/a>\n<p><em>A coluna expressa as opini\u00f5es do colunista e n\u00e3o as do Best Cars<\/em><\/p>\n<p>&nbsp;<\/p>\n","protected":false},"excerpt":{"rendered":"<p>Apesar da idade, a pequena picape de Betim permanece imbat\u00edvel em um ambiente paup\u00e9rrimo de concorr\u00eancia<\/p>\n","protected":false},"author":6,"featured_media":93694,"comment_status":"open","ping_status":"closed","sticky":false,"template":"","format":"standard","meta":{"_joinchat":[],"footnotes":""},"categories":[4506],"tags":[153,4507,57,206],"class_list":["post-97347","post","type-post","status-publish","format-standard","has-post-thumbnail","hentry","category-eu-um-carro-e-a-cidade","tag-colunas-2","tag-eu-um-carro-e-a-cidade","tag-fiat","tag-strada"],"amp_enabled":true,"_links":{"self":[{"href":"https:\/\/autolivraria.com.br\/bc\/wp-json\/wp\/v2\/posts\/97347","targetHints":{"allow":["GET"]}}],"collection":[{"href":"https:\/\/autolivraria.com.br\/bc\/wp-json\/wp\/v2\/posts"}],"about":[{"href":"https:\/\/autolivraria.com.br\/bc\/wp-json\/wp\/v2\/types\/post"}],"author":[{"embeddable":true,"href":"https:\/\/autolivraria.com.br\/bc\/wp-json\/wp\/v2\/users\/6"}],"replies":[{"embeddable":true,"href":"https:\/\/autolivraria.com.br\/bc\/wp-json\/wp\/v2\/comments?post=97347"}],"version-history":[{"count":0,"href":"https:\/\/autolivraria.com.br\/bc\/wp-json\/wp\/v2\/posts\/97347\/revisions"}],"wp:featuredmedia":[{"embeddable":true,"href":"https:\/\/autolivraria.com.br\/bc\/wp-json\/wp\/v2\/media\/93694"}],"wp:attachment":[{"href":"https:\/\/autolivraria.com.br\/bc\/wp-json\/wp\/v2\/media?parent=97347"}],"wp:term":[{"taxonomy":"category","embeddable":true,"href":"https:\/\/autolivraria.com.br\/bc\/wp-json\/wp\/v2\/categories?post=97347"},{"taxonomy":"post_tag","embeddable":true,"href":"https:\/\/autolivraria.com.br\/bc\/wp-json\/wp\/v2\/tags?post=97347"}],"curies":[{"name":"wp","href":"https:\/\/api.w.org\/{rel}","templated":true}]}}