{"id":97710,"date":"2018-09-12T08:00:13","date_gmt":"2018-09-12T11:00:13","guid":{"rendered":"http:\/\/bestcars.uol.com.br\/bc\/?p=97710"},"modified":"2018-09-26T09:53:13","modified_gmt":"2018-09-26T12:53:13","slug":"sons-assimetrias-e-outras-esquisitices","status":"publish","type":"post","link":"https:\/\/autolivraria.com.br\/bc\/informe-se\/colunas\/eu-um-carro-e-a-cidade\/sons-assimetrias-e-outras-esquisitices\/","title":{"rendered":"Sons, assimetrias e outras esquisitices"},"content":{"rendered":"<p><img fetchpriority=\"high\" decoding=\"async\" class=\"aligncenter size-full wp-image-93693\" src=\"https:\/\/autolivraria.com.br\/bc\/wp-content\/uploads\/2018\/03\/Eu-um-Carro-e-a-Cidade.jpg\" alt=\"Eu-um-Carro-e-a-Cidade\" width=\"696\" height=\"100\" srcset=\"https:\/\/autolivraria.com.br\/bc\/wp-content\/uploads\/2018\/03\/Eu-um-Carro-e-a-Cidade.jpg 696w, https:\/\/autolivraria.com.br\/bc\/wp-content\/uploads\/2018\/03\/Eu-um-Carro-e-a-Cidade-340x49.jpg 340w, https:\/\/autolivraria.com.br\/bc\/wp-content\/uploads\/2018\/03\/Eu-um-Carro-e-a-Cidade-222x32.jpg 222w\" sizes=\"(max-width: 696px) 100vw, 696px\" \/><\/p>\n<h2>Muitas coisas podem ser apreciadas num carro, mas h\u00e1 aquelas que viram marca registrada de alguns modelos<\/h2>\n\n<p>&nbsp;<\/p>\n<p>Das v\u00e1rias caracter\u00edsticas da antiga <a href=\"https:\/\/autolivraria.com.br\/bc\/tag\/caravan\" target=\"_blank\">Chevrolet Caravan<\/a>, uma me agradava especialmente: a sa\u00edda de escapamento, que apontava para a lateral esquerda do carro em vez de descarregar os gases apontando para tr\u00e1s, como em quase todos os carros. Na certa a GM previu que, quando algu\u00e9m rodasse com a tampa aberta, uma sa\u00edda na traseira traria poluentes para o interior pela regi\u00e3o de baixa press\u00e3o, mas a explica\u00e7\u00e3o n\u00e3o me importava.\u00a0Adorava ver nas manh\u00e3s frias de inverno as Caravans a \u00e1lcool despejando na lateral aquela quantidade incr\u00edvel de vapor, fazendo uma grande nuvem esbranqui\u00e7ada. Um charme, aquele escapamento torto, exclusivo da bela perua! Bobeiras de crian\u00e7a.<\/p>\n<p>Tamb\u00e9m me divertia a peculiaridade dos sons dos escapamentos. Muitos carros mal emitiam ru\u00eddos pelo cano, mas outros tinham nesse som suas marcas registradas. O cl\u00e1ssico motor Fiasa, quando equipou os <a href=\"https:\/\/autolivraria.com.br\/bc\/tag\/147\" target=\"_blank\">Fiat 147<\/a>, Uno e seus derivados, al\u00e9m do Palio nos primeiros anos, emitia um ru\u00eddo muito caracter\u00edstico, presente at\u00e9 os \u00faltimos dias de sua vida, at\u00e9 ser substitu\u00eddo pelo Fire. Quando o motorista acelerava a fundo, aquele sopro me fazia saber que carro estava por perto.<\/p>\n<p>&nbsp;<\/p>\n<blockquote><p>Ru\u00eddo\u00a0aut\u00eantico era o do motor Ford CHT: eu n\u00e3o distinguia qual carro estava em funcionamento, mas n\u00e3o tinha d\u00favida de que fosse o Corcel ou o Del Rey<\/p><\/blockquote>\n<p>&nbsp;<\/p>\n<figure id=\"attachment_97712\" aria-describedby=\"caption-attachment-97712\" style=\"width: 340px\" class=\"wp-caption alignright\"><a href=\"https:\/\/autolivraria.com.br\/bc\/wp-content\/uploads\/2018\/09\/Fiat-147.jpg\" rel=\"attachment wp-att-97712\"><img decoding=\"async\" class=\"size-medium wp-image-97712 lazyload\" data-src=\"https:\/\/autolivraria.com.br\/bc\/wp-content\/uploads\/2018\/09\/Fiat-147-340x228.jpg\" alt=\"O som do motor Fiasa, como no Fiat 147, era caracter\u00edstico e ficou presente at\u00e9 os \u00faltimos dias\" width=\"340\" height=\"228\" data-srcset=\"https:\/\/autolivraria.com.br\/bc\/wp-content\/uploads\/2018\/09\/Fiat-147-340x228.jpg 340w, https:\/\/autolivraria.com.br\/bc\/wp-content\/uploads\/2018\/09\/Fiat-147.jpg 696w, https:\/\/autolivraria.com.br\/bc\/wp-content\/uploads\/2018\/09\/Fiat-147-627x420.jpg 627w, https:\/\/autolivraria.com.br\/bc\/wp-content\/uploads\/2018\/09\/Fiat-147-222x149.jpg 222w\" data-sizes=\"(max-width: 340px) 100vw, 340px\" src=\"data:image\/svg+xml;base64,PHN2ZyB3aWR0aD0iMSIgaGVpZ2h0PSIxIiB4bWxucz0iaHR0cDovL3d3dy53My5vcmcvMjAwMC9zdmciPjwvc3ZnPg==\" style=\"--smush-placeholder-width: 340px; --smush-placeholder-aspect-ratio: 340\/228;\" \/><\/a><figcaption id=\"caption-attachment-97712\" class=\"wp-caption-text\">O som do motor Fiasa, como no Fiat 147, era caracter\u00edstico e ficou presente at\u00e9 os \u00faltimos dias<\/figcaption><\/figure>\n<p>O escapamento trazia um ru\u00eddo t\u00edpico tamb\u00e9m \u00e0 primeira gera\u00e7\u00e3o da linha <a href=\"https:\/\/autolivraria.com.br\/bc\/tag\/gol\" target=\"_blank\">Gol<\/a> equipada com motor AP, fabricada at\u00e9 por volta de 1995. As acelera\u00e7\u00f5es faziam aquele caracter\u00edstico som vibracional, que se tornaram uma marca inigual\u00e1vel desses carros. Provavelmente o projeto do sistema de exaust\u00e3o trazia alguma vari\u00e1vel que propiciava essa quest\u00e3o ac\u00fastica. Fato \u00e9 que carros com motores semelhantes, como <a href=\"https:\/\/autolivraria.com.br\/bc\/tag\/santana\" target=\"_blank\">Santana<\/a> e Quantum, n\u00e3o faziam ru\u00eddo igual.<\/p>\n<p>Outro ru\u00eddo do qual me lembro bem e era igualmente aut\u00eantico: o do finado motor Ford CHT, de origem Renault, em funcionamento. Um vizinho tinha dois: em um <a href=\"https:\/\/autolivraria.com.br\/bc\/tag\/corcel\" target=\"_blank\">Corcel II LDO<\/a>, ano 1984, e em um <a href=\"https:\/\/autolivraria.com.br\/bc\/tag\/del-rey\" target=\"_blank\">Del Rey GLX<\/a> 1986. N\u00e3o conseguia distinguir pela janela qual carro estava em funcionamento, mas n\u00e3o tinha d\u00favida de que fosse um dos dois. Era um som suave, acompanhado de um leve gemido, que lembra aquele emitido pela bomba de uma dire\u00e7\u00e3o hidr\u00e1ulica quando necessita manuten\u00e7\u00e3o. Use o leitor essa refer\u00eancia meramente como&#8230; refer\u00eancia.<\/p>\n<p>Da mesma Ford era o motor Endura que equipou, at\u00e9 o modelo 1999, os nacionais Ka, Fiesta e Courier. Parado em um sem\u00e1foro, voc\u00ea identificava facilmente um deles ao lado pelo ru\u00eddo em marcha-lenta, um <em>tec-tec<\/em>\u00a0que parecia uma m\u00e1quina de costura. O motorzinho de origem inglesa, um projeto d\u00e9cadas mais antigo que esses carros, era mesmo peculiar.<\/p>\n<p>&nbsp;<\/p>\n<div class='code-block code-block-7' style='margin: 28px auto; text-align: center; display: block; clear: both;'>\n<br>\n<div align=\"center\">\n<a target=\"_blank\" href=\"https:\/\/bestcars.com.br\/bc\/\">\n<img decoding=\"async\" data-src=\"https:\/\/bestcars.com.br\/bc\/wp-content\/uploads\/2021\/07\/Auto-Livraria-450x300-quadros.jpg\" alt=\"Auto Livraria\" src=\"data:image\/svg+xml;base64,PHN2ZyB3aWR0aD0iMSIgaGVpZ2h0PSIxIiB4bWxucz0iaHR0cDovL3d3dy53My5vcmcvMjAwMC9zdmciPjwvc3ZnPg==\" class=\"lazyload\"><\/a>\n<\/div>\n<br><\/div>\n\n<p>&nbsp;<\/p>\n<h2>N\u00e3o cabia no peito<\/h2>\n<p>Nenhum se iguala, por\u00e9m, ao tr\u00eas-cilindros a dois tempos que motorizou toda a linha <a href=\"https:\/\/autolivraria.com.br\/bc\/tag\/dkw-vemag\" target=\"_blank\">DKW-Vemag<\/a>: sed\u00e3s Belcar e Fissore, perua Vemaguet, jipe Candango.\u00a0Quando um deles passava, o som de <em>popopop\u00f3<\/em> do escapamento s\u00f3 n\u00e3o era mais caracter\u00edstico que a fumacinha azul, produzida por um tipo de motor que queima \u00f3leo do primeiro ao \u00faltimo dia de vida. N\u00e3o me esque\u00e7o da simpatic\u00edssima Vemaguet branca de um vizinho de inf\u00e2ncia.<\/p>\n<p>De todas as esquisitices, dismorfias e assimetrias, como a do escapamento da Caravan, nenhuma me fascinou tanto quanto a inesquec\u00edvel bolha no cap\u00f4 do <a href=\"https:\/\/autolivraria.com.br\/bc\/tag\/gol-gti\" target=\"_blank\">Gol GTI 16V<\/a> lan\u00e7ado para 1996. Que incr\u00edvel era pensar que botaram ali dentro um cora\u00e7\u00e3o que n\u00e3o cabia no peito, a ponto de ser necess\u00e1rio providenciar um \u201cdefeito de f\u00e1brica\u201d no cap\u00f4! O GTI j\u00e1 me encantava desde a grafia vermelha do painel de 1989, at\u00e9 o exclusivo painel eletroluminescente da gera\u00e7\u00e3o de 1995. Agora, aquela bolha fez meu cora\u00e7\u00e3o bater mais forte.<\/p>\n<p>&nbsp;<\/p>\n<blockquote><p>A marcha-lenta dos Volkswagens arrefecidos a ar, com os dois carburadores bem regulados, parecia um rel\u00f3gio com m\u00e1quina a quartzo<\/p><\/blockquote>\n<p>&nbsp;<\/p>\n<figure id=\"attachment_97713\" aria-describedby=\"caption-attachment-97713\" style=\"width: 340px\" class=\"wp-caption alignleft\"><a href=\"https:\/\/autolivraria.com.br\/bc\/wp-content\/uploads\/2018\/09\/Gol-GTI-16V.jpg\" rel=\"attachment wp-att-97713\"><img decoding=\"async\" class=\"size-medium wp-image-97713 lazyload\" data-src=\"https:\/\/autolivraria.com.br\/bc\/wp-content\/uploads\/2018\/09\/Gol-GTI-16V-340x228.jpg\" alt=\"A bolha no cap\u00f4 do Gol GTI 16V: um \u201cdefeito de f\u00e1brica\u201d para abrigar o potente cora\u00e7\u00e3o\" width=\"340\" height=\"228\" data-srcset=\"https:\/\/autolivraria.com.br\/bc\/wp-content\/uploads\/2018\/09\/Gol-GTI-16V-340x228.jpg 340w, https:\/\/autolivraria.com.br\/bc\/wp-content\/uploads\/2018\/09\/Gol-GTI-16V.jpg 696w, https:\/\/autolivraria.com.br\/bc\/wp-content\/uploads\/2018\/09\/Gol-GTI-16V-627x420.jpg 627w, https:\/\/autolivraria.com.br\/bc\/wp-content\/uploads\/2018\/09\/Gol-GTI-16V-222x149.jpg 222w\" data-sizes=\"(max-width: 340px) 100vw, 340px\" src=\"data:image\/svg+xml;base64,PHN2ZyB3aWR0aD0iMSIgaGVpZ2h0PSIxIiB4bWxucz0iaHR0cDovL3d3dy53My5vcmcvMjAwMC9zdmciPjwvc3ZnPg==\" style=\"--smush-placeholder-width: 340px; --smush-placeholder-aspect-ratio: 340\/228;\" \/><\/a><figcaption id=\"caption-attachment-97713\" class=\"wp-caption-text\">A bolha no cap\u00f4 do Gol GTI 16V: um \u201cdefeito de f\u00e1brica\u201d para abrigar o potente cora\u00e7\u00e3o<\/figcaption><\/figure>\n<p>Falando em batidas de cora\u00e7\u00e3o, pulso e sons, n\u00e3o poderia deixar de fazer uma men\u00e7\u00e3o honrosa \u00e0 marcha-lenta dos Volkswagens arrefecidos a ar. Numa era onde n\u00e3o havia eletr\u00f4nica alguma e os ajustes se resumiam a artesanato sobre palavras como gicl\u00ea e platinado, meu amigo&#8230; aquilo \u00e9 que era pulso regular. Um motor daqueles, com os dois carburadores bem regulados e com combust\u00edvel decente, parecia um rel\u00f3gio com m\u00e1quina a quartzo. O tipo de motor com cilindros horizontais contrapostos, sem o isolamento ac\u00fastico promovido pelas galerias de \u00e1gua, possibilitava escutar perfeitamente a sequ\u00eancia 1-3-4-2 estampada sobre a tampa do distribuidor.<\/p>\n<p>As duas \u00faltimas caracter\u00edsticas que marcaram minha mente, observando carros, foram as tomadas de ar para a cabine no cap\u00f4 do <a href=\"https:\/\/autolivraria.com.br\/bc\/tag\/206\" target=\"_blank\">Peugeot 206<\/a>, caprichosamente deslocadas ao lado direito, e \u2014 como esquecer? \u2014 aquela porta traseira assim\u00e9trica do <a href=\"https:\/\/autolivraria.com.br\/bc\/tag\/doblo\" target=\"_blank\">Fiat Dobl\u00f2<\/a>. Essa \u00faltima, n\u00e3o consegui classificar como bonita ou feia, tamanha estranheza visual que causou da primeira vez que vi. O primeiro Dobl\u00f2, ali\u00e1s, puxa vida&#8230; Tamanha anormalidade visual s\u00f3 foi superada pela grade do Mille Fire 2004, que nada me tira da cabe\u00e7a ter sido inspirada em tal furg\u00e3o. Corrigida a tempo alguns meses depois&#8230; mas, isso \u00e9 assunto para uma coluna exclusiva.<\/p>\n<a href='https:\/\/autolivraria.com.br\/bc\/informe-se\/colunas\/destaques-colunas\/e-la-se-foram-20-anos-de-fiat-strada\/' class='small-button smallsilver'>Coluna anterior<\/a>\n<p><em>A coluna expressa as opini\u00f5es do colunista e n\u00e3o as do Best Cars<\/em><\/p>\n<p>&nbsp;<\/p>\n","protected":false},"excerpt":{"rendered":"<p>Muitas coisas podem ser apreciadas num carro, mas h\u00e1 aquelas que viram marca registrada de alguns modelos<\/p>\n","protected":false},"author":6,"featured_media":93694,"comment_status":"open","ping_status":"closed","sticky":false,"template":"","format":"standard","meta":{"_joinchat":[],"footnotes":""},"categories":[4506],"tags":[156,153,4507],"class_list":["post-97710","post","type-post","status-publish","format-standard","has-post-thumbnail","hentry","category-eu-um-carro-e-a-cidade","tag-carros-do-passado","tag-colunas-2","tag-eu-um-carro-e-a-cidade"],"amp_enabled":true,"_links":{"self":[{"href":"https:\/\/autolivraria.com.br\/bc\/wp-json\/wp\/v2\/posts\/97710","targetHints":{"allow":["GET"]}}],"collection":[{"href":"https:\/\/autolivraria.com.br\/bc\/wp-json\/wp\/v2\/posts"}],"about":[{"href":"https:\/\/autolivraria.com.br\/bc\/wp-json\/wp\/v2\/types\/post"}],"author":[{"embeddable":true,"href":"https:\/\/autolivraria.com.br\/bc\/wp-json\/wp\/v2\/users\/6"}],"replies":[{"embeddable":true,"href":"https:\/\/autolivraria.com.br\/bc\/wp-json\/wp\/v2\/comments?post=97710"}],"version-history":[{"count":0,"href":"https:\/\/autolivraria.com.br\/bc\/wp-json\/wp\/v2\/posts\/97710\/revisions"}],"wp:featuredmedia":[{"embeddable":true,"href":"https:\/\/autolivraria.com.br\/bc\/wp-json\/wp\/v2\/media\/93694"}],"wp:attachment":[{"href":"https:\/\/autolivraria.com.br\/bc\/wp-json\/wp\/v2\/media?parent=97710"}],"wp:term":[{"taxonomy":"category","embeddable":true,"href":"https:\/\/autolivraria.com.br\/bc\/wp-json\/wp\/v2\/categories?post=97710"},{"taxonomy":"post_tag","embeddable":true,"href":"https:\/\/autolivraria.com.br\/bc\/wp-json\/wp\/v2\/tags?post=97710"}],"curies":[{"name":"wp","href":"https:\/\/api.w.org\/{rel}","templated":true}]}}