{"id":97778,"date":"2018-09-14T16:46:09","date_gmt":"2018-09-14T19:46:09","guid":{"rendered":"http:\/\/bestcars.uol.com.br\/bc\/?p=97778"},"modified":"2018-10-26T16:35:34","modified_gmt":"2018-10-26T19:35:34","slug":"mataram-o-carro-errado-e-nao-foi-so-uma-vez","status":"publish","type":"post","link":"https:\/\/autolivraria.com.br\/bc\/informe-se\/colunas\/editorial\/mataram-o-carro-errado-e-nao-foi-so-uma-vez\/","title":{"rendered":"&#8221;Mataram o carro errado&#8221;&#8230; E n\u00e3o foi s\u00f3 uma vez"},"content":{"rendered":"<p><img fetchpriority=\"high\" decoding=\"async\" class=\"aligncenter size-full wp-image-73751\" src=\"https:\/\/autolivraria.com.br\/bc\/wp-content\/uploads\/2016\/06\/Editorial-696.jpg\" alt=\"Editorial\" width=\"696\" height=\"107\" srcset=\"https:\/\/autolivraria.com.br\/bc\/wp-content\/uploads\/2016\/06\/Editorial-696.jpg 696w, https:\/\/autolivraria.com.br\/bc\/wp-content\/uploads\/2016\/06\/Editorial-696-340x52.jpg 340w, https:\/\/autolivraria.com.br\/bc\/wp-content\/uploads\/2016\/06\/Editorial-696-222x34.jpg 222w\" sizes=\"(max-width: 696px) 100vw, 696px\" \/><\/p>\n<h2>A frase do executivo da Volkswagen aplica-se a outros modelos de v\u00e1rias marcas, alguns deles ainda hoje<\/h2>\n<p>&nbsp;<\/p>\n<p>Das muitas lembran\u00e7as que guardo do que li em revistas de autom\u00f3veis quando garoto (ah, como queria ter aquela facilidade de armazenar informa\u00e7\u00f5es at\u00e9 hoje&#8230;), uma vem de uma <em>Quatro Rodas<\/em>\u00a0por volta de 1983. &#8220;Mataram o carro errado&#8221;, teria desabafado um executivo da Volkswagen quando se anunciou o fim de produ\u00e7\u00e3o do <a href=\"https:\/\/autolivraria.com.br\/bc\/tag\/brasilia\" target=\"_blank\">Bras\u00edlia<\/a>, no ano anterior. Se a mem\u00f3ria n\u00e3o falha, a declara\u00e7\u00e3o aparecera an\u00f4nima na revista, o que \u00e9 compreens\u00edvel.<\/p>\n<p>N\u00e3o precisamos do cr\u00e9dito para entender o que o homem queria dizer: o <a href=\"https:\/\/autolivraria.com.br\/bc\/tag\/fusca\" target=\"_blank\">Fusca<\/a>, com projeto pelo menos tr\u00eas d\u00e9cadas mais antigo, teria sido o &#8220;carro certo&#8221; para sair de linha \u2014 o que ocorreria em 1986 e, ap\u00f3s seu relan\u00e7amento, se repetiria em 1996. Para concordar, basta compar\u00e1-los: o Bras\u00edlia era muito superior em espa\u00e7o para passageiros e bagagem, praticidade (nada pior que o acesso ao bagageiro traseiro do Fusca) e visibilidade, al\u00e9m de manter a robustez, a facilidade e o custo de manuten\u00e7\u00e3o que consagraram o &#8220;besouro&#8221;. Do ponto de vista pr\u00e1tico, portanto, o modelo lan\u00e7ado em 1973 deveria ter sobrevivido ao Fusca e n\u00e3o o contr\u00e1rio.<\/p>\n\n<p>&nbsp;<\/p>\n<blockquote><p>O\u00a0Bras\u00edlia era muito superior em espa\u00e7o, praticidade e visibilidade, al\u00e9m de manter a robustez, a facilidade e o custo de manuten\u00e7\u00e3o que consagraram o\u00a0Fusca<\/p><\/blockquote>\n<p>&nbsp;<\/p>\n<p>Aquela n\u00e3o foi a \u00fanica vez, por\u00e9m, em que a ind\u00fastria brasileira &#8220;matou o carro errado&#8221;. Entenda-se aqui por &#8220;matar&#8221; n\u00e3o apenas o ato final de tirar o autom\u00f3vel de produ\u00e7\u00e3o, mas tamb\u00e9m o que pode vir antes: conden\u00e1-lo ao ostracismo pela falta de atualiza\u00e7\u00f5es ou o descaso acerca de problemas. Quando isso ocorre, o fabricante tanto abala a competitividade do carro quanto cria no mercado a sensa\u00e7\u00e3o de que ele logo deixar\u00e1 de existir, com o inerente receio de maior desvaloriza\u00e7\u00e3o.<\/p>\n<figure id=\"attachment_97779\" aria-describedby=\"caption-attachment-97779\" style=\"width: 340px\" class=\"wp-caption alignright\"><a href=\"https:\/\/autolivraria.com.br\/bc\/wp-content\/uploads\/2018\/09\/VW-Passat.jpg\" rel=\"attachment wp-att-97779\"><img decoding=\"async\" class=\"size-medium wp-image-97779 lazyload\" data-src=\"https:\/\/autolivraria.com.br\/bc\/wp-content\/uploads\/2018\/09\/VW-Passat-340x228.jpg\" alt=\"Depois de 14 anos o VW Passat mantinha bons atributos, mas foi v\u00edtima do desinteresse da marca\" width=\"340\" height=\"228\" data-srcset=\"https:\/\/autolivraria.com.br\/bc\/wp-content\/uploads\/2018\/09\/VW-Passat-340x228.jpg 340w, https:\/\/autolivraria.com.br\/bc\/wp-content\/uploads\/2018\/09\/VW-Passat.jpg 696w, https:\/\/autolivraria.com.br\/bc\/wp-content\/uploads\/2018\/09\/VW-Passat-627x420.jpg 627w, https:\/\/autolivraria.com.br\/bc\/wp-content\/uploads\/2018\/09\/VW-Passat-222x149.jpg 222w\" data-sizes=\"(max-width: 340px) 100vw, 340px\" src=\"data:image\/svg+xml;base64,PHN2ZyB3aWR0aD0iMSIgaGVpZ2h0PSIxIiB4bWxucz0iaHR0cDovL3d3dy53My5vcmcvMjAwMC9zdmciPjwvc3ZnPg==\" style=\"--smush-placeholder-width: 340px; --smush-placeholder-aspect-ratio: 340\/228;\" \/><\/a><figcaption id=\"caption-attachment-97779\" class=\"wp-caption-text\">Depois de 14 anos o VW Passat mantinha bons atributos, mas foi v\u00edtima do desinteresse da marca<\/figcaption><\/figure>\n<p>Embora as raz\u00f5es para um modelo deixar o mercado sejam variadas, nem todas ao alcance de quem est\u00e1 de fora da ind\u00fastria, apontaria mais oito casos de autom\u00f3veis que se despediram antes da hora ou foram desprezados pelo fabricante \u2014 muitas vezes nos deixando como alternativa algo inferior ou, pior, sem alternativa alguma. Vamos a eles, em ordem cronol\u00f3gica pelo ano final.<\/p>\n<p>\u2022 <strong>Volkswagen Passat (1988)<\/strong> \u2013 O modelo de\u00a01974 durou 14 anos, mas ainda assim pode constar da lista. \u00c9 que em meados dos anos 80 o projeto estava em \u00f3timo est\u00e1gio, com os problemas iniciais corrigidos e um conjunto mec\u00e2nico apreci\u00e1vel. O <a href=\"https:\/\/autolivraria.com.br\/bc\/tag\/passat-gts-pointer\" target=\"_blank\">GTS Pointer 1,8<\/a> oferecia desempenho pr\u00f3ximo ao do <a href=\"https:\/\/autolivraria.com.br\/bc\/tag\/gol-gt\" target=\"_blank\">Gol GT<\/a> e \u00f3tima estabilidade, associados a maior conforto de rodagem e no interior.\u00a0O Passat deixou de ser atualizado e se despediu sem direito a um simples controle el\u00e9trico de vidros, que o Gol recebera dois anos antes.<\/p>\n<p>&nbsp;<\/p>\n<div class='code-block code-block-7' style='margin: 28px auto; text-align: center; display: block; clear: both;'>\n<br>\n<div align=\"center\">\n<a target=\"_blank\" href=\"https:\/\/bestcars.com.br\/bc\/\">\n<img decoding=\"async\" data-src=\"https:\/\/bestcars.com.br\/bc\/wp-content\/uploads\/2021\/07\/Auto-Livraria-450x300-quadros.jpg\" alt=\"Auto Livraria\" src=\"data:image\/svg+xml;base64,PHN2ZyB3aWR0aD0iMSIgaGVpZ2h0PSIxIiB4bWxucz0iaHR0cDovL3d3dy53My5vcmcvMjAwMC9zdmciPjwvc3ZnPg==\" class=\"lazyload\"><\/a>\n<\/div>\n<br><\/div>\n\n<p>&nbsp;<\/p>\n<p>\u2022 <strong>Chevrolet Omega Suprema (1996)<\/strong> \u2013 De longe a melhor perua j\u00e1 fabricada no Brasil, com op\u00e7\u00e3o do brilhante motor alem\u00e3o de 3,0 litros e seis cilindros em linha, tra\u00e7\u00e3o traseira (ideal para levar muita carga no porta-malas), suspens\u00e3o independente tamb\u00e9m atr\u00e1s e at\u00e9 nivelamento autom\u00e1tico de sua altura de rodagem. Como a <a href=\"https:\/\/autolivraria.com.br\/bc\/tag\/suprema\" target=\"_blank\">Suprema<\/a> p\u00f4de durar apenas tr\u00eas anos? Alguns acreditam que foi preterida pela rede de concession\u00e1rias, que em 1995 ganhou a miss\u00e3o de vender o <a href=\"https:\/\/autolivraria.com.br\/bc\/tag\/blazer\" target=\"_blank\">Blazer<\/a>. Um utilit\u00e1rio esporte rudimentar, com chassi de picape, era muito mais lucrativo para a f\u00e1brica que a sofisticada perua \u2014 e poderia ser &#8220;empurrado&#8221; a grande parte de seu p\u00fablico, aproveitando a moda que come\u00e7ava.<\/p>\n<figure id=\"attachment_97781\" aria-describedby=\"caption-attachment-97781\" style=\"width: 340px\" class=\"wp-caption alignleft\"><a href=\"https:\/\/autolivraria.com.br\/bc\/wp-content\/uploads\/2018\/09\/Fiat-Tipo.jpg\" rel=\"attachment wp-att-97781\"><img decoding=\"async\" class=\"size-medium wp-image-97781 lazyload\" data-src=\"https:\/\/autolivraria.com.br\/bc\/wp-content\/uploads\/2018\/09\/Fiat-Tipo-340x228.jpg\" alt=\"Carros tamb\u00e9m acabam pela m\u00e1 conduta da f\u00e1brica acerca de problemas, como o Fiat Tipo\" width=\"340\" height=\"228\" data-srcset=\"https:\/\/autolivraria.com.br\/bc\/wp-content\/uploads\/2018\/09\/Fiat-Tipo-340x228.jpg 340w, https:\/\/autolivraria.com.br\/bc\/wp-content\/uploads\/2018\/09\/Fiat-Tipo.jpg 696w, https:\/\/autolivraria.com.br\/bc\/wp-content\/uploads\/2018\/09\/Fiat-Tipo-627x420.jpg 627w, https:\/\/autolivraria.com.br\/bc\/wp-content\/uploads\/2018\/09\/Fiat-Tipo-222x149.jpg 222w\" data-sizes=\"(max-width: 340px) 100vw, 340px\" src=\"data:image\/svg+xml;base64,PHN2ZyB3aWR0aD0iMSIgaGVpZ2h0PSIxIiB4bWxucz0iaHR0cDovL3d3dy53My5vcmcvMjAwMC9zdmciPjwvc3ZnPg==\" style=\"--smush-placeholder-width: 340px; --smush-placeholder-aspect-ratio: 340\/228;\" \/><\/a><figcaption id=\"caption-attachment-97781\" class=\"wp-caption-text\">Carros tamb\u00e9m acabam pela m\u00e1 conduta da f\u00e1brica acerca de problemas, como o Fiat Tipo<\/figcaption><\/figure>\n<p>\u2022 <strong>Fiat Tipo (1997)<\/strong> \u2013 Um caso peculiar de carro que fez grande sucesso enquanto importado (chegou a tirar o Gol da lideran\u00e7a por um m\u00eas!), mas fracassou ao se nacionalizar. A raz\u00e3o talvez n\u00e3o fosse a defasagem do projeto \u2014 apesar de lan\u00e7ado em 1988 na Europa \u2014 ou algum problema do carro feito em Betim, MG, mas sim a forma como a Fiat conduziu a quest\u00e3o dos inc\u00eandios em <a href=\"https:\/\/autolivraria.com.br\/bc\/tag\/tipo\" target=\"_blank\">Tipos<\/a> importados: culpou os donos que mandavam lavar motor, demorou a reconhecer o defeito e cham\u00e1-los para reparo. Com a imagem comprometida, as vendas despencaram em 85% de 1995 para 1996 e o Tipo se foi antes de esquentar as prensas.<\/p>\n<p>\u2022 <strong>Chevrolet Omega (1998)<\/strong> \u2013 O sed\u00e3 tamb\u00e9m acabou antes do que poderia. Mesmo com 12 anos desde a estreia na Europa, estava atualizado entre os carros nacionais. Se a vers\u00e3o CD de 4,1 litros n\u00e3o mais se justificasse, a GLS 2,2 oferecia um grande conjunto para frotas executivas, taxistas e certas aplica\u00e7\u00f5es policiais, com estabilidade e espa\u00e7o interno e de bagagem. De 1994 em diante o Omega foi esquecido pela GM, que concentrou esfor\u00e7os no <a href=\"https:\/\/autolivraria.com.br\/bc\/tag\/vectra\" target=\"_blank\">Vectra<\/a> e depois no <a href=\"https:\/\/autolivraria.com.br\/bc\/tag\/commodore\" target=\"_blank\">Holden Commodore<\/a> australiano.<\/p>\n<p>&nbsp;<\/p>\n<blockquote><p>Ao conhecer o Celta, inferior ao Corsa original em v\u00e1rios quesitos,\u00a0um colega disparou: &#8220;Agora percebemos que o Wind era um carr\u00e3o&#8221;<\/p><\/blockquote>\n<p>&nbsp;<\/p>\n<p>\u2022 <strong>Chevrolet Corsa (2002)<\/strong> \u2013 Com o <a href=\"https:\/\/autolivraria.com.br\/bc\/tag\/celta\" target=\"_blank\">Celta<\/a>, em 2000, o fabricante sugeria um sucessor para o <a href=\"https:\/\/autolivraria.com.br\/bc\/tag\/corsa\" target=\"_blank\">Corsa<\/a> hatch original (de 1994) enquanto o novo modelo viria em segmento superior. S\u00f3 que o carro feito em Gravata\u00ed, RS, era inferior ao antigo Corsa em acabamento, aspecto interno, dire\u00e7\u00e3o (por v\u00e1rios anos s\u00f3 recebeu assist\u00eancia hidr\u00e1ulica em concession\u00e1ria) e at\u00e9 em detalhes como n\u00e3o prever alto-falantes nas portas. Como um colega disse quando o conheceu, &#8220;agora percebemos que o Corsa Wind era um carr\u00e3o&#8221;&#8230; O projeto da Opel alem\u00e3 era t\u00e3o eficiente que, como sed\u00e3 <a href=\"https:\/\/autolivraria.com.br\/bc\/tag\/classic\" target=\"_blank\">Classic<\/a>, se manteve no mercado at\u00e9 2016.<\/p>\n<p>&nbsp;<\/p>\n<div class='code-block code-block-6' style='margin: 28px auto; text-align: center; display: block; clear: both;'>\n<script async src=\"https:\/\/pagead2.googlesyndication.com\/pagead\/js\/adsbygoogle.js\"><\/script>\n<!-- AL-quadrado -->\n<ins class=\"adsbygoogle\"\n     style=\"display:block\"\n     data-ad-client=\"ca-pub-1914799802606213\"\n     data-ad-slot=\"5683066082\"\n     data-ad-format=\"auto\"\n     data-full-width-responsive=\"true\"><\/ins>\n<script>\n     (adsbygoogle = window.adsbygoogle || []).push({});\n<\/script><\/div>\n\n<p>&nbsp;<\/p>\n<p>&nbsp;<\/p>\n<figure id=\"attachment_97780\" aria-describedby=\"caption-attachment-97780\" style=\"width: 340px\" class=\"wp-caption alignright\"><a href=\"https:\/\/autolivraria.com.br\/bc\/wp-content\/uploads\/2018\/09\/Zafira.jpg\" rel=\"attachment wp-att-97780\"><img decoding=\"async\" class=\"size-medium wp-image-97780 lazyload\" data-src=\"https:\/\/autolivraria.com.br\/bc\/wp-content\/uploads\/2018\/09\/Zafira-340x228.jpg\" alt=\"Em estilo, motor e solu\u00e7\u00f5es internas, a Zafira era melhor que a pretensa sucessora Spin\" width=\"340\" height=\"228\" data-srcset=\"https:\/\/autolivraria.com.br\/bc\/wp-content\/uploads\/2018\/09\/Zafira-340x228.jpg 340w, https:\/\/autolivraria.com.br\/bc\/wp-content\/uploads\/2018\/09\/Zafira.jpg 696w, https:\/\/autolivraria.com.br\/bc\/wp-content\/uploads\/2018\/09\/Zafira-627x420.jpg 627w, https:\/\/autolivraria.com.br\/bc\/wp-content\/uploads\/2018\/09\/Zafira-222x149.jpg 222w\" data-sizes=\"(max-width: 340px) 100vw, 340px\" src=\"data:image\/svg+xml;base64,PHN2ZyB3aWR0aD0iMSIgaGVpZ2h0PSIxIiB4bWxucz0iaHR0cDovL3d3dy53My5vcmcvMjAwMC9zdmciPjwvc3ZnPg==\" style=\"--smush-placeholder-width: 340px; --smush-placeholder-aspect-ratio: 340\/228;\" \/><\/a><figcaption id=\"caption-attachment-97780\" class=\"wp-caption-text\">Em estilo, motor e solu\u00e7\u00f5es internas, a Zafira era melhor que a pretensa sucessora Spin<\/figcaption><\/figure>\n<p>\u2022 <strong>Chevrolet Zafira (2012)<\/strong> \u2013 Outro &#8220;carro errado&#8221; que a GM nos tirou. N\u00e3o por ter ficado pouco tempo em produ\u00e7\u00e3o \u2014 11 anos \u2014, mas porque era melhor que sua tentativa de sucessora, a <a href=\"https:\/\/autolivraria.com.br\/bc\/tag\/spin\" target=\"_blank\">Spin<\/a> de sete lugares. Al\u00e9m do desenho <em>muito<\/em>\u00a0mais agrad\u00e1vel, a <a href=\"https:\/\/autolivraria.com.br\/bc\/tag\/zafira\" target=\"_blank\">Zafira<\/a> oferecia motor de 2,0 litros e 140 cv (ante o 1,8 de 106 cv da Spin) e permitia embutir no assoalho os bancos traseiros fora de uso, solu\u00e7\u00e3o que faz a da sucessora parecer um improviso. Com atualiza\u00e7\u00f5es como transmiss\u00e3o autom\u00e1tica de seis marchas e central de \u00e1udio, a velha e boa minivan atenderia bem at\u00e9 hoje a quem procura sete lugares sem gastar muito.<\/p>\n<p>\u2022 <strong>Volkswagen Polo (2015)<\/strong> \u2013 O modelo de 2002 era um grande carro compacto, mas caro de produzir. Ent\u00e3o a VW brasileira tomou sua plataforma para fazer o <a href=\"https:\/\/autolivraria.com.br\/bc\/tag\/fox\" target=\"_blank\">Fox<\/a>, que o superava em espa\u00e7o e perdia em todo o resto: posi\u00e7\u00e3o de dirigir, acabamento, estabilidade, conforto de rodagem, visibilidade, equil\u00edbrio de linhas. Como era mais simples e barato de fazer, seu \u00eaxito interessava ao fabricante, que foi deixando o <a href=\"https:\/\/autolivraria.com.br\/bc\/tag\/polo\" target=\"_blank\">Polo<\/a> de lado at\u00e9 discretamente tir\u00e1-lo do mercado. Se atualizado, ele poderia ter mantido seu p\u00fablico at\u00e9 a chegada do atual sucessor<\/p>\n<p>\u2022 <strong>Ford Fiesta<\/strong> \u2013 N\u00e3o, ele ainda n\u00e3o morreu, mas o fabricante parece ansioso por desligar os aparelhos. Enquanto <a href=\"https:\/\/autolivraria.com.br\/bc\/tag\/ecosport\" target=\"_blank\">Ecosport<\/a> e <a href=\"https:\/\/autolivraria.com.br\/bc\/tag\/ka\" target=\"_blank\">Ka<\/a> receberam novo motor de 1,5 litro e caixa autom\u00e1tica, o <a href=\"https:\/\/autolivraria.com.br\/bc\/tag\/fiesta\" target=\"_blank\">Fiesta<\/a> permanece com o 1,6 (nada de errado com ele) e caixa de <a href=\"https:\/\/autolivraria.com.br\/bc\/glossario-e\/#embr\" target=\"_blank\">dupla embreagem<\/a>\u00a0(que a Ford garante ter sido reparada de vez, mas teve a m\u00e1 fama consolidada). Essa decis\u00e3o associa-se \u00e0 pouca divulga\u00e7\u00e3o do modelo na publicidade e agora ao lan\u00e7amento dos Kas\u00a0<a href=\"https:\/\/autolivraria.com.br\/bc\/tag\/ka-titanium\" target=\"_blank\">Titanium<\/a>\u00a0e <a href=\"https:\/\/autolivraria.com.br\/bc\/tag\/ka-freestyle\" target=\"_blank\">Freestyle<\/a>, com equipamentos antes restritos ao Fiesta. Em termos de acabamento e qualidade de rodagem, por\u00e9m, o Ka evidencia vir de um segmento inferior.<\/p>\n<p>Para o consumidor, o desinteresse da marca fica evidente com essas medidas. E ca\u00edmos em uma varia\u00e7\u00e3o do dilema de Tostines: um carro sai de linha porque o p\u00fablico n\u00e3o mais o quer, ou o p\u00fablico n\u00e3o mais o quer porque percebe que est\u00e1 por sair de linha?<\/p>\n<a href='https:\/\/autolivraria.com.br\/bc\/informe-se\/colunas\/editorial\/a-fiat-toro-e-outras-ideias-que-venceram-preconceitos\/' class='small-button smallsilver'>Editorial anterior<\/a>\n<p>&nbsp;<\/p>\n","protected":false},"excerpt":{"rendered":"<p>A frase do executivo da Volkswagen aplica-se a outros modelos de v\u00e1rias marcas, alguns deles ainda hoje<\/p>\n","protected":false},"author":6,"featured_media":69289,"comment_status":"open","ping_status":"closed","sticky":false,"template":"","format":"standard","meta":{"_joinchat":[],"footnotes":""},"categories":[3593],"tags":[156,153,31,591],"class_list":["post-97778","post","type-post","status-publish","format-standard","has-post-thumbnail","hentry","category-editorial","tag-carros-do-passado","tag-colunas-2","tag-editorial","tag-mercado"],"amp_enabled":true,"_links":{"self":[{"href":"https:\/\/autolivraria.com.br\/bc\/wp-json\/wp\/v2\/posts\/97778","targetHints":{"allow":["GET"]}}],"collection":[{"href":"https:\/\/autolivraria.com.br\/bc\/wp-json\/wp\/v2\/posts"}],"about":[{"href":"https:\/\/autolivraria.com.br\/bc\/wp-json\/wp\/v2\/types\/post"}],"author":[{"embeddable":true,"href":"https:\/\/autolivraria.com.br\/bc\/wp-json\/wp\/v2\/users\/6"}],"replies":[{"embeddable":true,"href":"https:\/\/autolivraria.com.br\/bc\/wp-json\/wp\/v2\/comments?post=97778"}],"version-history":[{"count":0,"href":"https:\/\/autolivraria.com.br\/bc\/wp-json\/wp\/v2\/posts\/97778\/revisions"}],"wp:featuredmedia":[{"embeddable":true,"href":"https:\/\/autolivraria.com.br\/bc\/wp-json\/wp\/v2\/media\/69289"}],"wp:attachment":[{"href":"https:\/\/autolivraria.com.br\/bc\/wp-json\/wp\/v2\/media?parent=97778"}],"wp:term":[{"taxonomy":"category","embeddable":true,"href":"https:\/\/autolivraria.com.br\/bc\/wp-json\/wp\/v2\/categories?post=97778"},{"taxonomy":"post_tag","embeddable":true,"href":"https:\/\/autolivraria.com.br\/bc\/wp-json\/wp\/v2\/tags?post=97778"}],"curies":[{"name":"wp","href":"https:\/\/api.w.org\/{rel}","templated":true}]}}