{"id":97785,"date":"2018-09-14T10:01:00","date_gmt":"2018-09-14T13:01:00","guid":{"rendered":"http:\/\/bestcars.uol.com.br\/bc\/?p=97785"},"modified":"2018-09-21T13:09:33","modified_gmt":"2018-09-21T16:09:33","slug":"araxa-a-grande-festa-do-automovel-antigo","status":"publish","type":"post","link":"https:\/\/autolivraria.com.br\/bc\/informe-se\/colunas\/de-carro-por-ai\/araxa-a-grande-festa-do-automovel-antigo\/","title":{"rendered":"Arax\u00e1, a grande festa do autom\u00f3vel antigo"},"content":{"rendered":"<p><img fetchpriority=\"high\" decoding=\"async\" class=\"aligncenter size-full wp-image-75021\" src=\"https:\/\/autolivraria.com.br\/bc\/wp-content\/uploads\/2016\/07\/De-Carro-por-Ai-2016.jpg\" alt=\"De Carro por A\u00ed - Nasser\" width=\"696\" height=\"107\" srcset=\"https:\/\/autolivraria.com.br\/bc\/wp-content\/uploads\/2016\/07\/De-Carro-por-Ai-2016.jpg 696w, https:\/\/autolivraria.com.br\/bc\/wp-content\/uploads\/2016\/07\/De-Carro-por-Ai-2016-340x52.jpg 340w, https:\/\/autolivraria.com.br\/bc\/wp-content\/uploads\/2016\/07\/De-Carro-por-Ai-2016-222x34.jpg 222w\" sizes=\"(max-width: 696px) 100vw, 696px\" \/><\/p>\n<h2>Quase 300 ve\u00edculos dispostos, com\u00a0n\u00facleo de destacada qualidade e raridade, e a reuni\u00e3o de 38 Ferraris<\/h2>\n<p>&nbsp;<\/p>\n<p>O Brazil Classics Renault Show, realizado em Arax\u00e1, MG, no recente feriado de 7 de setembro manteve o adequado r\u00f3tulo de mais elegante dos encontros de ve\u00edculos antigos no Pa\u00eds. Foi grande o esfor\u00e7o para viabiliz\u00e1-lo e exigiu capacidade de improvisar, resolver, reinventar-se. Superou dificuldades, obst\u00e1culos, e foi evento marcante, referencial.<\/p>\n<figure id=\"attachment_97786\" aria-describedby=\"caption-attachment-97786\" style=\"width: 340px\" class=\"wp-caption alignleft\"><a href=\"https:\/\/autolivraria.com.br\/bc\/wp-content\/uploads\/2018\/09\/Best-of-the-show.jpg\" rel=\"attachment wp-att-97786\"><img decoding=\"async\" class=\"size-medium wp-image-97786 lazyload\" data-src=\"https:\/\/autolivraria.com.br\/bc\/wp-content\/uploads\/2018\/09\/Best-of-the-show-340x228.jpg\" alt=\"Packard 1931: Best of the Show\" width=\"340\" height=\"228\" data-srcset=\"https:\/\/autolivraria.com.br\/bc\/wp-content\/uploads\/2018\/09\/Best-of-the-show-340x228.jpg 340w, https:\/\/autolivraria.com.br\/bc\/wp-content\/uploads\/2018\/09\/Best-of-the-show.jpg 696w, https:\/\/autolivraria.com.br\/bc\/wp-content\/uploads\/2018\/09\/Best-of-the-show-627x420.jpg 627w, https:\/\/autolivraria.com.br\/bc\/wp-content\/uploads\/2018\/09\/Best-of-the-show-222x149.jpg 222w\" data-sizes=\"(max-width: 340px) 100vw, 340px\" src=\"data:image\/svg+xml;base64,PHN2ZyB3aWR0aD0iMSIgaGVpZ2h0PSIxIiB4bWxucz0iaHR0cDovL3d3dy53My5vcmcvMjAwMC9zdmciPjwvc3ZnPg==\" style=\"--smush-placeholder-width: 340px; --smush-placeholder-aspect-ratio: 340\/228;\" \/><\/a><figcaption id=\"caption-attachment-97786\" class=\"wp-caption-text\">Packard 1931: Best of the Show<\/figcaption><\/figure>\n<p>Quest\u00e3o \u00e9: neste pa\u00eds sem projeto, uma greve de caminhoneiros, de origem e comando desconhecidos, sem pai, m\u00e3e ou respons\u00e1veis, parou o Brasil, p\u00f4s a administra\u00e7\u00e3o em letargia e trouxe preju\u00edzos sem indeniza\u00e7\u00e3o. Um deles, fez abortar a realiza\u00e7\u00e3o do Encontro, antes marcado, com estrutura instalada, bancas de com\u00e9rcio montadas, ve\u00edculos em tr\u00e2nsito. Em meio aos problemas gerados pelo adiar, muitas composi\u00e7\u00f5es com fornecedores, com o hotel sede, o \u00eaxito do evento ficou amea\u00e7ado, mas a administra\u00e7\u00e3o tocada pelo Instituto Veteran Car, de Belo Horizonte, superou as dificuldades e apresentou solu\u00e7\u00f5es.<\/p>\n<p><strong>Como foi<\/strong><br \/>\nPatrocinadora, a Renault foi compreensiva \u2013 manteve e aumentou o aporte para compensar o incremento de custos com a desmontagem da estrutura sem uso e a montagem de outra, tr\u00eas meses ap\u00f3s. Colecionadores com a cabe\u00e7a no lugar entenderam a raz\u00e3o institucional, mantendo inscri\u00e7\u00f5es e presen\u00e7a.<\/p>\n<p>Na pr\u00e1tica, quase 300 ve\u00edculos dispostos, nele avultando n\u00facleo de destacada qualidade e raridade, e o deslumbramento da reuni\u00e3o de 38 Ferraris, incluindo dois modelos de s\u00e9ries especiais, os F40 e F50. N\u00facleo de colecionadores se amplia. Neste ano o Museu de Carmo do Parana\u00edba, MG, do colecionador mineiro R\u00fabio Fernal, a cole\u00e7\u00e3o privada do empres\u00e1rio paulista Jos\u00e9 Luiz Gandini, e o novo foco da cole\u00e7\u00e3o de Leo Steinbruch, antes dedicada exclusivamente a nacionais.<\/p>\n<p>Fernal exibiu raro e aqui desconhecido Fiat com projeto de estiistas da Zagato, insolitamente constru\u00eddo pela Riva, famosa f\u00e1brica de lanchas durante estreito per\u00edodo ao in\u00edcio dos anos 50. Gandini, dedicado aos Cadillacs dos anos 50, amplia o leque a ve\u00edculos mais erados, como o imponente Packard 1931 em carroceria Roadster, convers\u00edvel. Levou o transit\u00f3rio Pr\u00eamio Roberto Lee como Best of the Show. Steinbruch exp\u00f4s Ford T de 1909 \u2013 apresentado erroneamente como 1908 -, e Mercedes-Benz 300 SL, o Asa de Gaivota.<\/p>\n<p>&nbsp;<\/p>\n\n<div class='code-block code-block-7' style='margin: 28px auto; text-align: center; display: block; clear: both;'>\n<script async src=\"https:\/\/pagead2.googlesyndication.com\/pagead\/js\/adsbygoogle.js\"><\/script>\n<!-- AL-quadrado -->\n<ins class=\"adsbygoogle\"\n     style=\"display:block\"\n     data-ad-client=\"ca-pub-1914799802606213\"\n     data-ad-slot=\"5683066082\"\n     data-ad-format=\"auto\"\n     data-full-width-responsive=\"true\"><\/ins>\n<script>\n     (adsbygoogle = window.adsbygoogle || []).push({});\n<\/script><\/div>\n\n<p>&nbsp;<\/p>\n<p>Item e abertura de caminho importante, o Alfa BR, grupo intern\u00e9tico de aficionados de Alfa Romeo, montou barraca, instou presen\u00e7a da marca, criou premia\u00e7\u00e3o espec\u00edfica. Um caminho para outros clubes de marca, criar subeventos sob o guarda-chuva da festa principal. Outro ponto de relevo foi manter a tradi\u00e7\u00e3o de promover leil\u00e3o. Neste ano demandas superaram o teto de 70 ofertas estabelecido pela empresa de leil\u00f5es, ampliadas a 83. Vendas foram 29, arrecadando R$ 3,5 milh\u00f5es. Estrela do evento, Alfa Spyder 2000 do ex-ator Otelo Zeloni.<\/p>\n<p>Homenagem, o evento criou trof\u00e9u transit\u00f3rio, o Og Pozolli, para distinguir o melhor autom\u00f3vel dentre os n\u00e3o restaurados. No caso, indicado foi Cadillac 1927, modelo 314 Coup\u00e9, de Aparecido Guadain. Oportuno pelo relevo do evento, mas n\u00e3o \u00e9 pioneirismo. O Carro do Brasil, encontro criado em Bras\u00edlia para festejar os produtos nacionais, criou tal l\u00e1urea em 2001. Chamou-o P\u00e1tina do Tempo, e o distribui aos eventos que buscam aux\u00edlio e orienta\u00e7\u00e3o ao Museu Nacional do Autom\u00f3vel.<\/p>\n<p>O ins\u00f3lito e sua divulga\u00e7\u00e3o instigaram o Pebble Beach Concours d\u2019\u00c9legance, em Monterey, California, tido como o mais refinado da especialidade, a copiar a l\u00e1urea e, a partir da\u00ed, a Federa\u00e7\u00e3o Internacional de Carros de Cole\u00e7\u00e3o, a FIVA, a instituir o pr\u00eamio. Registro hist\u00f3rico se faz presente para manter n\u00e3o apenas a verdade, o pioneirismo brasileiro e a import\u00e2ncia do conceito expresso pelo Museu Nacional do Autom\u00f3vel, seu criador: historicamente mais vale a p\u00e1tina do tempo sobre a constru\u00e7\u00e3o original que os brilhos e reflexos p\u00f3s-restaura\u00e7\u00e3o, d\u00e9cadas distante dos m\u00e9todos e partes empregados \u00e0 \u00e9poca.<\/p>\n<p>Patroc\u00ednio da Renault, comemorando 120 anos do in\u00edcio de sua hist\u00f3ria e 20 anos de atividade industrial no Brasil, incluiu exposi\u00e7\u00e3o de unidades, prot\u00f3tipos, r\u00e9plica da Voiturette, a primeira unidade constru\u00edda pela fam\u00edlia. Tamb\u00e9m, palestra por Alain Tissier, ex-vice-presidente da empresa e or\u00e1culo para as coisas do e no Brasil.<\/p>\n<p>&nbsp;<\/p>\n<h2>Og <em>ad aeternum<\/em><\/h2>\n<p>S\u00e3o raras as cole\u00e7\u00f5es de ve\u00edculos antigos a permanecer unas, unificadas, concentradas, ap\u00f3s a partida de seu criador. Atividade solit\u00e1ria, exige dedica\u00e7\u00e3o, interesse e tamb\u00e9m, como diz o Curador do Museu Nacional do Autom\u00f3vel, 3 Ts \u2013 Tempo, Tes\u00e3o e Tal\u00e3o. Sem tal envolvimento e meios, cole\u00e7\u00f5es n\u00e3o subsistem, s\u00e3o vendidas aos blocos ou em unidades, se desfazem.<\/p>\n<figure id=\"attachment_97787\" aria-describedby=\"caption-attachment-97787\" style=\"width: 340px\" class=\"wp-caption alignright\"><a href=\"https:\/\/autolivraria.com.br\/bc\/wp-content\/uploads\/2018\/09\/Projeto-Museu.jpg\" rel=\"attachment wp-att-97787\"><img decoding=\"async\" class=\"size-medium wp-image-97787 lazyload\" data-src=\"https:\/\/autolivraria.com.br\/bc\/wp-content\/uploads\/2018\/09\/Projeto-Museu-340x228.jpg\" alt=\"Modelo do projeto do Museu de dona Lia\" width=\"340\" height=\"228\" data-srcset=\"https:\/\/autolivraria.com.br\/bc\/wp-content\/uploads\/2018\/09\/Projeto-Museu-340x228.jpg 340w, https:\/\/autolivraria.com.br\/bc\/wp-content\/uploads\/2018\/09\/Projeto-Museu.jpg 696w, https:\/\/autolivraria.com.br\/bc\/wp-content\/uploads\/2018\/09\/Projeto-Museu-627x420.jpg 627w, https:\/\/autolivraria.com.br\/bc\/wp-content\/uploads\/2018\/09\/Projeto-Museu-222x149.jpg 222w\" data-sizes=\"(max-width: 340px) 100vw, 340px\" src=\"data:image\/svg+xml;base64,PHN2ZyB3aWR0aD0iMSIgaGVpZ2h0PSIxIiB4bWxucz0iaHR0cDovL3d3dy53My5vcmcvMjAwMC9zdmciPjwvc3ZnPg==\" style=\"--smush-placeholder-width: 340px; --smush-placeholder-aspect-ratio: 340\/228;\" \/><\/a><figcaption id=\"caption-attachment-97787\" class=\"wp-caption-text\">Modelo do projeto do Museu de dona Lia<\/figcaption><\/figure>\n<p>Desde novembro do ano passado, quando passou Og Pozolli, um dos implantadores do antigomobilismo no Brasil, a espada da d\u00favida voltou a ser lembrada, e o receio da dissemina\u00e7\u00e3o, sempre manifestada por ele, escaldado pelas vazias promessas municipais e estaduais de aquisi\u00e7\u00e3o.<\/p>\n<p>Quem do ramo foi ao Brazil Classics encontrou aleia de honra com cinco estelares unidades da cole\u00e7\u00e3o Og, capitaneada por exemplar de Moon, um Touring dos anos 1920, acreditado como do ent\u00e3o Presidente Washington Luiz e \u00fanico no mundo. Conversinhas, teses, teoria dizia da aquisi\u00e7\u00e3o pelo poderoso Bradesco, num projeto de expor que, al\u00e9m da atividade selvagemente argent\u00e1ria \u2013 milion\u00e1ria, rica, capitaneada pelos ganhos de dinheiro -, faria efeito demonstra\u00e7\u00e3o de dedica\u00e7\u00e3o cultural.<\/p>\n<p>Verdade surgiu na noite de s\u00e1bado, durante a premia\u00e7\u00e3o: a cole\u00e7\u00e3o fora adquirida pela Funda\u00e7\u00e3o Lia Maria Aguiar, mantida por filha do criador do banco, mas sem liga\u00e7\u00f5es operacionais com o estabelecimento. Projeto \u00fatil, dedica-se \u00e0 forma\u00e7\u00e3o art\u00edstica de jovens, e a ampliar\u00e1 com a constru\u00e7\u00e3o de um museu e a forma\u00e7\u00e3o de cursos para ensinar dados e segredos dos reparos e manuten\u00e7\u00e3o de autom\u00f3veis antigos, um exerc\u00edcio de talento a cada dia mais empobrecido com o desaparecimento dos profissionais antigos. O Museu ser\u00e1 constru\u00eddo em Campos do Jord\u00e3o, SP, com a promessa de opera\u00e7\u00e3o em dois anos.<\/p>\n<p>A cole\u00e7\u00e3o do Og estar\u00e1 unida e preservada.<\/p>\n<p>&nbsp;<\/p>\n<div class='code-block code-block-6' style='margin: 28px auto; text-align: center; display: block; clear: both;'>\n<script async src=\"https:\/\/pagead2.googlesyndication.com\/pagead\/js\/adsbygoogle.js\"><\/script>\n<!-- AL-quadrado -->\n<ins class=\"adsbygoogle\"\n     style=\"display:block\"\n     data-ad-client=\"ca-pub-1914799802606213\"\n     data-ad-slot=\"5683066082\"\n     data-ad-format=\"auto\"\n     data-full-width-responsive=\"true\"><\/ins>\n<script>\n     (adsbygoogle = window.adsbygoogle || []).push({});\n<\/script><\/div>\n\n<p>&nbsp;<\/p>\n<h2>Roda a Roda<\/h2>\n<p><strong>Pesquisa<\/strong> &#8211; FCA nos Estados Unidos aplicou US$ 30 milh\u00f5es no campo de provas recebido \u00e0 Chrysler em Chelsea, perto de Detroit, Michigan. Quer adapt\u00e1-lo a testes de dire\u00e7\u00e3o aut\u00f4noma; sistemas avan\u00e7ados de assist\u00eancia ao motorista. Aqui empresa continuar\u00e1 usando ruas e estradas como pista de testes.<\/p>\n<p><strong><a href=\"https:\/\/autolivraria.com.br\/bc\/wp-content\/uploads\/2018\/09\/Lanchas-Lexus.jpg\" rel=\"attachment wp-att-97788\"><img decoding=\"async\" class=\"alignleft size-medium wp-image-97788 lazyload\" data-src=\"https:\/\/autolivraria.com.br\/bc\/wp-content\/uploads\/2018\/09\/Lanchas-Lexus-340x228.jpg\" alt=\"Lanchas Lexus\" width=\"340\" height=\"228\" data-srcset=\"https:\/\/autolivraria.com.br\/bc\/wp-content\/uploads\/2018\/09\/Lanchas-Lexus-340x228.jpg 340w, https:\/\/autolivraria.com.br\/bc\/wp-content\/uploads\/2018\/09\/Lanchas-Lexus.jpg 696w, https:\/\/autolivraria.com.br\/bc\/wp-content\/uploads\/2018\/09\/Lanchas-Lexus-627x420.jpg 627w, https:\/\/autolivraria.com.br\/bc\/wp-content\/uploads\/2018\/09\/Lanchas-Lexus-222x149.jpg 222w\" data-sizes=\"(max-width: 340px) 100vw, 340px\" src=\"data:image\/svg+xml;base64,PHN2ZyB3aWR0aD0iMSIgaGVpZ2h0PSIxIiB4bWxucz0iaHR0cDovL3d3dy53My5vcmcvMjAwMC9zdmciPjwvc3ZnPg==\" style=\"--smush-placeholder-width: 340px; --smush-placeholder-aspect-ratio: 340\/228;\" \/><\/a>Luxo<\/strong> &#8211; Ve\u00edculo mais luxuoso da Toyota n\u00e3o \u00e9 sua fam\u00edlia automobil\u00edstica Lexus, mas os iates com esta marca. Projetados em conjunto com a divis\u00e3o mar\u00edtima da casa, seu produto de topo, o Lexus LY 650 \u00e9 iate de luxo com 65 p\u00e9s \u2013 uns 20 metros. Dois motores Lexus de corrida, a gasolina, e 885 cv de pot\u00eancia final.<\/p>\n<p><strong>Neg\u00f3cio<\/strong> \u2013 Toyota est\u00e1 em barcos h\u00e1 20 anos utilizando o nome Ponan. Por isto, o que parece uma aventura merece cr\u00e9dito, neste per\u00edodo em que fabricantes de autom\u00f3veis se aventuram em outros modais.<\/p>\n<p><strong>Variedade<\/strong> \u2013 Aston Martin e Bugatti t\u00eam colaborado com outros produtores de lanchas e barcos; Honda fabrica jato; Mercedes-Benz tem acordo com a Cigarette Racing promovendo os modelos AMG. Toyota n\u00e3o far\u00e1 os novos LY 650, contratando o estaleiro Marquis-Larson Boat Group. Primeira unidade daqui a um ano.<\/p>\n<p><em><strong>Al mare<\/strong><\/em> \u2013 Estaleiro catarinense Triton Yachts levar\u00e1 ao S\u00e3o Paulo Boat Show \u2013 SP, 27\/9 a 2\/10 &#8211; duas novas embarca\u00e7\u00f5es. Uma, a 460 Fly, 46 p\u00e9s, 14 m de comprimento, exp\u00f5e as \u00faltimas tend\u00eancias europeias; tr\u00eas su\u00edtes, com a m\u00e1ster ocupando toda a parte central. Motoriza\u00e7\u00e3o sugerida, dois motores diesel, entre 330 e 400 cv cada. Quanto? Circa R$ 1,7 milh\u00e3o.<\/p>\n<p><strong>Mais<\/strong> \u2013 H\u00e1 novidade tipo esportiva, a 350 HT, com espa\u00e7o para 12 pessoas durante o dia e 4 para pernoite. Menor, outra proposta, outro pre\u00e7o: R$ 510 mil. Motoriza\u00e7\u00e3o diesel, 2x 250 a 350 cv.<\/p>\n<p><strong>Mais<\/strong> \u2013 Japonesa Sumitomo impulsiona sua marca Dunlop no Brasil. Aplica R$ 640 milh\u00f5es para aumentar capacidade industrial de pneus de passeio e carga. F\u00e1brica n\u00e3o est\u00e1 em Campinas, endere\u00e7o da Dunlop original, mas beiradas de Curitiba, PR.<\/p>\n<p><strong>Quem \u00e9<\/strong> \u2013 Petronas, empresa malaia, mais conhecida como co-patrocinadora da equipe Mercedes-Benz na F\u00f3rmula 1, est\u00e1 no Brasil em Contagem, munic\u00edpio industrial lindeiro a Belo Horizonte. Ocupa as instala\u00e7\u00f5es da antiga Tutela, a f\u00e1brica de \u00f3leos e lubrificantes da Fiat e da estatal Agip.<\/p>\n<p><strong>Melhor<\/strong> \u2013 Investiu R$ 20 milh\u00f5es no atualizar laborat\u00f3rios em Centro de Excel\u00eancia em Pesquisa e Tecnologia na Am\u00e9rica Latina. Deve manter o pioneirismo: primeira a fazer \u00f3leos lubrificantes semissint\u00e9ticos no pa\u00eds \u2013 e respons\u00e1vel pela quebra da nunca entendida barreira limitando os lubrificantes nacionais \u00e0 classifica\u00e7\u00e3o SD.<\/p>\n<p><strong>Quest\u00e3o<\/strong> \u2013 Crescimento de produ\u00e7\u00e3o e vendas da ind\u00fastria automobil\u00edstica se dissociam da no\u00e7\u00e3o de estagna\u00e7\u00e3o da economia. N\u00fameros a ser fechados ao final do ano devem indicar otimismo. At\u00e9 agora mercado cresceu 15%. Seria melhor sem a greve dos caminhoneiros, vitrine de nossa fragilidade e da inabilidade da c\u00fapula do poder em gerir o problema.<\/p>\n<p><strong>II<\/strong> \u2013 Os n\u00fameros n\u00e3o dever\u00e3o mentir. Somente em 2023 produ\u00e7\u00e3o e vendas repetir\u00e3o os cravados em 2013. Na pr\u00e1tica a atrapalhada gest\u00e3o (sic) da presidenta que se dizia formada em economia, atrasou o pa\u00eds por 10 anos. E querem lev\u00e1-la ao Senado\u2026<\/p>\n<p><strong>Situa\u00e7\u00e3o<\/strong> \u2013 Boletim automobil\u00edstico <em>Auto Data<\/em> perguntou aos seis candidatos melhor colocados na disputa para a Presid\u00eancia da Rep\u00fablica, quais os planos de cada um para a ind\u00fastria automobil\u00edstica. Ao ver do atento leitor\/eleitor, qual o percentual de respostas? Zero, acredite. Ningu\u00e9m se manifestou.<\/p>\n<p><strong>O qu\u00ea<\/strong> \u2013 Desinteresse, desconhecimento? Vicente Alessi, filho, editor, tem vis\u00e3o pragm\u00e1tica: o fim das doa\u00e7\u00f5es para campanhas, as regras de <em>compliance,<\/em> o receio de multas ou pris\u00e3o reduziram a capacidade de entendimento.<\/p>\n<p><strong>Programa<\/strong> \u2013 Gostas de ve\u00edculos? Tecnologia? Programa a ser considerado: dia 18, \u00e0s 9h30, Audi transmitir\u00e1 o evento The Charge, cuja estrela maior ser\u00e1 o modelo E-Tron, seu primeiro totalmente el\u00e9trico. Meios diversos: Audi MediaTV (www.audiamedia.tv), em alem\u00e3o e ingl\u00eas, incluindo link para compartilhar a transmiss\u00e3o em outros sites; Smart TV, usando o aplicativo Audi Media TV; via sat\u00e9lite, em chin\u00eas e ingl\u00eas; na p\u00e1gina do Facebook de Audi AG e no canal do Youtube Audi Media TV; website: www.e-tron.audi.<\/p>\n<p><strong>Gente<\/strong> \u2013 Cl\u00e1udio Rawics, comunic\u00f3logo, ex-Fiat, mudan\u00e7a. Deixou a \u00e1rea de propaganda da Renault e foi-se \u00e0 Audi. Nova diretoria na empresa, administrando publicidade, marketing e comunica\u00e7\u00e3o. \/ Gustavo Perini, 33, engenheiro na DAF &#8211; f\u00e1brica de caminh\u00f5es \u2013 aplauso. Ganhou o Pr\u00eamio Jovem Engenheiro da SAE, gr\u00eamio de engenheiros automobil\u00edsticos. L\u00e1urea reconhece seus estudos estruturais nos caminh\u00f5es para reduzir tempo de testes de rodagem.<\/p>\n<a href='https:\/\/autolivraria.com.br\/bc\/informe-se\/colunas\/de-carro-por-ai\/enfim-a-racionalidade-fim-do-estepe-externo-no-ecosport\/' class='small-button smallsilver'>Coluna anterior<\/a>\n<p><em>A coluna expressa as opini\u00f5es do colunista e n\u00e3o as do Best Cars<\/em><\/p>\n<p>&nbsp;<\/p>\n","protected":false},"excerpt":{"rendered":"<p>Quase 300 ve\u00edculos dispostos, com n\u00facleo de destacada qualidade e raridade, e a reuni\u00e3o de 38 Ferraris<\/p>\n","protected":false},"author":6,"featured_media":75031,"comment_status":"open","ping_status":"closed","sticky":false,"template":"","format":"standard","meta":{"_joinchat":[],"footnotes":""},"categories":[3337],"tags":[156,153,3338],"class_list":["post-97785","post","type-post","status-publish","format-standard","has-post-thumbnail","hentry","category-de-carro-por-ai","tag-carros-do-passado","tag-colunas-2","tag-de-carro-por-ai-2"],"amp_enabled":true,"_links":{"self":[{"href":"https:\/\/autolivraria.com.br\/bc\/wp-json\/wp\/v2\/posts\/97785","targetHints":{"allow":["GET"]}}],"collection":[{"href":"https:\/\/autolivraria.com.br\/bc\/wp-json\/wp\/v2\/posts"}],"about":[{"href":"https:\/\/autolivraria.com.br\/bc\/wp-json\/wp\/v2\/types\/post"}],"author":[{"embeddable":true,"href":"https:\/\/autolivraria.com.br\/bc\/wp-json\/wp\/v2\/users\/6"}],"replies":[{"embeddable":true,"href":"https:\/\/autolivraria.com.br\/bc\/wp-json\/wp\/v2\/comments?post=97785"}],"version-history":[{"count":0,"href":"https:\/\/autolivraria.com.br\/bc\/wp-json\/wp\/v2\/posts\/97785\/revisions"}],"wp:featuredmedia":[{"embeddable":true,"href":"https:\/\/autolivraria.com.br\/bc\/wp-json\/wp\/v2\/media\/75031"}],"wp:attachment":[{"href":"https:\/\/autolivraria.com.br\/bc\/wp-json\/wp\/v2\/media?parent=97785"}],"wp:term":[{"taxonomy":"category","embeddable":true,"href":"https:\/\/autolivraria.com.br\/bc\/wp-json\/wp\/v2\/categories?post=97785"},{"taxonomy":"post_tag","embeddable":true,"href":"https:\/\/autolivraria.com.br\/bc\/wp-json\/wp\/v2\/tags?post=97785"}],"curies":[{"name":"wp","href":"https:\/\/api.w.org\/{rel}","templated":true}]}}