{"id":99378,"date":"2018-11-06T08:02:18","date_gmt":"2018-11-06T11:02:18","guid":{"rendered":"http:\/\/bestcars.uol.com.br\/bc\/?p=99378"},"modified":"2018-11-20T16:37:11","modified_gmt":"2018-11-20T19:37:11","slug":"salao-do-automovel-uma-tradicao-questionada","status":"publish","type":"post","link":"https:\/\/autolivraria.com.br\/bc\/informe-se\/colunas\/eu-um-carro-e-a-cidade\/salao-do-automovel-uma-tradicao-questionada\/","title":{"rendered":"Sal\u00e3o do Autom\u00f3vel, uma tradi\u00e7\u00e3o questionada"},"content":{"rendered":"<p><img fetchpriority=\"high\" decoding=\"async\" class=\"aligncenter size-full wp-image-93693\" src=\"https:\/\/autolivraria.com.br\/bc\/wp-content\/uploads\/2018\/03\/Eu-um-Carro-e-a-Cidade.jpg\" alt=\"\" width=\"696\" height=\"100\" srcset=\"https:\/\/autolivraria.com.br\/bc\/wp-content\/uploads\/2018\/03\/Eu-um-Carro-e-a-Cidade.jpg 696w, https:\/\/autolivraria.com.br\/bc\/wp-content\/uploads\/2018\/03\/Eu-um-Carro-e-a-Cidade-340x49.jpg 340w, https:\/\/autolivraria.com.br\/bc\/wp-content\/uploads\/2018\/03\/Eu-um-Carro-e-a-Cidade-222x32.jpg 222w\" sizes=\"(max-width: 696px) 100vw, 696px\" \/><\/p>\n<h2>Fabricantes ao redor do mundo t\u00eam avaliado se vale a pena continuar a participar de eventos como esse<\/h2>\n<p>&nbsp;<\/p>\n<p>Sal\u00f5es do Autom\u00f3vel, tal qual conhecemos, provavelmente n\u00e3o mais existir\u00e3o. Ou, se resistirem com esse formato de exposi\u00e7\u00e3o, ter\u00e3o de repensar o tamanho, a abrang\u00eancia, o sentido. Ao menos parece ser a tend\u00eancia ao se analisar a trajet\u00f3ria dos \u00faltimos sal\u00f5es mundo afora e, mais especificamente, o <a href=\"https:\/\/autolivraria.com.br\/bc\/tag\/salao-de-paris-2018\/\" target=\"_blank\" rel=\"noopener\">Sal\u00e3o de Paris<\/a> deste ano, um dos mais tradicionais do mundo, com a aus\u00eancia de marcas como Ford, Infiniti, Mazda, Mitsubishi, Nissan, Opel, Subaru, Volkswagen e Volvo. H\u00e1 alguns fen\u00f4menos da atualidade que explicam, ao menos em parte, o decrescente interesse das marcas pelos megaeventos do tipo.<\/p>\n<p>Em primeiro lugar, custos. Estar em eventos como esses \u00e9 car\u00edssimo. Estandes, m\u00e3o-de-obra especializada, comunica\u00e7\u00e3o, prepara\u00e7\u00e3o de carros-conceito \u2014 um dinheiro vultuoso. Geralmente a l\u00f3gica desse investimento se encaixava como verba de marketing. Faz sentido num formato de m\u00eddia do s\u00e9culo passado, no qual uma marca podia se expor comprando espa\u00e7o em jornais, revistas ou formatos eletr\u00f4nicos, como a TV, ou gerando publicidade \u201cespont\u00e2nea\u201d de seus produtos por meio de grandes eventos como os sal\u00f5es, amplamente cobertos pela imprensa especializada.<\/p>\n<p>&nbsp;<\/p>\n<blockquote><p>As f\u00e1bricas hoje usam incr\u00edveis tecnologias e d\u00e3o visibilidade a seus modelos por meio das redes: n\u00e3o est\u00e1 sobrando dinheiro para o resto, como sal\u00f5es<\/p><\/blockquote>\n<p>&nbsp;<\/p>\n<figure id=\"attachment_99379\" aria-describedby=\"caption-attachment-99379\" style=\"width: 340px\" class=\"wp-caption alignleft\"><a href=\"https:\/\/autolivraria.com.br\/bc\/wp-content\/uploads\/2018\/11\/Salao-de-Paris.jpg\"><img decoding=\"async\" class=\"size-medium wp-image-99379 lazyload\" data-src=\"https:\/\/autolivraria.com.br\/bc\/wp-content\/uploads\/2018\/11\/Salao-de-Paris-340x228.jpg\" alt=\"\" width=\"340\" height=\"228\" data-srcset=\"https:\/\/autolivraria.com.br\/bc\/wp-content\/uploads\/2018\/11\/Salao-de-Paris-340x228.jpg 340w, https:\/\/autolivraria.com.br\/bc\/wp-content\/uploads\/2018\/11\/Salao-de-Paris.jpg 696w, https:\/\/autolivraria.com.br\/bc\/wp-content\/uploads\/2018\/11\/Salao-de-Paris-627x420.jpg 627w, https:\/\/autolivraria.com.br\/bc\/wp-content\/uploads\/2018\/11\/Salao-de-Paris-222x149.jpg 222w\" data-sizes=\"(max-width: 340px) 100vw, 340px\" src=\"data:image\/svg+xml;base64,PHN2ZyB3aWR0aD0iMSIgaGVpZ2h0PSIxIiB4bWxucz0iaHR0cDovL3d3dy53My5vcmcvMjAwMC9zdmciPjwvc3ZnPg==\" style=\"--smush-placeholder-width: 340px; --smush-placeholder-aspect-ratio: 340\/228;\" \/><\/a><figcaption id=\"caption-attachment-99379\" class=\"wp-caption-text\">Ford, Mitsubishi, Nissan, Opel e Volkswagen, entre outras, ficaram de fora do Sal\u00e3o de Paris este ano<\/figcaption><\/figure>\n<p>Da\u00ed entramos no segundo lugar: a mudan\u00e7a do perfil dos consumidores. \u00c9 um fato que o comportamento digital transgrediu a tradicional l\u00f3gica centralizada de informa\u00e7\u00e3o. Os indiv\u00edduos buscam as informa\u00e7\u00f5es por si pr\u00f3prios, nas fontes que bem entendem, na palma da m\u00e3o em seus celulares e nas redes sociais, onde se conectam aos assuntos que lhes interessam. \u00c9 o que os estudiosos chamam de \u201cpoder horizontal\u201d, ou seja, a informa\u00e7\u00e3o circula horizontalmente entre os indiv\u00edduos, e n\u00e3o mais de cima para baixo. A imprensa como conhecemos, com seu poder de contar as vers\u00f5es da hist\u00f3ria, morreu. Feliz ou infelizmente.<\/p>\n<p>Atentas que s\u00e3o, as marcas est\u00e3o mobilizando seus investimentos de comunica\u00e7\u00e3o no mundo digital, que j\u00e1 consome enorme parte da verba. Criam inovadoras experi\u00eancias de compra usando as mais incr\u00edveis tecnologias e d\u00e3o visibilidade a seus modelos por meio das redes. E n\u00e3o est\u00e1 sobrando dinheiro para o resto \u2014 como a participa\u00e7\u00e3o em sal\u00f5es. A Volkswagen alegou falta de sincronia nos lan\u00e7amentos para estar fora do Sal\u00e3o de Paris. Ao mesmo tempo, seus perfis nas redes sociais fervilham com an\u00fancios pr\u00e9vios de novidades no campo dos SUVs, como o <a href=\"https:\/\/autolivraria.com.br\/bc\/tag\/t-cross\" target=\"_blank\" rel=\"noopener\">T-Cross<\/a>.<\/p>\n<p>Aposto que boa parte desse movimento de esconder-se esteja no campo da administra\u00e7\u00e3o da reputa\u00e7\u00e3o, ainda manchada com os esc\u00e2ndalos ambientais de <a href=\"https:\/\/autolivraria.com.br\/bc\/tag\/escandalo-no-grupo-vw\/\" target=\"_blank\" rel=\"noopener\">manipula\u00e7\u00e3o de motores Diesel<\/a>. Outras marcas, como Ford e Opel, desdenharam o Sal\u00e3o sem d\u00f3, deixando claro que o rico dinheiro que lhes sobra ir\u00e1 para repensar as narrativas do futuro.<\/p>\n<p>&nbsp;<\/p>\n\n<div class='code-block code-block-7' style='margin: 28px auto; text-align: center; display: block; clear: both;'>\n<script async src=\"https:\/\/pagead2.googlesyndication.com\/pagead\/js\/adsbygoogle.js\"><\/script>\n<!-- AL-quadrado -->\n<ins class=\"adsbygoogle\"\n     style=\"display:block\"\n     data-ad-client=\"ca-pub-1914799802606213\"\n     data-ad-slot=\"5683066082\"\n     data-ad-format=\"auto\"\n     data-full-width-responsive=\"true\"><\/ins>\n<script>\n     (adsbygoogle = window.adsbygoogle || []).push({});\n<\/script><\/div>\n\n<p>&nbsp;<\/p>\n<h2>Persegui\u00e7\u00e3o<\/h2>\n<p>Ent\u00e3o entramos no terceiro lugar: a persegui\u00e7\u00e3o \u00e0 ind\u00fastria automobil\u00edstica. Se h\u00e1 40 anos os Sal\u00f5es eram um f\u00e9rtil campo para se discutir progresso, desenvolvimento da tecnologia e a relev\u00e2ncia da pujante ind\u00fastria do carro, nos dias de hoje os ativistas \u2014 alimentados pelo tal poder horizontal que cito acima \u2014 aproveitam as reuni\u00f5es de fabricantes para criticar a ind\u00fastria, sua lenta rea\u00e7\u00e3o \u00e0 destrui\u00e7\u00e3o ambiental, associam os carros a toda sorte de problemas e acusam o autom\u00f3vel de ser s\u00edmbolo de um padr\u00e3o de vida individualista e insustent\u00e1vel.<\/p>\n<p>&nbsp;<\/p>\n<blockquote><p>Como os carros nacionais mais populares, o Sal\u00e3o de S\u00e3o Paulo demorou a ganhar ar-condicionado de s\u00e9rie \u2014 s\u00f3 depois de se livrar do Anhembi<\/p><\/blockquote>\n<p>&nbsp;<\/p>\n<p>O <a href=\"https:\/\/autolivraria.com.br\/bc\/tag\/salao-de-sao-paulo-2018\/\" target=\"_blank\" rel=\"noopener\">Sal\u00e3o de S\u00e3o Paulo<\/a>, \u00e0s v\u00e9speras do in\u00edcio, \u00e9 muito tradicional dada sua relev\u00e2ncia na previs\u00e3o de lan\u00e7amentos e tend\u00eancias para a ind\u00fastria da Am\u00e9rica Latina. Como os carros nacionais mais populares, demorou a ganhar ar-condicionado de s\u00e9rie \u2014 s\u00f3 depois de se livrar do infernal Anhembi, h\u00e1 dois anos, quando se mudou para o S\u00e3o Paulo Expo. Ainda assim, esse ano ficar\u00e1 sem Citro\u00ebn, JAC, Jaguar, Land Rover, Peugeot e Volvo. Os ingressos s\u00e3o caros: quem s\u00f3 pode ir durante o feriado e as emendas ter\u00e1 que desembolsar R$ 74, sem falar em estacionamento ou transporte e demais despesas corriqueiras. Isso para ter uma experi\u00eancia n\u00e3o muito diferente de visitar diversas concession\u00e1rias \u2014 com a desvantagem de ficar-se acotovelando com uma multid\u00e3o enquanto tentar fazer uma selfie com aquele Ferrari.<\/p>\n<p>No entanto, assim como na edi\u00e7\u00e3o de 2016, algumas marcas oferecem experi\u00eancias mais imersivas, como testes, inclusive de carros el\u00e9tricos, o que para alguns pode significar uma divers\u00e3o a mais. Devo assumir que tive momentos muito prazerosos em sal\u00f5es na adolesc\u00eancia, como ver o lan\u00e7amento da segunda gera\u00e7\u00e3o do VW Gol, em 1994, e me sentir arrebatado pela traseira futur\u00edstica do primeiro Ford Focus, em 2000. Para mim, s\u00f3 isso j\u00e1 teria justificado a exist\u00eancia de um evento daquele porte. Sim, sim, as lindas modelos tamb\u00e9m justificariam, mas o mundo mudou tanto que, do jeito que v\u00e3o as coisas, esse pode virar mais um motivo para o fim dos sal\u00f5es como conhecemos.<\/p>\n<a href='https:\/\/autolivraria.com.br\/bc\/informe-se\/colunas\/destaques-colunas\/todos-buscam-robustez-da-qual-o-fusca-foi-precursor\/' class='small-button smallsilver'>Coluna anterior<\/a>\n<p><em>A coluna expressa as opini\u00f5es do colunista e n\u00e3o as do Best Cars<\/em><\/p>\n<p>&nbsp;<\/p>\n","protected":false},"excerpt":{"rendered":"<p>Fabricantes ao redor do mundo t\u00eam avaliado se vale a pena continuar a participar de eventos como esse<\/p>\n","protected":false},"author":6,"featured_media":93694,"comment_status":"open","ping_status":"closed","sticky":false,"template":"","format":"standard","meta":{"_joinchat":[],"footnotes":""},"categories":[4506],"tags":[153,4507,632,4570,629],"class_list":["post-99378","post","type-post","status-publish","format-standard","has-post-thumbnail","hentry","category-eu-um-carro-e-a-cidade","tag-colunas-2","tag-eu-um-carro-e-a-cidade","tag-salao-de-sao-paulo","tag-salao-de-sao-paulo-2018","tag-salao-do-automovel"],"amp_enabled":true,"_links":{"self":[{"href":"https:\/\/autolivraria.com.br\/bc\/wp-json\/wp\/v2\/posts\/99378","targetHints":{"allow":["GET"]}}],"collection":[{"href":"https:\/\/autolivraria.com.br\/bc\/wp-json\/wp\/v2\/posts"}],"about":[{"href":"https:\/\/autolivraria.com.br\/bc\/wp-json\/wp\/v2\/types\/post"}],"author":[{"embeddable":true,"href":"https:\/\/autolivraria.com.br\/bc\/wp-json\/wp\/v2\/users\/6"}],"replies":[{"embeddable":true,"href":"https:\/\/autolivraria.com.br\/bc\/wp-json\/wp\/v2\/comments?post=99378"}],"version-history":[{"count":0,"href":"https:\/\/autolivraria.com.br\/bc\/wp-json\/wp\/v2\/posts\/99378\/revisions"}],"wp:featuredmedia":[{"embeddable":true,"href":"https:\/\/autolivraria.com.br\/bc\/wp-json\/wp\/v2\/media\/93694"}],"wp:attachment":[{"href":"https:\/\/autolivraria.com.br\/bc\/wp-json\/wp\/v2\/media?parent=99378"}],"wp:term":[{"taxonomy":"category","embeddable":true,"href":"https:\/\/autolivraria.com.br\/bc\/wp-json\/wp\/v2\/categories?post=99378"},{"taxonomy":"post_tag","embeddable":true,"href":"https:\/\/autolivraria.com.br\/bc\/wp-json\/wp\/v2\/tags?post=99378"}],"curies":[{"name":"wp","href":"https:\/\/api.w.org\/{rel}","templated":true}]}}