{"id":99481,"date":"2018-11-07T13:53:52","date_gmt":"2018-11-07T16:53:52","guid":{"rendered":"http:\/\/bestcars.uol.com.br\/bc\/?p=99481"},"modified":"2018-11-08T08:50:00","modified_gmt":"2018-11-08T11:50:00","slug":"salao-saga-ev-preve-novo-hb20-veja-outras-da-hyundai","status":"publish","type":"post","link":"https:\/\/autolivraria.com.br\/bc\/informe-se\/noticias\/salao-saga-ev-preve-novo-hb20-veja-outras-da-hyundai\/","title":{"rendered":"Sal\u00e3o: Saga EV prev\u00ea novo HB20; veja mais da Hyundai"},"content":{"rendered":"<div id='gallery-1' class='gallery galleryid-99481 gallery-columns-1 gallery-size-large'><figure class='gallery-item'>\n\t\t\t<div class='gallery-icon landscape'>\n\t\t\t\t<a href='https:\/\/autolivraria.com.br\/bc\/wp-content\/uploads\/2018\/11\/Hyundai-Saga-EV-02.jpg'><img fetchpriority=\"high\" decoding=\"async\" width=\"696\" height=\"464\" src=\"https:\/\/autolivraria.com.br\/bc\/wp-content\/uploads\/2018\/11\/Hyundai-Saga-EV-02-696x464.jpg\" class=\"attachment-large size-large\" alt=\"\" \/><\/a>\n\t\t\t<\/div><\/figure>\n\t\t<\/div>\n\n<p>&nbsp;<\/p>\n<p>O nome Saga EV sugere s\u00f3 outro carro-conceito el\u00e9trico, mas a estrela da Hyundai no Sal\u00e3o do Autom\u00f3vel representa mais que isso: \u00e9 uma previs\u00e3o do estilo do novo HB20, a ser lan\u00e7ado no fim de 2019 com ampla remodela\u00e7\u00e3o. Com caracteriza\u00e7\u00e3o &#8220;aventureira&#8221;, o Saga tem exageros t\u00edpicos de conceitos, como far\u00f3is, rodas e os diminutos retrovisores, mas muito de seu desenho deve chegar ao modelo de produ\u00e7\u00e3o.<\/p>\n<p>&nbsp;<\/p>\n\n<div class='code-block code-block-7' style='margin: 28px auto; text-align: center; display: block; clear: both;'>\n<script async src=\"https:\/\/pagead2.googlesyndication.com\/pagead\/js\/adsbygoogle.js\"><\/script>\n<!-- AL-quadrado -->\n<ins class=\"adsbygoogle\"\n     style=\"display:block\"\n     data-ad-client=\"ca-pub-1914799802606213\"\n     data-ad-slot=\"5683066082\"\n     data-ad-format=\"auto\"\n     data-full-width-responsive=\"true\"><\/ins>\n<script>\n     (adsbygoogle = window.adsbygoogle || []).push({});\n<\/script><\/div>\n\n<p>&nbsp;<\/p>\n<div id='gallery-2' class='gallery galleryid-99481 gallery-columns-2 gallery-size-medium'><figure class='gallery-item'>\n\t\t\t<div class='gallery-icon landscape'>\n\t\t\t\t<a href='https:\/\/autolivraria.com.br\/bc\/wp-content\/uploads\/2018\/11\/Hyundai-Saga-EV-03.jpg'><img decoding=\"async\" width=\"340\" height=\"227\" data-src=\"https:\/\/autolivraria.com.br\/bc\/wp-content\/uploads\/2018\/11\/Hyundai-Saga-EV-03-340x227.jpg\" class=\"attachment-medium size-medium lazyload\" alt=\"\" src=\"data:image\/svg+xml;base64,PHN2ZyB3aWR0aD0iMSIgaGVpZ2h0PSIxIiB4bWxucz0iaHR0cDovL3d3dy53My5vcmcvMjAwMC9zdmciPjwvc3ZnPg==\" style=\"--smush-placeholder-width: 340px; --smush-placeholder-aspect-ratio: 340\/227;\" \/><\/a>\n\t\t\t<\/div><\/figure><figure class='gallery-item'>\n\t\t\t<div class='gallery-icon landscape'>\n\t\t\t\t<a href='https:\/\/autolivraria.com.br\/bc\/wp-content\/uploads\/2018\/11\/Hyundai-Saga-EV-01.jpg'><img decoding=\"async\" width=\"340\" height=\"227\" data-src=\"https:\/\/autolivraria.com.br\/bc\/wp-content\/uploads\/2018\/11\/Hyundai-Saga-EV-01-340x227.jpg\" class=\"attachment-medium size-medium lazyload\" alt=\"\" src=\"data:image\/svg+xml;base64,PHN2ZyB3aWR0aD0iMSIgaGVpZ2h0PSIxIiB4bWxucz0iaHR0cDovL3d3dy53My5vcmcvMjAwMC9zdmciPjwvc3ZnPg==\" style=\"--smush-placeholder-width: 340px; --smush-placeholder-aspect-ratio: 340\/227;\" \/><\/a>\n\t\t\t<\/div><\/figure>\n\t\t<\/div>\n\n<p>O motor el\u00e9trico de 204 cv do Saga \u00e9 o mesmo em uso pelo Kona el\u00e9trico, que tem autonomia de at\u00e9 470 km. O conceito mede 4,02 metros de comprimento e 2,56 m entre eixos, sendo pouco maior que o HB20 atual em ambas as medidas.<\/p>\n<p>&nbsp;<\/p>\n<div id='gallery-3' class='gallery galleryid-99481 gallery-columns-2 gallery-size-medium'><figure class='gallery-item'>\n\t\t\t<div class='gallery-icon landscape'>\n\t\t\t\t<a href='https:\/\/autolivraria.com.br\/bc\/wp-content\/uploads\/2018\/11\/Hyundai-Elantra.jpg'><img decoding=\"async\" width=\"340\" height=\"227\" data-src=\"https:\/\/autolivraria.com.br\/bc\/wp-content\/uploads\/2018\/11\/Hyundai-Elantra-340x227.jpg\" class=\"attachment-medium size-medium lazyload\" alt=\"\" aria-describedby=\"gallery-3-99488\" src=\"data:image\/svg+xml;base64,PHN2ZyB3aWR0aD0iMSIgaGVpZ2h0PSIxIiB4bWxucz0iaHR0cDovL3d3dy53My5vcmcvMjAwMC9zdmciPjwvc3ZnPg==\" style=\"--smush-placeholder-width: 340px; --smush-placeholder-aspect-ratio: 340\/227;\" \/><\/a>\n\t\t\t<\/div>\n\t\t\t\t<figcaption class='wp-caption-text gallery-caption' id='gallery-3-99488'>\n\t\t\t\tElantra\n\t\t\t\t<\/figcaption><\/figure><figure class='gallery-item'>\n\t\t\t<div class='gallery-icon landscape'>\n\t\t\t\t<a href='https:\/\/autolivraria.com.br\/bc\/wp-content\/uploads\/2018\/11\/Hyundai-Sonata.jpg'><img decoding=\"async\" width=\"340\" height=\"227\" data-src=\"https:\/\/autolivraria.com.br\/bc\/wp-content\/uploads\/2018\/11\/Hyundai-Sonata-340x227.jpg\" class=\"attachment-medium size-medium lazyload\" alt=\"\" aria-describedby=\"gallery-3-99485\" src=\"data:image\/svg+xml;base64,PHN2ZyB3aWR0aD0iMSIgaGVpZ2h0PSIxIiB4bWxucz0iaHR0cDovL3d3dy53My5vcmcvMjAwMC9zdmciPjwvc3ZnPg==\" style=\"--smush-placeholder-width: 340px; --smush-placeholder-aspect-ratio: 340\/227;\" \/><\/a>\n\t\t\t<\/div>\n\t\t\t\t<figcaption class='wp-caption-text gallery-caption' id='gallery-3-99485'>\n\t\t\t\tSonata\n\t\t\t\t<\/figcaption><\/figure><figure class='gallery-item'>\n\t\t\t<div class='gallery-icon landscape'>\n\t\t\t\t<a href='https:\/\/autolivraria.com.br\/bc\/wp-content\/uploads\/2018\/11\/Hyundai-Azera.jpg'><img decoding=\"async\" width=\"340\" height=\"227\" data-src=\"https:\/\/autolivraria.com.br\/bc\/wp-content\/uploads\/2018\/11\/Hyundai-Azera-340x227.jpg\" class=\"attachment-medium size-medium lazyload\" alt=\"\" aria-describedby=\"gallery-3-99487\" src=\"data:image\/svg+xml;base64,PHN2ZyB3aWR0aD0iMSIgaGVpZ2h0PSIxIiB4bWxucz0iaHR0cDovL3d3dy53My5vcmcvMjAwMC9zdmciPjwvc3ZnPg==\" style=\"--smush-placeholder-width: 340px; --smush-placeholder-aspect-ratio: 340\/227;\" \/><\/a>\n\t\t\t<\/div>\n\t\t\t\t<figcaption class='wp-caption-text gallery-caption' id='gallery-3-99487'>\n\t\t\t\tAzera\n\t\t\t\t<\/figcaption><\/figure><figure class='gallery-item'>\n\t\t\t<div class='gallery-icon landscape'>\n\t\t\t\t<a href='https:\/\/autolivraria.com.br\/bc\/wp-content\/uploads\/2018\/11\/Hyundai-Azera-02.jpg'><img decoding=\"async\" width=\"340\" height=\"227\" data-src=\"https:\/\/autolivraria.com.br\/bc\/wp-content\/uploads\/2018\/11\/Hyundai-Azera-02-340x227.jpg\" class=\"attachment-medium size-medium lazyload\" alt=\"\" src=\"data:image\/svg+xml;base64,PHN2ZyB3aWR0aD0iMSIgaGVpZ2h0PSIxIiB4bWxucz0iaHR0cDovL3d3dy53My5vcmcvMjAwMC9zdmciPjwvc3ZnPg==\" style=\"--smush-placeholder-width: 340px; --smush-placeholder-aspect-ratio: 340\/227;\" \/><\/a>\n\t\t\t<\/div><\/figure>\n\t\t<\/div>\n\n<p>A Hyundai tem tamb\u00e9m lan\u00e7amentos para breve, a come\u00e7ar pelos sed\u00e3s. O Elantra ganha retoques de estilo na frente e na traseira, mantendo o motor de 2,0 litros e at\u00e9 167 cv. O novo Azera traz motor V6 de 3,0 litros com inje\u00e7\u00e3o direta e 261 cv, caixa autom\u00e1tica de oito marchas e sistema de frenagem autom\u00e1tica. Ambos devem estar \u00e0 venda no primeiro trimestre de 2019. A marca mostra o el\u00e9trico Ioniq e o novo Sonata,\u00a0tanto com motor a gasolina quanto em vers\u00e3o h\u00edbrida, sem importa\u00e7\u00e3o anunciada.<\/p>\n<p>&nbsp;<\/p>\n<div class='code-block code-block-6' style='margin: 28px auto; text-align: center; display: block; clear: both;'>\n<script async src=\"https:\/\/pagead2.googlesyndication.com\/pagead\/js\/adsbygoogle.js\"><\/script>\n<!-- AL-quadrado -->\n<ins class=\"adsbygoogle\"\n     style=\"display:block\"\n     data-ad-client=\"ca-pub-1914799802606213\"\n     data-ad-slot=\"5683066082\"\n     data-ad-format=\"auto\"\n     data-full-width-responsive=\"true\"><\/ins>\n<script>\n     (adsbygoogle = window.adsbygoogle || []).push({});\n<\/script><\/div>\n\n<p>&nbsp;<\/p>\n<div id='gallery-4' class='gallery galleryid-99481 gallery-columns-1 gallery-size-large'><figure class='gallery-item'>\n\t\t\t<div class='gallery-icon landscape'>\n\t\t\t\t<a href='https:\/\/autolivraria.com.br\/bc\/wp-content\/uploads\/2018\/11\/Hyundai-Creta.jpg'><img decoding=\"async\" width=\"696\" height=\"464\" data-src=\"https:\/\/autolivraria.com.br\/bc\/wp-content\/uploads\/2018\/11\/Hyundai-Creta-696x464.jpg\" class=\"attachment-large size-large lazyload\" alt=\"\" src=\"data:image\/svg+xml;base64,PHN2ZyB3aWR0aD0iMSIgaGVpZ2h0PSIxIiB4bWxucz0iaHR0cDovL3d3dy53My5vcmcvMjAwMC9zdmciPjwvc3ZnPg==\" style=\"--smush-placeholder-width: 696px; --smush-placeholder-aspect-ratio: 696\/464;\" \/><\/a>\n\t\t\t<\/div><\/figure>\n\t\t<\/div>\n\n<p>Entre os utilit\u00e1rios esporte, o Creta aparece na vers\u00e3o conceitual Diamond, com teto panor\u00e2mico, rodas especiais, revestimento em dois tons e telas de v\u00eddeo para o banco traseiro.\u00a0O Santa Fe \u00e9 mostrado em nova gera\u00e7\u00e3o com sete lugares, motor V6 de 3,5 litros e 280 cv e caixa autom\u00e1tica como a do Azera.<\/p>\n<a href='https:\/\/autolivraria.com.br\/bc\/tag\/salao-de-sao-paulo-2018\/' class='small-button smallsilver' target=\"_blank\">Mais novidades do Sal\u00e3o de S\u00e3o Paulo 2018<\/a>\n<p>&nbsp;<\/p>\n<p><em>Texto e fotos: Fabr\u00edcio Samah\u00e1<\/em><\/p>\n","protected":false},"excerpt":{"rendered":"<p>&nbsp; O nome Saga EV sugere s\u00f3 outro carro-conceito el\u00e9trico, mas a estrela da Hyundai no Sal\u00e3o do Autom\u00f3vel representa mais que isso: \u00e9 uma previs\u00e3o do estilo do novo HB20, a ser lan\u00e7ado no fim de 2019 com ampla remodela\u00e7\u00e3o. Com caracteriza\u00e7\u00e3o &#8220;aventureira&#8221;, o Saga tem exageros t\u00edpicos de conceitos, como far\u00f3is, rodas e<\/p>\n","protected":false},"author":6,"featured_media":99484,"comment_status":"open","ping_status":"closed","sticky":false,"template":"","format":"standard","meta":{"_joinchat":[],"footnotes":""},"categories":[8],"tags":[1481,725,3625,920,63,94,4601,632,4570,1080,655],"class_list":["post-99481","post","type-post","status-publish","format-standard","has-post-thumbnail","hentry","category-noticias","tag-azera","tag-carro-conceito","tag-creta","tag-elantra","tag-hyundai","tag-noticias-2","tag-saga-ev","tag-salao-de-sao-paulo","tag-salao-de-sao-paulo-2018","tag-santa-fe","tag-sonata"],"amp_enabled":true,"_links":{"self":[{"href":"https:\/\/autolivraria.com.br\/bc\/wp-json\/wp\/v2\/posts\/99481","targetHints":{"allow":["GET"]}}],"collection":[{"href":"https:\/\/autolivraria.com.br\/bc\/wp-json\/wp\/v2\/posts"}],"about":[{"href":"https:\/\/autolivraria.com.br\/bc\/wp-json\/wp\/v2\/types\/post"}],"author":[{"embeddable":true,"href":"https:\/\/autolivraria.com.br\/bc\/wp-json\/wp\/v2\/users\/6"}],"replies":[{"embeddable":true,"href":"https:\/\/autolivraria.com.br\/bc\/wp-json\/wp\/v2\/comments?post=99481"}],"version-history":[{"count":0,"href":"https:\/\/autolivraria.com.br\/bc\/wp-json\/wp\/v2\/posts\/99481\/revisions"}],"wp:featuredmedia":[{"embeddable":true,"href":"https:\/\/autolivraria.com.br\/bc\/wp-json\/wp\/v2\/media\/99484"}],"wp:attachment":[{"href":"https:\/\/autolivraria.com.br\/bc\/wp-json\/wp\/v2\/media?parent=99481"}],"wp:term":[{"taxonomy":"category","embeddable":true,"href":"https:\/\/autolivraria.com.br\/bc\/wp-json\/wp\/v2\/categories?post=99481"},{"taxonomy":"post_tag","embeddable":true,"href":"https:\/\/autolivraria.com.br\/bc\/wp-json\/wp\/v2\/tags?post=99481"}],"curies":[{"name":"wp","href":"https:\/\/api.w.org\/{rel}","templated":true}]}}