{"id":99510,"date":"2018-11-07T12:01:27","date_gmt":"2018-11-07T15:01:27","guid":{"rendered":"http:\/\/bestcars.uol.com.br\/bc\/?p=99510"},"modified":"2018-11-07T17:49:50","modified_gmt":"2018-11-07T20:49:50","slug":"salao-ford-edge-st-territory-e-ecosport-sem-estepe","status":"publish","type":"post","link":"https:\/\/autolivraria.com.br\/bc\/informe-se\/noticias\/salao-ford-edge-st-territory-e-ecosport-sem-estepe\/","title":{"rendered":"Sal\u00e3o: Ford Edge ST, Territory e Ecosport sem estepe"},"content":{"rendered":"<div id='gallery-1' class='gallery galleryid-99510 gallery-columns-1 gallery-size-large'><figure class='gallery-item'>\n\t\t\t<div class='gallery-icon landscape'>\n\t\t\t\t<a href='https:\/\/autolivraria.com.br\/bc\/wp-content\/uploads\/2018\/11\/Ford-Edge-ST.jpg'><img fetchpriority=\"high\" decoding=\"async\" width=\"696\" height=\"464\" src=\"https:\/\/autolivraria.com.br\/bc\/wp-content\/uploads\/2018\/11\/Ford-Edge-ST-696x464.jpg\" class=\"attachment-large size-large\" alt=\"\" \/><\/a>\n\t\t\t<\/div><\/figure>\n\t\t<\/div>\n\n<p>&nbsp;<\/p>\n<p>A Ford havia antecipado suas novidades do Sal\u00e3o do Autom\u00f3vel, de modo que n\u00e3o foi surpresa (para n\u00f3s e para os leitores) o que est\u00e1 em seu estande. Entre os lan\u00e7amentos, o destaque \u00e9 o\u00a0 utilit\u00e1rio esporte Edge ST (acima), primeiro carro a trazer para o Brasil a grife Sport Technologies de carros de alto desempenho da marca. Ele chega ao mercado logo ap\u00f3s o sal\u00e3o com o novo visual do modelo, itens esportivos, motor Ecoboost V6 biturbo de 2,7 litros e 335 cv, caixa autom\u00e1tica de oito marchas e rodas de 21 pol.<\/p>\n<p>&nbsp;<\/p>\n\n<div class='code-block code-block-7' style='margin: 28px auto; text-align: center; display: block; clear: both;'>\n<br>\n<div align=\"center\">\n<a target=\"_blank\" href=\"https:\/\/bestcars.com.br\/bc\/\">\n<img decoding=\"async\" data-src=\"https:\/\/bestcars.com.br\/bc\/wp-content\/uploads\/2021\/07\/Auto-Livraria-450x300-quadros.jpg\" alt=\"Auto Livraria\" src=\"data:image\/svg+xml;base64,PHN2ZyB3aWR0aD0iMSIgaGVpZ2h0PSIxIiB4bWxucz0iaHR0cDovL3d3dy53My5vcmcvMjAwMC9zdmciPjwvc3ZnPg==\" class=\"lazyload\"><\/a>\n<\/div>\n<br><\/div>\n\n<p>&nbsp;<\/p>\n<div id='gallery-2' class='gallery galleryid-99510 gallery-columns-1 gallery-size-large'><figure class='gallery-item'>\n\t\t\t<div class='gallery-icon landscape'>\n\t\t\t\t<a href='https:\/\/autolivraria.com.br\/bc\/wp-content\/uploads\/2018\/11\/Ford-Ecosport.jpg'><img decoding=\"async\" width=\"696\" height=\"464\" data-src=\"https:\/\/autolivraria.com.br\/bc\/wp-content\/uploads\/2018\/11\/Ford-Ecosport-696x464.jpg\" class=\"attachment-large size-large lazyload\" alt=\"\" src=\"data:image\/svg+xml;base64,PHN2ZyB3aWR0aD0iMSIgaGVpZ2h0PSIxIiB4bWxucz0iaHR0cDovL3d3dy53My5vcmcvMjAwMC9zdmciPjwvc3ZnPg==\" style=\"--smush-placeholder-width: 696px; --smush-placeholder-aspect-ratio: 696\/464;\" \/><\/a>\n\t\t\t<\/div><\/figure>\n\t\t<\/div>\n\n<p>O Ecosport aparece na vers\u00e3o Titanium sem o estepe na traseira, como \u00e9 oferecido na Europa e nos Estados Unidos. Em vez de aplicar o pneu sob o assoalho do porta-malas, como se previa, a Ford preferiu adotar pneus capazes de rodar sem ar (run-flat) por at\u00e9 80 km \u00e0 velocidade de at\u00e9 80 km\/h. A mudan\u00e7a reposiciona a placa traseira e deixa o carro mais curto. A vers\u00e3o deve perder o motor de 2,0 litros (que fica ent\u00e3o exclusivo do Storm), passando a usar o 1,5 de tr\u00eas cilindros. Ainda n\u00e3o h\u00e1 data para o lan\u00e7amento.<\/p>\n<p>&nbsp;<\/p>\n<div id='gallery-3' class='gallery galleryid-99510 gallery-columns-2 gallery-size-medium'><figure class='gallery-item'>\n\t\t\t<div class='gallery-icon landscape'>\n\t\t\t\t<a href='https:\/\/autolivraria.com.br\/bc\/wp-content\/uploads\/2018\/11\/Ford-Territory-01.jpg'><img decoding=\"async\" width=\"340\" height=\"227\" data-src=\"https:\/\/autolivraria.com.br\/bc\/wp-content\/uploads\/2018\/11\/Ford-Territory-01-340x227.jpg\" class=\"attachment-medium size-medium lazyload\" alt=\"\" src=\"data:image\/svg+xml;base64,PHN2ZyB3aWR0aD0iMSIgaGVpZ2h0PSIxIiB4bWxucz0iaHR0cDovL3d3dy53My5vcmcvMjAwMC9zdmciPjwvc3ZnPg==\" style=\"--smush-placeholder-width: 340px; --smush-placeholder-aspect-ratio: 340\/227;\" \/><\/a>\n\t\t\t<\/div><\/figure><figure class='gallery-item'>\n\t\t\t<div class='gallery-icon landscape'>\n\t\t\t\t<a href='https:\/\/autolivraria.com.br\/bc\/wp-content\/uploads\/2018\/11\/Ford-Territory-02.jpg'><img decoding=\"async\" width=\"340\" height=\"227\" data-src=\"https:\/\/autolivraria.com.br\/bc\/wp-content\/uploads\/2018\/11\/Ford-Territory-02-340x227.jpg\" class=\"attachment-medium size-medium lazyload\" alt=\"\" src=\"data:image\/svg+xml;base64,PHN2ZyB3aWR0aD0iMSIgaGVpZ2h0PSIxIiB4bWxucz0iaHR0cDovL3d3dy53My5vcmcvMjAwMC9zdmciPjwvc3ZnPg==\" style=\"--smush-placeholder-width: 340px; --smush-placeholder-aspect-ratio: 340\/227;\" \/><\/a>\n\t\t\t<\/div><\/figure>\n\t\t<\/div>\n\n<p>Outro SUV exposto, o Territory (acima), acaba de ser revelado na China e vem ao Sal\u00e3o como conceito. Foi desenvolvido naquele pa\u00eds pela Jiangling Motors Corporation (JMC) e oferecer\u00e1 vers\u00f5es a gasolina, h\u00edbrida e h\u00edbrida com recarga externa. Os recursos incluem alerta de colis\u00e3o com sistema aut\u00f4nomo de frenagem, monitor de ponto cego, <a href=\"https:\/\/autolivraria.com.br\/bc\/glossario-a\/#faix\" target=\"_blank\" rel=\"noopener\">sistema de perman\u00eancia em faixa<\/a>, <a href=\"https:\/\/autolivraria.com.br\/bc\/glossario-a\/#faro\" target=\"_blank\" rel=\"noopener\">assistente de far\u00f3is<\/a> e de estacionamento, controlador de dist\u00e2ncia \u00e0 frente e tela de 10,25 pol no painel.<\/p>\n<p>&nbsp;<\/p>\n<div class='code-block code-block-6' style='margin: 28px auto; text-align: center; display: block; clear: both;'>\n<script async src=\"https:\/\/pagead2.googlesyndication.com\/pagead\/js\/adsbygoogle.js\"><\/script>\n<!-- AL-quadrado -->\n<ins class=\"adsbygoogle\"\n     style=\"display:block\"\n     data-ad-client=\"ca-pub-1914799802606213\"\n     data-ad-slot=\"5683066082\"\n     data-ad-format=\"auto\"\n     data-full-width-responsive=\"true\"><\/ins>\n<script>\n     (adsbygoogle = window.adsbygoogle || []).push({});\n<\/script><\/div>\n\n<p>&nbsp;<\/p>\n<div id='gallery-4' class='gallery galleryid-99510 gallery-columns-1 gallery-size-large'><figure class='gallery-item'>\n\t\t\t<div class='gallery-icon landscape'>\n\t\t\t\t<a href='https:\/\/autolivraria.com.br\/bc\/wp-content\/uploads\/2018\/11\/Ford-Fusion-Energi.jpg'><img decoding=\"async\" width=\"696\" height=\"464\" data-src=\"https:\/\/autolivraria.com.br\/bc\/wp-content\/uploads\/2018\/11\/Ford-Fusion-Energi-696x464.jpg\" class=\"attachment-large size-large lazyload\" alt=\"\" src=\"data:image\/svg+xml;base64,PHN2ZyB3aWR0aD0iMSIgaGVpZ2h0PSIxIiB4bWxucz0iaHR0cDovL3d3dy53My5vcmcvMjAwMC9zdmciPjwvc3ZnPg==\" style=\"--smush-placeholder-width: 696px; --smush-placeholder-aspect-ratio: 696\/464;\" \/><\/a>\n\t\t\t<\/div><\/figure>\n\t\t<\/div>\n\n<p>O Fusion \u00e9 exposto na vers\u00e3o Energi, uma h\u00edbrida com recarga externa (plug-in),\u00a0que usa o mesmo conjunto de motores (um de 2,0 litros a gasolina e outro el\u00e9trico, com pot\u00eancia combinada de 190 cv) do Hybrid vendido no Brasil. A diferen\u00e7a est\u00e1 na bateria de \u00edons de l\u00edtio refrigerada a ar de 9 kW\/h, que aumenta em cerca de 20% a autonomia no modo el\u00e9trico em rela\u00e7\u00e3o ao modelo conhecido aqui. N\u00e3o est\u00e1 prevista sua importa\u00e7\u00e3o. Tamb\u00e9m est\u00e1 no estande mais uma vez a picape fora de estrada <a href=\"https:\/\/autolivraria.com.br\/bc\/tag\/f-150-raptor\" target=\"_blank\" rel=\"noopener\">F-150 Raptor<\/a>.<\/p>\n<p>&nbsp;<\/p>\n<div id='gallery-5' class='gallery galleryid-99510 gallery-columns-1 gallery-size-large'><figure class='gallery-item'>\n\t\t\t<div class='gallery-icon landscape'>\n\t\t\t\t<a href='https:\/\/autolivraria.com.br\/bc\/wp-content\/uploads\/2018\/11\/Ford-Ka.jpg'><img decoding=\"async\" width=\"696\" height=\"464\" data-src=\"https:\/\/autolivraria.com.br\/bc\/wp-content\/uploads\/2018\/11\/Ford-Ka-696x464.jpg\" class=\"attachment-large size-large lazyload\" alt=\"\" src=\"data:image\/svg+xml;base64,PHN2ZyB3aWR0aD0iMSIgaGVpZ2h0PSIxIiB4bWxucz0iaHR0cDovL3d3dy53My5vcmcvMjAwMC9zdmciPjwvc3ZnPg==\" style=\"--smush-placeholder-width: 696px; --smush-placeholder-aspect-ratio: 696\/464;\" \/><\/a>\n\t\t\t<\/div><\/figure>\n\t\t<\/div>\n\n<p>Os demais modelos s\u00e3o exerc\u00edcios de estilo e prepara\u00e7\u00e3o sobre produtos \u00e0 venda. O Ka Urban Warrior (acima) \u00e9 um sed\u00e3 com acess\u00f3rios esportivos de inspira\u00e7\u00e3o aventureira, suspens\u00e3o elevada como a do hatch <a href=\"https:\/\/autolivraria.com.br\/bc\/tag\/ka-freestyle\" target=\"_blank\" rel=\"noopener\">Freestyle<\/a>, molduras em pl\u00e1stico e detalhes em laranja nos bancos.<\/p>\n<p>&nbsp;<\/p>\n<div id='gallery-6' class='gallery galleryid-99510 gallery-columns-2 gallery-size-medium'><figure class='gallery-item'>\n\t\t\t<div class='gallery-icon landscape'>\n\t\t\t\t<a href='https:\/\/autolivraria.com.br\/bc\/wp-content\/uploads\/2018\/11\/Ford-Ranger-Storm.jpg'><img decoding=\"async\" width=\"340\" height=\"227\" data-src=\"https:\/\/autolivraria.com.br\/bc\/wp-content\/uploads\/2018\/11\/Ford-Ranger-Storm-340x227.jpg\" class=\"attachment-medium size-medium lazyload\" alt=\"\" src=\"data:image\/svg+xml;base64,PHN2ZyB3aWR0aD0iMSIgaGVpZ2h0PSIxIiB4bWxucz0iaHR0cDovL3d3dy53My5vcmcvMjAwMC9zdmciPjwvc3ZnPg==\" style=\"--smush-placeholder-width: 340px; --smush-placeholder-aspect-ratio: 340\/227;\" \/><\/a>\n\t\t\t<\/div><\/figure><figure class='gallery-item'>\n\t\t\t<div class='gallery-icon landscape'>\n\t\t\t\t<a href='https:\/\/autolivraria.com.br\/bc\/wp-content\/uploads\/2018\/11\/Ford-Ranger-Black.jpg'><img decoding=\"async\" width=\"340\" height=\"227\" data-src=\"https:\/\/autolivraria.com.br\/bc\/wp-content\/uploads\/2018\/11\/Ford-Ranger-Black-340x227.jpg\" class=\"attachment-medium size-medium lazyload\" alt=\"\" src=\"data:image\/svg+xml;base64,PHN2ZyB3aWR0aD0iMSIgaGVpZ2h0PSIxIiB4bWxucz0iaHR0cDovL3d3dy53My5vcmcvMjAwMC9zdmciPjwvc3ZnPg==\" style=\"--smush-placeholder-width: 340px; --smush-placeholder-aspect-ratio: 340\/227;\" \/><\/a>\n\t\t\t<\/div><\/figure>\n\t\t<\/div>\n\n<p>A picape Ranger traz duas propostas de personaliza\u00e7\u00e3o com motor a diesel e cabine dupla. \u00c0 esquerda, a Storm (nome j\u00e1 usado no passado em edi\u00e7\u00e3o especial do modelo) vem com pintura em duas cores, alargadores de para-lamas, rack de teto com ilumina\u00e7\u00e3o em leds, admiss\u00e3o elevada de ar para o motor, estribos, novos para-choques e ganchos de reboque. A grade lembra a do Ecosport Storm e a da F-150 Raptor e as rodas s\u00e3o de 17 pol. A outra Ranger \u00e9 a Black (\u00e0 direita), com a cor preta como tema, nova grade dianteira e lanternas claras.<\/p>\n<p>&nbsp;<\/p>\n<div id='gallery-7' class='gallery galleryid-99510 gallery-columns-2 gallery-size-medium'><figure class='gallery-item'>\n\t\t\t<div class='gallery-icon landscape'>\n\t\t\t\t<a href='https:\/\/autolivraria.com.br\/bc\/wp-content\/uploads\/2018\/11\/Ford-Mustang-BTS-1000-01-JG.jpg'><img decoding=\"async\" width=\"340\" height=\"227\" data-src=\"https:\/\/autolivraria.com.br\/bc\/wp-content\/uploads\/2018\/11\/Ford-Mustang-BTS-1000-01-JG-340x227.jpg\" class=\"attachment-medium size-medium lazyload\" alt=\"\" src=\"data:image\/svg+xml;base64,PHN2ZyB3aWR0aD0iMSIgaGVpZ2h0PSIxIiB4bWxucz0iaHR0cDovL3d3dy53My5vcmcvMjAwMC9zdmciPjwvc3ZnPg==\" style=\"--smush-placeholder-width: 340px; --smush-placeholder-aspect-ratio: 340\/227;\" \/><\/a>\n\t\t\t<\/div><\/figure><figure class='gallery-item'>\n\t\t\t<div class='gallery-icon landscape'>\n\t\t\t\t<a href='https:\/\/autolivraria.com.br\/bc\/wp-content\/uploads\/2018\/11\/Ford-Mustang-BTS-1000-02-JG.jpg'><img decoding=\"async\" width=\"340\" height=\"227\" data-src=\"https:\/\/autolivraria.com.br\/bc\/wp-content\/uploads\/2018\/11\/Ford-Mustang-BTS-1000-02-JG-340x227.jpg\" class=\"attachment-medium size-medium lazyload\" alt=\"\" src=\"data:image\/svg+xml;base64,PHN2ZyB3aWR0aD0iMSIgaGVpZ2h0PSIxIiB4bWxucz0iaHR0cDovL3d3dy53My5vcmcvMjAwMC9zdmciPjwvc3ZnPg==\" style=\"--smush-placeholder-width: 340px; --smush-placeholder-aspect-ratio: 340\/227;\" \/><\/a>\n\t\t\t<\/div><\/figure>\n\t\t<\/div>\n\n<p>Ao lado do Mustang GT de s\u00e9rie est\u00e1 o\u00a0Shelby BTS 1000 (acima), prepara\u00e7\u00e3o da oficina paulistana BTS Performance. O motor V8 recebe <a href=\"https:\/\/autolivraria.com.br\/bc\/glossario-c\/#comp\" target=\"_blank\" rel=\"noopener\">compressor<\/a>, \u00f3xido nitroso e abafadores Magnaflow em sistema de escapamento em a\u00e7o inox da BTS. A pot\u00eancia vai para 880 cv medida nas rodas. O carro tem ainda card\u00e3 de alum\u00ednio, suspens\u00e3o refor\u00e7ada, molas Eibach, amortecedores Koni e rodas de 20 pol com tala de 11 pol na traseira.<\/p>\n<a href='https:\/\/autolivraria.com.br\/bc\/tag\/salao-de-sao-paulo-2018\/' class='small-button smallsilver' target=\"_blank\">Mais novidades do Sal\u00e3o de S\u00e3o Paulo 2018<\/a>\n<p><em><br \/>\nTexto: Geraldo Tite Sim\u00f5es \u2013 Fotos: Fabr\u00edcio Samah\u00e1 e Jos\u00e9 Geraldo Fonseca<\/em><\/p>\n","protected":false},"excerpt":{"rendered":"<p>&nbsp; A Ford havia antecipado suas novidades do Sal\u00e3o do Autom\u00f3vel, de modo que n\u00e3o foi surpresa (para n\u00f3s e para os leitores) o que est\u00e1 em seu estande. Entre os lan\u00e7amentos, o destaque \u00e9 o\u00a0 utilit\u00e1rio esporte Edge ST (acima), primeiro carro a trazer para o Brasil a grife Sport Technologies de carros de<\/p>\n","protected":false},"author":6,"featured_media":99511,"comment_status":"open","ping_status":"closed","sticky":false,"template":"","format":"standard","meta":{"_joinchat":[],"footnotes":""},"categories":[3602,8],"tags":[810,864,213,809,221,343,94,350,632,4570,4549],"class_list":["post-99510","post","type-post","status-publish","format-standard","has-post-thumbnail","hentry","category-fora-de-estrada","category-noticias","tag-ecosport","tag-edge","tag-ford-3","tag-fusion-2","tag-ka","tag-mustang","tag-noticias-2","tag-ranger","tag-salao-de-sao-paulo","tag-salao-de-sao-paulo-2018","tag-territory"],"amp_enabled":true,"_links":{"self":[{"href":"https:\/\/autolivraria.com.br\/bc\/wp-json\/wp\/v2\/posts\/99510","targetHints":{"allow":["GET"]}}],"collection":[{"href":"https:\/\/autolivraria.com.br\/bc\/wp-json\/wp\/v2\/posts"}],"about":[{"href":"https:\/\/autolivraria.com.br\/bc\/wp-json\/wp\/v2\/types\/post"}],"author":[{"embeddable":true,"href":"https:\/\/autolivraria.com.br\/bc\/wp-json\/wp\/v2\/users\/6"}],"replies":[{"embeddable":true,"href":"https:\/\/autolivraria.com.br\/bc\/wp-json\/wp\/v2\/comments?post=99510"}],"version-history":[{"count":0,"href":"https:\/\/autolivraria.com.br\/bc\/wp-json\/wp\/v2\/posts\/99510\/revisions"}],"wp:featuredmedia":[{"embeddable":true,"href":"https:\/\/autolivraria.com.br\/bc\/wp-json\/wp\/v2\/media\/99511"}],"wp:attachment":[{"href":"https:\/\/autolivraria.com.br\/bc\/wp-json\/wp\/v2\/media?parent=99510"}],"wp:term":[{"taxonomy":"category","embeddable":true,"href":"https:\/\/autolivraria.com.br\/bc\/wp-json\/wp\/v2\/categories?post=99510"},{"taxonomy":"post_tag","embeddable":true,"href":"https:\/\/autolivraria.com.br\/bc\/wp-json\/wp\/v2\/tags?post=99510"}],"curies":[{"name":"wp","href":"https:\/\/api.w.org\/{rel}","templated":true}]}}