{"id":99576,"date":"2018-11-09T09:00:40","date_gmt":"2018-11-09T12:00:40","guid":{"rendered":"http:\/\/bestcars.uol.com.br\/bc\/?p=99576"},"modified":"2018-11-09T14:30:35","modified_gmt":"2018-11-09T17:30:35","slug":"colunista-roberto-nasser-morre-aos-72-anos","status":"publish","type":"post","link":"https:\/\/autolivraria.com.br\/bc\/informe-se\/noticias\/colunista-roberto-nasser-morre-aos-72-anos\/","title":{"rendered":"Colunista Roberto Nasser morre aos 72 anos"},"content":{"rendered":"<p><img fetchpriority=\"high\" decoding=\"async\" class=\"aligncenter size-full wp-image-99577\" src=\"https:\/\/autolivraria.com.br\/bc\/wp-content\/uploads\/2018\/11\/Nasser-2.jpg\" alt=\"\" width=\"400\" height=\"400\" srcset=\"https:\/\/autolivraria.com.br\/bc\/wp-content\/uploads\/2018\/11\/Nasser-2.jpg 400w, https:\/\/autolivraria.com.br\/bc\/wp-content\/uploads\/2018\/11\/Nasser-2-222x222.jpg 222w, https:\/\/autolivraria.com.br\/bc\/wp-content\/uploads\/2018\/11\/Nasser-2-340x340.jpg 340w\" sizes=\"(max-width: 400px) 100vw, 400px\" \/><\/p>\n<p>&nbsp;<\/p>\n<p>Faleceu nesta madrugada, de infarto, Jos\u00e9 Roberto Nasser, um dos mais tradicionais e respeitados jornalistas do setor automobil\u00edstico, que desde 1967 mantinha a coluna <em>De Carro por A\u00ed<\/em>, publicada tamb\u00e9m no <strong>Best Cars<\/strong>.<\/p>\n<p>Nasser, 72 anos, era um grande conhecedor do mercado e da hist\u00f3ria do carro, advogado e curador do Museu do Autom\u00f3vel em Bras\u00edlia, DF. Ainda nesta semana esteve presente ao Sal\u00e3o do Autom\u00f3vel em S\u00e3o Paulo, SP. O sepultamento ser\u00e1 hoje \u00e0s 16h30 no Cemit\u00e9rio Campo da Esperan\u00e7a (SGAS Quadra 916 Sul), na capital federal. Deixa filhos, aos quais a equipe <strong>Best Cars<\/strong>\u00a0expressa condol\u00eancias.<\/p>\n<p>V\u00e1 em paz, amigo!<\/p>\n<ul>\n<li><strong><a href=\"https:\/\/autolivraria.com.br\/bc\/informe-se\/colunas\/de-carro-por-ai\/industria-automobilistica-um-longo-olhar-de-50-anos\/\" target=\"_blank\" rel=\"noopener\">Nasser relembra 50 anos de coluna<\/a><\/strong><\/li>\n<\/ul>\n<p><em>Foto: Tarc\u00edsio\u00a0Dias<\/em><\/p>\n<p>&nbsp;<\/p>\n","protected":false},"excerpt":{"rendered":"<p>&nbsp; Faleceu nesta madrugada, de infarto, Jos\u00e9 Roberto Nasser, um dos mais tradicionais e respeitados jornalistas do setor automobil\u00edstico, que desde 1967 mantinha a coluna De Carro por A\u00ed, publicada tamb\u00e9m no Best Cars. Nasser, 72 anos, era um grande conhecedor do mercado e da hist\u00f3ria do carro, advogado e curador do Museu do Autom\u00f3vel<\/p>\n","protected":false},"author":6,"featured_media":99577,"comment_status":"open","ping_status":"closed","sticky":false,"template":"","format":"standard","meta":{"_joinchat":[],"footnotes":""},"categories":[8],"tags":[3338,2582,94],"class_list":["post-99576","post","type-post","status-publish","format-standard","has-post-thumbnail","hentry","category-noticias","tag-de-carro-por-ai-2","tag-falecimento","tag-noticias-2"],"amp_enabled":true,"_links":{"self":[{"href":"https:\/\/autolivraria.com.br\/bc\/wp-json\/wp\/v2\/posts\/99576","targetHints":{"allow":["GET"]}}],"collection":[{"href":"https:\/\/autolivraria.com.br\/bc\/wp-json\/wp\/v2\/posts"}],"about":[{"href":"https:\/\/autolivraria.com.br\/bc\/wp-json\/wp\/v2\/types\/post"}],"author":[{"embeddable":true,"href":"https:\/\/autolivraria.com.br\/bc\/wp-json\/wp\/v2\/users\/6"}],"replies":[{"embeddable":true,"href":"https:\/\/autolivraria.com.br\/bc\/wp-json\/wp\/v2\/comments?post=99576"}],"version-history":[{"count":0,"href":"https:\/\/autolivraria.com.br\/bc\/wp-json\/wp\/v2\/posts\/99576\/revisions"}],"wp:featuredmedia":[{"embeddable":true,"href":"https:\/\/autolivraria.com.br\/bc\/wp-json\/wp\/v2\/media\/99577"}],"wp:attachment":[{"href":"https:\/\/autolivraria.com.br\/bc\/wp-json\/wp\/v2\/media?parent=99576"}],"wp:term":[{"taxonomy":"category","embeddable":true,"href":"https:\/\/autolivraria.com.br\/bc\/wp-json\/wp\/v2\/categories?post=99576"},{"taxonomy":"post_tag","embeddable":true,"href":"https:\/\/autolivraria.com.br\/bc\/wp-json\/wp\/v2\/tags?post=99576"}],"curies":[{"name":"wp","href":"https:\/\/api.w.org\/{rel}","templated":true}]}}